{"id":5866,"date":"2022-05-22T15:03:16","date_gmt":"2022-05-22T13:03:16","guid":{"rendered":"https:\/\/nandi.info\/?p=5866"},"modified":"2022-05-22T15:03:16","modified_gmt":"2022-05-22T13:03:16","slug":"28eme-promotion-des-eleves-sous-officiers-de-police-2-960-fonctionnaires-de-police-dont-699-femmes-presentes-au-drapeau","status":"publish","type":"post","link":"https:\/\/nandi.info\/?p=5866","title":{"rendered":"28eme promotion des \u00e9l\u00e8ves sous-officiers de police : 2 960 fonctionnaires de police dont 699 femmes pr\u00e9sent\u00e9s au drapeau"},"content":{"rendered":"\n<p><strong><em>Dans le cadre du renforcement des capacit\u00e9s op\u00e9rationnelles de nos forces de s\u00e9curit\u00e9, le ministre de la S\u00e9curit\u00e9 et de la Protection civile, le G\u00e9n\u00e9ral de brigade Daoud Aly Mohammedine a pr\u00e9sid\u00e9, le vendredi 13 mai dernier, la c\u00e9r\u00e9monie de sortie de la 28\u00e8me promotion des \u00c9l\u00e8ves sous-officiers de police, baptis\u00e9e \u201cAdjudant de Police feu Cheick Abou K\u00e9\u00efta\u201d. Cette promotion est compos\u00e9e de 2 960 fonctionnaires de police. La c\u00e9r\u00e9monie s\u2019est d\u00e9roul\u00e9e en pr\u00e9sence du directeur g\u00e9n\u00e9ral de la Police nationale, l\u2019Inspecteur g\u00e9n\u00e9ral de police Soula\u00efmane Traor\u00e9 ; du directeur de l\u2019Ecole nationale de Police, le commissaire divisionnaire de police Sory Ibrahim Ousmane Sidib\u00e9, et plusieurs autorit\u00e9s militaires et civiles.<\/em><\/strong><\/p>\n\n\n\n<p class=\"has-drop-cap\">Dans son intervention, le directeur de l\u2019Ecole nationale de police, le commissaire divisionnaire de police Sory Ibrahim Ousmane Sidib\u00e9, s\u2019est r\u00e9joui d\u2019avoir pris la parole en cette circonstance si importante et heureuse marquant la fin de formation professionnelle des fr\u00e8res d\u2019armes qui ont opt\u00e9 pour un m\u00e9tier noble. Avant de remercier les autorit\u00e9s en charge de la Direction de la Police nationale qui ont, de pr\u00e8s ou de loin, contribu\u00e9 \u00e0 la r\u00e9ussite de cette sp\u00e9cialisation. Et de saluer l\u2019ensemble de l\u2019encadrement pour leur preuve de retenue et de d\u00e9termination.<\/p>\n\n\n\n<p>S\u2019adressant aux nouveaux fonctionnaires de police, il les a invit\u00e9s \u00e0 la discipline et au sens \u00e9lev\u00e9 du patriotisme et du service collectif. Pour sa part, le directeur g\u00e9n\u00e9ral de la Police nationale, l\u2019Inspecteur G\u00e9n\u00e9ral de police Soula\u00efmane Traor\u00e9, dira que l\u2019objectif de cette formation professionnelle \u00e9tait de dispenser aux stagiaires des modules adapt\u00e9s pour faire face \u00e0 l\u2019\u00e9volution de la criminalit\u00e9 dans un monde en qu\u00eate de paix.<\/p>\n\n\n\n<p>A ses dires, la peur doit changer de camp et cela, \u00e0 travers des actes de sacrifice pos\u00e9s au quotidien pour la s\u00e9curit\u00e9 des personnes et de leurs biens. Il a ensuite remerci\u00e9 les autorit\u00e9s de la Police nationale, l\u2019encadrement et les partenaires pour leur soutien ind\u00e9fectible en faveur de la Police.<\/p>\n\n\n\n<p>Dans son intervention, le directeur g\u00e9n\u00e9ral a invit\u00e9 les stagiaires \u00e0 plus de s\u00e9r\u00e9nit\u00e9 et de d\u00e9vouement.&nbsp;<em>\u201cNous ne devons jamais nous permettre de baisser la garde car ce serait pr\u00eater le flanc \u00e0 un ennemi sans foi ni loi camoufl\u00e9 au sein de la population. Vous \u00eates d\u00e9sormais des gardiens de la paix, vous vous engagez \u00e0 lutter contre la d\u00e9linquance et la criminalit\u00e9. A compter d\u2019aujourd\u2019hui, vous servez une cause qui vous d\u00e9passe\u201d<\/em>, a-t-il laiss\u00e9 entendre.&nbsp; Quant au ministre de la S\u00e9curit\u00e9 et de la Protection civile, le G\u00e9n\u00e9ral de brigade Daoud Aly Mohammedine, il a exprim\u00e9 toute sa joie en recevant un nouveau contingent qui viendra renforcer les diff\u00e9rents groupements et commissariats de police. Et de rappeler aux jeunes stagiaires l\u2019importance de leur mission qui est de s\u00e9curiser la population, celle-ci ne doit point \u00eatre inqui\u00e9t\u00e9e, mais plut\u00f4t rassur\u00e9e en toutes circonstances.<\/p>\n\n\n\n<p>Cette c\u00e9r\u00e9monie a \u00e9t\u00e9 marqu\u00e9e par la pr\u00e9sentation des trois majors au ministre de la S\u00e9curit\u00e9 et de la Protection civile, des d\u00e9monstrations de maintien de l\u2019ordre, de self-d\u00e9fense et un d\u00e9fil\u00e9 militaire.<\/p>\n\n\n\n<p>Notons que c\u2019est une premi\u00e8re dans l\u2019histoire de la Police nationale, de l\u2019ind\u00e9pendance \u00e0 nos jours, d\u2019avoir un effectif de pr\u00e8s de 3 000 fonctionnaires car ils sont 2 960 sous-officiers de police \u00e0 recevoir leur attestation de fin de formation professionnelle. Durant neuf mois, ils se sont familiaris\u00e9s aux notions leur permettant de faire face aux fonctions de policier.&nbsp;&nbsp;<strong>&nbsp;&nbsp;&nbsp;&nbsp;&nbsp;&nbsp;&nbsp;&nbsp;&nbsp;&nbsp;&nbsp;&nbsp;&nbsp;&nbsp;&nbsp;&nbsp;&nbsp;&nbsp;&nbsp;&nbsp;&nbsp;&nbsp;&nbsp;&nbsp;&nbsp;&nbsp;&nbsp;&nbsp;&nbsp;&nbsp;&nbsp;&nbsp;&nbsp;&nbsp;&nbsp;&nbsp;&nbsp;&nbsp;&nbsp;&nbsp;&nbsp;&nbsp;&nbsp;&nbsp;&nbsp;&nbsp;&nbsp;&nbsp;&nbsp;&nbsp;<\/strong><\/p>\n\n\n\n<p><strong>&nbsp;Boubacar PA\u00cfTAO<\/strong><\/p>\n","protected":false},"excerpt":{"rendered":"<p>Dans le cadre du renforcement des capacit\u00e9s op\u00e9rationnelles de nos forces de s\u00e9curit\u00e9, le ministre de la S\u00e9curit\u00e9 et de la Protection civile, le G\u00e9n\u00e9ral de brigade Daoud Aly Mohammedine&hellip;<\/p>\n","protected":false},"author":1,"featured_media":5867,"comment_status":"open","ping_status":"closed","sticky":false,"template":"","format":"standard","meta":{"content-type":"","_lmt_disableupdate":"","_lmt_disable":"","_jetpack_memberships_contains_paid_content":false,"footnotes":"","jetpack_publicize_message":"","jetpack_publicize_feature_enabled":true,"jetpack_social_post_already_shared":true,"jetpack_social_options":{"image_generator_settings":{"template":"highway","default_image_id":0,"font":"","enabled":false},"version":2}},"categories":[19,66,21],"tags":[],"class_list":["post-5866","post","type-post","status-publish","format-standard","has-post-thumbnail","hentry","category-aujourdhui-mali","category-police","category-societe"],"jetpack_publicize_connections":[],"featured_image_urls":{"full":"","thumbnail":"","medium":"","medium_large":"","large":"","1536x1536":"","2048x2048":"","penci-recipe-1200x1200":"","penci-recipe-1200x900":"","penci-recipe-1200x675":"","penci-single-full":"","penci-slider-full-thumb":"","penci-full-thumb":"","penci-slider-thumb":"","penci-magazine-slider":"","penci-thumb":"","penci-masonry-thumb":"","penci-thumb-square":"","penci-thumb-vertical":"","penci-thumb-small":""},"author_info":{"display_name":"Nandi","author_link":"https:\/\/nandi.info\/?author=1"},"category_info":"<a href=\"https:\/\/nandi.info\/?cat=19\" rel=\"category\">Aujourd\u2019hui Mali<\/a> <a href=\"https:\/\/nandi.info\/?cat=66\" rel=\"category\">Police<\/a> <a href=\"https:\/\/nandi.info\/?cat=21\" rel=\"category\">Soci\u00e9t\u00e9<\/a>","tag_info":"Soci\u00e9t\u00e9","comment_count":"0","jetpack_featured_media_url":"","jetpack_sharing_enabled":true,"_links":{"self":[{"href":"https:\/\/nandi.info\/index.php?rest_route=\/wp\/v2\/posts\/5866","targetHints":{"allow":["GET"]}}],"collection":[{"href":"https:\/\/nandi.info\/index.php?rest_route=\/wp\/v2\/posts"}],"about":[{"href":"https:\/\/nandi.info\/index.php?rest_route=\/wp\/v2\/types\/post"}],"author":[{"embeddable":true,"href":"https:\/\/nandi.info\/index.php?rest_route=\/wp\/v2\/users\/1"}],"replies":[{"embeddable":true,"href":"https:\/\/nandi.info\/index.php?rest_route=%2Fwp%2Fv2%2Fcomments&post=5866"}],"version-history":[{"count":0,"href":"https:\/\/nandi.info\/index.php?rest_route=\/wp\/v2\/posts\/5866\/revisions"}],"wp:featuredmedia":[{"embeddable":true,"href":"https:\/\/nandi.info\/index.php?rest_route=\/"}],"wp:attachment":[{"href":"https:\/\/nandi.info\/index.php?rest_route=%2Fwp%2Fv2%2Fmedia&parent=5866"}],"wp:term":[{"taxonomy":"category","embeddable":true,"href":"https:\/\/nandi.info\/index.php?rest_route=%2Fwp%2Fv2%2Fcategories&post=5866"},{"taxonomy":"post_tag","embeddable":true,"href":"https:\/\/nandi.info\/index.php?rest_route=%2Fwp%2Fv2%2Ftags&post=5866"}],"curies":[{"name":"wp","href":"https:\/\/api.w.org\/{rel}","templated":true}]}}