{"id":5858,"date":"2022-05-22T14:37:22","date_gmt":"2022-05-22T12:37:22","guid":{"rendered":"https:\/\/nandi.info\/?p=5858"},"modified":"2022-05-22T14:37:22","modified_gmt":"2022-05-22T12:37:22","slug":"tribune-jean-yves-ledrian-out-et-knock-down","status":"publish","type":"post","link":"https:\/\/nandi.info\/?p=5858","title":{"rendered":"Tribune : Jean Yves Ledrian out et knock down!"},"content":{"rendered":"\n<p class=\"has-drop-cap\">Ainsi donc Emmanuel Macron, le pr\u00e9sident fran\u00e7ais r\u00e9\u00e9lu pour un second mandat, a balay\u00e9, comme l&rsquo;on s&rsquo;y attendait, l&rsquo;homme qui incarnait le plus la \u00a0\u00bb France arrogante et insultante\u00a0\u00bb \u00e0 l&rsquo;\u00e9gard du Mali et condescendante \u00e0 l&rsquo;endroit de l&rsquo;Afrique francophone. Celle qui a inspir\u00e9 et enfant\u00e9 le pseudo sentiment anti- fran\u00e7ais&nbsp; qui s&rsquo;est propag\u00e9 comme une tra\u00een\u00e9e de poudre, pour ne pas dire de sable, au Sahel.<br>Fait remarquable, m\u00eame les observateurs fran\u00e7ais, s&rsquo;ils ont not\u00e9 l&rsquo;absence de grands noms de l&rsquo;ancienne \u00e9quipe, n&rsquo;ont m\u00eame pas daign\u00e9 \u00e9voquer celui de Parly, pourtant ancienne ministre fran\u00e7aise des Arm\u00e9es et de la D\u00e9fense, pass\u00e9e ma\u00eetresse dans l&rsquo;art de brocarder nos autorit\u00e9s et de nous pr\u00e9senter sous notre plus mauvais jour.<\/p>\n\n\n\n<p>L&rsquo;on notera aussi avec le d\u00e9part de ses \u00ab\u00a0deux tigres en papier\u00a0\u00bb un changement de ton \u00e0 l&rsquo;\u00e9gard du Mali, y compris de la part de Emmanuel Macron, lui-m\u00eame d\u00e9sormais \u00e9chaud\u00e9 par le renvoi de son repr\u00e9sentant officiel, l&rsquo;ambassadeur Meyer,&nbsp; de Bamako, mais aussi, de plusieurs journalistes fran\u00e7ais et de la suspension&nbsp; de deux de ses porte-voix en Afrique (Rfi et France 24). S&rsquo;y ajoutent les d\u00e9parts exig\u00e9s par nos autorit\u00e9s des forces Barkhane et Takuba qui ont pris de court la stratosph\u00e8re des pseudo sp\u00e9cialistes qui rivalisaient sur les m\u00e9dias occidentaux, confondant jusqu&rsquo;\u00e0 la situation g\u00e9ographique du Mali et d\u00e9bitant des inepties sur les menaces qui p\u00e8seraient&nbsp; sur certaines communaut\u00e9s minoritaires du Mali, lesquelles sont int\u00e9gr\u00e9es depuis des lustres dans le vaste ensemble d&rsquo;une Nation ayant fourni les preuves de son savoir-\u00eatre mill\u00e9naire et de son savoir-faire soci\u00e9tal, en tout cas depuis Kouroukanfouga, et la sortie inattendue du G5 Sahel venue rappeler que m\u00eame la MINUSMA, force onusienne neutre, n&rsquo;est pas \u00e0 l&rsquo;abri du courroux de Bamako en cas d&rsquo;\u00e9carts majeurs, comme la pr\u00e9sence de ses officiels aux f\u00eates \u00ab\u00a0foraines\u00a0\u00bb des s\u00e9paratistes du Nord.<\/p>\n\n\n\n<p>N&rsquo;oublions pas, pour revenir \u00e0 Le Drian, qu&rsquo;une convocation d&rsquo;un juge malien, pour influence dans la dissipation&nbsp; des biens dans le cadre d&rsquo;une op\u00e9ration confection des passeports, envoy\u00e9e du temps de sa toute-puissance \u00e0 la t\u00eate&nbsp; des Affaires \u00e9trang\u00e8res, prend une plus grande ampleur pour l&rsquo;homme libre qu&rsquo;il est devenu puisque d\u00e9barqu\u00e9 du premier gouvernement de Macron II avec son parachutage en plein vol au-dessus du d\u00e9sert malien. Il perd en effet, avec son d\u00e9part du gouvernement fran\u00e7ais, sa couverture immunitaire et se doit de montrer l&rsquo;exemple aux nombreux Africains convoqu\u00e9s et condamn\u00e9s par la justice fran\u00e7aise pour \u00a0\u00bb des biens mal acquis\u00a0\u00bb. A moins que l&rsquo;on ne vienne nous dire que des biens mal acquis par des Africains en Afrique diff\u00e8rent de ceux des Fran\u00e7ais en Afrique. C&rsquo;est l\u00e0 o\u00f9 l&rsquo;exemple malien aura servi de d\u00e9tonateur \u00e0 l&rsquo;\u00e9mancipation vis-\u00e0-vis de l&rsquo;ancienne m\u00e9tropole et que l&rsquo;Afrique a chang\u00e9 au point de comprendre que ses anc\u00eatres sont loin d&rsquo;\u00eatre des Gaulois et se sont par\u00e9s de vertus et de valeurs m\u00e9connues par la France coloniale et snob\u00e9es par les politiques actuels de la France dans leur grande majorit\u00e9.<\/p>\n\n\n\n<p>Le \u00a0\u00bb non\u00a0\u00bb du capitaine des Ga\u00efd\u00e9 du S\u00e9n\u00e9gal, Idrissa&nbsp;&nbsp; Gana Gu\u00e8ye du PSG, au port d&rsquo;une tunique situ\u00e9e \u00e0 ses yeux&nbsp; loin des valeurs sportives qu&rsquo;il incarne et de ses convictions, vient rappeler, \u00e0 ceux qui n&rsquo;ont rien compris \u00e0 son geste, que la jeunesse africaine, celle n\u00e9e largement apr\u00e8s les ind\u00e9pendances, \u00e0 l&rsquo;image de celle qui gouverne le Mali, s&rsquo;est \u00e9mancip\u00e9e et s&rsquo;assume&nbsp; malgr\u00e9 les sanctions ill\u00e9gales et ill\u00e9gitimes des valets locaux de la moribonde Fran\u00e7afrique et les \u00a0\u00bb chutes\u00a0\u00bb de ses suppl\u00e9tifs au Mali, en Guin\u00e9e et au Burkina Faso.<\/p>\n\n\n\n<p>Voil\u00e0 l\u00e0 o\u00f9 se situe toute la diff\u00e9rence entre l&rsquo;Afrique nouvelle et celle d&rsquo;un pass\u00e9 r\u00e9cent.<\/p>\n\n\n\n<p>Le Drian l&rsquo;apprendra \u00e0 ses d\u00e9pens avec ce proc\u00e8s qui l&rsquo;attend au Mali et se fera dans les normes pour ne pas d\u00e9roger \u00e0 la r\u00e8gle qui r\u00e9git d\u00e9sormais nos&nbsp;deux pays. Une le\u00e7on pr\u00e9vue et qui sera administr\u00e9e loin de nos fronti\u00e8res.<br>Ainsi est le Mali&nbsp; des descendants de grands fondateurs d&#8217;empires quand il sort de ses gonds.<\/p>\n\n\n\n<p>Seidina Oumar Dicko DSO<\/p>\n\n\n\n<p>Journaliste &#8211; Historien- \u00c9crivain &nbsp;<\/p>\n\n\n\n<p><strong>Nandi.Info<\/strong><\/p>\n","protected":false},"excerpt":{"rendered":"<p>Ainsi donc Emmanuel Macron, le pr\u00e9sident fran\u00e7ais r\u00e9\u00e9lu pour un second mandat, a balay\u00e9, comme l&rsquo;on s&rsquo;y attendait, l&rsquo;homme qui incarnait le plus la \u00a0\u00bb France arrogante et insultante\u00a0\u00bb \u00e0&hellip;<\/p>\n","protected":false},"author":1,"featured_media":5864,"comment_status":"open","ping_status":"closed","sticky":false,"template":"","format":"standard","meta":{"content-type":"","_lmt_disableupdate":"","_lmt_disable":"","_jetpack_memberships_contains_paid_content":false,"footnotes":"","jetpack_publicize_message":"","jetpack_publicize_feature_enabled":true,"jetpack_social_post_already_shared":true,"jetpack_social_options":{"image_generator_settings":{"template":"highway","default_image_id":0,"font":"","enabled":false},"version":2}},"categories":[55,43],"tags":[],"class_list":["post-5858","post","type-post","status-publish","format-standard","has-post-thumbnail","hentry","category-contributions","category-nandi-info"],"jetpack_publicize_connections":[],"featured_image_urls":{"full":"","thumbnail":"","medium":"","medium_large":"","large":"","1536x1536":"","2048x2048":"","penci-recipe-1200x1200":"","penci-recipe-1200x900":"","penci-recipe-1200x675":"","penci-single-full":"","penci-slider-full-thumb":"","penci-full-thumb":"","penci-slider-thumb":"","penci-magazine-slider":"","penci-thumb":"","penci-masonry-thumb":"","penci-thumb-square":"","penci-thumb-vertical":"","penci-thumb-small":""},"author_info":{"display_name":"Nandi","author_link":"https:\/\/nandi.info\/?author=1"},"category_info":"<a href=\"https:\/\/nandi.info\/?cat=55\" rel=\"category\">Contributions<\/a> <a href=\"https:\/\/nandi.info\/?cat=43\" rel=\"category\">Nandi.info<\/a>","tag_info":"Nandi.info","comment_count":"0","jetpack_featured_media_url":"","jetpack_sharing_enabled":true,"_links":{"self":[{"href":"https:\/\/nandi.info\/index.php?rest_route=\/wp\/v2\/posts\/5858","targetHints":{"allow":["GET"]}}],"collection":[{"href":"https:\/\/nandi.info\/index.php?rest_route=\/wp\/v2\/posts"}],"about":[{"href":"https:\/\/nandi.info\/index.php?rest_route=\/wp\/v2\/types\/post"}],"author":[{"embeddable":true,"href":"https:\/\/nandi.info\/index.php?rest_route=\/wp\/v2\/users\/1"}],"replies":[{"embeddable":true,"href":"https:\/\/nandi.info\/index.php?rest_route=%2Fwp%2Fv2%2Fcomments&post=5858"}],"version-history":[{"count":0,"href":"https:\/\/nandi.info\/index.php?rest_route=\/wp\/v2\/posts\/5858\/revisions"}],"wp:featuredmedia":[{"embeddable":true,"href":"https:\/\/nandi.info\/index.php?rest_route=\/"}],"wp:attachment":[{"href":"https:\/\/nandi.info\/index.php?rest_route=%2Fwp%2Fv2%2Fmedia&parent=5858"}],"wp:term":[{"taxonomy":"category","embeddable":true,"href":"https:\/\/nandi.info\/index.php?rest_route=%2Fwp%2Fv2%2Fcategories&post=5858"},{"taxonomy":"post_tag","embeddable":true,"href":"https:\/\/nandi.info\/index.php?rest_route=%2Fwp%2Fv2%2Ftags&post=5858"}],"curies":[{"name":"wp","href":"https:\/\/api.w.org\/{rel}","templated":true}]}}