{"id":5857,"date":"2022-05-22T14:25:24","date_gmt":"2022-05-22T12:25:24","guid":{"rendered":"https:\/\/nandi.info\/?p=5857"},"modified":"2022-05-22T14:25:24","modified_gmt":"2022-05-22T12:25:24","slug":"sahara-marocain-les-succes-eclatants-de-la-diplomatie-marocaine-sous-la-conduite-de-nasser-bourita","status":"publish","type":"post","link":"https:\/\/nandi.info\/?p=5857","title":{"rendered":"Sahara Marocain : Les succ\u00e8s \u00e9clatants de la diplomatie marocaine sous la conduite de Nasser Bourita"},"content":{"rendered":"\n<p><strong><em>Lors de la Conf\u00e9rence minist\u00e9rielle de la Coalition mondiale contre Daech, tenue le 11 mai 2022, \u00e0 Marrakech, ce fut un v\u00e9ritable ballet diplomatique des soutiens en faveur du plan marocain d\u2019autonomie. Le ministre marocain des Affaires \u00e9trang\u00e8res et de la Coop\u00e9ration internationale, Nasser Bourita, a eu une trentaine d\u2019entretiens avec des ministres de plusieurs pays \u00e9trangers et des partenaires du Royaume du Maroc. Ce qui veut dire que la diplomatie marocaine est en marche. Selon un politologue et universitaire, \u201cMarrakech a \u00e9t\u00e9 un grand succ\u00e8s. Sans doute \u00e0 marquer d\u2019une pierre blanche pour la diplomatie marocaine : un Jackpot ! C\u2019est bien le terme appropri\u00e9 \u00e0 une combinaison gagnante. En l\u2019esp\u00e8ce, la partie est d\u2019un autre registre : celui d\u2019une politique \u00e9trang\u00e8re qui s\u2019affirme de nouveau et engrange des r\u00e9sultats\u201d.&nbsp;<\/em><\/strong><\/p>\n\n\n\n<p>Aujourd\u2019hui, le nom de Nasser Bourita est connu \u00e0 travers le monde entier. C\u2019est lui, le chef de la diplomatie marocaine. En d\u2019autres termes, Nasser Bourita est le ministre marocain des Affaires \u00e9trang\u00e8res, de la Coop\u00e9ration africaine et des Marocains r\u00e9sidant \u00e0 l\u2019\u00e9tranger. Gr\u00e2ce au leadership de ce diplomate chevronn\u00e9 et tr\u00e8s respectueux, la diplomatie marocaine est cit\u00e9e comme un exemple. Il profite \u00e0 chaque occasion pour convaincre les partenaires du Royaume du Maroc sur la question du Sahara.<\/p>\n\n\n\n<p>Lors de la Conf\u00e9rence internationale minist\u00e9rielle de la Coalition mondiale contre Daech, tenue le 11 mai dernier, \u00e0 Marrakech, le ministre Nasser Bourita a accord\u00e9 une trentaine d\u2019audiences dans le cadre des relations bilat\u00e9rales. Parmi les personnalit\u00e9s rencontr\u00e9es figuraient plusieurs ministres des Affaires \u00e9trang\u00e8res et de la Coop\u00e9ration internationale. En plus du renforcement de la coop\u00e9ration avec ses pays amis et fr\u00e8res, l\u2019accent a \u00e9t\u00e9 mis sur le Sahara marocain. Comme il fallait s\u2019y attendre, tous ces pays ont r\u00e9affirm\u00e9 leur soutien au Royaume du Maroc sur cette question.<\/p>\n\n\n\n<p>Ce qui est l\u2019une des retomb\u00e9es de la tenue de cette r\u00e9union de la Coalition mondiale contre Daech \u00e0 Marrakech, une premi\u00e8re en Afrique. On sait bien que la Coalition avait tenu huit r\u00e9unions minist\u00e9rielles en dehors de l\u2019Afrique. Il s\u2019agit de Paris en 2015, Rome en 2016, New York en 2017, Bruxelles en 2018, Washington en 2019. Et virtuellement en juin 2020 et mars 2021 \u00e0 cause de la crise sanitaire avec la pand\u00e9mie de Covid-19 et le 28 juin 2021 \u00e0 Rome.<\/p>\n\n\n\n<p>La Conf\u00e9rence de Marrakech a \u00e9t\u00e9 une r\u00e9ussite totale sur toute la ligne, avec 79 pays participants, dont 19 pays africains, 8 pays asiatiques et 9 pays arabes. Sans oublier les organisations internationales comme l\u2019Union europ\u00e9enne, la Ligue arabe, l\u2019Organisation internationale de la police judiciaire, l\u2019Organisation du Trait\u00e9 de l\u2019Atlantique nord (Otan) et le Groupe des Etats sah\u00e9lo sahariens.<\/p>\n\n\n\n<p>Ils \u00e9taient 47 ministres dont 38 ministres charg\u00e9s des Affaires \u00e9trang\u00e8res et de la Coop\u00e9ration internationale pr\u00e9sents \u00e0 cette r\u00e9union avec plus de 400 participants.<\/p>\n\n\n\n<p>Selon un politologue et universitaire, dans un article d\u2019opinion, la Conf\u00e9rence de Marrakech a \u00e9t\u00e9 une&nbsp;<strong>\u201cr\u00e9ussite\u201d<\/strong>&nbsp;tant pour la diplomatie marocaine que pour la Coalition. Il indique que cette r\u00e9union a incarn\u00e9 un&nbsp;<strong>\u201cautre succ\u00e8s\u201d<\/strong>&nbsp;du Royaume pour ce qui est de la question nationale. Cette question, pr\u00e9cisera-t-il,&nbsp;<em>\u201cne figurait pas formellement \u00e0 l\u2019ordre du jour de ce rendez-vous, mais elle ne pouvait \u00eatre ignor\u00e9e du fait de la persistance d\u2019un conflit artificiel entretenu par le pays voisin de l\u2019est qui accueille, finance et arme le mouvement s\u00e9paratiste. Le lien avec la lutte anti-terrorisme et ses multiples men\u00e9es dans la r\u00e9gion et dans le Continent est structurel\u201d.<\/em>&nbsp; Avant d\u2019ajouter :&nbsp;<em>\u201cLa Conf\u00e9rence a vu un absent, un grand absent m\u00eame : l\u2019Alg\u00e9rie. D\u00e8s le lendemain, le minist\u00e8re des Affaires \u00e9trang\u00e8res de ce pays voisin s\u2019est fendu d\u2019un communiqu\u00e9 de fort d\u00e9pit, de col\u00e8re et de rage mal contenue\u201d o\u00f9 il d\u00e9nonce \u201cle d\u00e9tournement par le Maroc de l\u2019objet de la Conf\u00e9rence internationale de la Coalition mondiale contre Daech pour en faire un \u00e9v\u00e8nement consacr\u00e9 \u00e0 la question du Sahara\u201d.<\/em><\/p>\n\n\n\n<p>Selon le politologue et universitaire,&nbsp;<em>\u201cl\u2019Alg\u00e9rie paie le prix de son isolement et s\u2019enferme de plus en plus. Elle n\u2019est plus audible. Elle accepte mal la capitalisation par le Maroc d\u2019une diplomatie rayonnante, cr\u00e9dible, portant et incarnant les grandes causes du continent \u2013 la lutte contre la menace terroriste mais aussi d\u2019autres de grande ampleur\u201d<\/em>.<\/p>\n\n\n\n<p>La r\u00e9ussite de la diplomatie marocaine revient au ministre Nasser Bourita. Ce qui prouve que le Roi Mohammed VI ne s\u2019est pas tromp\u00e9 pour lui confier le minist\u00e8re des Affaires \u00e9trang\u00e8res et de la Coop\u00e9ration Africaine, des Marocains r\u00e9sidant \u00e0 l\u2019\u00e9tranger.<\/p>\n\n\n\n<p><strong>Qui est Nasser Bourita ?<\/strong><\/p>\n\n\n\n<p>N\u00e9 en 1969 \u00e0 Taounate, Nasser Bourita est laur\u00e9at de la Facult\u00e9 des sciences juridiques, \u00e9conomiques et sociales de Rabat, o\u00f9 il a obtenu une licence en droit en 1991, puis un Certificat d\u2019\u00e9tudes sup\u00e9rieures en relations internationales en 1993 et un dipl\u00f4me d\u2019\u00e9tudes sup\u00e9rieures en droit international public en 1995.<\/p>\n\n\n\n<p>Diplomate de carri\u00e8re, M. Nasser Bourita a gravi tous les \u00e9chelons diplomatiques. Apr\u00e8s des ann\u00e9es au service central \u00e0 Rabat, il a servi aux ambassades du Maroc \u00e0 Vienne et \u00e0 Bruxelles. Il a \u00e9volu\u00e9 dans les postes de responsabilit\u00e9 au sein du minist\u00e8re : de chef du service des organes principaux des Nations unies, \u00e0 chef de la division des Nations unies (2003-2006), puis directeur des Nations unies et des organisations internationales (2006-2009). M. Bourita a \u00e9t\u00e9, par la suite, successivement, chef du cabinet du ministre des Affaires \u00e9trang\u00e8res, puis ambassadeur, directeur g\u00e9n\u00e9ral des relations multilat\u00e9rales et de la coop\u00e9ration globale. En 2011, il a \u00e9t\u00e9 nomm\u00e9 secr\u00e9taire g\u00e9n\u00e9ral du minist\u00e8re des Affaires \u00e9trang\u00e8res et de la Coop\u00e9ration, une responsabilit\u00e9 qu\u2019il a assum\u00e9e jusqu\u2019\u00e0 sa nomination, le 6 f\u00e9vrier 2016, par Sa Majest\u00e9 le Roi Mohammed VI, au poste de ministre d\u00e9l\u00e9gu\u00e9 aupr\u00e8s du ministre des Affaires \u00e9trang\u00e8res et de la Coop\u00e9ration internationale. Et depuis quelques ann\u00e9es, Nasser Bourita occupe le poste de ministre des Affaires \u00e9trang\u00e8res, de la Coop\u00e9ration africaine et des Marocains r\u00e9sidant \u00e0 l\u2019\u00e9tranger.<\/p>\n\n\n\n<p><strong>El Hadj A.B. HAIDARA<\/strong><\/p>\n","protected":false},"excerpt":{"rendered":"<p>Lors de la Conf\u00e9rence minist\u00e9rielle de la Coalition mondiale contre Daech, tenue le 11 mai 2022, \u00e0 Marrakech, ce fut un v\u00e9ritable ballet diplomatique des soutiens en faveur du plan&hellip;<\/p>\n","protected":false},"author":1,"featured_media":5859,"comment_status":"open","ping_status":"closed","sticky":false,"template":"","format":"standard","meta":{"content-type":"","_lmt_disableupdate":"","_lmt_disable":"","_jetpack_memberships_contains_paid_content":false,"footnotes":"","jetpack_publicize_message":"","jetpack_publicize_feature_enabled":true,"jetpack_social_post_already_shared":true,"jetpack_social_options":{"image_generator_settings":{"template":"highway","default_image_id":0,"font":"","enabled":false},"version":2}},"categories":[19,57],"tags":[],"class_list":["post-5857","post","type-post","status-publish","format-standard","has-post-thumbnail","hentry","category-aujourdhui-mali","category-international"],"jetpack_publicize_connections":[],"featured_image_urls":{"full":"","thumbnail":"","medium":"","medium_large":"","large":"","1536x1536":"","2048x2048":"","penci-recipe-1200x1200":"","penci-recipe-1200x900":"","penci-recipe-1200x675":"","penci-single-full":"","penci-slider-full-thumb":"","penci-full-thumb":"","penci-slider-thumb":"","penci-magazine-slider":"","penci-thumb":"","penci-masonry-thumb":"","penci-thumb-square":"","penci-thumb-vertical":"","penci-thumb-small":""},"author_info":{"display_name":"Nandi","author_link":"https:\/\/nandi.info\/?author=1"},"category_info":"<a href=\"https:\/\/nandi.info\/?cat=19\" rel=\"category\">Aujourd\u2019hui Mali<\/a> <a href=\"https:\/\/nandi.info\/?cat=57\" rel=\"category\">International<\/a>","tag_info":"International","comment_count":"0","jetpack_featured_media_url":"","jetpack_sharing_enabled":true,"_links":{"self":[{"href":"https:\/\/nandi.info\/index.php?rest_route=\/wp\/v2\/posts\/5857","targetHints":{"allow":["GET"]}}],"collection":[{"href":"https:\/\/nandi.info\/index.php?rest_route=\/wp\/v2\/posts"}],"about":[{"href":"https:\/\/nandi.info\/index.php?rest_route=\/wp\/v2\/types\/post"}],"author":[{"embeddable":true,"href":"https:\/\/nandi.info\/index.php?rest_route=\/wp\/v2\/users\/1"}],"replies":[{"embeddable":true,"href":"https:\/\/nandi.info\/index.php?rest_route=%2Fwp%2Fv2%2Fcomments&post=5857"}],"version-history":[{"count":0,"href":"https:\/\/nandi.info\/index.php?rest_route=\/wp\/v2\/posts\/5857\/revisions"}],"wp:featuredmedia":[{"embeddable":true,"href":"https:\/\/nandi.info\/index.php?rest_route=\/"}],"wp:attachment":[{"href":"https:\/\/nandi.info\/index.php?rest_route=%2Fwp%2Fv2%2Fmedia&parent=5857"}],"wp:term":[{"taxonomy":"category","embeddable":true,"href":"https:\/\/nandi.info\/index.php?rest_route=%2Fwp%2Fv2%2Fcategories&post=5857"},{"taxonomy":"post_tag","embeddable":true,"href":"https:\/\/nandi.info\/index.php?rest_route=%2Fwp%2Fv2%2Ftags&post=5857"}],"curies":[{"name":"wp","href":"https:\/\/api.w.org\/{rel}","templated":true}]}}