{"id":5828,"date":"2022-05-21T20:49:29","date_gmt":"2022-05-21T18:49:29","guid":{"rendered":"https:\/\/nandi.info\/?p=5828"},"modified":"2022-05-21T20:49:29","modified_gmt":"2022-05-21T18:49:29","slug":"journal-dun-douanier-ma-part-de-temoignage","status":"publish","type":"post","link":"https:\/\/nandi.info\/?p=5828","title":{"rendered":"Journal d\u2019un douanier : \u00ab Ma part de t\u00e9moignage \u00bb"},"content":{"rendered":"\n<p><strong><em>La c\u00e9r\u00e9monie de lancement de l\u2019ouvrage intitul\u00e9&nbsp;: \u00ab&nbsp;Le Journal d\u2019un douanier&nbsp;\u00bb a eu lieu le samedi 14 mai au m\u00e9morial Modibo Keita.<\/em><\/strong><\/p>\n\n\n\n<p class=\"has-drop-cap\">\u00c9crit par Bassirou Mohamed Camara, \u00ab&nbsp;Le journal d\u2019un douanier\u201d, cet ouvrage de 175 pages \u00e9dit\u00e9 par Figuira \u00c9ditions en 2022, est un r\u00e9cit de la carri\u00e8re de l\u2019auteur dans la douane, dans le mouvement syndical, la gestion du Conseil \u00e9conomique social et culturel et de la R\u00e9publique.<\/p>\n\n\n\n<p>\u00ab&nbsp;C\u2019est un peu pour participer \u00e0 la formation de la jeune g\u00e9n\u00e9ration et contribuer \u00e9galement \u00e0 faire en sorte de partager mon exp\u00e9rience. Il est du devoir de notre g\u00e9n\u00e9ration de laisser quelque chose pour qu\u2019en fin cette g\u00e9n\u00e9ration puisse s\u2019en inspirer&nbsp;\u00bb, a exprim\u00e9 l\u2019auteur.<\/p>\n\n\n\n<p>C\u2019est un ouvrage qui parle de tout et c\u2019est un coup de c\u0153ur, mais aussi ma part de v\u00e9rit\u00e9 de ce que j\u2019ai v\u00e9cu. Ce n\u2019est pas uniquement la douane, c\u2019est un douanier qui parle, mais \u00e7a parle de tout ce qui a touch\u00e9 ma carri\u00e8re et qui peut servir pratiquement dans tous les secteurs de d\u00e9veloppement social, politique, \u00e9conomique, culturel, \u2026<\/p>\n\n\n\n<p>L\u2019objectif de ce livre \u00ab&nbsp;c\u2019est essentiellement de faire en sorte que les Maliens se retrouvent dans l\u2019unit\u00e9, dans l\u2019union, et repensent notre d\u00e9mocratie qui de mon point de vue ne repose pas sur nos valeurs culturelles. Car cette d\u00e9mocratie est impos\u00e9e, import\u00e9e et malheureusement on l\u2019a r\u00e9sum\u00e9e aux seules \u00e9lections et \u00e0 la seule alternance&nbsp;\u00bb, s\u2019exclame-t-il.<\/p>\n\n\n\n<p>Pour l\u2019auteur, la gouvernance doit \u00eatre revue et repens\u00e9e. En un mot, il revient \u00e0 refaire l\u2019homme malien.<\/p>\n\n\n\n<p>Dans son intervention, il a mis l\u2019accent sur la formation, son importance. Dans le temps, les ressources n\u2019\u00e9taient pas r\u00e9unies alors qu\u2019aujourd\u2019hui la jeune g\u00e9n\u00e9ration a tout ce qu\u2019il faut pour se former. Ils n\u2019ont pas \u00e0 aller \u00e0 l\u2019\u00e9tranger.<\/p>\n\n\n\n<p>Aujourd\u2019hui \u00e0 la retraite, Monsieur Camara a d\u00e9cid\u00e9 de prendre la plume et ce qui est pour lui une mani\u00e8re de contribuer au renforcement de capacit\u00e9s de la jeune g\u00e9n\u00e9ration. Il a exprim\u00e9 que c\u2019est aussi un appel qu\u2019il lance \u00e0 tous ses coll\u00e8gues douaniers, en activit\u00e9 comme \u00e0 la retraite, \u00e0 plus d\u2019union et de solidarit\u00e9, d\u2019esprit de correspondance, ce dont il ne cesse de r\u00eaver depuis bien d\u2019ann\u00e9es. Pour l\u2019auteur, c\u2019est une exhortation des pouvoirs publics, des acteurs politiques, et de la soci\u00e9t\u00e9 civile, \u00e0 repenser la gouvernance du pays \u00ab une adaptation de notre d\u00e9mocratie \u00e0 nos valeurs soci\u00e9tales est d\u2019une n\u00e9cessit\u00e9 absolue&nbsp;\u00bb, a-t-il dit.<\/p>\n\n\n\n<p>L\u2019auteur Mohamed Bassirou Camara, n\u00e9 en 1952, a fr\u00e9quent\u00e9 plusieurs \u00e9coles de douane et a servi l\u2019Etat malien pendant des ann\u00e9es.<\/p>\n\n\n\n<p><strong>&nbsp;<\/strong><strong>Aminata Agaly Yattara<\/strong><\/p>\n\n\n\n<p><strong><em>\u00ab&nbsp;Le Journal d\u2019un douanier&nbsp;\u00bb&nbsp;<\/em><\/strong><strong><em>Figuira Editions. 172 pages, 10&nbsp;000 F CFA<\/em><\/strong><\/p>\n","protected":false},"excerpt":{"rendered":"<p>La c\u00e9r\u00e9monie de lancement de l\u2019ouvrage intitul\u00e9&nbsp;: \u00ab&nbsp;Le Journal d\u2019un douanier&nbsp;\u00bb a eu lieu le samedi 14 mai au m\u00e9morial Modibo Keita. \u00c9crit par Bassirou Mohamed Camara, \u00ab&nbsp;Le journal d\u2019un&hellip;<\/p>\n","protected":false},"author":1,"featured_media":5829,"comment_status":"open","ping_status":"closed","sticky":false,"template":"","format":"standard","meta":{"content-type":"","_lmt_disableupdate":"","_lmt_disable":"","_jetpack_memberships_contains_paid_content":false,"footnotes":"","jetpack_publicize_message":"","jetpack_publicize_feature_enabled":true,"jetpack_social_post_already_shared":true,"jetpack_social_options":{"image_generator_settings":{"template":"highway","default_image_id":0,"font":"","enabled":false},"version":2}},"categories":[33,32],"tags":[],"class_list":["post-5828","post","type-post","status-publish","format-standard","has-post-thumbnail","hentry","category-mali-tribune","category-musique-art-et-culture"],"jetpack_publicize_connections":[],"featured_image_urls":{"full":"","thumbnail":"","medium":"","medium_large":"","large":"","1536x1536":"","2048x2048":"","penci-recipe-1200x1200":"","penci-recipe-1200x900":"","penci-recipe-1200x675":"","penci-single-full":"","penci-slider-full-thumb":"","penci-full-thumb":"","penci-slider-thumb":"","penci-magazine-slider":"","penci-thumb":"","penci-masonry-thumb":"","penci-thumb-square":"","penci-thumb-vertical":"","penci-thumb-small":""},"author_info":{"display_name":"Nandi","author_link":"https:\/\/nandi.info\/?author=1"},"category_info":"<a href=\"https:\/\/nandi.info\/?cat=33\" rel=\"category\">Mali Tribune<\/a> <a href=\"https:\/\/nandi.info\/?cat=32\" rel=\"category\">Musique Art et Culture<\/a>","tag_info":"Musique Art et Culture","comment_count":"0","jetpack_featured_media_url":"","jetpack_sharing_enabled":true,"_links":{"self":[{"href":"https:\/\/nandi.info\/index.php?rest_route=\/wp\/v2\/posts\/5828","targetHints":{"allow":["GET"]}}],"collection":[{"href":"https:\/\/nandi.info\/index.php?rest_route=\/wp\/v2\/posts"}],"about":[{"href":"https:\/\/nandi.info\/index.php?rest_route=\/wp\/v2\/types\/post"}],"author":[{"embeddable":true,"href":"https:\/\/nandi.info\/index.php?rest_route=\/wp\/v2\/users\/1"}],"replies":[{"embeddable":true,"href":"https:\/\/nandi.info\/index.php?rest_route=%2Fwp%2Fv2%2Fcomments&post=5828"}],"version-history":[{"count":0,"href":"https:\/\/nandi.info\/index.php?rest_route=\/wp\/v2\/posts\/5828\/revisions"}],"wp:featuredmedia":[{"embeddable":true,"href":"https:\/\/nandi.info\/index.php?rest_route=\/"}],"wp:attachment":[{"href":"https:\/\/nandi.info\/index.php?rest_route=%2Fwp%2Fv2%2Fmedia&parent=5828"}],"wp:term":[{"taxonomy":"category","embeddable":true,"href":"https:\/\/nandi.info\/index.php?rest_route=%2Fwp%2Fv2%2Fcategories&post=5828"},{"taxonomy":"post_tag","embeddable":true,"href":"https:\/\/nandi.info\/index.php?rest_route=%2Fwp%2Fv2%2Ftags&post=5828"}],"curies":[{"name":"wp","href":"https:\/\/api.w.org\/{rel}","templated":true}]}}