{"id":5820,"date":"2022-05-21T09:39:00","date_gmt":"2022-05-21T07:39:00","guid":{"rendered":"https:\/\/nandi.info\/?p=5820"},"modified":"2022-05-21T09:39:00","modified_gmt":"2022-05-21T07:39:00","slug":"resilience-et-developpement-durable-au-centre-du-mali-32-milliards-f-cfa-pour-5-ans","status":"publish","type":"post","link":"https:\/\/nandi.info\/?p=5820","title":{"rendered":"R\u00e9silience et d\u00e9veloppement durable au centre du Mali : 32 milliards F CFA pour 5 ans\ufffc"},"content":{"rendered":"\n<p><strong><em>L\u2019ambassadeur de l\u2019Union europ\u00e9enne au Mali, Bart Ouvry, et le ministre des Affaires \u00e9trang\u00e8res et de la Coop\u00e9ration internationale, Abdoulaye Diop, ont sign\u00e9 la convention de financement du nouveau programme \u00ab R\u00e9silience et d\u00e9veloppement durable au centre du Mali \u00bb.<\/em><\/strong><\/p>\n\n\n\n<p class=\"has-drop-cap\">Ce programme propose des mesures qui s\u2019attaquent aux causes structurelles de l\u2019ins\u00e9curit\u00e9 alimentaire et nutritionnelle au Mali. Ce financement de l\u2019Union europ\u00e9enne servira en particulier \u00e0 am\u00e9liorer la s\u00e9curit\u00e9 alimentaire et nutritionnelle des populations vuln\u00e9rables ; am\u00e9liorer les moyens de subsistance; pr\u00e9venir la malnutrition et renforcer les capacit\u00e9s de r\u00e9silience et de gestion des risques des institutions nationales, locales et des communaut\u00e9s.<\/p>\n\n\n\n<p>Egalement, le programme int\u00e9grera le plan national de r\u00e9ponse (PNR) du Commissariat \u00e0 la S\u00e9curit\u00e9 alimentaire en particulier pour les aspects d\u2019assistance alimentaire et les activit\u00e9s d\u2019appui aux moyens d\u2019existence.<\/p>\n\n\n\n<p>Il s\u2019inscrit dans la continuit\u00e9 des engagements que l\u2019UE a pris vis-\u00e0-vis du gouvernement pour soutenir ses efforts afin de garantir \u00e0 tous les Maliens l\u2019acc\u00e8s \u00e0 une nourriture suffisante et de qualit\u00e9, condition indispensable de l\u2019\u00e9quit\u00e9 sociale et du d\u00e9veloppement du Mali.<\/p>\n\n\n\n<p>Le Programme alimentaire mondial a \u00e9t\u00e9 retenu pour mettre en \u0153uvre l\u2019activit\u00e9. Le PAM travaillera avec les associations locales, les organisations de producteurs, les \u00e9lus et les services techniques d\u00e9concentr\u00e9s pour une am\u00e9lioration de l\u2019\u00e9tat nutritionnel des populations vuln\u00e9rables, \u00e0 travers la protection de leurs moyens d\u2019existence, des activit\u00e9s de production et de transformation agricole et l\u2019am\u00e9lioration des pratiques alimentaires et des comportements.<\/p>\n\n\n\n<p>Ce nouveau programme est d\u2019un montant de 50 millions d\u2019euros (32,8 milliards de F CFA) pour une dur\u00e9e de 5 ans.<\/p>\n\n\n\n<p><strong>Assa Ma\u00efga<\/strong><\/p>\n","protected":false},"excerpt":{"rendered":"<p>L\u2019ambassadeur de l\u2019Union europ\u00e9enne au Mali, Bart Ouvry, et le ministre des Affaires \u00e9trang\u00e8res et de la Coop\u00e9ration internationale, Abdoulaye Diop, ont sign\u00e9 la convention de financement du nouveau programme&hellip;<\/p>\n","protected":false},"author":1,"featured_media":5823,"comment_status":"open","ping_status":"closed","sticky":false,"template":"","format":"standard","meta":{"content-type":"","_lmt_disableupdate":"","_lmt_disable":"","_jetpack_memberships_contains_paid_content":false,"footnotes":"","jetpack_publicize_message":"","jetpack_publicize_feature_enabled":true,"jetpack_social_post_already_shared":true,"jetpack_social_options":{"image_generator_settings":{"template":"highway","default_image_id":0,"font":"","enabled":false},"version":2}},"categories":[31,30,33],"tags":[],"class_list":["post-5820","post","type-post","status-publish","format-standard","has-post-thumbnail","hentry","category-cooperation","category-economie","category-mali-tribune"],"jetpack_publicize_connections":[],"featured_image_urls":{"full":"","thumbnail":"","medium":"","medium_large":"","large":"","1536x1536":"","2048x2048":"","penci-recipe-1200x1200":"","penci-recipe-1200x900":"","penci-recipe-1200x675":"","penci-single-full":"","penci-slider-full-thumb":"","penci-full-thumb":"","penci-slider-thumb":"","penci-magazine-slider":"","penci-thumb":"","penci-masonry-thumb":"","penci-thumb-square":"","penci-thumb-vertical":"","penci-thumb-small":""},"author_info":{"display_name":"Nandi","author_link":"https:\/\/nandi.info\/?author=1"},"category_info":"<a href=\"https:\/\/nandi.info\/?cat=31\" rel=\"category\">Coop\u00e9ration<\/a> <a href=\"https:\/\/nandi.info\/?cat=30\" rel=\"category\">Economie<\/a> <a href=\"https:\/\/nandi.info\/?cat=33\" rel=\"category\">Mali Tribune<\/a>","tag_info":"Mali Tribune","comment_count":"0","jetpack_featured_media_url":"","jetpack_sharing_enabled":true,"_links":{"self":[{"href":"https:\/\/nandi.info\/index.php?rest_route=\/wp\/v2\/posts\/5820","targetHints":{"allow":["GET"]}}],"collection":[{"href":"https:\/\/nandi.info\/index.php?rest_route=\/wp\/v2\/posts"}],"about":[{"href":"https:\/\/nandi.info\/index.php?rest_route=\/wp\/v2\/types\/post"}],"author":[{"embeddable":true,"href":"https:\/\/nandi.info\/index.php?rest_route=\/wp\/v2\/users\/1"}],"replies":[{"embeddable":true,"href":"https:\/\/nandi.info\/index.php?rest_route=%2Fwp%2Fv2%2Fcomments&post=5820"}],"version-history":[{"count":0,"href":"https:\/\/nandi.info\/index.php?rest_route=\/wp\/v2\/posts\/5820\/revisions"}],"wp:featuredmedia":[{"embeddable":true,"href":"https:\/\/nandi.info\/index.php?rest_route=\/"}],"wp:attachment":[{"href":"https:\/\/nandi.info\/index.php?rest_route=%2Fwp%2Fv2%2Fmedia&parent=5820"}],"wp:term":[{"taxonomy":"category","embeddable":true,"href":"https:\/\/nandi.info\/index.php?rest_route=%2Fwp%2Fv2%2Fcategories&post=5820"},{"taxonomy":"post_tag","embeddable":true,"href":"https:\/\/nandi.info\/index.php?rest_route=%2Fwp%2Fv2%2Ftags&post=5820"}],"curies":[{"name":"wp","href":"https:\/\/api.w.org\/{rel}","templated":true}]}}