{"id":5815,"date":"2022-05-21T09:28:00","date_gmt":"2022-05-21T07:28:00","guid":{"rendered":"https:\/\/nandi.info\/?p=5815"},"modified":"2022-05-21T09:28:00","modified_gmt":"2022-05-21T07:28:00","slug":"resilience-du-mali-somasso-donne-le-ton-avec-le-belenitugu","status":"publish","type":"post","link":"https:\/\/nandi.info\/?p=5815","title":{"rendered":"R\u00e9silience du Mali : Somasso donne le ton avec le B\u00e9l\u00e9nitugu"},"content":{"rendered":"\n<p><strong><em>L\u2019\u00e9dition 2022 du Festival B\u00e9l\u00e9nitugu s\u2019est d\u00e9roul\u00e9e du 14 au 18 mai 2022, \u00e0 Somasso, dans le cercle de Bla. Le th\u00e8me de cette ann\u00e9e portait sur \u00ab la Coh\u00e9sion sociale, gage d\u2019un Mali r\u00e9silient \u00bb.<\/em><\/strong><\/p>\n\n\n\n<p class=\"has-drop-cap\">Comme \u00e0 l\u2019accoutum\u00e9e, cette ann\u00e9e, la f\u00eate du B\u00e9l\u00e9nitugu a tenu toutes ses promesses. En plus des rites anciens qui ont \u00e9t\u00e9 honor\u00e9s, le B\u00e9l\u00e9nitugu 2022, parrain\u00e9 par le ministre de l\u2019Environnement, de l\u2019Assainissement et du D\u00e9veloppement durable, Modibo Kon\u00e9, a \u00e9t\u00e9 une rencontre riche en manifestation culturelle, artistique ; mais aussi un espace d\u2019\u00e9change et de partage sur la coh\u00e9sion sociale et l\u2019environnement. Tous les ingr\u00e9dients \u00e9taient r\u00e9unis pour assurer une f\u00eate m\u00e9morable.<\/p>\n\n\n\n<p>Les temps forts des trois jours ont \u00e9t\u00e9 marqu\u00e9s par les soir\u00e9es culturelles, les rencontres entre les ressortissants de la Commune et des conf\u00e9rences d\u00e9bats. Les artistes ayant particip\u00e9 sont : Mahamadou Demb\u00e9l\u00e9 dit Dabara et Seydou Zamp\u00e8r\u00e8 pour le balafon, Souma\u00efla Djir\u00e9 dit Soumi le Boss, le rappeur Derby et Zikiri Issa. La troupe Niogo de Diarramamna et les chasseurs de la r\u00e9gion ont \u00e9galement \u00e9gay\u00e9 la foule.<\/p>\n\n\n\n<p>L\u2019occasion \u00e9tait bonne pour les chefs traditionnels de Somasso, d\u2019honorer la tradition. Le sacrifice du B\u00e9l\u00e9ni, celui du vestibule et tous les autres sacrifices ont \u00e9t\u00e9 accomplis dans les normes, comme l\u2019exige la tradition.<\/p>\n\n\n\n<p>La traditionnelle veill\u00e9e avec la galette de sorgho (fari en mininka et en bambara) a \u00e9t\u00e9 un v\u00e9ritable succ\u00e8s. Il est de coutume, lors de la deuxi\u00e8me nuit de la f\u00eate du B\u00e9l\u00e9nitougou, que toutes les familles pr\u00e9parent ce plat pour la nuit. Le choix du sorgho est tr\u00e8s significatif, selon les sages du village, car en plus de ses vertus nutritives, le sorgho est tr\u00e8s facile \u00e0 cultiver et maintien de l\u2019humidit\u00e9 dans les champs de mil pendant l\u2019hivernage.<\/p>\n\n\n\n<p>Fier de l\u2019organisation avec succ\u00e8s de cette \u00e9dition, le pr\u00e9sident de l\u2019ADS, Markati\u00e9 Daou, a remerci\u00e9 tous les participants. Actualit\u00e9 oblige, il a demand\u00e9 \u00e0 tous les Maliens de prioriser l\u2019int\u00e9r\u00eat sup\u00e9rieur de la nation. Selon lui, la paix, la coh\u00e9sion sociale, l\u2019attente et le vivre ensemble sont les conditions sine qua non pour une transition r\u00e9ussie et un d\u00e9veloppement durable de notre pays.<\/p>\n\n\n\n<p><em>\u00ab Ici \u00e0 Somasso, nous sommes pour la paix et la protection de l\u2019environnement. Toutes nos actions tournent autour de la promotion de notre village, mais surtout de sa protection \u00bb<\/em>, a-t-il ajout\u00e9.<\/p>\n\n\n\n<p><strong>Le B\u00e9l\u00e9ni, une vieille tradition de protection de l\u2019environnement<\/strong><\/p>\n\n\n\n<p>L\u2019objectif recherch\u00e9, poursuit le pr\u00e9sident de l\u2019ADS, est en train de se r\u00e9aliser. M. Daou a rappel\u00e9 le contexte dans lequel cet \u00e9v\u00e9nement \u00e9tait c\u00e9l\u00e9br\u00e9 chaque ann\u00e9e. Il explique que c\u2019\u00e9tait organis\u00e9 apr\u00e8s l\u2019hivernage pour prot\u00e9ger la for\u00eat, pr\u00e9server l\u2019environnement, la nature et la biodiversit\u00e9. Ce qui est aujourd\u2019hui une r\u00e9alit\u00e9 avec la cr\u00e9ation d\u2019un bosquet \u00e0 Somasso. Au-del\u00e0 de cet aspect, pr\u00e9cise-t-il, c\u2019est une f\u00eate qui vise \u00e0 consolider l\u2019entraide, les liens d\u2019amiti\u00e9 et de fraternit\u00e9.<\/p>\n\n\n\n<p><em>\u00ab C\u2019est une f\u00eate qui regroupe l\u2019ensemble des amis, des fils et des filles du village \u00e0 se retrouver pour communier ensemble \u00bb,<\/em>&nbsp;a-t-il ajout\u00e9.<\/p>\n\n\n\n<p>L\u2019ADS a pour objectif de contribuer au d\u00e9veloppement socio-culturel et \u00e9conomique de Somasso. Elle regroupe l\u2019ensemble des ressortissants du village de Somasso. Redynamis\u00e9e par la nouvelle g\u00e9n\u00e9ration, cette association est aujourd\u2019hui dirig\u00e9e par Markati\u00e9 Daou, qui est second\u00e9 par Zoumana Daou. Cette ann\u00e9e, pour la r\u00e9ussite du festival, l\u2019ADS a b\u00e9n\u00e9fici\u00e9 du soutien de tous les ressortissants de Somasso singuli\u00e8rement le g\u00e9n\u00e9ral de brigade Elys\u00e9 Jean Dao et des partenaires comme la Fondation Orange-Mali, la Banque malienne de solidarit\u00e9 (BMS), etc.<\/p>\n\n\n\n<p>La Commune rurale de Somasso est compos\u00e9e de trois villages (Somasso, Kadjalla et M\u2019B\u00e8tiona). La population est estim\u00e9e \u00e0 environ 20 000 habitants dont plus de 5 000 dans le chef-lieu de la Commune, Somasso. Situ\u00e9e dans le cercle de Bla (r\u00e9gion de S\u00e9gou), Somasso est domin\u00e9 par les Miniankas (compos\u00e9 des noms Dao, Djir\u00e9, Coulibaly\u2026), et de quelques communaut\u00e9s peulhs, sonink\u00e9s, forgerons et bambaras.<\/p>\n\n\n\n<p><\/p>\n\n\n\n<h2 class=\"wp-block-heading\"><strong>Environnement&nbsp;:<\/strong><\/h2>\n\n\n\n<h2 class=\"has-large-font-size wp-block-heading\"><strong>L\u2019ADS veut une for\u00eat class\u00e9e \u00e0 Somasso<\/strong><\/h2>\n\n\n\n<p><strong><em>Fort de son engagement dans la protection de l\u2019environnement, l\u2019Association pour le D\u00e9veloppement de Somasso (ADS) veut prot\u00e9ger la for\u00eat de Somassso en l\u2019inscrivant sur le short liste des for\u00eats class\u00e9es du Mali.&nbsp;<\/em><\/strong><\/p>\n\n\n\n<p>Six hectares. C\u2019est tout ce qui reste de la for\u00eat de Somasso. Malgr\u00e9 les multiples op\u00e9rations de reboisement initi\u00e9es par l\u2019ADS pour reverdir la Commune rurale de Somasso, la for\u00eat demeure menac\u00e9e. Et pour cause, le manque de protection administrative. D\u2019o\u00f9 l\u2019initiative de l\u2019ADS de solliciter l\u2019appui technique, financier et administratif des autorit\u00e9s maliennes pour prot\u00e9ger cette for\u00eat.<\/p>\n\n\n\n<p>A l\u2019occasion de la 7e \u00e9dition du festival B\u00e9l\u00e9nitugu, le pr\u00e9sident de l\u2019ADS, Markati\u00e9 Daou a formul\u00e9 cette demande aupr\u00e8s du ministre de l\u2019Environnement, de l\u2019Assainissement et du D\u00e9veloppement durable.&nbsp;<em>\u00ab C\u2019est vrai que six hectares peuvent sembler \u00eatre peu pour certains, mais pour nous c\u2019est plus qu\u2019une for\u00eat, c\u2019est une source de vie. Nous sommes engag\u00e9es dans la promotion de l\u2019environnement car nous connaissons l\u2019importance de la for\u00eat pour l\u2019homme et les animaux \u00bb,<\/em>&nbsp;a expliqu\u00e9 M. Daou. Et d\u2019insister :&nbsp;<em>\u00ab nous voulons que notre for\u00eat soit inscrite dans le syst\u00e8me des for\u00eats class\u00e9es afin qu\u2019elle puisse b\u00e9n\u00e9ficier d\u2019une bonne protection \u00bb.<\/em><\/p>\n\n\n\n<p>Satisfait, le ministre de l\u2019Environnement, de l\u2019Assainissement et du D\u00e9veloppement durable, Modibo Kon\u00e9 a salu\u00e9 l\u2019engagement de l\u2019ADS dans la protection de l\u2019environnement.&nbsp;<em>\u00ab Nous avons d\u00e9j\u00e0 \u00e9t\u00e9 ici \u00e0 Somasso pour la journ\u00e9e de reboisement. Ce n\u2019\u00e9tait pas une premi\u00e8re. Et nous avons constat\u00e9 que les arbres plant\u00e9s ont tous muri. Cela t\u00e9moigne de votre pers\u00e9v\u00e9rance. Nous allons tout mettre en \u0153uvre pour soutenir la classification de cette for\u00eat qui, faut-il le rappeler, est d\u00e9j\u00e0 inscrite dans le vaste programme de la Muraille verte \u00bb<\/em>.<\/p>\n\n\n\n<p>En attendant la r\u00e9alisation de ce projet, l\u2019ADS multiplie les actions de sensibilisation de la population \u00e0 travers des rencontres et des conf\u00e9rences d\u00e9bats.<\/p>\n\n\n\n<p><\/p>\n\n\n\n<h2 class=\"wp-block-heading\"><strong>FESTIVAL B\u00c9L\u00c9NITUGU<\/strong><\/h2>\n\n\n\n<h2 class=\"has-large-font-size wp-block-heading\"><strong>Un impact positif sur la localit\u00e9<\/strong><\/h2>\n\n\n\n<p>V\u00e9ritable cr\u00e9neau pour la promotion du vivre ensemble, ce festival a permis, en quelques ann\u00e9es, \u00e0 Somasso de prendre le rail du d\u00e9veloppement. Gr\u00e2ce \u00e0 ce festival, l\u2019ADS a pu construire un Centre de Sant\u00e9 communautaire \u00e9quip\u00e9 avec un mat\u00e9riel de derni\u00e8re g\u00e9n\u00e9ration et une adduction d\u2019eau sommaire. L\u2019association a aussi contribu\u00e9 au renforcement du couvert v\u00e9g\u00e9tal \u00e0 travers des journ\u00e9es de plantation d\u2019arbre, la r\u00e9habilitation des routes et autres. Une cit\u00e9 des h\u00f4tes a \u00e9galement \u00e9t\u00e9 construite cette ann\u00e9e.<\/p>\n\n\n\n<p><\/p>\n\n\n\n<h2 class=\"wp-block-heading\"><strong>SOMASSO<\/strong><\/h2>\n\n\n\n<h2 class=\"has-large-font-size wp-block-heading\"><strong>La redynamisation du K\u00f4t\u00e8<\/strong><\/h2>\n\n\n\n<p><strong><em>La 7e \u00e9dition du festival b\u00e9l\u00e9nitugu de Somasso a \u00e9t\u00e9 marqu\u00e9e par le lancement du processus de redynamisation du K\u00f4t\u00e8, une soci\u00e9t\u00e9 secr\u00e8te ancienne ayant disparu depuis quelques ann\u00e9es.<\/em><\/strong><\/p>\n\n\n\n<p><em>\u00ab Le K\u00f4t\u00e8 ne sera plus d\u00e9laiss\u00e9e ici chez nous \u00e0 Somasso. Nous sommes d\u00e9sormais engag\u00e9s \u00e0 relancer cette soci\u00e9t\u00e9 secr\u00e8te \u00bb,&nbsp;<\/em>a lanc\u00e9 le pr\u00e9sident de l\u2019Association pour le d\u00e9veloppement de Somasso (ADS), Markati\u00e9 Daou. Cette ann\u00e9e, \u00e0 l\u2019occasion de la 7e \u00e9dition du festival b\u00e9l\u00e9nitugu de Somasso, l\u2019ADS, en collaboration avec les derniers initi\u00e9s de la confr\u00e9rie, a d\u00e9cid\u00e9 d\u2019activer le processus de redynamisation de la soci\u00e9t\u00e9.<\/p>\n\n\n\n<p>A travers une c\u00e9r\u00e9monie pleine d\u2019\u00e9motions, les derniers initi\u00e9s ont esquiss\u00e9 quelques pas de danses des \u00ab Bamba \u00bb (crocodiles en bambara) que sont les initi\u00e9s. A travers des chants d\u2019encouragement et des cris de r\u00e9confort de la population ; ces initi\u00e9s ont tenu en haleine l\u2019assistance dans un silence de mort. Cette danse mystique, interdite au nom initi\u00e9, est accompagn\u00e9e par des coups de fouet. Les initi\u00e9s se donnent ces coups et cela dans le silence. Ils prouvent ainsi leur capacit\u00e9 \u00e0 vivre la douleur dans le silence, un geste significatif.<\/p>\n\n\n\n<p>Heureux de cette initiative, le pasteur Notik\u00e9 Daou, l\u2019un des sages de la commune, a salu\u00e9 les derniers initi\u00e9s pour ce courage.<\/p>\n\n\n\n<p><em>\u00ab Nous sommes contents de revoir cet engagement de nos jeunes fr\u00e8res et de nos enfants. Nous pleurons de joie aujourd\u2019hui car le K\u00f4t\u00e8, en plus de son caract\u00e8re sacr\u00e9, est pleine de signification pour nous \u00bb,&nbsp;<\/em>a-t-il ajout\u00e9.<\/p>\n\n\n\n<p>Selon M. Daou, cette confr\u00e9rie \u00e9tait jadis ouverte \u00e0 tous les gar\u00e7ons ayant atteint l\u2019\u00e2ge de 15 ans ou m\u00eame plus. Il explique qu\u2019il y a deux c\u00e9r\u00e9monies du K\u00f4t\u00e8. La premi\u00e8re, affirme M. Daou, est organis\u00e9e la nuit de l\u2019initiation des jeunes. Elle est l\u2019occasion pour le p\u00e8re de l\u2019enfant de mesurer le degr\u00e9 de r\u00e9sistance de son gar\u00e7on et sa capacit\u00e9 de revoir des coups sans se plaindre.&nbsp;<em>\u00ab Pour cette c\u00e9r\u00e9monie, organis\u00e9e la nuit \u00e0 l\u2019abri des regards des femmes et des non-initi\u00e9s, on faisait vivre aux jeunes gar\u00e7ons d\u2019\u00e9normes difficult\u00e9s. Les enfants \u00e9taient confront\u00e9s \u00e0 l\u2019\u00e9preuve du feu, du fouet et de la faim. C\u2019est le p\u00e8re de l\u2019enfant lui-m\u00eame qui le faisait souffrir et devant tout le monde \u00bb,<\/em>&nbsp;pr\u00e9cise le sage Daou.<\/p>\n\n\n\n<p>Il ajoute :&nbsp;<em>\u00ab l\u2019autre c\u00e9r\u00e9monie est organis\u00e9e dans la journ\u00e9e devant tout le monde. Les initi\u00e9s sont pr\u00eats. Ils esquissent des pas de danse et se donnent des coups de fouet devant tout le monde. Ils peuvent saigner, mais ne crient jamais de douleurs. Ils ne gesticulent pas aussi de douleurs. Ils encaissent dans le silence et donnent \u00e0 leur tour des coups de fouet \u00bb.<\/em><\/p>\n\n\n\n<p>Le but de cette initiation, qui concernait tous les jeunes gar\u00e7ons du village, est de renforcer la r\u00e9silience des hommes. Ils doivent pouvoir se prot\u00e9ger et sauver le village dans toutes les circonstances.&nbsp;<em>\u00ab Avant, il y avait les guerres et les razzias. Les voleurs, les brigands et certains villages venaient conqu\u00e9rir d\u2019autres villages. Il fallait donc pr\u00e9parer nos enfants, surtout les jeunes gar\u00e7ons \u00e0 faire face aux d\u00e9fis, \u00e0 avoir les capacit\u00e9s d\u2019accepter de mourir dans la dignit\u00e9 que de d\u00e9voiler les secrets du village \u00bb,<\/em>&nbsp;r\u00e9v\u00e8le le pasteur Notik\u00e9 Daou.<\/p>\n\n\n\n<p>Markati\u00e9 Daou, qui est aussi dans le lot des derniers initi\u00e9s de la soci\u00e9t\u00e9 \u00e0 Somasso, a rappel\u00e9 qu\u2019une fois relanc\u00e9, cette soci\u00e9t\u00e9 sera le cr\u00e9neau id\u00e9al pour renforcer la coh\u00e9sion sociale et mieux \u00e9duquer la nouvelle g\u00e9n\u00e9ration.&nbsp;<em>\u00ab Cette soci\u00e9t\u00e9 est comme l\u2019Arm\u00e9e, la Grande muette. On apprend \u00e0 encaisser les coups dans la dignit\u00e9 et \u00e0 prot\u00e9ger les secrets. On apprend aussi \u00e0 d\u00e9fendre l\u2019int\u00e9r\u00eat g\u00e9n\u00e9ral et \u00e0 \u00eatre responsable \u00bb<\/em>, a ajout\u00e9 Markati\u00e9 Daou.<\/p>\n\n\n\n<p>Le directeur g\u00e9n\u00e9ral de l\u2019Agence de Promotion touristique du Mali (APTM), Sidy Keita, a promis de s\u2019impliquer dans la redynamisation du K\u00f4t\u00e8 \u00e0 Somasso. Il a \u00e9galement promis de mobiliser le minist\u00e8re du Tourisme.<\/p>\n\n\n\n<p><\/p>\n\n\n\n<h2 class=\"wp-block-heading\"><strong>NGOLO FASSI SOGOBA, ARTISTE<\/strong><\/h2>\n\n\n\n<p class=\"has-large-font-size\"><strong>L\u2019art dans l\u2019\u00e2me&nbsp;<\/strong><\/p>\n\n\n\n<p><strong><em>Danse traditionnelle ou moderne, balafon, tam-tam, djemb\u00e9, en un mot artiste pluridisciplinaire, Ngolo Fassi Sogoba est un surdou\u00e9, une ic\u00f4ne de la r\u00e9gion de S\u00e9gou. Depuis 40 ans, il sillonne le Mali pour promouvoir l\u2019art et la culture minianka.&nbsp;<\/em><\/strong><\/p>\n\n\n\n<p><\/p>\n\n\n\n<figure class=\"wp-block-image size-full\"><img decoding=\"async\" src=\"https:\/\/nandi.info\/wp-content\/uploads\/2022\/05\/Somasso-art.jpg\" alt=\"\" class=\"wp-image-5816\"\/><\/figure>\n\n\n\n<p>A 61 ans, Ngolo Fassi Sogoba est l\u2019une des figures embl\u00e9matiques du cercle de Bla, r\u00e9gion de S\u00e9gou. Depuis une quarantaine d\u2019ann\u00e9es, il fait rayonner l\u2019art et la culture de son terroir \u00e0 travers tout le Mali. Malgr\u00e9 l\u2019\u00e2ge, Ngolo Fassi peut tenir en haleine son public pendant quatre heures d\u2019affil\u00e9e.<\/p>\n\n\n\n<p><em>\u00ab Ma vie c\u2019est l\u2019art. C\u2019est la danse, le dounou et le balafon. Je vis bien tant qu\u2019il y a la possibilit\u00e9 de danser\u00bb,&nbsp;<\/em>affirme le sexag\u00e9naire. Chef d\u2019orchestre de la troupe Ni\u00f4g\u00f4 de Diaramana, Ngolo Fassi affirme avoir particip\u00e9 \u00e0 6 \u00e9ditions de la biennale avec la troupe de S\u00e9gou. Il \u00e9tait le meilleur danseur de la r\u00e9gion.&nbsp;<em>\u00ab J\u2019ai \u00e9t\u00e9 \u00e0 certaines \u00e9ditions de la biennale \u00e0 Bamako, \u00e0 S\u00e9gou, \u00e0 Kayes et celle du cinquantenaire \u00e0 Sikasso. J\u2019ai aussi particip\u00e9 \u00e0 une formation, lorsque Feu g\u00e9n\u00e9ral Moussa Traor\u00e9 \u00e9tait au pouvoir, qui m\u2019a ensuite conduit \u00e0 Kidal, Tombouctou, Gao et un peu partout sur le territoire national. Je faisais aussi partie d\u2019un groupe th\u00e9\u00e2tral. On faisait des figures de danse, sans parler on envoyait des messages \u00e0 travers des pas de danse \u00bb,<\/em>&nbsp;explique Ngolo Fassi.<\/p>\n\n\n\n<p>Du haut de ses 1,82 m, avec sa troupe Ni\u00f4g\u00f4, une sp\u00e9cialit\u00e9 de la localit\u00e9, il procure de la joie \u00e0 la population. Il est sollicit\u00e9 dans toute la contr\u00e9e pour cette animation sp\u00e9cifique qui n\u00e9cessite beaucoup de technicit\u00e9 et de dext\u00e9rit\u00e9. Dans sa troupe de treize artistes, tous les membres ma\u00eetrisent au moins un instrument de musique mais seuls trois savent chanter. La troupe est compos\u00e9e de femmes et d\u2019hommes.<\/p>\n\n\n\n<p>Patriarche d\u2019une famille de plus de trente personnes, Ngolo Fassi a aujourd\u2019hui un seul regret, celui de ne pas avoir pu faire d\u2019album.<em>&nbsp;\u00ab Je n\u2019ai pas \u00e9t\u00e9 \u00e0 l\u2019ext\u00e9rieur pour des rencontres artistiques, ni de reconnaissance nationale comme les prix ou les troph\u00e9es et je n\u2019ai pas fait d\u2019album \u00bb,&nbsp;<\/em>regrette-t-il.<em>&nbsp;\u00ab Mais, j\u2019ai pris du plaisir et donn\u00e9 du plaisir au public. Je suis satisfait de ce parcours \u00bb,&nbsp;<\/em>affirme, joyeux, Ngolo Fassi.<\/p>\n\n\n\n<p><\/p>\n\n\n\n<h2 class=\"wp-block-heading\"><strong>ASSOCIATION POUR LE D\u00c9VELOPPEMENT DE SOMASSO<\/strong><\/h2>\n\n\n\n<h2 class=\"has-large-font-size wp-block-heading\"><strong>Le duo gagnant de Markati\u00e9 Daou et Zoumana Daou<\/strong><\/h2>\n\n\n\n<p><strong><em>Aujourd\u2019hui, dans le cercle de Bla, la Commune rurale de Somasso est une vitrine. Gr\u00e2ce aux efforts de l\u2019Association pour le D\u00e9veloppement de Somasso (ADS), la Commune est aujourd\u2019hui dot\u00e9e d\u2019un CSCOM, de l\u2019eau potable, d\u2019une bonne connexion t\u00e9l\u00e9phonique, de l\u2019\u00e9clairage public, etc.<\/em><\/strong><\/p>\n\n\n\n<p><\/p>\n\n\n\n<figure class=\"wp-block-image size-full\"><img decoding=\"async\" src=\"https:\/\/nandi.info\/wp-content\/uploads\/2022\/05\/Somasso-marakatie.jpg\" alt=\"\" class=\"wp-image-5817\"\/><\/figure>\n\n\n\n<p><em>\u00ab Un voyage de mille lieux commence par un pas \u00bb<\/em>, a affirm\u00e9 Lao Tseu, sage chinois, p\u00e8re fondateur du tao\u00efsme. Et la Commune rurale de Somasso a d\u00e9j\u00e0 fait plus qu\u2019un premier pas sur le grand chemin du d\u00e9veloppement. Cela, gr\u00e2ce aux efforts de l\u2019Association pour le D\u00e9veloppement de Somassso (ADS), une organisation tr\u00e8s dynamique des ressortissants de la Commune dont tout le cercle de Bla est fier. En quelques ann\u00e9es, cette association, sous le leadership de Markati\u00e9 Daou et de Zoumana Daou, a pu contribuer au renforcement du tissu social \u00e0 travers diverses activit\u00e9s sociales, culturelles, mais surtout la promotion de la sant\u00e9 et la protection de l\u2019environnement.<\/p>\n\n\n\n<p>L\u2019ADS a ainsi r\u00e9ussi \u00e0 f\u00e9d\u00e9rer les efforts et les moyens de tous les ressortissants de la Commune. Elle a obtenu une adduction d\u2019eau potable, un CSCOM, une connexion t\u00e9l\u00e9phonique, un moulin multifonctionnel, un moule \u00e0 briques multiples (une premi\u00e8re au Mali), la construction de logements des h\u00f4tes, la dotation du village en \u00e9clairage public, etc.<\/p>\n\n\n\n<p>Dans le domaine de la protection de l\u2019environnement, l\u2019ADS a organis\u00e9 plusieurs journ\u00e9es de reboisement. Des bosquets s\u2019imposent d\u00e9j\u00e0 dans la commune. Selon les membres du conseil des sages de Somasso, les prouesses de cette organisation sont en grande partie dues au leadership de Markati\u00e9 Daou et Zoumana Daou, deux fils du terroir pleinement engag\u00e9s dans le d\u00e9veloppement et l\u2019essor \u00e9conomique de la localit\u00e9.<\/p>\n\n\n\n<p><strong>Abdoul K. Konat\u00e9<\/strong><\/p>\n\n\n\n<p><em>(<strong>envoy\u00e9 sp\u00e9cial \u00e0 Somasso)<\/strong><\/em><\/p>\n","protected":false},"excerpt":{"rendered":"<p>L\u2019\u00e9dition 2022 du Festival B\u00e9l\u00e9nitugu s\u2019est d\u00e9roul\u00e9e du 14 au 18 mai 2022, \u00e0 Somasso, dans le cercle de Bla. Le th\u00e8me de cette ann\u00e9e portait sur \u00ab la Coh\u00e9sion&hellip;<\/p>\n","protected":false},"author":1,"featured_media":5818,"comment_status":"open","ping_status":"closed","sticky":false,"template":"","format":"standard","meta":{"content-type":"","_lmt_disableupdate":"","_lmt_disable":"","_jetpack_memberships_contains_paid_content":false,"footnotes":"","jetpack_publicize_message":"","jetpack_publicize_feature_enabled":true,"jetpack_social_post_already_shared":true,"jetpack_social_options":{"image_generator_settings":{"template":"highway","default_image_id":0,"font":"","enabled":false},"version":2}},"categories":[33,21],"tags":[],"class_list":["post-5815","post","type-post","status-publish","format-standard","has-post-thumbnail","hentry","category-mali-tribune","category-societe"],"jetpack_publicize_connections":[],"featured_image_urls":{"full":"","thumbnail":"","medium":"","medium_large":"","large":"","1536x1536":"","2048x2048":"","penci-recipe-1200x1200":"","penci-recipe-1200x900":"","penci-recipe-1200x675":"","penci-single-full":"","penci-slider-full-thumb":"","penci-full-thumb":"","penci-slider-thumb":"","penci-magazine-slider":"","penci-thumb":"","penci-masonry-thumb":"","penci-thumb-square":"","penci-thumb-vertical":"","penci-thumb-small":""},"author_info":{"display_name":"Nandi","author_link":"https:\/\/nandi.info\/?author=1"},"category_info":"<a href=\"https:\/\/nandi.info\/?cat=33\" rel=\"category\">Mali Tribune<\/a> <a href=\"https:\/\/nandi.info\/?cat=21\" rel=\"category\">Soci\u00e9t\u00e9<\/a>","tag_info":"Soci\u00e9t\u00e9","comment_count":"0","jetpack_featured_media_url":"","jetpack_sharing_enabled":true,"_links":{"self":[{"href":"https:\/\/nandi.info\/index.php?rest_route=\/wp\/v2\/posts\/5815","targetHints":{"allow":["GET"]}}],"collection":[{"href":"https:\/\/nandi.info\/index.php?rest_route=\/wp\/v2\/posts"}],"about":[{"href":"https:\/\/nandi.info\/index.php?rest_route=\/wp\/v2\/types\/post"}],"author":[{"embeddable":true,"href":"https:\/\/nandi.info\/index.php?rest_route=\/wp\/v2\/users\/1"}],"replies":[{"embeddable":true,"href":"https:\/\/nandi.info\/index.php?rest_route=%2Fwp%2Fv2%2Fcomments&post=5815"}],"version-history":[{"count":0,"href":"https:\/\/nandi.info\/index.php?rest_route=\/wp\/v2\/posts\/5815\/revisions"}],"wp:featuredmedia":[{"embeddable":true,"href":"https:\/\/nandi.info\/index.php?rest_route=\/"}],"wp:attachment":[{"href":"https:\/\/nandi.info\/index.php?rest_route=%2Fwp%2Fv2%2Fmedia&parent=5815"}],"wp:term":[{"taxonomy":"category","embeddable":true,"href":"https:\/\/nandi.info\/index.php?rest_route=%2Fwp%2Fv2%2Fcategories&post=5815"},{"taxonomy":"post_tag","embeddable":true,"href":"https:\/\/nandi.info\/index.php?rest_route=%2Fwp%2Fv2%2Ftags&post=5815"}],"curies":[{"name":"wp","href":"https:\/\/api.w.org\/{rel}","templated":true}]}}