{"id":5799,"date":"2022-05-21T10:59:00","date_gmt":"2022-05-21T08:59:00","guid":{"rendered":"https:\/\/nandi.info\/?p=5799"},"modified":"2022-05-21T10:59:00","modified_gmt":"2022-05-21T08:59:00","slug":"dr-ibrahima-sangho-president-de-lobservateur-pour-les-elections-et-la-bonne-gouvernance-au-mali-il-faut-refonder-lhomme-malien","status":"publish","type":"post","link":"https:\/\/nandi.info\/?p=5799","title":{"rendered":"Dr. Ibrahima Sangho, pr\u00e9sident de l\u2019observateur pour les \u00e9lections et la bonne gouvernance au Mali : \u00ab Il faut refonder l\u2019Homme malien \u00bb\ufffc"},"content":{"rendered":"\n<p><strong><em>Apr\u00e8s presque 20 mois de Transition, Dr. Ibrahima Sangho, pr\u00e9sident de l\u2019Observateur pour les Elections et la Bonne Gouvernance au Mali fait un regard r\u00e9trospectif des 20 mois \u00e9coul\u00e9s de la Transition. Il s\u2019est pench\u00e9 aussi sur les futures \u00e9lections et comment promouvoir la d\u00e9mocratie, la bonne gouvernance et l\u2019alternance politique au Mali. Entretien.<\/em><\/strong><\/p>\n\n\n\n<p><strong>&nbsp;<\/strong><strong>Mali Tribune&nbsp;:&nbsp;<em>Quel bilan dressez-vous de cette Transition apr\u00e8s 20 mois d\u2019exercice&nbsp;?<\/em><\/strong><\/p>\n\n\n\n<p><strong>Dr. Ibrahima Sangho<\/strong>&nbsp;: le bilan qu\u2019on peut faire apr\u00e8s 20 mois d\u2019exercice, n\u2019y a pas eu d\u2019avanc\u00e9e notable concernant la Transition. Quand on se r\u00e9f\u00e8re au d\u00e9lai de la Transition qui est contenu dans la Charte de la Transition \u00e0 savoir&nbsp;: la s\u00e9curisation des personnes et leurs biens sur l\u2019ensemble du territoire&nbsp;; les r\u00e9formes politiques et institutionnelles&nbsp;; la promotion de la bonne gouvernance. Disons que seul le c\u00f4t\u00e9 s\u00e9curit\u00e9 qui a connu une petite avanc\u00e9e. Il y a eu des actions de l\u2019arm\u00e9e pour essayer de s\u00e9curiser le territoire m\u00eame si on regrette le fait que la s\u00e9curisation n\u2019a pas \u00e9t\u00e9 accompagn\u00e9e par la pr\u00e9sence des services sociaux de base. Si on prend des localit\u00e9s comme Mourrah qu\u2019on peut citer derni\u00e8rement certes, l\u2019arm\u00e9e a fait des actions mais les services sociaux de base ne sont pas retourn\u00e9s. Ni la gendarmerie moins encore moins la police n\u2019est retourn\u00e9e dans cette localit\u00e9. Ce qui fait que ce sont des conqu\u00eates fragiles. Si on prend les r\u00e9formes politiques et institutionnelles, il n\u2019y a pas eu d\u2019avanc\u00e9e. Quand on se r\u00e9f\u00e8re au premier gouvernement de Moctar Ouane, les 9 premiers mois, toute la classe politique et la soci\u00e9t\u00e9 civile avaient convenu qu\u2019il y ait un Organe unique de gestion des \u00e9lections et on avait donn\u00e9 un d\u00e9lai pour mettre cela en place. Avec le deuxi\u00e8me gouvernement de Choguel K. Ma\u00efga, nous avons vu qu\u2019il n\u2019y a pas de consensus n\u00e9cessaire pour la mise en place de cet Organe unique. M\u00eame apr\u00e8s l\u2019organisation des Assises nationales pour la Refondation de l\u2019Etat (ANR) nous ne voyons pas d\u2019avanc\u00e9e. M\u00eame le projet de loi qui est sur la table du CNT, il n\u2019y a pas de consensus. M\u00eame si demain on doit organiser les \u00e9lections, on ne sait pas sur quelle base on va organiser ces \u00e9lections. Si c\u2019est \u00e0 la base de l\u2019existant, c\u2019est-\u00e0-dire le minist\u00e8re de l\u2019Administration territoriale et la D\u00e9centralisation, la CNI et la Direction g\u00e9n\u00e9rale de Elections ou c\u2019est l\u2019Organe unique. Dans tout le cas, l\u2019Organe unique de Gestion des Elections est rejet\u00e9 par la majorit\u00e9 de la classe politique. On ne sait pas jusqu\u2019\u00e0 pr\u00e9sent quel est le cadre juridique qui va servir pour les \u00e9lections de fin de Transition.<\/p>\n\n\n\n<p><strong>Mali Tribune&nbsp;:&nbsp;<em>en fixant le d\u00e9lai de la Transition \u00e0 24 mois, le Premier ministre a affirm\u00e9 que les autres 12 mois seront consacr\u00e9s aux \u00e9lections. Comment organiser des \u00e9lections libres et transparentes&nbsp;?<\/em><\/strong><\/p>\n\n\n\n<p><strong>Dr. I. S.&nbsp;<\/strong>: pour le moment, c\u2019est un flou. Le flou, c\u2019est qu\u2019au lendemain des Assisses nationales le gouvernement a voulu avoir un d\u00e9lai de 5 ans avec la Cedeao pour organiser 7 \u00e9lections (r\u00e9f\u00e9rendum, l\u00e9gislatives, s\u00e9natoriales, locales pour les Conseillers de cercle, r\u00e9gionales pour les Conseillers r\u00e9gionaux et pr\u00e9sidentielles). Si on prend un d\u00e9lai de 5 ans, on pouvait organiser ces 7 grandes \u00e9lections. Apr\u00e8s on a vu que le d\u00e9lai de 5 ans est revenu \u00e0 4 ans et le gouvernement est rest\u00e9 avec les m\u00eames prestations d\u2019organiser ces 7 grandes \u00e9lections. Apr\u00e8s, ils sont revenus \u00e0 3 ans pour dire qu\u2019ils vont organiser ces 7 grandes \u00e9lections et pour revenir \u00e0 24 mois pour dire qu\u2019on va organiser ces 7 \u00e9lections. Pour organiser ces 7 grandes \u00e9lections en l\u2019espace de 24 mois et m\u00eame ces 24 mois ne sont pas act\u00e9s par la Cedeao. Tout le monde voit qu\u2019il y a des \u00e9missaires qui ont \u00e9t\u00e9 envoy\u00e9s au Togo pour voir aupr\u00e8s des chefs d\u2019Etat de la Cedeao la lev\u00e9e de l\u2019embargo et un nouveau d\u00e9lai de la Transition. Pour nous, le plus important, c\u2019est de savoir quel est le chronogramme qu\u2019on met dans les 24 mois&nbsp;? Quelles sont les activit\u00e9s qu\u2019on pourrait mener avant la fin des 24 mois&nbsp;? Tout cela n\u2019est pas d\u00e9fini pour le moment. Personne ne sait aujourd\u2019hui quel est le chronogramme \u00e9lectoral. Si on prend l\u2019organisation des \u00e9lections pr\u00e9sidentielles et l\u00e9gislatives, ce qui est s\u00fbr on n\u2019a pas besoin de 16 mois ou 24 mois. Dans l\u2019espace de 12 mois on peut organiser les \u00e9lections pr\u00e9sidentielles et l\u00e9gislatives. Mais si on veut faire la r\u00e9forme constitutionnelle, \u00e7a devient un autre sujet parce que le r\u00e9f\u00e9rendum a toujours pos\u00e9 des probl\u00e8mes au Mali. On se rappelle qu\u2019Alpha Oumar Konar\u00e9 avait essay\u00e9 de faire le r\u00e9f\u00e9rendum, il n\u2019a pas pu alors qu\u2019il a \u00e9t\u00e9 d\u00e9mocratiquement \u00e9lu. Ensuite d\u2019autres pr\u00e9sidents d\u00e9mocratiquement \u00e9lus ont tent\u00e9 de le faire comme feu ATT et IBK. Si une Transition veut faire un r\u00e9f\u00e9rendum \u00e7a ne sera pas facile parce que la Constitution qui est en vigueur dit qu\u2019il faut que l\u2019Assembl\u00e9e nationale autorise pour aller au r\u00e9f\u00e9rendum et un pr\u00e9sident l\u00e9gitimement \u00e9lu\u2026 Aujourd\u2019hui toutes ces conditions ne sont pas r\u00e9unies. C\u2019est qu\u2019il faut aujourd\u2019hui, c\u2019est d\u2019abord un consensus politique non seulement avoir un d\u00e9lai avec la Cedeao et puis \u00e0 l\u2019int\u00e9rieur du Mali un consensus politique. Sans consensus politique on ne peut rien faire. Lancer \u00e0 l\u2019air des d\u00e9lais comme \u00e7a n\u2019a pas beaucoup de sens.<\/p>\n\n\n\n<p><strong>Mali Tribune :&nbsp;<em>Selon vous<\/em>&nbsp;<em>faut-il coupler les \u00e9lections comme<\/em><\/strong>&nbsp;<strong><em>le Burkina l\u2019avait fait tout derni\u00e8rement ?<\/em><\/strong><\/p>\n\n\n\n<p><strong>Dr. I. S.&nbsp;<\/strong>: La question m\u00e9rite d\u2019\u00eatre pos\u00e9e. On peut faire des \u00e9lections coupl\u00e9es. Pour l\u2019histoire, au Mali la seule fois o\u00f9 il y a eu des \u00e9lections coupl\u00e9es, c\u2019est lors des l\u00e9gislatives de Bougouni et ce n\u2019est pas sur l\u2019ensemble du territoire. C\u2019\u00e9tait les \u00e9lections communales de 2009 qui ont \u00e9t\u00e9 coupl\u00e9es \u00e0 une \u00e9lection l\u00e9gislative et c\u2019\u00e9tait dans la circonscription de Bougouni parce que le d\u00e9put\u00e9 qui avait \u00e9t\u00e9 \u00e9lu est d\u00e9c\u00e9d\u00e9, donc il a fallu coupler l\u2019\u00e9lection l\u00e9gislative pour remplacer ce d\u00e9put\u00e9 avec les \u00e9lections communales. Except\u00e9 le cas de Bougouni, le Mali n\u2019a jamais connu des \u00e9lections coupl\u00e9es de grande nature. Mais il est possible de faire des \u00e9lections coupl\u00e9es parce la sous-r\u00e9gion le fait. Le Burkina l\u2019a fait. Mais pour faire des \u00e9lections coupl\u00e9es, il faut beaucoup de pr\u00e9paration, de sensibilisation pour expliquer aux gens le m\u00e9canisme \u00e0 suivre que si on rentre dans le bureau de vote, c\u2019est pour prendre 2 bulletins au lieu d\u2019un seul.<\/p>\n\n\n\n<p><strong>Mali Tribune&nbsp;:<em>&nbsp;En tant que pr\u00e9sident de l\u2019Observateur pour les Elections et la Bonne Gouvernance au Mali, comment promouvoir la d\u00e9mocratie, la bonne gouvernance et l\u2019alternance politique au Mali&nbsp;?<\/em><\/strong><\/p>\n\n\n\n<p><strong>Dr. I. S.<\/strong>&nbsp;: pour nous, promouvoir la d\u00e9mocratie et la bonne gouvernance au Mali, c\u2019est l\u2019affaire de tout le monde en commen\u00e7ant par les partis politiques. Si on voit cette succession des coups d\u2019Etat en R\u00e9publique du Mali, c\u2019est la faute quelque part des partis politiques. A ce niveau, je peux donner 2 exemples concrets. Le 1<sup>er<\/sup>&nbsp;exemple, en 2018 quand la Cour constitutionnelle a prorog\u00e9 le mandat des d\u00e9put\u00e9s de 6 mois, cela n\u2019est pas permis par la Constitution. C\u2019est comme un coup d\u2019Etat civil qui a \u00e9t\u00e9 op\u00e9r\u00e9. En 2019, quand le gouvernement sous l\u2019avis de la Cour constitutionnelle a prorog\u00e9 le mandat des d\u00e9put\u00e9s, cela ressemble aussi \u00e0 un coup d\u2019Etat civil, c\u2019est contre les r\u00e8gles de la d\u00e9mocratie, la bonne gouvernance et de l\u2019alternance politique. Les \u00e9lections doivent avoir lieu aux dates indiqu\u00e9es. Si on ne tient pas les \u00e9lections aux dates indiqu\u00e9es, cela veut dire qu\u2019on est en train de faire la promotion de la m\u00e9diocrit\u00e9, \u00e7a veut dire qu\u2019on ne veut pas l\u2019alternance politique. Or l\u2019alternance politique veut que les \u00e9lections aient lieu aux dates indiqu\u00e9es. Il faut que les gouvernants et les acteurs politiques tout le monde se mettent \u00e0 magnifier la d\u00e9mocratie et la bonne gouvernance. On peut dire que le Mali est \u00e0 95 % musulmans, certains diront que pourquoi on n\u2019a pas adopt\u00e9 la voie islamique. On le voit dans un pays voisin comme la Mauritanie. La Mauritanie est un pays islamique. Mais au Mali, on est la\u00efc, nous sommes un Etat la\u00efc, c\u2019est la constitution qui le dit. Donc si c\u2019est un Etat la\u00efc on n\u2019a pas voulu emprunter le chemin de la charia islamique. Nous, en tant que R\u00e9publique la\u00efque nous avons opt\u00e9 pour la d\u00e9mocratie et la R\u00e9publique. Pour faire marcher la d\u00e9mocratie, les \u00e9lections sont n\u00e9cessaires.<\/p>\n\n\n\n<p><strong>Mali Tribune&nbsp;:&nbsp;<em>La d\u00e9mocratie malienne, un mod\u00e8le \u00e0 refonder apr\u00e8s 31 ans d\u2019exercice&nbsp;?<br><\/em>Dr. I. S.<\/strong>&nbsp;: Absolument&nbsp;! Souvent les gens disent il faut refonder, avoir des institutions fortes, il faut des textes. A notre avis, les textes qui sont l\u00e0 ne sont pas appliqu\u00e9s. Souvent \u00e7a fait appel \u00e0 un probl\u00e8me d\u2019homme. Il y a un probl\u00e8me d\u2019homme au Mali et c\u2019est vraiment d\u00e9plorable. Quand on vu le dernier coup d\u2019Etat de 2020 quand on se r\u00e9f\u00e8re \u00e0 \u00e7a, c\u2019est vraiment un probl\u00e8me d\u2019homme. La crise poste \u00e9lectorale qui s\u2019est install\u00e9e, nous avons vu que les d\u00e9put\u00e9s qui se sont plaints du minist\u00e8re de l\u2019Administration territoriale et de la D\u00e9centralisation sont au nombre de 39 et ceux de la Cour constitutionnelle sont au nombre de 29. \u00c7a fait un total de 69 pr\u00e8s de la moiti\u00e9 des d\u00e9put\u00e9s qui sont \u00e9lus \u00e0 l\u2019Assembl\u00e9e nationale parce que les d\u00e9put\u00e9s sont au nombre de 147 donc sur 69 circonscriptions \u00e9lectorales, ceci se sont plaints du fait que le minist\u00e8re de l\u2019Administration territoriale ou la Cour constitutionnelle ont m\u00e9lang\u00e9 leurs r\u00e9sultats donc cela pose probl\u00e8me. De 1997 jusqu\u2019\u00e0 nos jours, tous les arr\u00eats rendus par la Cour constitutionnelle ont fait l\u2019objet de pol\u00e9mique. Ce sont les hommes maliens m\u00eame qu\u2019il faut refonder au lieu de dire qu\u2019il faut refonder les institutions.<\/p>\n\n\n\n<p><em>Propos recueillis par<\/em><\/p>\n\n\n\n<p><strong>Ousmane Mahamane<\/strong><\/p>\n\n\n\n<p><strong>Le Mali Tribune<\/strong><\/p>\n","protected":false},"excerpt":{"rendered":"<p>Apr\u00e8s presque 20 mois de Transition, Dr. Ibrahima Sangho, pr\u00e9sident de l\u2019Observateur pour les Elections et la Bonne Gouvernance au Mali fait un regard r\u00e9trospectif des 20 mois \u00e9coul\u00e9s de&hellip;<\/p>\n","protected":false},"author":1,"featured_media":5800,"comment_status":"open","ping_status":"closed","sticky":false,"template":"","format":"standard","meta":{"content-type":"","_lmt_disableupdate":"","_lmt_disable":"","_jetpack_memberships_contains_paid_content":false,"footnotes":"","jetpack_publicize_message":"","jetpack_publicize_feature_enabled":true,"jetpack_social_post_already_shared":true,"jetpack_social_options":{"image_generator_settings":{"template":"highway","default_image_id":0,"font":"","enabled":false},"version":2}},"categories":[63,33,21],"tags":[],"class_list":["post-5799","post","type-post","status-publish","format-standard","has-post-thumbnail","hentry","category-interview","category-mali-tribune","category-societe"],"jetpack_publicize_connections":[],"featured_image_urls":{"full":"","thumbnail":"","medium":"","medium_large":"","large":"","1536x1536":"","2048x2048":"","penci-recipe-1200x1200":"","penci-recipe-1200x900":"","penci-recipe-1200x675":"","penci-single-full":"","penci-slider-full-thumb":"","penci-full-thumb":"","penci-slider-thumb":"","penci-magazine-slider":"","penci-thumb":"","penci-masonry-thumb":"","penci-thumb-square":"","penci-thumb-vertical":"","penci-thumb-small":""},"author_info":{"display_name":"Nandi","author_link":"https:\/\/nandi.info\/?author=1"},"category_info":"<a href=\"https:\/\/nandi.info\/?cat=63\" rel=\"category\">Interview<\/a> <a href=\"https:\/\/nandi.info\/?cat=33\" rel=\"category\">Mali Tribune<\/a> <a href=\"https:\/\/nandi.info\/?cat=21\" rel=\"category\">Soci\u00e9t\u00e9<\/a>","tag_info":"Soci\u00e9t\u00e9","comment_count":"0","jetpack_featured_media_url":"","jetpack_sharing_enabled":true,"_links":{"self":[{"href":"https:\/\/nandi.info\/index.php?rest_route=\/wp\/v2\/posts\/5799","targetHints":{"allow":["GET"]}}],"collection":[{"href":"https:\/\/nandi.info\/index.php?rest_route=\/wp\/v2\/posts"}],"about":[{"href":"https:\/\/nandi.info\/index.php?rest_route=\/wp\/v2\/types\/post"}],"author":[{"embeddable":true,"href":"https:\/\/nandi.info\/index.php?rest_route=\/wp\/v2\/users\/1"}],"replies":[{"embeddable":true,"href":"https:\/\/nandi.info\/index.php?rest_route=%2Fwp%2Fv2%2Fcomments&post=5799"}],"version-history":[{"count":0,"href":"https:\/\/nandi.info\/index.php?rest_route=\/wp\/v2\/posts\/5799\/revisions"}],"wp:featuredmedia":[{"embeddable":true,"href":"https:\/\/nandi.info\/index.php?rest_route=\/"}],"wp:attachment":[{"href":"https:\/\/nandi.info\/index.php?rest_route=%2Fwp%2Fv2%2Fmedia&parent=5799"}],"wp:term":[{"taxonomy":"category","embeddable":true,"href":"https:\/\/nandi.info\/index.php?rest_route=%2Fwp%2Fv2%2Fcategories&post=5799"},{"taxonomy":"post_tag","embeddable":true,"href":"https:\/\/nandi.info\/index.php?rest_route=%2Fwp%2Fv2%2Ftags&post=5799"}],"curies":[{"name":"wp","href":"https:\/\/api.w.org\/{rel}","templated":true}]}}