{"id":5743,"date":"2022-05-17T17:51:00","date_gmt":"2022-05-17T15:51:00","guid":{"rendered":"https:\/\/nandi.info\/?p=5743"},"modified":"2022-05-17T17:51:00","modified_gmt":"2022-05-17T15:51:00","slug":"mandat-de-la-minusma-ca-passe-ou-ca-casse","status":"publish","type":"post","link":"https:\/\/nandi.info\/?p=5743","title":{"rendered":"Mandat de la MINUSMA : \u00c7a passe ou \u00e7a casse !"},"content":{"rendered":"\n<p class=\"has-drop-cap\">Des tractations sont en vue pour l\u2019avenir de la Minusma qui comptait beaucoup sur la pr\u00e9sence de Barkhane au Mali. Les r\u00e9centes incompr\u00e9hensions entre le gouvernement et les forces fran\u00e7aises compromettent donc l\u2019avenir de la mission de maintien de la paix au Mali. Les autorit\u00e9s ne veulent plus d\u2019un contingent n\u2019ayant pas le droit de faire la guerre aux terroristes.<\/p>\n\n\n\n<p>Le mandat robuste qui avait \u00e9t\u00e9 demand\u00e9 en vain par l\u2019ancien pr\u00e9sident IBK est en train d\u2019\u00eatre offert \u00e0 la transition. Malheureusement, les autorit\u00e9s maliennes ne sont pas tr\u00e8s enthousiastes pour cette facilit\u00e9 qui avait \u00e9t\u00e9 refus\u00e9e au pays alors que les terroristes rayaient des villages de la carte du Mali. Entre-temps, le Mali s\u2019est tourn\u00e9 vers d\u2019autres partenaires militaires pour s\u2019\u00e9quiper face \u00e0 la menace terroriste.<\/p>\n\n\n\n<p>Les \u00e9quipements militaires obtenus gr\u00e2ce \u00e0 cette nouvelle donne militaire ont permis \u00e0 l\u2019arm\u00e9e malienne de r\u00e9duire consid\u00e9rablement les capacit\u00e9s de nuisance des terroristes. La Russie qui est \u00e0 la base de cette mont\u00e9e en puissance de l\u2019arm\u00e9e malienne est devenue l\u2019un des soutiens de taille du Mali au sein des Nations Unies. Les prises de position de Moscou au Conseil de s\u00e9curit\u00e9 de l\u2019ONU soulignent que le Mali pourrait demander un r\u00f4le plus grand de Moscou au sein de la Minusma.<\/p>\n\n\n\n<p>Mais les fonctionnaires de l\u2019ONU travaillent d\u2019arrache-pied \u00e0 \u00e9loigner du Mali d\u2019autres forces europ\u00e9ennes ou non africaines. Le secr\u00e9taire g\u00e9n\u00e9ral de l\u2019ONU, Antonio Guterres, lors de sa derni\u00e8re visite en Afrique de l\u2019Ouest en d\u00e9but mai, a propos\u00e9 l\u2019id\u00e9e d\u2019une force ouest-africaine au Mali sous mandat de l\u2019ONU. Cette force aura le mandat de faire la guerre aux terroristes.<\/p>\n\n\n\n<p>Les arm\u00e9es ouest-africaines ne sont plus en odeur de saintet\u00e9 au Mali. Beaucoup redoute un coup fourr\u00e9 de la part des chefs d\u2019Etat de la sous-r\u00e9gion qui imposent des sanctions \u00e9conomiques et financi\u00e8res au Mali. La transition peut-elle faire confiance \u00e0 des gens qui privent les Maliens de leurs avoirs&nbsp;? Les sanctions prises par la Cedeao pourraient \u00eatre un pr\u00e9texte pour le Mali de rejeter la pr\u00e9sence des militaires de la Cedeao.<\/p>\n\n\n\n<p>Les pays de l\u2019espace r\u00e9gional sont consid\u00e9r\u00e9s comme hostiles \u00e0 la transition. Sur ce plan, les chefs d\u2019Etat et de gouvernement de la Cedeao auront du mal \u00e0 convaincre les autorit\u00e9s maliennes. Bien que le Mali ait confi\u00e9 au Togo la responsabilit\u00e9 de plaider aupr\u00e8s des chefs d\u2019Etat de la Cedeao, les sanctions pourraient se retourner diplomatiquement contre les chefs d\u2019Etat et de gouvernement.<\/p>\n\n\n\n<p>En tout cas, le cas malien donne du fil \u00e0 retordre \u00e0 la mission des Nations Unies au Mali, Minusma, dont le mandat s\u2019ach\u00e8ve dans l\u2019incertitude. Le durcissement de la position du gouvernement malien pousse les responsables de l\u2019ONU \u00e0 faire des propositions qui risquent de ne pas passer aupr\u00e8s des autorit\u00e9s maliennes qui ont clairement affich\u00e9 leur volont\u00e9 de peser lourd dans les tractations.<\/p>\n\n\n\n<p>Dans les rues de Bamako, certains jurent que les jours de la Minusma sont compt\u00e9s au Mali. Pour eux, la mission onusienne n\u2019a rien fait pour combattre les terroristes depuis son d\u00e9ploiement au Mali. Ainsi, la pr\u00e9sence des casques bleus n\u2019a pas emp\u00each\u00e9 les pires massacres ayant vis\u00e9 les populations dans les r\u00e9gions de Mopti et de S\u00e9gou.<\/p>\n\n\n\n<p>Les autorit\u00e9s de la transition elles-m\u00eames ne donnent pas cher de la peau de la Minusma. Les forces fran\u00e7aises qui assurent la s\u00e9curit\u00e9 de la Minusma n\u2019ont plus la libert\u00e9 de mouvement qu\u2019elles avaient au Mali. La transition ayant mis fin aux accords de d\u00e9fense et de coop\u00e9ration militaire avec la France, il va falloir trouver un rapidement un rempla\u00e7ant \u00e0 l\u2019appui fran\u00e7ais accord\u00e9 aux contingents de la Minusma.<\/p>\n\n\n\n<p>De fait, les casques bleus sont condamn\u00e9s \u00e0 se retirer du Mali si la situation actuelle se poursuit. Le Mali a r\u00e9cemment \u00e9t\u00e9 soutenu par la Russie au Conseil de s\u00e9curit\u00e9 de l\u2019ONU. Cela est intervenu le lendemain de l\u2019annonce de la fin des accords militaires entre la France et le Mali. Dans ce contexte, la Russie pourrait jouer un grand r\u00f4le dans l\u2019avenir de la Minusma.<\/p>\n\n\n\n<p><strong>Nampaga KONE<\/strong><\/p>\n\n\n\n<p><strong>La Preuve<\/strong><\/p>\n","protected":false},"excerpt":{"rendered":"<p>Des tractations sont en vue pour l\u2019avenir de la Minusma qui comptait beaucoup sur la pr\u00e9sence de Barkhane au Mali. Les r\u00e9centes incompr\u00e9hensions entre le gouvernement et les forces fran\u00e7aises&hellip;<\/p>\n","protected":false},"author":1,"featured_media":0,"comment_status":"open","ping_status":"closed","sticky":false,"template":"","format":"standard","meta":{"content-type":"","_lmt_disableupdate":"","_lmt_disable":"","_jetpack_memberships_contains_paid_content":false,"footnotes":"","jetpack_publicize_message":"","jetpack_publicize_feature_enabled":true,"jetpack_social_post_already_shared":true,"jetpack_social_options":{"image_generator_settings":{"template":"highway","default_image_id":0,"font":"","enabled":false},"version":2}},"categories":[59,23],"tags":[],"class_list":["post-5743","post","type-post","status-publish","format-standard","hentry","category-nations-unies","category-politique"],"jetpack_publicize_connections":[],"featured_image_urls":{"full":"","thumbnail":"","medium":"","medium_large":"","large":"","1536x1536":"","2048x2048":"","penci-recipe-1200x1200":"","penci-recipe-1200x900":"","penci-recipe-1200x675":"","penci-single-full":"","penci-slider-full-thumb":"","penci-full-thumb":"","penci-slider-thumb":"","penci-magazine-slider":"","penci-thumb":"","penci-masonry-thumb":"","penci-thumb-square":"","penci-thumb-vertical":"","penci-thumb-small":""},"author_info":{"display_name":"Nandi","author_link":"https:\/\/nandi.info\/?author=1"},"category_info":"<a href=\"https:\/\/nandi.info\/?cat=59\" rel=\"category\">Nations Unies<\/a> <a href=\"https:\/\/nandi.info\/?cat=23\" rel=\"category\">Politique<\/a>","tag_info":"Politique","comment_count":"0","jetpack_featured_media_url":"","jetpack_sharing_enabled":true,"_links":{"self":[{"href":"https:\/\/nandi.info\/index.php?rest_route=\/wp\/v2\/posts\/5743","targetHints":{"allow":["GET"]}}],"collection":[{"href":"https:\/\/nandi.info\/index.php?rest_route=\/wp\/v2\/posts"}],"about":[{"href":"https:\/\/nandi.info\/index.php?rest_route=\/wp\/v2\/types\/post"}],"author":[{"embeddable":true,"href":"https:\/\/nandi.info\/index.php?rest_route=\/wp\/v2\/users\/1"}],"replies":[{"embeddable":true,"href":"https:\/\/nandi.info\/index.php?rest_route=%2Fwp%2Fv2%2Fcomments&post=5743"}],"version-history":[{"count":0,"href":"https:\/\/nandi.info\/index.php?rest_route=\/wp\/v2\/posts\/5743\/revisions"}],"wp:attachment":[{"href":"https:\/\/nandi.info\/index.php?rest_route=%2Fwp%2Fv2%2Fmedia&parent=5743"}],"wp:term":[{"taxonomy":"category","embeddable":true,"href":"https:\/\/nandi.info\/index.php?rest_route=%2Fwp%2Fv2%2Fcategories&post=5743"},{"taxonomy":"post_tag","embeddable":true,"href":"https:\/\/nandi.info\/index.php?rest_route=%2Fwp%2Fv2%2Ftags&post=5743"}],"curies":[{"name":"wp","href":"https:\/\/api.w.org\/{rel}","templated":true}]}}