{"id":5586,"date":"2022-05-14T15:11:00","date_gmt":"2022-05-14T13:11:00","guid":{"rendered":"https:\/\/nandi.info\/?p=5586"},"modified":"2022-05-14T15:11:00","modified_gmt":"2022-05-14T13:11:00","slug":"selifitini-show-de-mbouille-koite-sponsorise-par-orange-mali-un-spectacle-qui-a-tenu-toutes-ses-promesses","status":"publish","type":"post","link":"https:\/\/nandi.info\/?p=5586","title":{"rendered":"Selifitini show de M\u2019Bouille Koite sponsorise par Orange-Mali : Un spectacle qui a tenu toutes ses promesses !"},"content":{"rendered":"\n<p class=\"has-drop-cap\">Dans le cadre de la f\u00eate de l\u2019A\u00efd-el-fitr, le laur\u00e9at du prix \u201d D\u00e9couverte RFI 2017 \u201c, M\u2019Bouill\u00e9 Koit\u00e9, a anim\u00e9 le vendredi 6 mai dernier, au Centre international de conf\u00e9rence de Bamako (Cicb), un grand concert d\u00e9nomm\u00e9 \u201d S\u00e9lifitini Show \u201c. Ce grand concert qui \u00e9tait sponsoris\u00e9 par l\u2019op\u00e9rateur de t\u00e9l\u00e9phonie mobile, Orange-Mali, a tenu toutes ses promesses.<\/p>\n\n\n\n<p>C\u2019est pour c\u00e9l\u00e9brer la f\u00eate de l\u2019A\u00efd-el-fitr avec ses fans que l\u2019artiste et ses compagnons ont initi\u00e9 ce grand concert d\u00e9nomm\u00e9 \u201d S\u00e9lifitini Show \u201c. Cet \u00e9v\u00e8nement a \u00e9t\u00e9 une occasion pour M\u2019Bouill\u00e9 Koit\u00e9 de retrouver ses fans apr\u00e8s le ramadan autour d\u2019un spectacle 100% live.<\/p>\n\n\n\n<p>Cette nuit-l\u00e0, les fans de l\u2019artiste ont r\u00e9pondu massivement pr\u00e9sents \u00e0 son appel au Cicb qui a refus\u00e9 du monde. Sur la sc\u00e8ne, les fans du jeune artiste ont \u00e9t\u00e9 \u00e9merveill\u00e9s par les prestations du laur\u00e9at du prix \u201d RFI D\u00e9couverte 2017 \u201c. A cet \u00e9v\u00e9nement il y avait plusieurs artistes dont Lil Sidiki, le com\u00e9dien Kant\u00e9 et un groupe de musiciens Touareg.<\/p>\n\n\n\n<p>Fatoumata K\u00e9ita, l\u2019une des fans de l\u2019artiste, indique qu\u2019elles ont venues pour assister au live de M\u2019Bouill\u00e9 Koit\u00e9. \u201d Vous savez, nous sommes tr\u00e8s heureux de participer ce soir au concert de M\u2019Bouill\u00e9 Koit\u00e9 parce qu\u2019il est meilleur en live. Le constat est l\u00e0, tout le monde est content et ses chansons d\u2019amour sont tr\u00e8s belles. Je prie le Bon Dieu afin qu\u2019il puisse lui donner longue vie pour qu\u2019il continue de nous \u00e9merveiller \u201c, dit-elle.<\/p>\n\n\n\n<p>Tr\u00e8s bien install\u00e9 devant la sc\u00e8ne, Moussa Coulibaly, un cadre dans une institution financi\u00e8re, se dit tr\u00e8s content d\u2019\u00eatre \u00e0 ce concert. \u201d&nbsp;<em>C\u2019est ma femme qui m\u2019a invit\u00e9 pour l\u2019accompagner \u00e0 ce concert. Je connaissais l\u2019artiste, mais c\u2019est la premi\u00e8re fois j\u2019assiste \u00e0 son concert. J\u2019avoue que M\u2019Bouill\u00e9 Koit\u00e9 est un vrai artiste parce qu\u2019il nous a produit du beau spectacle \u201c<\/em>, a-t-il laiss\u00e9 entendre.<\/p>\n\n\n\n<p><strong>Mahamadou TRAORE\u00a0<\/strong><\/p>\n\n\n\n<p><strong>Aujourd&rsquo;hui Mali<\/strong><\/p>\n","protected":false},"excerpt":{"rendered":"<p>Dans le cadre de la f\u00eate de l\u2019A\u00efd-el-fitr, le laur\u00e9at du prix \u201d D\u00e9couverte RFI 2017 \u201c, M\u2019Bouill\u00e9 Koit\u00e9, a anim\u00e9 le vendredi 6 mai dernier, au Centre international de&hellip;<\/p>\n","protected":false},"author":1,"featured_media":5587,"comment_status":"open","ping_status":"closed","sticky":false,"template":"","format":"standard","meta":{"content-type":"","_lmt_disableupdate":"","_lmt_disable":"","_jetpack_memberships_contains_paid_content":false,"footnotes":"","jetpack_publicize_message":"","jetpack_publicize_feature_enabled":true,"jetpack_social_post_already_shared":true,"jetpack_social_options":{"image_generator_settings":{"template":"highway","default_image_id":0,"font":"","enabled":false},"version":2}},"categories":[32],"tags":[],"class_list":["post-5586","post","type-post","status-publish","format-standard","has-post-thumbnail","hentry","category-musique-art-et-culture"],"jetpack_publicize_connections":[],"featured_image_urls":{"full":"","thumbnail":"","medium":"","medium_large":"","large":"","1536x1536":"","2048x2048":"","penci-recipe-1200x1200":"","penci-recipe-1200x900":"","penci-recipe-1200x675":"","penci-single-full":"","penci-slider-full-thumb":"","penci-full-thumb":"","penci-slider-thumb":"","penci-magazine-slider":"","penci-thumb":"","penci-masonry-thumb":"","penci-thumb-square":"","penci-thumb-vertical":"","penci-thumb-small":""},"author_info":{"display_name":"Nandi","author_link":"https:\/\/nandi.info\/?author=1"},"category_info":"<a href=\"https:\/\/nandi.info\/?cat=32\" rel=\"category\">Musique Art et Culture<\/a>","tag_info":"Musique Art et Culture","comment_count":"0","jetpack_featured_media_url":"","jetpack_sharing_enabled":true,"_links":{"self":[{"href":"https:\/\/nandi.info\/index.php?rest_route=\/wp\/v2\/posts\/5586","targetHints":{"allow":["GET"]}}],"collection":[{"href":"https:\/\/nandi.info\/index.php?rest_route=\/wp\/v2\/posts"}],"about":[{"href":"https:\/\/nandi.info\/index.php?rest_route=\/wp\/v2\/types\/post"}],"author":[{"embeddable":true,"href":"https:\/\/nandi.info\/index.php?rest_route=\/wp\/v2\/users\/1"}],"replies":[{"embeddable":true,"href":"https:\/\/nandi.info\/index.php?rest_route=%2Fwp%2Fv2%2Fcomments&post=5586"}],"version-history":[{"count":0,"href":"https:\/\/nandi.info\/index.php?rest_route=\/wp\/v2\/posts\/5586\/revisions"}],"wp:featuredmedia":[{"embeddable":true,"href":"https:\/\/nandi.info\/index.php?rest_route=\/"}],"wp:attachment":[{"href":"https:\/\/nandi.info\/index.php?rest_route=%2Fwp%2Fv2%2Fmedia&parent=5586"}],"wp:term":[{"taxonomy":"category","embeddable":true,"href":"https:\/\/nandi.info\/index.php?rest_route=%2Fwp%2Fv2%2Fcategories&post=5586"},{"taxonomy":"post_tag","embeddable":true,"href":"https:\/\/nandi.info\/index.php?rest_route=%2Fwp%2Fv2%2Ftags&post=5586"}],"curies":[{"name":"wp","href":"https:\/\/api.w.org\/{rel}","templated":true}]}}