{"id":5577,"date":"2022-05-15T14:47:21","date_gmt":"2022-05-15T12:47:21","guid":{"rendered":"https:\/\/nandi.info\/?p=5577"},"modified":"2022-05-15T14:47:21","modified_gmt":"2022-05-15T12:47:21","slug":"attendu-au-pole-economique-le-20-juin-2022-jean-yves-le-drian-osera-t-il-deferer-a-la-convocation-du-juge","status":"publish","type":"post","link":"https:\/\/nandi.info\/?p=5577","title":{"rendered":"Attendu au p\u00f4le \u00e9conomique le 20 juin 2022 : Jean-Yves Le Drian osera-t-il d\u00e9f\u00e9rer \u00e0 la convocation du juge ?"},"content":{"rendered":"\n<p><strong><em>Jean Yves Le Drian, ministre fran\u00e7ais des Affaires \u00e9trang\u00e8res de la Coop\u00e9ration internationale et son fils, Thomas, doivent se pr\u00e9senter devant le 2\u00e8 juge du Cabinet d\u2019instruction du P\u00f4le \u00e9conomique et financier du Tribunal de grande instance de Bamako, le lundi 20 juin 2022 \u00e0 08 heures, pour y \u00eatre entendus dans le cadre d\u2019une affaire d\u2019atteinte aux biens publics et autres infractions aux d\u00e9pens de l\u2019Etat du Mali. Mais la question que tout le monde se pose : dans un contexte de relations tr\u00e8s tendues entre la France et le Mali, le ministre et son fils oseront-ils d\u00e9f\u00e9rer \u00e0 cette convocation qui pourrait \u00eatre lourde de cons\u00e9quences pour eux ?<\/em><\/strong><\/p>\n\n\n\n<p class=\"has-drop-cap\">Attendus le lundi 20 juin 2022 devant le 2\u00e8 juge du Cabinet d\u2019instruction qui a lanc\u00e9 la convocation depuis le 20 avril 2022, Jean-Yves Le Drian et son fils Thomas sont poursuivis pour atteinte aux biens publics et autres infractions aux d\u00e9pens de l\u2019Etat du Mali. Cela fait suite \u00e0 la plainte de la plate-forme \u201d Maliko \u201d qui regroupe plusieurs organisations de la soci\u00e9t\u00e9 civile malienne.<\/p>\n\n\n\n<p>Que reproche-ton au juste \u00e0 Jean-Yves Le Drain et son fils ?&nbsp; La plainte d\u00e9pos\u00e9e contre eux soulevait des faits relatifs \u00e0&nbsp; une histoire d\u2019attribution d\u2019un march\u00e9 de fabrication de passeports maliens \u00e0 une soci\u00e9t\u00e9 fran\u00e7aise. Et le fils de Jean-Yves Le Drian serait li\u00e9 \u00e0 cette soci\u00e9t\u00e9 et on soup\u00e7onne Jean-Yves Le Drian d\u2019avoir pistonn\u00e9 son fils aupr\u00e8s des autorit\u00e9s maliennes de l\u2019\u00e9poque, notamment sous le r\u00e9gime d\u2019IBK.<\/p>\n\n\n\n<p>Cette soci\u00e9t\u00e9 fran\u00e7aise, c\u2019est Oberthur Technologies, laquelle avait a obtenu le monop\u00f4le de la fabrication des passeports biom\u00e9triques maliens pendant une dizaine d\u2019ann\u00e9es. Le Drian \u00e9tait \u00e0 l\u2019\u00e9poque ministre de la D\u00e9fense.&nbsp; Dans sa plainte, avec documents \u00e0 l\u2019appui, la plateforme Maliko tente de d\u00e9montrer que \u201d les proc\u00e9dures et r\u00e8gles institu\u00e9es par la l\u00e9gislation malienne, en particulier le d\u00e9cret n\u00b0 2015 \u2013 06040 du 25 septembre portant code des march\u00e9s publics ont \u00e9t\u00e9 all\u00e8grement viol\u00e9es \u00e0 l\u2019occasion de l\u2019attribution du march\u00e9 susmentionn\u00e9\u201d.<\/p>\n\n\n\n<p>Du c\u00f4t\u00e9 du P\u00f4le \u00e9conomique et financier l\u2019on rassure que c\u2019est une proc\u00e9dure ordinaire comme on en voit tous les jours car suite au d\u00e9p\u00f4t de la plainte par la plateforme Maliko, une enqu\u00eate a \u00e9t\u00e9 ouverte. Comme on ne peut raser la t\u00eate de quelqu\u2019un en son absence, Jean-Yves Le Drian devra compara\u00eetre devant le 2\u00e8 juge du Cabinet d\u2019instruction qui cherchera \u00e0 savoir le r\u00f4le exact qu\u2019il a jou\u00e9 dans l\u2019attribution de ce march\u00e9 qui avait \u00e9t\u00e9, en son temps, d\u00e9nonc\u00e9 par la presse malienne. En d\u2019autres termes, il s\u2019agira de savoir si le ministre fran\u00e7ais a vraiment profit\u00e9 de sa position pour influencer les autorit\u00e9s maliennes ou s\u2019il a appuy\u00e9 le dossier pour d\u00e9fendre une entreprise fran\u00e7aise li\u00e9e \u00e0 son fils ou encore, \u00e0 travers son fils, aurait-il agi pour ses int\u00e9r\u00eats ?<\/p>\n\n\n\n<p>Ce qui est \u00e9tonnant dans cette affirme, c\u2019est que Bamako affirme avoir achemin\u00e9 la convocation, pendant que les autorit\u00e9s fran\u00e7aises d\u00e9gagent en touche, arguant m\u00eame ne pas \u00eatre inform\u00e9es de cette convocation. En cas, Jean-Yves le Drian doit d\u00e9f\u00e9rer \u00e0 cette convocation si elle lui est bien parvenue, par respect pour la justice malienne et aussi pour se d\u00e9fendre et laver son honneur. Mais ceci \u00e9tait possible en temps de relations normales entre le Mali et la France. Mais en cette de je-t-aime-moi-non-plus entre Bamako et Paris, les Drian oseront-ils d\u00e9f\u00e9rer \u00e0 une quelconque convocation d\u2019un juge ? L\u00e0, g\u00eet toute la probl\u00e9matique de cette proc\u00e9dure judiciaire.<\/p>\n\n\n\n<p><strong>&nbsp;Amadou Bamba NIANG<\/strong><\/p>\n\n\n\n<p><strong>Aujourd&rsquo;hui Mali<\/strong><\/p>\n","protected":false},"excerpt":{"rendered":"<p>Jean Yves Le Drian, ministre fran\u00e7ais des Affaires \u00e9trang\u00e8res de la Coop\u00e9ration internationale et son fils, Thomas, doivent se pr\u00e9senter devant le 2\u00e8 juge du Cabinet d\u2019instruction du P\u00f4le \u00e9conomique&hellip;<\/p>\n","protected":false},"author":1,"featured_media":5578,"comment_status":"open","ping_status":"closed","sticky":false,"template":"","format":"standard","meta":{"content-type":"","_lmt_disableupdate":"","_lmt_disable":"","_jetpack_memberships_contains_paid_content":false,"footnotes":"","jetpack_publicize_message":"","jetpack_publicize_feature_enabled":true,"jetpack_social_post_already_shared":true,"jetpack_social_options":{"image_generator_settings":{"template":"highway","default_image_id":0,"font":"","enabled":false},"version":2}},"categories":[56,21],"tags":[],"class_list":["post-5577","post","type-post","status-publish","format-standard","has-post-thumbnail","hentry","category-justice","category-societe"],"jetpack_publicize_connections":[],"featured_image_urls":{"full":"","thumbnail":"","medium":"","medium_large":"","large":"","1536x1536":"","2048x2048":"","penci-recipe-1200x1200":"","penci-recipe-1200x900":"","penci-recipe-1200x675":"","penci-single-full":"","penci-slider-full-thumb":"","penci-full-thumb":"","penci-slider-thumb":"","penci-magazine-slider":"","penci-thumb":"","penci-masonry-thumb":"","penci-thumb-square":"","penci-thumb-vertical":"","penci-thumb-small":""},"author_info":{"display_name":"Nandi","author_link":"https:\/\/nandi.info\/?author=1"},"category_info":"<a href=\"https:\/\/nandi.info\/?cat=56\" rel=\"category\">Justice<\/a> <a href=\"https:\/\/nandi.info\/?cat=21\" rel=\"category\">Soci\u00e9t\u00e9<\/a>","tag_info":"Soci\u00e9t\u00e9","comment_count":"0","jetpack_featured_media_url":"","jetpack_sharing_enabled":true,"_links":{"self":[{"href":"https:\/\/nandi.info\/index.php?rest_route=\/wp\/v2\/posts\/5577","targetHints":{"allow":["GET"]}}],"collection":[{"href":"https:\/\/nandi.info\/index.php?rest_route=\/wp\/v2\/posts"}],"about":[{"href":"https:\/\/nandi.info\/index.php?rest_route=\/wp\/v2\/types\/post"}],"author":[{"embeddable":true,"href":"https:\/\/nandi.info\/index.php?rest_route=\/wp\/v2\/users\/1"}],"replies":[{"embeddable":true,"href":"https:\/\/nandi.info\/index.php?rest_route=%2Fwp%2Fv2%2Fcomments&post=5577"}],"version-history":[{"count":0,"href":"https:\/\/nandi.info\/index.php?rest_route=\/wp\/v2\/posts\/5577\/revisions"}],"wp:featuredmedia":[{"embeddable":true,"href":"https:\/\/nandi.info\/index.php?rest_route=\/"}],"wp:attachment":[{"href":"https:\/\/nandi.info\/index.php?rest_route=%2Fwp%2Fv2%2Fmedia&parent=5577"}],"wp:term":[{"taxonomy":"category","embeddable":true,"href":"https:\/\/nandi.info\/index.php?rest_route=%2Fwp%2Fv2%2Fcategories&post=5577"},{"taxonomy":"post_tag","embeddable":true,"href":"https:\/\/nandi.info\/index.php?rest_route=%2Fwp%2Fv2%2Ftags&post=5577"}],"curies":[{"name":"wp","href":"https:\/\/api.w.org\/{rel}","templated":true}]}}