{"id":5574,"date":"2022-05-15T14:25:17","date_gmt":"2022-05-15T12:25:17","guid":{"rendered":"https:\/\/nandi.info\/?p=5574"},"modified":"2022-05-15T14:25:17","modified_gmt":"2022-05-15T12:25:17","slug":"reunion-ministerielle-de-la-coalition-mondiale-contre-daech-a-marrakech-le-defi-releve-par-le-maroc-sous-le-leadership-eclaire-du-roi-mohammed-vi","status":"publish","type":"post","link":"https:\/\/nandi.info\/?p=5574","title":{"rendered":"R\u00e9union minist\u00e9rielle de la coalition mondiale contre DAECH \u00e0 Marrakech : Le d\u00e9fi relev\u00e9 par le Maroc sous le leadership \u00e9clair\u00e9 du Roi Mohammed VI"},"content":{"rendered":"\n<h2 class=\"has-x-large-font-size wp-block-heading\"><strong>Les exp\u00e9riences marocaines dans la lutte contre le terrorisme salu\u00e9es<\/strong><\/h2>\n\n\n\n<p class=\"has-drop-cap\">Sous le leadership du Roi Mohammed VI, le Maroc vient une fois de plus relever le d\u00e9fi de l\u2019organisation d\u2019un grand rendez-vous international. Pour la premi\u00e8re fois, la Coalition mondiale contre Daech \u00e9tait en conclave \u00e0 Marrakech, le mercredi 11 mai, pour discuter de l\u2019\u00e9volution de la menace terroriste au Moyen Orient et dans d\u2019autres r\u00e9gions comme en Afrique. Cette conf\u00e9rence internationale a connu un franc succ\u00e8s, selon le ministre des Affaires Etrang\u00e8res et de la Coop\u00e9ration Africaine et des Marocains r\u00e9sidents \u00e0 l\u2019\u00e9tranger, Nasser Bourita. Elle a enregistr\u00e9 la participation de 37 pays, 47 ministres en charge des Affaires Etrang\u00e8res et plus de 400 participants. Sans oublier l\u2019adh\u00e9sion du B\u00e9nin \u00e0 la Coalition. Ce qui fait un total de 85 membres. Lors de cette r\u00e9union, les exp\u00e9riences marocaines dans la lutte contre le terrorisme ont \u00e9t\u00e9 salu\u00e9es par plusieurs pays.<\/p>\n\n\n\n<p>C\u2019est en septembre 2014 que la Coalition mondiale contre Daech a vu le jour et compte aujourd\u2019hui 84 partenaires engag\u00e9s \u00e0 combattre le groupe terroriste sur tous les fronts. Il s\u2019agit aussi de d\u00e9manteler ses r\u00e9seaux et \u00e0 contrer ses ambitions mondiales.<\/p>\n\n\n\n<p>Dans un document adopt\u00e9 en juin 2015, la Coalition mondiale contre Daech met l\u2019accent sur cinq axes pour bien mener ses objectifs. Il s\u2019agit de l\u2019action militaire, la lutte contre les combattants terroristes \u00e9trangers, la lutte contre le financement de Daech, la communication strat\u00e9gique et bien s\u00fbr la sensibilisation au niveau des zones lib\u00e9r\u00e9es.<\/p>\n\n\n\n<p>L\u2019objectif primordial est purement et simplement l\u2019\u00e9limination compl\u00e8te de Daech. Et l\u2019adh\u00e9sion \u00e0 la Coalition et la contribution \u00e0 ses efforts continue \u00e0 se faire sur une base volontaire.<\/p>\n\n\n\n<p>Apr\u00e8s Paris en 2015, Rome en 2016, New York en 2017, Bruxelles en 2018, Washington en 2019, les r\u00e9unions minist\u00e9rielles de juin 2020 et mars 2021 se sont tenues virtuellement \u00e0 cause de la pand\u00e9mie \u00e0 Coronavirus. Et la ville de Rome a abrit\u00e9 la 8\u00e8me r\u00e9union minist\u00e9rielle le 28 juin 2021.<\/p>\n\n\n\n<p>Pour la premi\u00e8re fois, la r\u00e9union de la Coalition mondiale contre Daech s\u2019est d\u00e9plac\u00e9e en Afrique. Et le Royaume du Maroc \u00e9tait \u00e0 l\u2019honneur \u00e0 travers la ville de Marrakech pour la tenue de la 9\u00e8me Conf\u00e9rence internationale de la Coalition mondiale contre Daech. Une rencontre de haut niveau qui a vu la participation de plusieurs personnalit\u00e9s venues de diff\u00e9rents pays.<\/p>\n\n\n\n<p>Le choix du Maroc s\u2019explique par le fait que le Roi Mohammed VI s\u2019attache \u00e0 la s\u00e9curit\u00e9 et \u00e0 la stabilit\u00e9 en Afrique. Et on sait que l\u2019Afrique est devenue une cible pour les groupes terroristes.<\/p>\n\n\n\n<p>Notons que le Maroc est aussi membre du Small Group, un groupe de travail th\u00e9matique restreint, \u00e9tabli dans l\u2019objectif de faciliter la coordination des actions de la Coalition en offrant une plateforme agile de discussion.<\/p>\n\n\n\n<p>La r\u00e9union de Marrakech a \u00e9t\u00e9 organis\u00e9e \u00e0 l\u2019invitation conjointe du ministre des Affaires \u00e9trang\u00e8res, de la Coop\u00e9ration internationale et des Marocains r\u00e9sidant \u00e0 l\u2019Etranger, Nasser Bourita, et du Secr\u00e9taire d\u2019Etat Am\u00e9ricain, Antony Blinken. Ce dernier n\u2019a pas pu \u00eatre au rendez-vous pour cause de Covid-19. La d\u00e9l\u00e9gation de haut niveau des Etats Unis \u00e9tait conduite par la Sous-secr\u00e9taire d\u2019Etat am\u00e9ricaine charg\u00e9e des affaires politiques, Victoria Nuland.<\/p>\n\n\n\n<p>Cette conf\u00e9rence a \u00e9t\u00e9 l\u2019occasion pour les participants de passer en revue les diff\u00e9rentes actions entreprises en termes d\u2019efforts de stabilisation dans les zones pr\u00e9c\u00e9demment impact\u00e9es par Daech, dans le domaine de la communication strat\u00e9gique contre la propagande de radicalisation de ce groupe terroriste et de ses affili\u00e9s et la lutte contre les combattants terroristes \u00e9trangers.<\/p>\n\n\n\n<p>Lors de la conf\u00e9rence de presse, le ministre Nasser Bourita s\u2019est dit satisfait de cette r\u00e9union, qui a tenu toutes ses promesses. En d\u2019autres termes, la Conf\u00e9rence de Marrakech a \u00e9t\u00e9 un succ\u00e8s \u00e0 tous les niveaux.<\/p>\n\n\n\n<p><em>\u201cCette r\u00e9union a connu un succ\u00e8s \u00e0 diff\u00e9rents niveaux. L\u2019Afrique est devenue la principale cible du groupe terroriste Daech, subissant 41% de toutes ses attaques de par le monde<\/em>\u201d pr\u00e9cisera le chef de la diplomatie marocaine, Nasser Bourita. Avant de rappeler :&nbsp;<em>\u201cNous avons \u00e9galement soulev\u00e9 le probl\u00e8me li\u00e9 au rapprochement entre les groupements s\u00e9paratistes et les groupes terroristes\u201d.<\/em><\/p>\n\n\n\n<p>Selon lui, le d\u00e9veloppement \u00e9conomique sur le Continent se trouve \u00e9galement lourdement impact\u00e9 par le terrorisme. \u201cL\u2019impact \u00e9conomique du terrorisme a co\u00fbt\u00e9 au continent une perte totale de 171 milliards de dollars, un montant qui aurait pu servir pour promouvoir le d\u00e9veloppement \u00e9conomique et social de la r\u00e9gion\u201d.<\/p>\n\n\n\n<p>Nasser Bourita de poursuivre : \u201cEn r\u00e9ponse aux menaces mondiales, telles que le terrorisme, le Maroc a toujours plaid\u00e9 en faveur du multilat\u00e9rale, en particulier celui qui promeut la solidarit\u00e9, l\u2019appropriation et l\u2019inclusion, par le partage de renseignements, le renforcement des capacit\u00e9s et la formation des Chefs religieux\u201d. Il estime que \u201cla copr\u00e9sidence marocaine de la r\u00e9union de Marrakech offre une plateforme suppl\u00e9mentaire au Royaume du Maroc pour partager les exp\u00e9riences tir\u00e9es de sa strat\u00e9gie globale et int\u00e9gr\u00e9e de lutte contre le terrorisme, \u00e9labor\u00e9e sous la conduite \u00e9clair\u00e9e du Roi Mohammed VI\u201d.<\/p>\n\n\n\n<p>La Sous-secr\u00e9taire d\u2019Etat am\u00e9ricaine charg\u00e9e des Affaires politiques, Victoria Nuland, a remerci\u00e9 le Royaume du Maroc pour tout ce qu\u2019il a fait pour organiser cet \u00e9v\u00e9nement dans la belle ville de Marrakech. Elle estime que les membres de la Coalition mondiale contre Daech sont engag\u00e9s \u00e0 assurer la d\u00e9faite durable de Daech en Irak et en Syrie, sur le continent africain et dans le monde entier. \u201cAu cours des derni\u00e8res ann\u00e9es, Daech s\u2019est consid\u00e9rablement affaibli en Irak et en Syrie, mais il reste une menace, cherchant toutes les opportunit\u00e9s pour se reconstituer\u201d dira-t-elle.<\/p>\n\n\n\n<p>Notons que la Coalition s\u2019est \u00e9largie lors de la Conf\u00e9rence de Marrakech avec l\u2019adh\u00e9sion du Benin qui en devient le 85e membre.<\/p>\n\n\n\n<p><strong>\u00a0El Hadj Alou Badara HAIDARA, envoy\u00e9 sp\u00e9cial Marrakech<\/strong><\/p>\n\n\n\n<p><strong>Aujourd&rsquo;hui Mali<\/strong><\/p>\n","protected":false},"excerpt":{"rendered":"<p>Les exp\u00e9riences marocaines dans la lutte contre le terrorisme salu\u00e9es Sous le leadership du Roi Mohammed VI, le Maroc vient une fois de plus relever le d\u00e9fi de l\u2019organisation d\u2019un&hellip;<\/p>\n","protected":false},"author":1,"featured_media":5575,"comment_status":"open","ping_status":"closed","sticky":false,"template":"","format":"standard","meta":{"content-type":"","_lmt_disableupdate":"","_lmt_disable":"","_jetpack_memberships_contains_paid_content":false,"footnotes":"","jetpack_publicize_message":"","jetpack_publicize_feature_enabled":true,"jetpack_social_post_already_shared":true,"jetpack_social_options":{"image_generator_settings":{"template":"highway","default_image_id":0,"font":"","enabled":false},"version":2}},"categories":[49],"tags":[],"class_list":["post-5574","post","type-post","status-publish","format-standard","has-post-thumbnail","hentry","category-insecurite"],"jetpack_publicize_connections":[],"featured_image_urls":{"full":"","thumbnail":"","medium":"","medium_large":"","large":"","1536x1536":"","2048x2048":"","penci-recipe-1200x1200":"","penci-recipe-1200x900":"","penci-recipe-1200x675":"","penci-single-full":"","penci-slider-full-thumb":"","penci-full-thumb":"","penci-slider-thumb":"","penci-magazine-slider":"","penci-thumb":"","penci-masonry-thumb":"","penci-thumb-square":"","penci-thumb-vertical":"","penci-thumb-small":""},"author_info":{"display_name":"Nandi","author_link":"https:\/\/nandi.info\/?author=1"},"category_info":"<a href=\"https:\/\/nandi.info\/?cat=49\" rel=\"category\">Ins\u00e9curit\u00e9<\/a>","tag_info":"Ins\u00e9curit\u00e9","comment_count":"0","jetpack_featured_media_url":"","jetpack_sharing_enabled":true,"_links":{"self":[{"href":"https:\/\/nandi.info\/index.php?rest_route=\/wp\/v2\/posts\/5574","targetHints":{"allow":["GET"]}}],"collection":[{"href":"https:\/\/nandi.info\/index.php?rest_route=\/wp\/v2\/posts"}],"about":[{"href":"https:\/\/nandi.info\/index.php?rest_route=\/wp\/v2\/types\/post"}],"author":[{"embeddable":true,"href":"https:\/\/nandi.info\/index.php?rest_route=\/wp\/v2\/users\/1"}],"replies":[{"embeddable":true,"href":"https:\/\/nandi.info\/index.php?rest_route=%2Fwp%2Fv2%2Fcomments&post=5574"}],"version-history":[{"count":0,"href":"https:\/\/nandi.info\/index.php?rest_route=\/wp\/v2\/posts\/5574\/revisions"}],"wp:featuredmedia":[{"embeddable":true,"href":"https:\/\/nandi.info\/index.php?rest_route=\/"}],"wp:attachment":[{"href":"https:\/\/nandi.info\/index.php?rest_route=%2Fwp%2Fv2%2Fmedia&parent=5574"}],"wp:term":[{"taxonomy":"category","embeddable":true,"href":"https:\/\/nandi.info\/index.php?rest_route=%2Fwp%2Fv2%2Fcategories&post=5574"},{"taxonomy":"post_tag","embeddable":true,"href":"https:\/\/nandi.info\/index.php?rest_route=%2Fwp%2Fv2%2Ftags&post=5574"}],"curies":[{"name":"wp","href":"https:\/\/api.w.org\/{rel}","templated":true}]}}