{"id":5492,"date":"2022-05-11T12:06:00","date_gmt":"2022-05-11T10:06:00","guid":{"rendered":"https:\/\/nandi.info\/?p=5492"},"modified":"2022-05-11T12:06:00","modified_gmt":"2022-05-11T10:06:00","slug":"prevention-des-risques-professionnels-les-accidents-de-travail-ont-coute-au-mali-600-millions-cfa-en-2021","status":"publish","type":"post","link":"https:\/\/nandi.info\/?p=5492","title":{"rendered":"Pr\u00e9vention des risques professionnels : Les accidents de travail ont co\u00fbt\u00e9 au Mali 600 millions Cfa en 2021"},"content":{"rendered":"\n<p><strong>La 20e Journ\u00e9e mondiale de la sant\u00e9 et de la s\u00e9curit\u00e9 au travail, coupl\u00e9e \u00e0 la 26e Journ\u00e9e africaine de la pr\u00e9vention des risques professionnels, a \u00e9t\u00e9 c\u00e9l\u00e9br\u00e9e au Mali le 28 avril 2022. Et on&nbsp;retient que les accidents de travail ont co\u00fbt\u00e9 au Mali pr\u00e8s de 600 millions de F Cfa en 2021. La c\u00e9r\u00e9monie officielle de comm\u00e9moration a \u00e9t\u00e9 co-pr\u00e9sid\u00e9e par les ministres de la Sant\u00e9 et du D\u00e9veloppement social et celui du<\/strong>&nbsp;<strong>Travail, de la Fonction publique et du Dialogue social.<\/strong><\/p>\n\n\n\n<p class=\"has-drop-cap\">\u00ab<em>Le management de la sant\u00e9 et s\u00e9curit\u00e9 au travail : quelle approche dans les entreprises<\/em>&nbsp;(grandes, petites et tr\u00e8s petites entreprises)&nbsp;<em>du secteur formel et dans les entreprises du secteur informel<\/em>\u00bb&nbsp;! Tel \u00e9tait le th\u00e8me de la 26e \u00e9dition de la Journ\u00e9e africaine de pr\u00e9vention des risques professionnels. Quant \u00e0 la 20e Journ\u00e9e mondiale de S\u00e9curit\u00e9 et Sant\u00e9 au travail, elle a \u00e9t\u00e9 c\u00e9l\u00e9br\u00e9e autour de la th\u00e9matique \u00ab<em>pour instaurer une culture de la s\u00e9curit\u00e9 et de la sant\u00e9 positive, agissons ensemble<\/em>\u00bb. Ces deux comm\u00e9morations ont eu lieu dans un contexte de crise s\u00e9curitaire coupl\u00e9e \u00e0 une crise sanitaire li\u00e9e \u00e0 la pand\u00e9mie de Covid-19.<\/p>\n\n\n\n<p>\u00ab<em>Ces \u00e9v\u00e9nements ont eu et continuent d\u2019avoir des effets n\u00e9fastes sur les entreprises, dans les relations sociales et surtout la morbidit\u00e9 et la mortalit\u00e9<\/em>\u00bb, a rappel\u00e9 le Directeur g\u00e9n\u00e9ral de l\u2019Institut national de pr\u00e9voyance sociale (INPS), Ousmane Karim Coulibaly. Et de rappeler que les th\u00e8mes choisis \u00ab<em>cadrent parfaitement avec les besoins de gestion des risques professionnels dans tous les secteurs d\u2019activit\u00e9s et adapt\u00e9e \u00e0 la taille des entreprises<\/em>\u00bb (grandes, moyennes et petites entreprises).<\/p>\n\n\n\n<p>Pour le DG de l\u2019Institut, la c\u00e9l\u00e9bration r\u00e9guli\u00e8re de cette journ\u00e9e d\u00e9di\u00e9e \u00e0 la pr\u00e9vention constitue \u00ab<em>des opportunit\u00e9s de renforcement des liens de collaboration entre l\u2019INPS et ses partenaires sociaux que sont les employeurs et les travailleurs<\/em>\u00bb. Tout comme cette r\u00e9gularit\u00e9 participe \u00e9galement \u00e0 \u00ab<em>la sensibilisation des acteurs du monde du travail et le pouvoir public \u00e0 la n\u00e9cessit\u00e9 de la promotion des actions de pr\u00e9vention des risques li\u00e9s au travail<\/em>\u00bb.<\/p>\n\n\n\n<p>Quant aux th\u00e8mes choisis cette ann\u00e9e, a soulign\u00e9 M. Ousmane Karim Coulibaly, il \u00ab<em>interpellent plus sur l\u2019engagement et la synergie d\u2019actions entre acteurs tout en les invitant \u00e0 d\u00e9velopper des m\u00e9canismes, des strat\u00e9gies et des actions appropri\u00e9s pour rendre s\u00fbres et salubres les lieux de travail<\/em>\u00bb. Il a profit\u00e9 de l\u2019opportunit\u00e9 pour exhorter l\u2019ensemble de la population, les chefs d\u2019entreprises, les travailleurs et les autorit\u00e9s \u00e0 \u00ab<em>une prise de conscience individuelle et collective sur la r\u00e9alit\u00e9 des risques professionnels ainsi que la n\u00e9cessit\u00e9 de leur pr\u00e9vention<\/em>\u00bb.<\/p>\n\n\n\n<p>Et cela d\u2019autant plus que, selon l\u2019Organisation internationale du travail (OIT), on d\u00e9nombre 374 millions victimes d\u2019accidents de travail (AT) et de maladies professionnelles avec 2,78 millions de d\u00e9c\u00e8s chaque ann\u00e9e \u00e0 travers le monde. Le nombre de journ\u00e9es perdues repr\u00e9sente ainsi 4 % du PIB mondial. Dans l\u2019espace de l\u2019Interafricaine de la pr\u00e9vention des risques professionnels (IAPRP), on d\u00e9nombre 35 000 cas d\u2019accidents de travail et plus de 50 milliards de francs Cfa d\u00e9pens\u00e9s dans leur r\u00e9paration et la prise en charge des maladies professionnelles. Au Mali les statistiques officielles donn\u00e9es par l\u2019INPS comptabilisent 523 accidents de travail d\u00e9clar\u00e9s en 2021 et plus de 600 millions de francs Cfa d\u00e9pens\u00e9s dans leur r\u00e9paration.<\/p>\n\n\n\n<p><strong>\u00abLes d\u00e9fis en mati\u00e8re de s\u00e9curit\u00e9 et de sant\u00e9 au travail sont \u00e9normes et permanents\u00bb, dixit Mme Di\u00e9minatou Sangar\u00e9<\/strong><\/p>\n\n\n\n<p>Un constat qui a amen\u00e9 le ministre de la Sant\u00e9 et du D\u00e9veloppement social, Mme Di\u00e9minatou Sangar\u00e9, a rappel\u00e9 que \u00ab<em>les d\u00e9fis en mati\u00e8re de s\u00e9curit\u00e9 et de sant\u00e9 au travail sont \u00e9normes et permanents<\/em>\u00bb pour requ\u00e9rir l\u2019attention de tous. \u00ab<em>C\u2019est dans la prise de conscience et l\u2019engagement individuels et collectifs que nous pourrons esp\u00e9rer atteindre les r\u00e9sultats escompt\u00e9s, \u00e0 savoir r\u00e9duire significativement voire \u00e9liminer les risques professionnels sur les lieux de travail<\/em>\u00bb, a-t-elle indiqu\u00e9. \u00ab<em>Des politiques de pr\u00e9vention dynamiques adopt\u00e9es par nos institutions de s\u00e9curit\u00e9 sociale et les institutions de sant\u00e9 et s\u00e9curit\u00e9 au travail peuvent r\u00e9duire substantiellement les taux d\u2019accidents du travail et de maladies professionnelles, att\u00e9nuer les souffrances humaines qui en d\u00e9coulent et \u00e9viter les pertes \u00e9conomiques qui en r\u00e9sultent<\/em>\u00bb, a pr\u00e9cis\u00e9 Di\u00e9minatou Sangar\u00e9.<\/p>\n\n\n\n<p>Pour son homologue du Travail, de la Fonction publique du Dialogue social, Mme Diawara Aoua Paul Diallo, la c\u00e9l\u00e9bration de ces deux journ\u00e9es est l\u2019occasion de v\u00e9hiculer \u00ab<em>des messages forts en mati\u00e8re de s\u00e9curit\u00e9 et de sant\u00e9 au travail<\/em>\u00bb. En c\u00e9l\u00e9brant cette journ\u00e9e, a-t-elle pr\u00e9cis\u00e9, \u00ab<em>nous rendons hommage aux nombreuses victimes d\u2019accidents du travail et des maladies professionnelles. Il s\u2019agit pour nous autres qui sommes encore bien portant de porter ce message dans nos services et vos entreprises&nbsp;: mieux vaut pr\u00e9venir que gu\u00e9rir<\/em>\u00bb. Au nom du gouvernement, Mme Diawara Aoua Paul Diallo a engag\u00e9 les entreprises et les syndicats de travailleurs \u00e0 dynamiser les Comit\u00e9s d\u2019hygi\u00e8ne et de s\u00e9curit\u00e9 partout o\u00f9 c\u2019est n\u00e9cessaire et \u00ab<em>\u00e0 mener tr\u00e8s urgemment des campagnes d\u2019information et de sensibilisation sur les risques professionnels en entreprises<\/em>\u00bb.<\/p>\n\n\n\n<p>\u00ab<em>Les entreprises \u00e0 travers le monde cr\u00e9ent des richesses pour la croissance \u00e9conomique dans les domaines industrielles, commerciales et autres. Ces entreprises sont men\u00e9es par des hommes et des femmes, travailleurs au nom d\u2019un salaire et d\u2019une certaine prosp\u00e9rit\u00e9. Ces travailleuses et travailleurs peuvent \u00eatre victimes d\u2019accidents, de maladies professionnelles et m\u00eame de d\u00e9c\u00e9der par le fait du travail<\/em>\u00bb, a \u00e0 son tour rappel\u00e9 Modibo Diarrah, ancien Directeur g\u00e9n\u00e9ral de l\u2019INPS et parrain cette ann\u00e9e des deux journ\u00e9es. Selon lui, celles-ci participent \u00e0 \u00ab<em>la sensibilisation des acteurs du monde du travail et les pouvoirs publics \u00e0 la n\u00e9cessit\u00e9 de la promotion des actions de pr\u00e9vention des risques li\u00e9s au travail<\/em>\u00bb.<\/p>\n\n\n\n<p><strong>Un vibrant hommage rendu au parrain M. Modibo Diarrah<\/strong><\/p>\n\n\n\n<p>De fa\u00e7on strat\u00e9gique, a-t-il poursuivi, \u00ab<em>nous devons continuer de sensibiliser les populations sur la pr\u00e9vention des risques et de renforcer les capacit\u00e9s de ses membres. Nous devons engager davantage nos structures dans la promotion d\u2019activit\u00e9s de pr\u00e9vention des risques professionnels&nbsp; pour plus de productivit\u00e9 de l\u2019entreprise et, partant, pour un d\u00e9veloppement durable<\/em>\u00bb.<\/p>\n\n\n\n<p>De nos jours, a soulign\u00e9 M. Diarrah, \u00ab<em>quand on parle d\u2019entreprise en bonne sant\u00e9, on ne fait malheureusement r\u00e9f\u00e9rence qu\u2019\u00e0 sa sant\u00e9 financi\u00e8re. Et pourtant, c\u2019est bien plus que cela. L\u2019entreprise en bonne sant\u00e9, c\u2019est entre autres, l\u2019entreprise qui prot\u00e8ge le capital humain tout en faisant face aux exigences du march\u00e9 mondial en termes de productivit\u00e9, de r\u00e9activit\u00e9 et de qualit\u00e9<\/em>\u00bb.<\/p>\n\n\n\n<p>Dans son discours d\u2019ouverture, le ministre Di\u00e9minatou Sangar\u00e9 n\u2019a pas manqu\u00e9 de rendre un vibrant hommage au parrain pour ses actions en faveur de la protection sociale au Mali et en Afrique. \u00ab<em>Permettez moi d\u2019ouvrir une parenth\u00e8se sur le parrain de la journ\u00e9e Modibo Diarrah. Au-del\u00e0 de son r\u00f4le et sa contribution dans les activit\u00e9s de l\u2019IAPRP, M Diarrah est le premier et l\u2019unique malien \u00e0 avoir int\u00e9gr\u00e9 le groupe des commissaires de la conf\u00e9rence interafricaine de la pr\u00e9voyance sociale<\/em>&nbsp;(CIPRES)<em>. Il a \u00e9galement beaucoup contribu\u00e9 au syst\u00e8me d\u2019information de l\u2019INPS, particuli\u00e8rement au syst\u00e8me d\u2019information financier et comptable dont il est le principal artisan. Ce syst\u00e8me constitue aujourd\u2019hui une force pour l\u2019Institut<\/em>\u00bb, a-t-elle d\u00e9clar\u00e9.<\/p>\n\n\n\n<p>A noter aussi que, d\u2019ores et d\u00e9j\u00e0, l\u2019INPS s\u2019est engag\u00e9 \u00e0 mettre en place l\u2019Observatoire national des risques professionnels d\u2019ici la fin de l\u2019ann\u00e9e. Cet outil lui permettra d\u2019\u00eatre en contact permanent avec les entreprises pour plus d\u2019efficacit\u00e9.<\/p>\n\n\n\n<p><strong>Moussa Bolly<\/strong><\/p>\n\n\n\n<p><strong>Le Matin<\/strong><\/p>\n","protected":false},"excerpt":{"rendered":"<p>La 20e Journ\u00e9e mondiale de la sant\u00e9 et de la s\u00e9curit\u00e9 au travail, coupl\u00e9e \u00e0 la 26e Journ\u00e9e africaine de la pr\u00e9vention des risques professionnels, a \u00e9t\u00e9 c\u00e9l\u00e9br\u00e9e au Mali&hellip;<\/p>\n","protected":false},"author":1,"featured_media":5493,"comment_status":"open","ping_status":"closed","sticky":false,"template":"","format":"standard","meta":{"content-type":"","_lmt_disableupdate":"","_lmt_disable":"","_jetpack_memberships_contains_paid_content":false,"footnotes":"","jetpack_publicize_message":"","jetpack_publicize_feature_enabled":true,"jetpack_social_post_already_shared":false,"jetpack_social_options":{"image_generator_settings":{"template":"highway","default_image_id":0,"font":"","enabled":false},"version":2}},"categories":[24],"tags":[],"class_list":["post-5492","post","type-post","status-publish","format-standard","has-post-thumbnail","hentry","category-sante"],"jetpack_publicize_connections":[],"featured_image_urls":{"full":"","thumbnail":"","medium":"","medium_large":"","large":"","1536x1536":"","2048x2048":"","penci-recipe-1200x1200":"","penci-recipe-1200x900":"","penci-recipe-1200x675":"","penci-single-full":"","penci-slider-full-thumb":"","penci-full-thumb":"","penci-slider-thumb":"","penci-magazine-slider":"","penci-thumb":"","penci-masonry-thumb":"","penci-thumb-square":"","penci-thumb-vertical":"","penci-thumb-small":""},"author_info":{"display_name":"Nandi","author_link":"https:\/\/nandi.info\/?author=1"},"category_info":"<a href=\"https:\/\/nandi.info\/?cat=24\" rel=\"category\">Sant\u00e9<\/a>","tag_info":"Sant\u00e9","comment_count":"0","jetpack_featured_media_url":"","jetpack_sharing_enabled":true,"_links":{"self":[{"href":"https:\/\/nandi.info\/index.php?rest_route=\/wp\/v2\/posts\/5492","targetHints":{"allow":["GET"]}}],"collection":[{"href":"https:\/\/nandi.info\/index.php?rest_route=\/wp\/v2\/posts"}],"about":[{"href":"https:\/\/nandi.info\/index.php?rest_route=\/wp\/v2\/types\/post"}],"author":[{"embeddable":true,"href":"https:\/\/nandi.info\/index.php?rest_route=\/wp\/v2\/users\/1"}],"replies":[{"embeddable":true,"href":"https:\/\/nandi.info\/index.php?rest_route=%2Fwp%2Fv2%2Fcomments&post=5492"}],"version-history":[{"count":0,"href":"https:\/\/nandi.info\/index.php?rest_route=\/wp\/v2\/posts\/5492\/revisions"}],"wp:featuredmedia":[{"embeddable":true,"href":"https:\/\/nandi.info\/index.php?rest_route=\/"}],"wp:attachment":[{"href":"https:\/\/nandi.info\/index.php?rest_route=%2Fwp%2Fv2%2Fmedia&parent=5492"}],"wp:term":[{"taxonomy":"category","embeddable":true,"href":"https:\/\/nandi.info\/index.php?rest_route=%2Fwp%2Fv2%2Fcategories&post=5492"},{"taxonomy":"post_tag","embeddable":true,"href":"https:\/\/nandi.info\/index.php?rest_route=%2Fwp%2Fv2%2Ftags&post=5492"}],"curies":[{"name":"wp","href":"https:\/\/api.w.org\/{rel}","templated":true}]}}