{"id":5470,"date":"2022-05-11T17:23:51","date_gmt":"2022-05-11T15:23:51","guid":{"rendered":"https:\/\/nandi.info\/?p=5470"},"modified":"2022-05-11T17:23:51","modified_gmt":"2022-05-11T15:23:51","slug":"reussite-de-la-transition-au-mali-la-contribution-de-lex-depute-bafotigui-diallo","status":"publish","type":"post","link":"https:\/\/nandi.info\/?p=5470","title":{"rendered":"R\u00e9ussite de la transition au Mali : La contribution de l\u2019ex D\u00e9put\u00e9 Bafotigui Diallo"},"content":{"rendered":"\n<p><strong>Excellence Monsieur le Pr\u00e9sident de la transition, \u00e0 la suite de l\u2019interpellation du gouvernement devant le CNT le 21 avril 2021, je voudrais me permettre avec tous les respects que je dois \u00e0 votre notori\u00e9t\u00e9 de vous envoyer ma r\u00e9flexion sur la vie de la nation. Je me le permets \u00e0 deux titres en tant qu\u2019ancien d\u00e9put\u00e9 \u00e9lu \u00e0 Sikasso en 1997 et r\u00e9\u00e9lu en Commune VI du district de Bamako en 2014 et en tant que citoyen convaincu.<\/strong><\/p>\n\n\n\n<p>Pour \u00eatre plus pr\u00e9cis, je suis n\u00e9 le 22 septembre 1961 \u00e0 Niena dans le cercle de Sikasso. \u00c0 ce titre, je suis condamn\u00e9 \u00e0 me sacrifier pour le Mali. C\u2019est donc un devoir pour moi de contribuer \u00e0 la r\u00e9ussite de la transition \u00e0 travers des propositions.<\/p>\n\n\n\n<p>Pour cela je prends deux points ce jour :<\/p>\n\n\n\n<p>1er point : apr\u00e8s la s\u00e9ance d\u2019interpellation du gouvernement le 21 avril au CNT le conseiller Nouhoum Sarr a \u00e9t\u00e9 la cible de toutes les attaques alors qu\u2019il \u00e9tait dans son r\u00f4le conform\u00e9ment \u00e0 l\u2019article 65 de la constitution et 16 de la charte de la transition.<\/p>\n\n\n\n<p>\u00c0 titre de reddition, le premier Ministre dans la d\u00e9claration de pr\u00e9sentation du PAG, le PM a programm\u00e9 des \u00e9valuations p\u00e9riodiques.<\/p>\n\n\n\n<p>Il a fallu que le jeune s\u2019exprime en fran\u00e7ais tr\u00e8s tr\u00e8s facile 3\/10 qui \u00e9quivaut&nbsp; \u00e0 30% des r\u00e9alisations du PAG.<\/p>\n\n\n\n<p>Je m\u2019attendais \u00e0 une r\u00e9action du gouvernement pour rappeler que le jeune \u00e9tait dans son r\u00f4le.<\/p>\n\n\n\n<p>Je propose qu\u2019on mette fin \u00e0 de tels agissements qui ne font que cr\u00e9er des crises sociales, affaiblir les institutions de la R\u00e9publique et m\u00eame la transition.<\/p>\n\n\n\n<p>Je propose aussi au Pr\u00e9sident du CNT de faire respecter et prot\u00e9ger l\u2019institution \u00e0 travers une r\u00e9solution \u00e0 soumettre au gouvernement.<\/p>\n\n\n\n<p>Mon 2\u00e8me point se rapporte \u00e0 la pauvret\u00e9 que vit le peuple malien.<\/p>\n\n\n\n<p>Monsieur le Pr\u00e9sident de la transition, la pauvret\u00e9 a beaucoup de sens :<\/p>\n\n\n\n<p>\u2013 la pauvret\u00e9 est la faim<\/p>\n\n\n\n<p>\u2013 la pauvret\u00e9, c\u2019est \u00eatre malade et ne pas pouvoir se soigner.<\/p>\n\n\n\n<p>\u2013 la pauvret\u00e9, c\u2019est s\u2019inqui\u00e9ter de l\u2019avenir et vivre au jour le jour.<\/p>\n\n\n\n<p>\u2013 la pauvret\u00e9, c\u2019est la situation \u00e0 laquelle tout le monde veut \u00e9chapper.<\/p>\n\n\n\n<p>Alors monsieur le Pr\u00e9sident de la transition, la somme de cette pauvret\u00e9 que vit le peuple malien vous appelle \u00e0 l\u2019action pour changer les choses afin que les maliens aient \u00e0 manger. Elle vous interpelle \u00e0 la recherche de solutions aux probl\u00e8mes dans les collectivit\u00e9s.<\/p>\n\n\n\n<p>En fran\u00e7ais tr\u00e8s tr\u00e8s facile, je vous demande de profiter de votre popularit\u00e9 pour changer les choses parce que votre gouvernement a \u00e9chou\u00e9.<\/p>\n\n\n\n<p>Vous \u00eates la seule chance pour le Mali.<\/p>\n\n\n\n<p>Nous avons entendu beaucoup de d\u00e9clarations qui n\u2019ont rien apport\u00e9 dans nos assiettes.<\/p>\n\n\n\n<p>Je rappelle que vous \u00eates le pr\u00e9sident le plus populaire et vous \u00eates une chance pour nous.<\/p>\n\n\n\n<p>Mais je dis qu\u2019une crise issue de la pauvret\u00e9 est plus difficile \u00e0 g\u00e9rer.<\/p>\n\n\n\n<p>Pour ce deuxi\u00e8me point je propose la cessation de la gestion de l\u2019\u00c9tat dans la rue et sur les r\u00e9seaux sociaux.<\/p>\n\n\n\n<p>Il est grand temps que le Pr\u00e9sident de la transition prenne le taureau par les cornes et d\u2019enclencher le tournant social.<\/p>\n\n\n\n<p>Voici, Monsieur le Pr\u00e9sident de la transition quelques propositions en guise de contribution \u00e0 la r\u00e9ussite de la transition.<\/p>\n\n\n\n<p><strong>Honorable Bafotigui Diallo Paysan<\/strong><\/p>\n\n\n\n<p><strong>Le Nouveau R\u00e9veil <\/strong><\/p>\n","protected":false},"excerpt":{"rendered":"<p>Excellence Monsieur le Pr\u00e9sident de la transition, \u00e0 la suite de l\u2019interpellation du gouvernement devant le CNT le 21 avril 2021, je voudrais me permettre avec tous les respects que&hellip;<\/p>\n","protected":false},"author":1,"featured_media":5471,"comment_status":"open","ping_status":"closed","sticky":false,"template":"","format":"standard","meta":{"content-type":"","_lmt_disableupdate":"","_lmt_disable":"","_jetpack_memberships_contains_paid_content":false,"footnotes":"","jetpack_publicize_message":"","jetpack_publicize_feature_enabled":true,"jetpack_social_post_already_shared":false,"jetpack_social_options":{"image_generator_settings":{"template":"highway","default_image_id":0,"font":"","enabled":false},"version":2}},"categories":[55,23],"tags":[],"class_list":["post-5470","post","type-post","status-publish","format-standard","has-post-thumbnail","hentry","category-contributions","category-politique"],"jetpack_publicize_connections":[],"featured_image_urls":{"full":"","thumbnail":"","medium":"","medium_large":"","large":"","1536x1536":"","2048x2048":"","penci-recipe-1200x1200":"","penci-recipe-1200x900":"","penci-recipe-1200x675":"","penci-single-full":"","penci-slider-full-thumb":"","penci-full-thumb":"","penci-slider-thumb":"","penci-magazine-slider":"","penci-thumb":"","penci-masonry-thumb":"","penci-thumb-square":"","penci-thumb-vertical":"","penci-thumb-small":""},"author_info":{"display_name":"Nandi","author_link":"https:\/\/nandi.info\/?author=1"},"category_info":"<a href=\"https:\/\/nandi.info\/?cat=55\" rel=\"category\">Contributions<\/a> <a href=\"https:\/\/nandi.info\/?cat=23\" rel=\"category\">Politique<\/a>","tag_info":"Politique","comment_count":"0","jetpack_featured_media_url":"","jetpack_sharing_enabled":true,"_links":{"self":[{"href":"https:\/\/nandi.info\/index.php?rest_route=\/wp\/v2\/posts\/5470","targetHints":{"allow":["GET"]}}],"collection":[{"href":"https:\/\/nandi.info\/index.php?rest_route=\/wp\/v2\/posts"}],"about":[{"href":"https:\/\/nandi.info\/index.php?rest_route=\/wp\/v2\/types\/post"}],"author":[{"embeddable":true,"href":"https:\/\/nandi.info\/index.php?rest_route=\/wp\/v2\/users\/1"}],"replies":[{"embeddable":true,"href":"https:\/\/nandi.info\/index.php?rest_route=%2Fwp%2Fv2%2Fcomments&post=5470"}],"version-history":[{"count":0,"href":"https:\/\/nandi.info\/index.php?rest_route=\/wp\/v2\/posts\/5470\/revisions"}],"wp:featuredmedia":[{"embeddable":true,"href":"https:\/\/nandi.info\/index.php?rest_route=\/"}],"wp:attachment":[{"href":"https:\/\/nandi.info\/index.php?rest_route=%2Fwp%2Fv2%2Fmedia&parent=5470"}],"wp:term":[{"taxonomy":"category","embeddable":true,"href":"https:\/\/nandi.info\/index.php?rest_route=%2Fwp%2Fv2%2Fcategories&post=5470"},{"taxonomy":"post_tag","embeddable":true,"href":"https:\/\/nandi.info\/index.php?rest_route=%2Fwp%2Fv2%2Ftags&post=5470"}],"curies":[{"name":"wp","href":"https:\/\/api.w.org\/{rel}","templated":true}]}}