{"id":5464,"date":"2022-05-11T17:07:39","date_gmt":"2022-05-11T15:07:39","guid":{"rendered":"https:\/\/nandi.info\/?p=5464"},"modified":"2022-05-11T17:07:39","modified_gmt":"2022-05-11T15:07:39","slug":"mediation-entre-bamako-et-la-cedeao-quelles-chances-de-succes-pour-faure-gnassingbe","status":"publish","type":"post","link":"https:\/\/nandi.info\/?p=5464","title":{"rendered":"M\u00e9diation entre Bamako et la C\u00e9d\u00e9ao : Quelles chances de succ\u00e8s pour Faure Gnassingb\u00e9 ?"},"content":{"rendered":"\n<p><strong>Sollicit\u00e9 par Bamako pour jouer les m\u00e9diateurs avec la Communaut\u00e9 \u00e9conomique des \u00c9tats de l\u2019Afrique de l\u2019Ouest (CEDEAO), dans un contexte o\u00f9 le Mali fait l\u2019objet de pressions internationales pour un retour rapide \u00e0 l\u2019ordre constitutionnel, le chef de l\u2019\u00c9tat togolais, Faure Gnassingb\u00e9, a accept\u00e9 le challenge<\/strong>.<\/p>\n\n\n\n<p class=\"has-drop-cap\">C\u2019est ce qu\u2019ont d\u00e9clar\u00e9, le 4 mai dernier, le chef de la diplomatie togolaise et son homologue malien en visite \u00e0 Lom\u00e9, \u00e0 la t\u00eate d\u2019une d\u00e9l\u00e9gation d\u2019envoy\u00e9s sp\u00e9ciaux aupr\u00e8s du locataire du palais de Lom\u00e9 II. \u00ab&nbsp;Nous avons, au nom du pr\u00e9sident de la transition, sollicit\u00e9 le pr\u00e9sident Faure Gnassingb\u00e9 (\u2026) pour faciliter le dialogue avec les acteurs r\u00e9gionaux et plus largement, le dialogue avec l\u2019ensemble de la communaut\u00e9 internationale pour trouver un compromis pouvant nous permettre de sortir de la crise&nbsp;\u00bb, a notamment d\u00e9clar\u00e9 le ministre malien des Affaires \u00e9trang\u00e8res, Abdoulaye Diop. Poursuivant que l\u2019objectif primordial du gouvernement de transition demeure le r\u00e9tablissement de l\u2019ordre constitutionnel dans un d\u00e9lai de 24 mois, \u00e0 la suite d\u2019\u00e9lections libres, transparentes et cr\u00e9dibles.<\/p>\n\n\n\n<p><strong>Sa mission de bons offices para\u00eet \u00e0 la fois difficile et d\u00e9licate<\/strong><\/p>\n\n\n\n<p>Quand on sait que le principal point d\u2019achoppement avec la CEDEAO, porte sur la dur\u00e9e de la transition que l\u2019institution d\u2019Abuja veut de 12 \u00e0 16 mois, l\u2019on imagine que la mission du chef de l\u2019\u00c9tat togolais consistera, &nbsp;pour l\u2019essentiel, \u00e0 trouver le compromis n\u00e9cessaire \u00e0 la lev\u00e9e des sanctions de l\u2019institution sous-r\u00e9gionale, qui ne sont pas loin de plonger le Mali dans un \u00e9tat d\u2019asphyxie \u00e9conomique. L\u2019autre volet de sa m\u00e9diation est de permettre \u00e0 Bamako de se rabibocher avec la communaut\u00e9 internationale dans son ensemble, pour sortir du cercle de l\u2019isolement. Une mission qui para\u00eet d\u2019autant plus exaltante que son aboutissement concourrait sans nul doute au rayonnement de la diplomatie togolaise.&nbsp; Mais quelles chances de succ\u00e8s pour le pr\u00e9sident togolais&nbsp;?<\/p>\n\n\n\n<p>La question est d\u2019autant plus fond\u00e9e que sa mission de bons offices para\u00eet \u00e0 la fois difficile et d\u00e9licate, pour des partenaires qui semblent tous deux avoir d\u00e9j\u00e0 abattu toutes leurs cartes. Difficile parce que, pour la CEDEAO, tout porte \u00e0 croire qu\u2019il n\u2019est pas question de passer par pertes et profits les 20 mois de transition d\u00e9j\u00e0 \u00e9coul\u00e9s et pr\u00e9tendre encore aller au-del\u00e0 de 16 mois. Alors que pour les autorit\u00e9s int\u00e9rimaires de Bamako, qui ont largement revu leurs ambitions \u00e0 la baisse en passant de cinq ans \u00e0 quatre pour finir \u00e0 deux, les 24 mois semblent incompressibles pour tenir le calendrier de s\u00e9curisation du territoire et de l\u2019organisation des \u00e9lections dans des conditions acceptables. La mission est aussi d\u00e9licate parce que tout m\u00e9diateur qu\u2019il est, &nbsp;Faure Gnassingb\u00e9 est coll\u00e9gialement partie prenante des sanctions des chefs d\u2019\u00c9tat de la CEDEAO qui clouent au pilori les tombeurs d\u2019Ibrahim Boubacar Ke\u00efta. Que va alors faire le pr\u00e9sident togolais&nbsp;?<\/p>\n\n\n\n<p><strong>Ce recours \u00e0 un m\u00e9diateur au moment o\u00f9 le dialogue direct entre Bamako et la CEDEAO est loin d\u2019\u00eatre rompu, ne manque pas d\u2019interroger<\/strong><\/p>\n\n\n\n<p>Va-t-il s\u2019\u00e9vertuer \u00e0 travailler \u00e0 infl\u00e9chir la position de ses pairs de l\u2019institution sous-r\u00e9gionale \u00e0 l\u2019effet de faire preuve de compr\u00e9hension et de mansu\u00e9tude \u00e0 l\u2019\u00e9gard du Mali ? Ou bien va-t-il, au contraire, user de son influence aupr\u00e8s de ses \u00abamis&nbsp;\u00bb maliens pour les amener \u00e0 ne pas s\u2019arc-bouter aux 24 mois et \u00e0 s\u2019aligner sur la position de l\u2019institution sous-r\u00e9gionale&nbsp;? Dans l\u2019un ou l\u2019autre des cas, la t\u00e2che s\u2019annonce difficile.<\/p>\n\n\n\n<p>En effet, la couleuvre des 24 mois suppl\u00e9mentaires demand\u00e9s par la transition malienne, para\u00eet pour le moins difficile \u00e0 avaler par la CEDEAO. Alors que rien ne dit que les autorit\u00e9s de Bamako sont pr\u00eates, de leur c\u00f4t\u00e9, \u00e0 renoncer&nbsp;\u00e0 leurs ambitions et \u00e0 revoir de nouveau le d\u00e9lai de leur transition \u00e0 la baisse, pour entrer dans les bonnes gr\u00e2ces de la CEDEAO.&nbsp; Comment trouver le juste milieu ?<\/p>\n\n\n\n<p>Telle semble l\u2019\u00e9quation de cette m\u00e9diation togolaise qui s\u2019annonce comme un pari difficile pour le pr\u00e9sident Faure Gnassingb\u00e9. Surtout qu\u2019en la mati\u00e8re, il s\u2019agit de travailler \u00e0 ne pas exacerber les tensions ni \u00e0 en cr\u00e9er de nouvelles, encore moins \u00e0 faire perdre la face \u00e0 l\u2019une ou l\u2019autre des parties. Sur un plan plus large, la question de la facilitation du dialogue avec l\u2019ensemble de la communaut\u00e9 internationale, ne para\u00eet pas une t\u00e2che moins ardue. Surtout au regard du degr\u00e9 de d\u00e9gradation des relations entre les autorit\u00e9s de la transition et des partenaires strat\u00e9giques comme la France ou encore l\u2019union europ\u00e9enne. Et rien ne dit qu\u2019en mati\u00e8re de respect des principes et des valeurs d\u00e9mocratiques, certains partenaires ne trouveront pas \u00e0 redire sur le profil du facilitateur. En attendant, ce recours \u00e0 un m\u00e9diateur au moment o\u00f9 le dialogue direct entre Bamako et la CEDEAO est loin d\u2019\u00eatre rompu, ne manque pas d\u2019interroger. Qu\u2019est-ce qui coince pour que les autorit\u00e9s maliennes aient recours \u00e0 un facilitateur, en la personne du chef de l\u2019\u00c9tat togolais&nbsp;?<\/p>\n\n\n\n<p>En attendant d\u2019avoir la r\u00e9ponse \u00e0 cette question, c\u2019est l\u2019option d\u2019une diplomatie souterraine qui subodore une r\u00e9alit\u00e9 beaucoup plus difficile que Bamako ne semble vouloir l\u2019avouer, en lien avec l\u2019embargo \u00e9conomique qui met le Mali au bord de l\u2019apoplexie. Comme quoi, \u00ab&nbsp;on ne peut pas cacher le soleil avec un doigt&nbsp;\u00bb.<\/p>\n\n\n\n<p><strong>La R\u00e9daction<\/strong><\/p>\n\n\n\n<p><strong>Le Nouveau R\u00e9veil <\/strong><\/p>\n","protected":false},"excerpt":{"rendered":"<p>Sollicit\u00e9 par Bamako pour jouer les m\u00e9diateurs avec la Communaut\u00e9 \u00e9conomique des \u00c9tats de l\u2019Afrique de l\u2019Ouest (CEDEAO), dans un contexte o\u00f9 le Mali fait l\u2019objet de pressions internationales pour&hellip;<\/p>\n","protected":false},"author":1,"featured_media":5466,"comment_status":"open","ping_status":"closed","sticky":false,"template":"","format":"standard","meta":{"content-type":"","_lmt_disableupdate":"","_lmt_disable":"","_jetpack_memberships_contains_paid_content":false,"footnotes":"","jetpack_publicize_message":"","jetpack_publicize_feature_enabled":true,"jetpack_social_post_already_shared":false,"jetpack_social_options":{"image_generator_settings":{"template":"highway","default_image_id":0,"font":"","enabled":false},"version":2}},"categories":[46],"tags":[],"class_list":["post-5464","post","type-post","status-publish","format-standard","has-post-thumbnail","hentry","category-cedeao"],"jetpack_publicize_connections":[],"featured_image_urls":{"full":"","thumbnail":"","medium":"","medium_large":"","large":"","1536x1536":"","2048x2048":"","penci-recipe-1200x1200":"","penci-recipe-1200x900":"","penci-recipe-1200x675":"","penci-single-full":"","penci-slider-full-thumb":"","penci-full-thumb":"","penci-slider-thumb":"","penci-magazine-slider":"","penci-thumb":"","penci-masonry-thumb":"","penci-thumb-square":"","penci-thumb-vertical":"","penci-thumb-small":""},"author_info":{"display_name":"Nandi","author_link":"https:\/\/nandi.info\/?author=1"},"category_info":"<a href=\"https:\/\/nandi.info\/?cat=46\" rel=\"category\">CEDEAO<\/a>","tag_info":"CEDEAO","comment_count":"0","jetpack_featured_media_url":"","jetpack_sharing_enabled":true,"_links":{"self":[{"href":"https:\/\/nandi.info\/index.php?rest_route=\/wp\/v2\/posts\/5464","targetHints":{"allow":["GET"]}}],"collection":[{"href":"https:\/\/nandi.info\/index.php?rest_route=\/wp\/v2\/posts"}],"about":[{"href":"https:\/\/nandi.info\/index.php?rest_route=\/wp\/v2\/types\/post"}],"author":[{"embeddable":true,"href":"https:\/\/nandi.info\/index.php?rest_route=\/wp\/v2\/users\/1"}],"replies":[{"embeddable":true,"href":"https:\/\/nandi.info\/index.php?rest_route=%2Fwp%2Fv2%2Fcomments&post=5464"}],"version-history":[{"count":0,"href":"https:\/\/nandi.info\/index.php?rest_route=\/wp\/v2\/posts\/5464\/revisions"}],"wp:featuredmedia":[{"embeddable":true,"href":"https:\/\/nandi.info\/index.php?rest_route=\/"}],"wp:attachment":[{"href":"https:\/\/nandi.info\/index.php?rest_route=%2Fwp%2Fv2%2Fmedia&parent=5464"}],"wp:term":[{"taxonomy":"category","embeddable":true,"href":"https:\/\/nandi.info\/index.php?rest_route=%2Fwp%2Fv2%2Fcategories&post=5464"},{"taxonomy":"post_tag","embeddable":true,"href":"https:\/\/nandi.info\/index.php?rest_route=%2Fwp%2Fv2%2Ftags&post=5464"}],"curies":[{"name":"wp","href":"https:\/\/api.w.org\/{rel}","templated":true}]}}