{"id":5459,"date":"2022-05-09T14:45:00","date_gmt":"2022-05-09T12:45:00","guid":{"rendered":"https:\/\/nandi.info\/?p=5459"},"modified":"2022-05-09T14:45:00","modified_gmt":"2022-05-09T12:45:00","slug":"edito-une-mediation-qui-ne-doit-pas-echouer","status":"publish","type":"post","link":"https:\/\/nandi.info\/?p=5459","title":{"rendered":"\u00c9dito : Une m\u00e9diation qui ne doit pas \u00e9chouer"},"content":{"rendered":"\n<p><strong>Le Mali est sous embargo de la CEDEAO et de l\u2019UEMOA depuis plus de 4 mois. Les populations maliennes aussi bien que celles des autres pays membres de l\u2019organisation sous-r\u00e9gionales souffrent \u00e9norm\u00e9ment. Partout, il y a une soif de la lev\u00e9e des sanctions, en tout cas au niveau des populations qui sont interd\u00e9pendantes. Les dirigeants maliens aussi bien que les chefs d\u2019\u00c9tat des pays membres de la CEDEAO ont exprim\u00e9 leur volont\u00e9 de continuer le dialogue afin d\u2019aboutir \u00e0 une solution d\u00e9finitive de la crise.<\/strong><\/p>\n\n\n\n<p class=\"has-drop-cap\">Mais les n\u00e9gociations entam\u00e9es entre les deux parties ont toutes \u00e9chou\u00e9. Cause&nbsp;: le chronogramme de fin de transition au Mali divise. Le Mali qui avait, au sortir des Assises Nationales de la Refondation, propos\u00e9 une transition de 5 ans, a revu ce d\u00e9lai en baisse. 24 mois, c\u2019est le nouveau d\u00e9lai qu\u2019il a propos\u00e9 et m\u00eame act\u00e9 pour la fin de la transition. Ce d\u00e9lai, selon le Premier ministre, permettra aux autorit\u00e9s de la Transition de mener toutes les r\u00e9formes politiques et institutionnelles et organiser les \u00e9lections libres, cr\u00e9dibles et transparentes accept\u00e9es de tous. \u00ab&nbsp;<em>Nous avions d\u00e9cid\u00e9 d\u00e9rouler notre action sur les 24 mois.&nbsp; A partir du 20 avril 2022, nous sommes dans phase de mise en \u0153uvre des principaux axes de la transition<\/em>&nbsp;\u00bb, a annonc\u00e9 le Premier ministre lors de son interpellation par le CNT.<\/p>\n\n\n\n<p>Pour sa part, la CEDEAO, lors de la derni\u00e8re mission de m\u00e9diation de Goodluck au Mali, s\u2019est limit\u00e9e \u00e0 une dur\u00e9e d\u2019un an. Pourtant, le Mali trouve que les reformes sont nombreuses et ne peuvent pas \u00eatre faites dans cette p\u00e9riode.<\/p>\n\n\n\n<p>Ainsi, apr\u00e8s des semaines de silence, le Mali entame le processus du dialogue. Cette fois-ci, c\u2019est le pr\u00e9sident de la R\u00e9publique du Togo qui a \u00e9t\u00e9 choisi comme m\u00e9diateur. \u00ab<em>&nbsp;Nous avons, au nom du pr\u00e9sident de la transition, sollicit\u00e9 le pr\u00e9sident Faure Gnassingb\u00e9 (\u2026) pour faciliter le dialogue avec les acteurs r\u00e9gionaux et plus largement le dialogue avec l\u2019ensemble de la communaut\u00e9 internationale pour trouver un compromis pouvant nous permettre de sortir de la crise<\/em>&nbsp;\u00bb, a d\u00e9clar\u00e9 le ministre Abdoulaye Diop \u00e0 l\u2019issu d\u2019une visite de travail et d\u2019amiti\u00e9 \u00e0 Lom\u00e9, dans la capitale Togolaise les 3 et 4 mai 2022. Cette d\u00e9marche du gouvernement malien est n\u00e9cessaire pour une sortie de crise avec les organisations sous r\u00e9gionales.<\/p>\n\n\n\n<p>Aujourd\u2019hui, il faut mettre fin \u00e0 la souffrance des populations, maliennes et celles des pays de la CEDEAO.<\/p>\n\n\n\n<p>Ainsi, tout doit \u00eatre fait pour que la m\u00e9diation du pr\u00e9sident Togolais r\u00e9ussisse. Cette m\u00e9diation doit r\u00e9ussir parce que nos pays en ont besoin. Elle doit r\u00e9ussir car le Mali a donn\u00e9 une dur\u00e9e claire pour la fin de la transition. Il revient aux Chefs d\u2019\u00c9tat de la CEDEAO de faire des efforts pour acter les deux ans et exiger son respect. Si elle acte et accepte d\u2019accompagner les autorit\u00e9s maliennes durant cette p\u00e9riode, il y a espoir de la r\u00e9ussite des reformes inclusives et d\u2019\u00e9lections transparentes. Quant au gouvernement, il doit continuer \u00e0 apaiser le discours et multiplier les actions en faveur du dialogue comme il est en train de le faire.<\/p>\n\n\n\n<p><strong>Boureima Guindo<\/strong><\/p>\n\n\n\n<p><strong>Le Pays<\/strong><\/p>\n","protected":false},"excerpt":{"rendered":"<p>Le Mali est sous embargo de la CEDEAO et de l\u2019UEMOA depuis plus de 4 mois. Les populations maliennes aussi bien que celles des autres pays membres de l\u2019organisation sous-r\u00e9gionales&hellip;<\/p>\n","protected":false},"author":1,"featured_media":5460,"comment_status":"open","ping_status":"closed","sticky":false,"template":"","format":"standard","meta":{"content-type":"","_lmt_disableupdate":"","_lmt_disable":"","_jetpack_memberships_contains_paid_content":false,"footnotes":"","jetpack_publicize_message":"","jetpack_publicize_feature_enabled":true,"jetpack_social_post_already_shared":false,"jetpack_social_options":{"image_generator_settings":{"template":"highway","default_image_id":0,"font":"","enabled":false},"version":2}},"categories":[34],"tags":[],"class_list":["post-5459","post","type-post","status-publish","format-standard","has-post-thumbnail","hentry","category-editorial"],"jetpack_publicize_connections":[],"featured_image_urls":{"full":"","thumbnail":"","medium":"","medium_large":"","large":"","1536x1536":"","2048x2048":"","penci-recipe-1200x1200":"","penci-recipe-1200x900":"","penci-recipe-1200x675":"","penci-single-full":"","penci-slider-full-thumb":"","penci-full-thumb":"","penci-slider-thumb":"","penci-magazine-slider":"","penci-thumb":"","penci-masonry-thumb":"","penci-thumb-square":"","penci-thumb-vertical":"","penci-thumb-small":""},"author_info":{"display_name":"Nandi","author_link":"https:\/\/nandi.info\/?author=1"},"category_info":"<a href=\"https:\/\/nandi.info\/?cat=34\" rel=\"category\">Editorial<\/a>","tag_info":"Editorial","comment_count":"0","jetpack_featured_media_url":"","jetpack_sharing_enabled":true,"_links":{"self":[{"href":"https:\/\/nandi.info\/index.php?rest_route=\/wp\/v2\/posts\/5459","targetHints":{"allow":["GET"]}}],"collection":[{"href":"https:\/\/nandi.info\/index.php?rest_route=\/wp\/v2\/posts"}],"about":[{"href":"https:\/\/nandi.info\/index.php?rest_route=\/wp\/v2\/types\/post"}],"author":[{"embeddable":true,"href":"https:\/\/nandi.info\/index.php?rest_route=\/wp\/v2\/users\/1"}],"replies":[{"embeddable":true,"href":"https:\/\/nandi.info\/index.php?rest_route=%2Fwp%2Fv2%2Fcomments&post=5459"}],"version-history":[{"count":0,"href":"https:\/\/nandi.info\/index.php?rest_route=\/wp\/v2\/posts\/5459\/revisions"}],"wp:featuredmedia":[{"embeddable":true,"href":"https:\/\/nandi.info\/index.php?rest_route=\/"}],"wp:attachment":[{"href":"https:\/\/nandi.info\/index.php?rest_route=%2Fwp%2Fv2%2Fmedia&parent=5459"}],"wp:term":[{"taxonomy":"category","embeddable":true,"href":"https:\/\/nandi.info\/index.php?rest_route=%2Fwp%2Fv2%2Fcategories&post=5459"},{"taxonomy":"post_tag","embeddable":true,"href":"https:\/\/nandi.info\/index.php?rest_route=%2Fwp%2Fv2%2Ftags&post=5459"}],"curies":[{"name":"wp","href":"https:\/\/api.w.org\/{rel}","templated":true}]}}