{"id":5458,"date":"2022-05-11T15:17:50","date_gmt":"2022-05-11T13:17:50","guid":{"rendered":"https:\/\/nandi.info\/?p=5458"},"modified":"2022-05-11T15:17:50","modified_gmt":"2022-05-11T13:17:50","slug":"fana-les-femmes-a-la-conquete-de-plus-despaces","status":"publish","type":"post","link":"https:\/\/nandi.info\/?p=5458","title":{"rendered":"FANA : Les femmes \u00e0 la conqu\u00eate de plus d\u2019espaces"},"content":{"rendered":"\n<p><strong>La bourgade de Fana est situ\u00e9e entre Bamako et S\u00e9gou. Zone rurale par excellence, les femmes comptent sur les avanc\u00e9es de la loi pour imposer aux hommes les r\u00e9formes.<\/strong><\/p>\n\n\n\n<p class=\"has-drop-cap\">La soci\u00e9t\u00e9 malienne est fondamentalement phallocratique. Pour amener l\u2019\u00e9galit\u00e9 entre les sexes et promouvoir une certaine justice entre les sexes, les autorit\u00e9s ont vot\u00e9 des lois en faveur de l\u2019\u00e9mancipation des femmes.<\/p>\n\n\n\n<p>A Fana, localit\u00e9 encore tr\u00e8s rurale, la question est tr\u00e8s exacerb\u00e9e et la lutte des femmes est encore plus d\u00e9licate, oblig\u00e9es qu\u2019elles sont de naviguer entre le poids des traditions et le d\u00e9sir de s\u2019affranchir des lourdeurs.<\/p>\n\n\n\n<p><em>\u00ab&nbsp;Aujourd\u2019hui, notre principal cri de c\u0153ur c\u2019est vraiment de r\u00e9clamer nos droits et nous imposer pour avoir les places que nous m\u00e9ritons. Nous voulons aussi des places dans les organisations, \u00e0 la mairie ou encore dans les bureaux des partis politiques&nbsp;\u00bb<\/em>, explique madame Sidib\u00e9 Bintou Dansogo, enseignante.<\/p>\n\n\n\n<p>Pour elle, \u00ab&nbsp;il n\u2019y a personne qui connait mieux les probl\u00e8mes de nos localit\u00e9s mieux que nous les femmes. Nous sommes les premi\u00e8res responsables des enfants. Normalement, au moins, pour des questions concernant l\u2019enfant, l\u2019\u00e9ducation, la famille, le bien-\u00eatre, il est temps que nous soyons \u00e0 d\u00e9faut d\u2019\u00eatre impliqu\u00e9es, concert\u00e9es&nbsp;\u00bb, ajoute l\u2019enseignante<em>.<\/em><\/p>\n\n\n\n<p><em>\u00ab\u00a0Pour moi, il reste des espaces \u00e0 conqu\u00e9rir pour les femmes. En ville, c\u2019est plus facile. Ici, une femme qui veut parler en publique est consid\u00e9r\u00e9e comme portant le pantalon chez elle, comme quelqu\u2019un qui domine son mari, qui n\u2019a pas d\u2019\u00e9ducation. Pire, si elle n\u2019est pas mari\u00e9e, on lui dira qu\u2019elle est aigrie et veut g\u00e2ter les foyers des autres en les amenant \u00e0 se r\u00e9volter contre leur mari\u00a0\u00bb,\u00a0<\/em>ajoute Oumou Sylla, qui, quoique disponible pour militer, se r\u00e9serve du fait de son statut de c\u00e9libataire et du fait du regard des autres.<\/p>\n\n\n\n<p>Benda Sanogo, conseill\u00e8re \u00e0 la mairie&nbsp;<em>\u00ab&nbsp;la femme peut et occupe beaucoup de places dans la soci\u00e9t\u00e9. La femme, peu importe comment elle est et les conditions dans lesquelles elle vit, doit s\u2019impliquer dans les activit\u00e9s et le d\u00e9veloppement de la soci\u00e9t\u00e9. La femme doit prendre des initiatives pour marquer le r\u00f4le qu\u2019elle joue. Nous ne sommes pas compl\u00e8tement en marge, car au niveau de certains aspects, nous avons des droits, surtout gr\u00e2ce \u00e0 la loi 052 qui nous octroie des places sur les listes \u00e9lectorales&nbsp;\u00bb.<\/em><\/p>\n\n\n\n<p>Selon madame Traor\u00e9 Babintou Sissoko, membre du r\u00e9seau des femmes de Fana&nbsp;:&nbsp;<em>\u00ab&nbsp;pour moi c\u2019est depuis le jeune \u00e2ge que la jeune femme peut s\u2019affirmer et r\u00e9clamer ce qui lui est du. Avant, d\u00e8s qu\u2019une jeune femme voyait ses menstrues, on la donnait en mariage et ainsi s\u2019arr\u00eatait ses \u00e9tudes. Aujourd\u2019hui, je ne dirai pas que cela ne se fait plus, mais avec les formations des partis politiques, des associations de femmes engag\u00e9es dans le d\u00e9veloppement de nos communes les filles peuvent dire non lorsqu\u2019elles ne sont pas d\u2019accord&nbsp;\u00bb.<\/em><\/p>\n\n\n\n<p>Pour elle, la femme a des droits et m\u00e9rite le m\u00eame respect que l\u2019homme. \u00ab\u00a0Je fais en sorte que les hommes comprennent le respect du quota de m\u00eame que les questions de BVG et d\u2019\u00e9quit\u00e9 genre\u00a0\u00bb, explique madame Traor\u00e9.<\/p>\n\n\n\n<p>\u00ab&nbsp;En tout cas, ici \u00e0 Fana, nous souhaiterions exercer tous les travaux que peuvent pratiquer les hommes ou du moins apprendre. Du moment o\u00f9 le gouvernement m\u00eame a d\u00e9cr\u00e9t\u00e9 des lois favorisant l\u2019int\u00e9gration des femmes, nous prenons un plaisir \u00e0 revendiquer la place qui nous revient de droit \u00bb, ajoute notre interlocutrice.<\/p>\n\n\n\n<p><strong>Aminata Agaly Yattara<\/strong><\/p>\n\n\n\n<p><em>Cet article a \u00e9t\u00e9 publi\u00e9 avec le soutien de JDH Journalistes pour les Droits Humains et NED<\/em><\/p>\n\n\n\n<p>\u00a0<strong>Mali Tribune<\/strong><\/p>\n","protected":false},"excerpt":{"rendered":"<p>La bourgade de Fana est situ\u00e9e entre Bamako et S\u00e9gou. Zone rurale par excellence, les femmes comptent sur les avanc\u00e9es de la loi pour imposer aux hommes les r\u00e9formes. La&hellip;<\/p>\n","protected":false},"author":1,"featured_media":0,"comment_status":"open","ping_status":"closed","sticky":false,"template":"","format":"standard","meta":{"content-type":"","_lmt_disableupdate":"","_lmt_disable":"","_jetpack_memberships_contains_paid_content":false,"footnotes":"","jetpack_publicize_message":"","jetpack_publicize_feature_enabled":true,"jetpack_social_post_already_shared":false,"jetpack_social_options":{"image_generator_settings":{"template":"highway","default_image_id":0,"font":"","enabled":false},"version":2}},"categories":[27],"tags":[],"class_list":["post-5458","post","type-post","status-publish","format-standard","hentry","category-femmes"],"jetpack_publicize_connections":[],"featured_image_urls":{"full":"","thumbnail":"","medium":"","medium_large":"","large":"","1536x1536":"","2048x2048":"","penci-recipe-1200x1200":"","penci-recipe-1200x900":"","penci-recipe-1200x675":"","penci-single-full":"","penci-slider-full-thumb":"","penci-full-thumb":"","penci-slider-thumb":"","penci-magazine-slider":"","penci-thumb":"","penci-masonry-thumb":"","penci-thumb-square":"","penci-thumb-vertical":"","penci-thumb-small":""},"author_info":{"display_name":"Nandi","author_link":"https:\/\/nandi.info\/?author=1"},"category_info":"<a href=\"https:\/\/nandi.info\/?cat=27\" rel=\"category\">Femmes<\/a>","tag_info":"Femmes","comment_count":"0","jetpack_featured_media_url":"","jetpack_sharing_enabled":true,"_links":{"self":[{"href":"https:\/\/nandi.info\/index.php?rest_route=\/wp\/v2\/posts\/5458","targetHints":{"allow":["GET"]}}],"collection":[{"href":"https:\/\/nandi.info\/index.php?rest_route=\/wp\/v2\/posts"}],"about":[{"href":"https:\/\/nandi.info\/index.php?rest_route=\/wp\/v2\/types\/post"}],"author":[{"embeddable":true,"href":"https:\/\/nandi.info\/index.php?rest_route=\/wp\/v2\/users\/1"}],"replies":[{"embeddable":true,"href":"https:\/\/nandi.info\/index.php?rest_route=%2Fwp%2Fv2%2Fcomments&post=5458"}],"version-history":[{"count":0,"href":"https:\/\/nandi.info\/index.php?rest_route=\/wp\/v2\/posts\/5458\/revisions"}],"wp:attachment":[{"href":"https:\/\/nandi.info\/index.php?rest_route=%2Fwp%2Fv2%2Fmedia&parent=5458"}],"wp:term":[{"taxonomy":"category","embeddable":true,"href":"https:\/\/nandi.info\/index.php?rest_route=%2Fwp%2Fv2%2Fcategories&post=5458"},{"taxonomy":"post_tag","embeddable":true,"href":"https:\/\/nandi.info\/index.php?rest_route=%2Fwp%2Fv2%2Ftags&post=5458"}],"curies":[{"name":"wp","href":"https:\/\/api.w.org\/{rel}","templated":true}]}}