{"id":5454,"date":"2022-05-11T14:25:17","date_gmt":"2022-05-11T12:25:17","guid":{"rendered":"https:\/\/nandi.info\/?p=5454"},"modified":"2022-05-11T14:25:17","modified_gmt":"2022-05-11T12:25:17","slug":"presidence-de-lespoir-mali-kura-cheick-oumar-sissoko-vire","status":"publish","type":"post","link":"https:\/\/nandi.info\/?p=5454","title":{"rendered":"Pr\u00e9sidence de l\u2019Espoir Mali Kura : Cheick Oumar Sissoko vir\u00e9"},"content":{"rendered":"\n<p><strong>Eh Oui, le coordinateur Cheick Oumar Sissoko ne d\u00e9tient aucun autre privil\u00e8ge pour se prononcer au nom du mouvement Espoir Mali Kura. Hier mardi, 10 mai 2022, l\u2019annonce a \u00e9t\u00e9 faite par les membres du noyau fondateurs du regroupement, compos\u00e9s de pr\u00e8s d\u2019une dizaine de personnes dont l\u2019actuel ministre de la Refondation, le Pr. Ibrahim Ikassa Maiga.<\/strong><\/p>\n\n\n\n<p class=\"has-drop-cap\">A compter de ce mardi 10 mai 2022, Cheick Oumar Sissoko n\u2019est plus le coordinateur de l\u2019Espoir Mali Kura, le mouvement ayant d\u00e9cid\u00e9 de chasser le d\u00e9funt r\u00e9gime d\u2019Ibrahim Boubacar Keita du pouvoir, en compagnie avec de la CMAS de Mahmoud Dicko et du FSD du PM. Choguel Kokalla Maiga. Telle reste, en substance, l\u2019information sortie du point de presse anim\u00e9 par les membres du noyau fondateurs de l\u2019EMK. Parmi lesquels figurait l\u2019actuel ministre de la Refondation malienne, le Pr. Ibrahim Ikassa Maiga.<\/p>\n\n\n\n<p>Selon les conf\u00e9renciers, l\u2019annonce de cette d\u00e9cision fait suite \u00e0 plusieurs d\u00e9marches effectu\u00e9es aupr\u00e8s de l\u2019incrimin\u00e9. Cela, en vue de lui convaincre pour que les militants, sympathisants et les cadres du mouvement parlent d\u2019un m\u00eame langage en vain.<\/p>\n\n\n\n<p>A cet effet, les responsables disent d\u00e9plorer de constater que Cheick Oumar soit dans une autre logique que l\u2019accompagnement des nouvelles autorit\u00e9s, pour la r\u00e9ussite de la transition. Ainsi, dans une d\u00e9claration lue pour la circonstance, les membres du mouvement reconnaissent avoir constitu\u00e9 avec Cheick Oumar Sissoko, PR. Cl\u00e9ment Mamadou Demb\u00e9l\u00e9 et d\u2019autres personnalit\u00e9s au nombre de 9 personnes un groupe appel\u00e9 le \u2018\u2019Noyau\u2019\u2019, lors de la cr\u00e9ation du mouvement.<\/p>\n\n\n\n<p>En tant que pr\u00e9curseurs des id\u00e9aux r\u00e9volutionnaires ayant d\u00e9bouch\u00e9 sur des regroupements (M5-RFP) qui ont occasionn\u00e9 la chute du r\u00e9gime IBK, les responsables soutiennent que le d\u00e9sormais ex-coordinateur de EMK ait refus\u00e9 de voir la v\u00e9rit\u00e9 d\u2019en face. Laquelle r\u00e9alit\u00e9 consiste \u00e0 travailler pour l\u2019aboutissement de \u2018\u2019Mali Kura\u2019\u2019 dont r\u00eavent les Maliens. Un comportement qui, indiquent les conf\u00e9renciers, fait que le d\u00e9saccord s\u2019est install\u00e9 au sein du regroupement.<\/p>\n\n\n\n<p>Constatant alors que l\u2019auteur ne veut surtout pas reculer en cherchant \u00e0 s\u2019entendre avec les autres, les responsables soulignent vouloir ainsi d\u00e9cider de prendre certaines mesures \u00e0 son encontre. En clair, ils disent de ne plus reconnaitre Cheick Oumar Sissoko comme coordinateur du mouvement, \u00e0 compter de ce mardi 10 mai. \u00ab Pour compter de ce mardi 10 mai, Cheick Oumar Sissoko est d\u00e9mis des fonctions de coordination de EMK \u00bb, lit-on dans la d\u00e9claration qui pr\u00e9cise : \u00ab La maison de Cheick Oumar, utilis\u00e9e comme le si\u00e8ge de l\u2019EMK est d\u00e9saffect\u00e9e\u00bb. Les r\u00e9unions se tiendront d\u00e9sormais dans un autre lieu.<\/p>\n\n\n\n<p>Aussi, annoncent les responsables du EMK qui soutiennent avoir ainsi d\u00e9cid\u00e9 de prendre le mouvement en main, le comit\u00e9 du pilotage du mouvement est, dans sa forme actuelle, dissout. \u00c0 la diff\u00e9rence de Cheick Oumar qui semble \u00eatre parmi les d\u00e9tracteurs des autorit\u00e9s, les conf\u00e9renciers disent apporter leur \u00ab soutien ind\u00e9fectible \u00bb aux autorit\u00e9s de la transition.<br><br><strong>Mamadou Diarra<\/strong><\/p>\n\n\n\n<p>\u00a0<strong>Le Pays<\/strong><\/p>\n","protected":false},"excerpt":{"rendered":"<p>Eh Oui, le coordinateur Cheick Oumar Sissoko ne d\u00e9tient aucun autre privil\u00e8ge pour se prononcer au nom du mouvement Espoir Mali Kura. Hier mardi, 10 mai 2022, l\u2019annonce a \u00e9t\u00e9&hellip;<\/p>\n","protected":false},"author":1,"featured_media":5456,"comment_status":"open","ping_status":"closed","sticky":false,"template":"","format":"standard","meta":{"content-type":"","_lmt_disableupdate":"","_lmt_disable":"","_jetpack_memberships_contains_paid_content":false,"footnotes":"","jetpack_publicize_message":"","jetpack_publicize_feature_enabled":true,"jetpack_social_post_already_shared":false,"jetpack_social_options":{"image_generator_settings":{"template":"highway","default_image_id":0,"font":"","enabled":false},"version":2}},"categories":[23],"tags":[],"class_list":["post-5454","post","type-post","status-publish","format-standard","has-post-thumbnail","hentry","category-politique"],"jetpack_publicize_connections":[],"featured_image_urls":{"full":"","thumbnail":"","medium":"","medium_large":"","large":"","1536x1536":"","2048x2048":"","penci-recipe-1200x1200":"","penci-recipe-1200x900":"","penci-recipe-1200x675":"","penci-single-full":"","penci-slider-full-thumb":"","penci-full-thumb":"","penci-slider-thumb":"","penci-magazine-slider":"","penci-thumb":"","penci-masonry-thumb":"","penci-thumb-square":"","penci-thumb-vertical":"","penci-thumb-small":""},"author_info":{"display_name":"Nandi","author_link":"https:\/\/nandi.info\/?author=1"},"category_info":"<a href=\"https:\/\/nandi.info\/?cat=23\" rel=\"category\">Politique<\/a>","tag_info":"Politique","comment_count":"0","jetpack_featured_media_url":"","jetpack_sharing_enabled":true,"_links":{"self":[{"href":"https:\/\/nandi.info\/index.php?rest_route=\/wp\/v2\/posts\/5454","targetHints":{"allow":["GET"]}}],"collection":[{"href":"https:\/\/nandi.info\/index.php?rest_route=\/wp\/v2\/posts"}],"about":[{"href":"https:\/\/nandi.info\/index.php?rest_route=\/wp\/v2\/types\/post"}],"author":[{"embeddable":true,"href":"https:\/\/nandi.info\/index.php?rest_route=\/wp\/v2\/users\/1"}],"replies":[{"embeddable":true,"href":"https:\/\/nandi.info\/index.php?rest_route=%2Fwp%2Fv2%2Fcomments&post=5454"}],"version-history":[{"count":0,"href":"https:\/\/nandi.info\/index.php?rest_route=\/wp\/v2\/posts\/5454\/revisions"}],"wp:featuredmedia":[{"embeddable":true,"href":"https:\/\/nandi.info\/index.php?rest_route=\/"}],"wp:attachment":[{"href":"https:\/\/nandi.info\/index.php?rest_route=%2Fwp%2Fv2%2Fmedia&parent=5454"}],"wp:term":[{"taxonomy":"category","embeddable":true,"href":"https:\/\/nandi.info\/index.php?rest_route=%2Fwp%2Fv2%2Fcategories&post=5454"},{"taxonomy":"post_tag","embeddable":true,"href":"https:\/\/nandi.info\/index.php?rest_route=%2Fwp%2Fv2%2Ftags&post=5454"}],"curies":[{"name":"wp","href":"https:\/\/api.w.org\/{rel}","templated":true}]}}