{"id":5185,"date":"2022-05-09T15:34:56","date_gmt":"2022-05-09T13:34:56","guid":{"rendered":"https:\/\/nandi.info\/?p=5185"},"modified":"2022-05-09T15:34:56","modified_gmt":"2022-05-09T13:34:56","slug":"bandiougou-dante-lors-de-la-celebration-de-la-journee-mondiale-de-la-liberte-de-la-presse-la-presse-malienne-est-plongee-aujourdhui-dans-une-precarite-sans-precedent","status":"publish","type":"post","link":"https:\/\/nandi.info\/?p=5185","title":{"rendered":"Bandiougou Dant\u00e9 lors de la c\u00e9l\u00e9bration de la journ\u00e9e mondiale de la libert\u00e9 de la presse : \u00ab La presse malienne est plong\u00e9e aujourd\u2019hui dans une pr\u00e9carit\u00e9 sans pr\u00e9c\u00e9dent \u00bb"},"content":{"rendered":"\n<p><strong><em>Le Mali \u00e0 l\u2019instar des autres pays du monde a c\u00e9l\u00e9br\u00e9 la Journ\u00e9e mondiale de la libert\u00e9 de la presse, le dimanche 8 mai \u00e0 la Maison de la Presse. Pour l\u2019occasion, apr\u00e8s la c\u00e9r\u00e9monie d\u2019ouverture, le Groupement Professionnel des Agences de Communication et R\u00e9gies Publicitaires du Mali (GPAC) en collaboration avec la Maison de la Presse, a organis\u00e9 une conf\u00e9rence d\u00e9bat sur le th\u00e8me \u00ab&nbsp; l\u2019Etat de la libert\u00e9 de la presse en cette p\u00e9riode de transition au Mali&nbsp;\u00bb. C\u2019\u00e9tait sous la pr\u00e9sidence du doyen et l\u2019ancien ministre Gaoussou Drabo de la Haute Autorit\u00e9 de la Communication (HAC) et en pr\u00e9sence du Pr\u00e9sident de la Maison de la Presse, Bandiougou Dant\u00e9 .<\/em><\/strong><\/p>\n\n\n\n<p class=\"has-drop-cap\">Cette \u00e9dition de 2022 se passe \u00e0 un moment assez particulier de la vie de notre pays. Le pays est confront\u00e9 a des innombrables d\u00e9fis qui menacent le quotidien de tout un chacun et jouent sur le fonctionnement de l\u2019Etat. Raison pour laquelle, la Journ\u00e9e mondiale de la libert\u00e9 de la Presse qui est c\u00e9l\u00e9br\u00e9e chaque 3 mai n\u2019a pas respect\u00e9 tout son agenda au Mali.&nbsp; Ce qui fera dire au Pr\u00e9sident de la Maison de la Presse, Bandiougou Dant\u00e9 que cette ann\u00e9e, \u00e0 cause de la situation sociale et \u00e9conomique pr\u00e9caire du pays, ils ont opt\u00e9 pour un format de c\u00e9l\u00e9bration simple tr\u00e8s significative dans l\u2019honneur et dans la dignit\u00e9. Surtout que, dira-t-il, cette journ\u00e9e est c\u00e9l\u00e9br\u00e9e dans&nbsp; un contexte marqu\u00e9 par la disparition prolong\u00e9e du journaliste Birama Tour\u00e9&nbsp; depuis six ans, l\u2019enl\u00e8vement et la d\u00e9tention forc\u00e9e de Hamadoun Nialibouly de la radio Dand\u00e9 de Douentza&nbsp; depuis le 27 septembre 2020, de Moussa Bana Dicko de la radio Dand\u00e9 Hair\u00e9 de Boni., d\u2019Olivier Dubois, journaliste fran\u00e7ais vivant au Mali, depuis dix ans avec sa famille, enlev\u00e9 le 8 avril 2021, il y a un an jour pour jour. \u00ab&nbsp; Nous avons maintes fois attir\u00e9 l\u2019attention des plus hautes autorit\u00e9s de notre pays sur leur situation. L\u2019occasion est bonne de le rappeler&nbsp;\u00bb, a affirm\u00e9 M. Dant\u00e9. Pour lui, cette journ\u00e9e est \u00e9galement c\u00e9l\u00e9br\u00e9e dans un contexte marqu\u00e9 par la pr\u00e9carit\u00e9 sans pr\u00e9c\u00e9dent dans laquelle est plong\u00e9e la presse malienne. Cette pr\u00e9carit\u00e9 a comme cons\u00e9quences la parution irr\u00e9guli\u00e8re des journaux, la diminution des heures d\u2019\u00e9missions des radios&nbsp;, sinon la fermeture pure et simple, l\u2019incertitude sur la vie m\u00eame des t\u00e9l\u00e9visions confront\u00e9es aux lourdes charges et \u00e0 une concurrence d\u00e9loyale impitoyable et une presse en ligne qui ne demande que l\u2019adoption de ses textes lui permettant de nettoyer son espace.<\/p>\n\n\n\n<p>Pour le Pr\u00e9sident Dant\u00e9, le th\u00e8me choisi en cette 31<sup>\u00e8me<\/sup>&nbsp;\u00e9dition de la journ\u00e9e mondiale de la libert\u00e9 de la presse cadre parfaitement avec la r\u00e9alit\u00e9 nationale.&nbsp; A l\u2019en croire, le monde actuel connait une \u00e9volution rapide dans le domaine des m\u00e9dias. Et cette \u00e9volution est rendue possible gr\u00e2ce au d\u00e9veloppement spectaculaire des nouvelles technologies de l\u2019information,&nbsp; de la communication et le triomphe des m\u00e9dias sociaux. Apr\u00e8s voir fait un bref passage sur l\u2019historique&nbsp; et le d\u00e9roulement des activit\u00e9s de la presse dans notre pays, il a d\u00e9clar\u00e9 qu\u2019\u00e0 partir des ann\u00e9es 2014, la Haute Autorit\u00e9 de Communication ( HAC) a vu le jour. Et son premier d\u00e9fi \u00e9tait selon lui, d\u2019assainir le secteur des m\u00e9dias, notamment celui des radios par la r\u00e9gularisation de leur situation administrative, le blocage des cr\u00e9ations anarchiques et le suivi des contenus parfois scandaleux. Pour lui, la presse malienne a aujourd\u2019hui besoin d\u2019un accompagnement de tous les partenaires pour la mise en \u0153uvre de ses actions de plaidoyer, de renforcement de capacit\u00e9 des journalistes et de protection des journalistes. A ses dires, au Mali la presse fut parmi les acteurs principaux de la naissance de la d\u00e9mocratie et cette presse malienne plurielle a connu un parcours contrast\u00e9.&nbsp; \u00ab&nbsp;Aujourd\u2019hui la presse malienne a besoin de l\u2019assistance de tous les d\u00e9fenseurs de la libert\u00e9 et de la d\u00e9mocratie et des droits de l\u2019homme. Elle a besoin d\u2019une r\u00e9elle volont\u00e9 politique historique par l\u2019adoption des nouveaux textes, condition sine qua non, \u00e0 la refondation nationale&nbsp;\u00bb, a-t-il indiqu\u00e9.<\/p>\n\n\n\n<p>Dans son discours d\u2019ouverture, Gaoussou Drabo a d\u00e9clar\u00e9 qu\u2019il est important et n\u00e9cessaire pour les medias de se comporter et se transformer en entreprise de presse. Il a surtout insist\u00e9 sur le professionnalisme dont les journalistes devront faire preuve afin qu\u2019ils puissent mener leurs activit\u00e9s librement et aider le pays \u00e0 faire face \u00e0 certains probl\u00e8mes notamment s\u00e9curitaires qui sont souvent raviv\u00e9s par les fake-news. Pour lui, la libert\u00e9 de la presse est l\u2019enfant de la r\u00e9volution de mars 91 qui a \u00e9t\u00e9 une lutte difficile et compliqu\u00e9e. Et d\u2019apr\u00e8s lui nous d\u00e9vons faire en sorte que les journalistes continuent encore de b\u00e9n\u00e9ficier des avantages de cette lutte. Et d\u2019inviter les acteurs de la presse \u00e0 la pers\u00e9v\u00e9rance et au courage face aux r\u00e9alit\u00e9s du moment.<\/p>\n\n\n\n<p><strong>Adama Tounkara<\/strong><\/p>\n\n\n\n<p><strong>Le Sursaut<\/strong> <\/p>\n","protected":false},"excerpt":{"rendered":"<p>Le Mali \u00e0 l\u2019instar des autres pays du monde a c\u00e9l\u00e9br\u00e9 la Journ\u00e9e mondiale de la libert\u00e9 de la presse, le dimanche 8 mai \u00e0 la Maison de la Presse.&hellip;<\/p>\n","protected":false},"author":1,"featured_media":4953,"comment_status":"open","ping_status":"closed","sticky":false,"template":"","format":"standard","meta":{"content-type":"","_lmt_disableupdate":"","_lmt_disable":"","_jetpack_memberships_contains_paid_content":false,"footnotes":"","jetpack_publicize_message":"","jetpack_publicize_feature_enabled":true,"jetpack_social_post_already_shared":false,"jetpack_social_options":{"image_generator_settings":{"template":"highway","default_image_id":0,"font":"","enabled":false},"version":2}},"categories":[26],"tags":[],"class_list":["post-5185","post","type-post","status-publish","format-standard","has-post-thumbnail","hentry","category-presse-journalisme"],"jetpack_publicize_connections":[],"featured_image_urls":{"full":["https:\/\/nandi.info\/wp-content\/uploads\/2022\/04\/Dante.jpg",720,479,false],"thumbnail":["https:\/\/nandi.info\/wp-content\/uploads\/2022\/04\/Dante-150x150.jpg",150,150,true],"medium":["https:\/\/nandi.info\/wp-content\/uploads\/2022\/04\/Dante-300x200.jpg",300,200,true],"medium_large":["https:\/\/nandi.info\/wp-content\/uploads\/2022\/04\/Dante.jpg",720,479,false],"large":["https:\/\/nandi.info\/wp-content\/uploads\/2022\/04\/Dante.jpg",720,479,false],"1536x1536":["https:\/\/nandi.info\/wp-content\/uploads\/2022\/04\/Dante.jpg",720,479,false],"2048x2048":["https:\/\/nandi.info\/wp-content\/uploads\/2022\/04\/Dante.jpg",720,479,false],"penci-recipe-1200x1200":["https:\/\/nandi.info\/wp-content\/uploads\/2022\/04\/Dante.jpg",720,479,false],"penci-recipe-1200x900":["https:\/\/nandi.info\/wp-content\/uploads\/2022\/04\/Dante.jpg",720,479,false],"penci-recipe-1200x675":["https:\/\/nandi.info\/wp-content\/uploads\/2022\/04\/Dante.jpg",720,479,false],"penci-single-full":["https:\/\/nandi.info\/wp-content\/uploads\/2022\/04\/Dante.jpg",720,479,false],"penci-slider-full-thumb":["https:\/\/nandi.info\/wp-content\/uploads\/2022\/04\/Dante.jpg",720,479,false],"penci-full-thumb":["https:\/\/nandi.info\/wp-content\/uploads\/2022\/04\/Dante.jpg",720,479,false],"penci-slider-thumb":["https:\/\/nandi.info\/wp-content\/uploads\/2022\/04\/Dante.jpg",720,479,false],"penci-magazine-slider":["https:\/\/nandi.info\/wp-content\/uploads\/2022\/04\/Dante.jpg",720,479,false],"penci-thumb":["https:\/\/nandi.info\/wp-content\/uploads\/2022\/04\/Dante.jpg",585,390,false],"penci-masonry-thumb":["https:\/\/nandi.info\/wp-content\/uploads\/2022\/04\/Dante.jpg",585,389,false],"penci-thumb-square":["https:\/\/nandi.info\/wp-content\/uploads\/2022\/04\/Dante.jpg",585,389,false],"penci-thumb-vertical":["https:\/\/nandi.info\/wp-content\/uploads\/2022\/04\/Dante.jpg",480,319,false],"penci-thumb-small":["https:\/\/nandi.info\/wp-content\/uploads\/2022\/04\/Dante.jpg",263,175,false]},"author_info":{"display_name":"Nandi","author_link":"https:\/\/nandi.info\/?author=1"},"category_info":"<a href=\"https:\/\/nandi.info\/?cat=26\" rel=\"category\">Presse\/Journalisme<\/a>","tag_info":"Presse\/Journalisme","comment_count":"0","jetpack_featured_media_url":"https:\/\/nandi.info\/wp-content\/uploads\/2022\/04\/Dante.jpg","jetpack_sharing_enabled":true,"_links":{"self":[{"href":"https:\/\/nandi.info\/index.php?rest_route=\/wp\/v2\/posts\/5185","targetHints":{"allow":["GET"]}}],"collection":[{"href":"https:\/\/nandi.info\/index.php?rest_route=\/wp\/v2\/posts"}],"about":[{"href":"https:\/\/nandi.info\/index.php?rest_route=\/wp\/v2\/types\/post"}],"author":[{"embeddable":true,"href":"https:\/\/nandi.info\/index.php?rest_route=\/wp\/v2\/users\/1"}],"replies":[{"embeddable":true,"href":"https:\/\/nandi.info\/index.php?rest_route=%2Fwp%2Fv2%2Fcomments&post=5185"}],"version-history":[{"count":0,"href":"https:\/\/nandi.info\/index.php?rest_route=\/wp\/v2\/posts\/5185\/revisions"}],"wp:featuredmedia":[{"embeddable":true,"href":"https:\/\/nandi.info\/index.php?rest_route=\/wp\/v2\/media\/4953"}],"wp:attachment":[{"href":"https:\/\/nandi.info\/index.php?rest_route=%2Fwp%2Fv2%2Fmedia&parent=5185"}],"wp:term":[{"taxonomy":"category","embeddable":true,"href":"https:\/\/nandi.info\/index.php?rest_route=%2Fwp%2Fv2%2Fcategories&post=5185"},{"taxonomy":"post_tag","embeddable":true,"href":"https:\/\/nandi.info\/index.php?rest_route=%2Fwp%2Fv2%2Ftags&post=5185"}],"curies":[{"name":"wp","href":"https:\/\/api.w.org\/{rel}","templated":true}]}}