{"id":5169,"date":"2022-05-09T14:34:00","date_gmt":"2022-05-09T12:34:00","guid":{"rendered":"https:\/\/nandi.info\/?p=5169"},"modified":"2022-05-09T14:34:00","modified_gmt":"2022-05-09T12:34:00","slug":"pour-lever-des-sanctions-contre-le-mali-faure-est-il-fort-pour-bien-mener-la-mediation","status":"publish","type":"post","link":"https:\/\/nandi.info\/?p=5169","title":{"rendered":"Pour lever des sanctions contre le Mali : Faure est-il fort pour bien mener la m\u00e9diation ?"},"content":{"rendered":"\n<p><strong><em>Le Pr\u00e9sident de la R\u00e9publique, Faure Gnassingb\u00e9 s\u2019est entretenu le mercredi 4 mai 2022 avec Abdoulaye Diop, ministre malien des Affaires \u00e9trang\u00e8res et de la coop\u00e9ration internationale. A cette occasion, le chef de la diplomatie malienne a demand\u00e9 \u00e0 Faure de mettre tout son poids dans la balance pour une issue de la crise entre la C\u00e9d\u00e9ao et le Mali. Faure est-t-il fort pour&nbsp; r\u00e9ussir cette m\u00e9diation dite de la derni\u00e8re chance&nbsp;?<\/em><\/strong><\/p>\n\n\n\n<p class=\"has-drop-cap\">C\u2019est \u00e0 bord de l\u2019avion pr\u00e9sidentiel du Mali que trois membres du gouvernement&nbsp;de Choguel Maiga : le ministre Abdoulaye Diop, ministre malien des Affaires \u00e9trang\u00e8res et de la coop\u00e9ration internationale, celui des Transports et enfin le ministre de l\u2019Economie et des Finances, Alhousseiny Sanou ont effectu\u00e9 jeudi dernier le voyage de Lom\u00e9, au Togo. Selon les informations v\u00e9hicul\u00e9es sur le site de la pr\u00e9sidence du Togo, \u00ab&nbsp;les autorit\u00e9s maliennes notamment le chef de&nbsp; la diplomatie malienne est porteur d\u2019un message de son Pr\u00e9sident, Assimi Go\u00efta au chef de l\u2019Etat togolais&nbsp;\u00bb.<\/p>\n\n\n\n<p>Il faut dire que ce voyage des \u00e9missaires d\u2019Assimi rentre dans le cadre de la recherche de voies et moyens pour une issue heureuse \u00e0 l\u2019embargo impos\u00e9e par les chefs d\u2019Etat de la CEDEAO. Qu\u2019on ne se voile pas la face, ces sanctions aujourd\u2019hui ont \u00e9touff\u00e9 l\u2019\u00e9conomie.<\/p>\n\n\n\n<p>Abdoulaye Diop n\u2019a-t-il pas inform\u00e9 son vis-\u00e0-vis de la volont\u00e9 des autorit\u00e9s maliennes d\u2019organiser les \u00e9lections \u00e0 l\u2019issue des 24 mois et de rendre le pouvoir au pr\u00e9sident d\u00e9mocratiquement \u00e9lu. Pour d\u00e9montrer leur bonne foi, M. Diop s\u2019est appesanti sur les efforts du gouvernement dans le sens des r\u00e9formes \u00e9lectorales.<\/p>\n\n\n\n<p>Pour Bamako, Faure pourrait \u00eatre ce \u00ab&nbsp;Messi&nbsp;\u00bb capable de mener les deux parties \u00e0 un accord. D\u2019ailleurs la pr\u00e9sidence togolaise&nbsp; semble \u00eatre optimiste pour l\u2019issue \u00ab&nbsp;Le Pr\u00e9sident de la R\u00e9publique s\u2019investit pour la stabilit\u00e9, la paix et le retour \u00e0 l\u2019ordre constitutionnel normal au Mali. D\u00e8s le d\u00e9but de la crise malienne, le Chef de l\u2019Etat s\u2019est fortement impliqu\u00e9 pour une r\u00e9solution par le dialogue et la concertation entre les acteurs politiques de ce pays fr\u00e8re confront\u00e9 \u00e9galement \u00e0 l\u2019ins\u00e9curit\u00e9 permanente avec des attaques terroristes tout comme certains pays de la sous-r\u00e9gion&nbsp;\u00bb. Et d\u2019ajouter que le Pr\u00e9sident de la R\u00e9publique est r\u00e9guli\u00e8rement consult\u00e9 en vue d\u2019une issue heureuse des transitions politiques et d\u2019une synergie d\u2019action dans la lutte contre le terrorisme pour la stabilisation de la sous-r\u00e9gion&nbsp;\u00bb.<\/p>\n\n\n\n<p>Le pr\u00e9sident Faure est-il fort \u00e0 r\u00e9ussir l\u00e0, o\u00f9 certains semble avoir du mal \u00e0 concilier les parties&nbsp;? Si rien n\u2019est moins s\u00fbr, il faut dire que la partie ne sera pas facile pour lui \u00e9tant donn\u00e9 que&nbsp; l\u2019aile dure des chefs d\u2019Etat n\u2019est pas pr\u00eate \u00e0 l\u00e2cher prise aussi facilement surtout quand on sait que les autorit\u00e9s de la transition malienne \u00e0 travers le Premier ministre a d\u00e9j\u00e0 valid\u00e9 le d\u00e9lai de la transition sans accord pr\u00e9alable avec la CEDEAO. Autrement dit, c\u2019est \u00e0 Faure de convaincre le pr\u00e9sident en exercice de la CEDEAO, Nana Akufur, le pr\u00e9sident en exercice de l\u2019UA, Macky Sall des 24 mois arr\u00eat\u00e9s par Bamako.&nbsp; M\u00eame si Faure est ce chef d\u2019Etat, qui semble avoir de \u00ab&nbsp;bons rapports&nbsp;\u00bb avec ses pairs des autres pays de la C\u00e9d\u00e9ao, faire avaler les deux ans de transition \u00e0 un Alassane Dramane&nbsp; Ouattara sera un exercice difficile. Ou alors, va-t-il convaincre ses pairs&nbsp; de prolonger de quelques mois le d\u00e9lai de 12 \u00e0 16 mois propos\u00e9 par la conf\u00e9rence des chefs d\u2019Etat&nbsp;? Il pourrait \u00ab&nbsp;prier&nbsp;\u00bb les chefs d\u2019Etat \u00e0 accepter 20 mois au lieu de 16 mois.<\/p>\n\n\n\n<p>Dans le dossier malien, les chefs d\u2019Etat de la CEDEAO sont divis\u00e9s en deux tendances. Il y a ceux qui exigent le respect de 12 \u00e0 16 mois de transition avec le respect strict des sanctions. Sur cette liste figure entre autres&nbsp;: Alassane Dramane, Nana Akufur, Mahaadou Bouahari, Ambalo Oumarou Sissoko, le pr\u00e9sident du Niger. L\u2019autre groupe est compos\u00e9 de ces chefs d\u2019Etat qui m\u00eame respectueux des textes de l\u2019Institution, veulent aller vers un compromis tr\u00e8s rapide voir une lev\u00e9e des sanctions. Ces pr\u00e9sidents disent \u00eatre sensibles au cri de c\u0153ur de la population malienne et qui souffre \u00e9norm\u00e9ment. Parmi eux, figure le pr\u00e9sident s\u00e9n\u00e9galais, Macky sall, pr\u00e9sident en exercice de l\u2019UA.<\/p>\n\n\n\n<p>C\u2019est \u00e0 Faure d\u2019avoir les mots qu\u2019il faut pour que les chefs d\u2019Etat comprennent le sens de sa M\u00e9diation qui n\u2019est nullement une trahison.<\/p>\n\n\n\n<p>Pour la r\u00e9solution de cette crise malienne, n\u2019a-t-il pas effectu\u00e9 un voyage discret au Mali, o\u00f9 il a rencontr\u00e9 le colonel Goita. Il s\u2019est ensuite rendu \u00e0 Dakar pour \u00e9changer avec le pr\u00e9sident en exercice de l\u2019UA, Macky Sall. R\u00e9cemment, Eyadema Faure vient de s\u00e9journer \u00e0 Abidjan o\u00f9 les \u00e9changes avec Alassane Dramane ont port\u00e9 sur la recherche de solution au cas malien.<\/p>\n\n\n\n<p>Selon plusieurs observateurs, la m\u00e9diation du pr\u00e9sident Faure est celle de la derni\u00e8re chance. C\u2019est tout un peuple qui a les yeux riv\u00e9s sur lui et les maliens dans leur grande majorit\u00e9 prient pour qu\u2019il r\u00e9ussisse car, la stabilit\u00e9 du Mali en d\u00e9pend. Ne dit-on pas que ventre creux n\u2019a point d\u2019oreille<\/p>\n\n\n\n<p><strong>Mamadou Sidib\u00e9<\/strong><\/p>\n\n\n\n<p><strong>Arc En Ciel<\/strong><\/p>\n","protected":false},"excerpt":{"rendered":"<p>Le Pr\u00e9sident de la R\u00e9publique, Faure Gnassingb\u00e9 s\u2019est entretenu le mercredi 4 mai 2022 avec Abdoulaye Diop, ministre malien des Affaires \u00e9trang\u00e8res et de la coop\u00e9ration internationale. A cette occasion,&hellip;<\/p>\n","protected":false},"author":1,"featured_media":5170,"comment_status":"open","ping_status":"closed","sticky":false,"template":"","format":"standard","meta":{"content-type":"","_lmt_disableupdate":"","_lmt_disable":"","_jetpack_memberships_contains_paid_content":false,"footnotes":"","jetpack_publicize_message":"","jetpack_publicize_feature_enabled":true,"jetpack_social_post_already_shared":false,"jetpack_social_options":{"image_generator_settings":{"template":"highway","default_image_id":0,"font":"","enabled":false},"version":2}},"categories":[46],"tags":[],"class_list":["post-5169","post","type-post","status-publish","format-standard","has-post-thumbnail","hentry","category-cedeao"],"jetpack_publicize_connections":[],"featured_image_urls":{"full":["https:\/\/nandi.info\/wp-content\/uploads\/2022\/05\/Faure-Gnassingbe.jpg",500,329,false],"thumbnail":["https:\/\/nandi.info\/wp-content\/uploads\/2022\/05\/Faure-Gnassingbe-150x150.jpg",150,150,true],"medium":["https:\/\/nandi.info\/wp-content\/uploads\/2022\/05\/Faure-Gnassingbe-300x197.jpg",300,197,true],"medium_large":["https:\/\/nandi.info\/wp-content\/uploads\/2022\/05\/Faure-Gnassingbe.jpg",500,329,false],"large":["https:\/\/nandi.info\/wp-content\/uploads\/2022\/05\/Faure-Gnassingbe.jpg",500,329,false],"1536x1536":["https:\/\/nandi.info\/wp-content\/uploads\/2022\/05\/Faure-Gnassingbe.jpg",500,329,false],"2048x2048":["https:\/\/nandi.info\/wp-content\/uploads\/2022\/05\/Faure-Gnassingbe.jpg",500,329,false],"penci-recipe-1200x1200":["https:\/\/nandi.info\/wp-content\/uploads\/2022\/05\/Faure-Gnassingbe.jpg",500,329,false],"penci-recipe-1200x900":["https:\/\/nandi.info\/wp-content\/uploads\/2022\/05\/Faure-Gnassingbe.jpg",500,329,false],"penci-recipe-1200x675":["https:\/\/nandi.info\/wp-content\/uploads\/2022\/05\/Faure-Gnassingbe.jpg",500,329,false],"penci-single-full":["https:\/\/nandi.info\/wp-content\/uploads\/2022\/05\/Faure-Gnassingbe.jpg",500,329,false],"penci-slider-full-thumb":["https:\/\/nandi.info\/wp-content\/uploads\/2022\/05\/Faure-Gnassingbe.jpg",500,329,false],"penci-full-thumb":["https:\/\/nandi.info\/wp-content\/uploads\/2022\/05\/Faure-Gnassingbe.jpg",500,329,false],"penci-slider-thumb":["https:\/\/nandi.info\/wp-content\/uploads\/2022\/05\/Faure-Gnassingbe.jpg",500,329,false],"penci-magazine-slider":["https:\/\/nandi.info\/wp-content\/uploads\/2022\/05\/Faure-Gnassingbe.jpg",500,329,false],"penci-thumb":["https:\/\/nandi.info\/wp-content\/uploads\/2022\/05\/Faure-Gnassingbe.jpg",500,329,false],"penci-masonry-thumb":["https:\/\/nandi.info\/wp-content\/uploads\/2022\/05\/Faure-Gnassingbe.jpg",500,329,false],"penci-thumb-square":["https:\/\/nandi.info\/wp-content\/uploads\/2022\/05\/Faure-Gnassingbe.jpg",500,329,false],"penci-thumb-vertical":["https:\/\/nandi.info\/wp-content\/uploads\/2022\/05\/Faure-Gnassingbe.jpg",480,316,false],"penci-thumb-small":["https:\/\/nandi.info\/wp-content\/uploads\/2022\/05\/Faure-Gnassingbe.jpg",263,173,false]},"author_info":{"display_name":"Nandi","author_link":"https:\/\/nandi.info\/?author=1"},"category_info":"<a href=\"https:\/\/nandi.info\/?cat=46\" rel=\"category\">CEDEAO<\/a>","tag_info":"CEDEAO","comment_count":"0","jetpack_featured_media_url":"https:\/\/nandi.info\/wp-content\/uploads\/2022\/05\/Faure-Gnassingbe.jpg","jetpack_sharing_enabled":true,"_links":{"self":[{"href":"https:\/\/nandi.info\/index.php?rest_route=\/wp\/v2\/posts\/5169","targetHints":{"allow":["GET"]}}],"collection":[{"href":"https:\/\/nandi.info\/index.php?rest_route=\/wp\/v2\/posts"}],"about":[{"href":"https:\/\/nandi.info\/index.php?rest_route=\/wp\/v2\/types\/post"}],"author":[{"embeddable":true,"href":"https:\/\/nandi.info\/index.php?rest_route=\/wp\/v2\/users\/1"}],"replies":[{"embeddable":true,"href":"https:\/\/nandi.info\/index.php?rest_route=%2Fwp%2Fv2%2Fcomments&post=5169"}],"version-history":[{"count":0,"href":"https:\/\/nandi.info\/index.php?rest_route=\/wp\/v2\/posts\/5169\/revisions"}],"wp:featuredmedia":[{"embeddable":true,"href":"https:\/\/nandi.info\/index.php?rest_route=\/wp\/v2\/media\/5170"}],"wp:attachment":[{"href":"https:\/\/nandi.info\/index.php?rest_route=%2Fwp%2Fv2%2Fmedia&parent=5169"}],"wp:term":[{"taxonomy":"category","embeddable":true,"href":"https:\/\/nandi.info\/index.php?rest_route=%2Fwp%2Fv2%2Fcategories&post=5169"},{"taxonomy":"post_tag","embeddable":true,"href":"https:\/\/nandi.info\/index.php?rest_route=%2Fwp%2Fv2%2Ftags&post=5169"}],"curies":[{"name":"wp","href":"https:\/\/api.w.org\/{rel}","templated":true}]}}