{"id":5054,"date":"2022-05-04T11:54:36","date_gmt":"2022-05-04T09:54:36","guid":{"rendered":"https:\/\/nandi.info\/?p=5054"},"modified":"2022-05-04T11:54:36","modified_gmt":"2022-05-04T09:54:36","slug":"3-mai-la-journee-mondiale-de-la-liberte-de-la-presse-lassociation-des-professionnels-de-la-presse-en-ligne-appel-en-profite-pour-alerter-le-gouvernement-sur-la-necessite-d","status":"publish","type":"post","link":"https:\/\/nandi.info\/?p=5054","title":{"rendered":"\u00a03\u00a0 mai la Journ\u00e9e mondiale de la libert\u00e9 de la presse \u00a0\u00bbL\u2019association des professionnels de la presse en ligne en profite pour alerter le gouvernement sur la n\u00e9cessit\u00e9 d\u2019une relecture de la loi portant sur la presse au Mali, afin d\u2019y prendre en compte la presse en ligne\u00a0\u00bb"},"content":{"rendered":"\n<h2 class=\"wp-block-heading\"><strong>Communiqu\u00e9<\/strong><\/h2>\n\n\n\n<p>&nbsp;<strong>Le Mali, \u00e0 l\u2019instar des autres pays du monde, c\u00e9l\u00e8bre chaque ann\u00e9e le 03 mai, consacr\u00e9 \u00ab&nbsp;Journ\u00e9e internationale de la libert\u00e9 de la presse&nbsp;\u00bb. C\u2019est l\u2019occasion de rappeler les avanc\u00e9es notables r\u00e9alis\u00e9es dans le domaine de la libert\u00e9 de la presse mais aussi dans la d\u00e9fense d\u2019un journalisme libre, ind\u00e9pendant, fiable et responsable.<\/strong><\/p>\n\n\n\n<p><br>En effet, la Journ\u00e9e mondiale de la libert\u00e9 de la presse, a pour but ultime de c\u00e9l\u00e9brer les principes fondamentaux de la libert\u00e9 de la presse, d\u2019\u00e9valuer cette libert\u00e9 \u00e0 travers le monde, de d\u00e9fendre l\u2019ind\u00e9pendance des m\u00e9dias, de rendre hommage aux journalistes ayant perdu la vie dans l\u2019exercice de leur profession et d\u2019informer les citoyens sur l\u2019\u00e9tat des lieux de la libert\u00e9 de la presse et des journalistes dans le monde.<br>Elle se veut aussi l\u2019occasion de rappeler aux gouvernements leur obligation de respecter et de faire respecter le droit de libert\u00e9 d\u2019expression, consacr\u00e9 par l\u2019article 19 de la D\u00e9claration universelle des droits de l\u2019homme.<br>Le th\u00e8me de cette ann\u00e9e est \u00ab&nbsp;le journalisme sous l\u2019emprise du num\u00e9rique&nbsp;\u00bb.&nbsp; Une r\u00e9alit\u00e9 incontestable dans un monde virtuel o\u00f9 le journaliste n\u2019a plus le monopole de l\u2019information face \u00e0 des acteurs multiples.<br>Il est \u00e9vident que les technologies num\u00e9riques r\u00e9volutionnent encore plus le paysage journalistique. Il a permis des \u00e9changes d\u2019information sans pr\u00e9c\u00e9dent, favorisant ainsi un journalisme sans fronti\u00e8re.<br>Le grand d\u00e9fi \u00e0 relever est d\u2019accentuer le professionnalisme, afin de se d\u00e9marquer des autres \u00ab&nbsp;informateurs&nbsp;\u00bb non journalistes. Seuls les journalistes professionnels peuvent \u00e9difier l\u2019opinion en faisant la part des choses entre le vrai et le faux. Ils disposent \u00e0 cet effet de nombreuses techniques dont celles de la v\u00e9rification des faits (Fact cheking).<br>Notre pays est en proie \u00e0 une crise dimensionnelle. Il a plus que jamais besoin d\u2019une presse forte avec des journalistes bien form\u00e9s et libres, capables d\u2019informer, de sensibiliser et de rassembler les citoyens maliens autour de notre bien commun&nbsp;: Le Mali.<br>A cet \u00e9gard, la presse num\u00e9rique joue un r\u00f4le de premier plan.&nbsp; C\u2019est la presse de l\u2019instantan\u00e9it\u00e9, la spontan\u00e9it\u00e9 et la r\u00e9activit\u00e9. C\u2019est aussi la presse de tous les dangers si elle n\u2019est pas exerc\u00e9e par des professionnels qui ont une r\u00e9elle maitrise du contenu de leur publication.<br>&nbsp;Nous en appelons au sens de responsabilit\u00e9 de biens de nos concitoyens qui, parfois de bonne foi, s\u2019adonnent \u00e0 des pratiques journalistiques qu\u2019ils sont tr\u00e8s loin de maitriser. Leurs agissements entrainent trop souvent des cons\u00e9quences dommageables pour eux-m\u00eames et pour notre pays.<br>Face \u00e0 cette situation complexe, les pouvoirs publics doivent travailler \u00e0 l\u2019\u00e9mergence d\u2019une presse en ligne mieux organis\u00e9e, plus form\u00e9e et bien responsable, d\u2019une part. Et d\u2019une presse en g\u00e9n\u00e9ral ind\u00e9pendante et en s\u00e9curit\u00e9, d\u2019autre part. &nbsp;<br>Appel Mali en profite pour alerter le gouvernement sur la n\u00e9cessit\u00e9 d\u2019une relecture de la loi portant sur la presse au Mali, afin d\u2019y prendre en compte la presse en ligne, qui est aujourd\u2019hui le maillon manquant de la chaine.<br>&nbsp;<br><strong>Bamako le 03 Mai 2022<br>Le Pr\u00e9sident<\/strong> <strong>de l&rsquo;APPEL<\/strong><br>&nbsp;<strong>Modibo FOFANA<br>&nbsp;<\/strong><\/p>\n\n\n\n<p><strong>Nandi.info<\/strong><\/p>\n","protected":false},"excerpt":{"rendered":"<p>Communiqu\u00e9 &nbsp;Le Mali, \u00e0 l\u2019instar des autres pays du monde, c\u00e9l\u00e8bre chaque ann\u00e9e le 03 mai, consacr\u00e9 \u00ab&nbsp;Journ\u00e9e internationale de la libert\u00e9 de la presse&nbsp;\u00bb. C\u2019est l\u2019occasion de rappeler les&hellip;<\/p>\n","protected":false},"author":1,"featured_media":5055,"comment_status":"open","ping_status":"closed","sticky":false,"template":"","format":"standard","meta":{"content-type":"","_lmt_disableupdate":"","_lmt_disable":"","_jetpack_memberships_contains_paid_content":false,"footnotes":"","jetpack_publicize_message":"","jetpack_publicize_feature_enabled":true,"jetpack_social_post_already_shared":false,"jetpack_social_options":{"image_generator_settings":{"template":"highway","default_image_id":0,"font":"","enabled":false},"version":2}},"categories":[35,43,26],"tags":[],"class_list":["post-5054","post","type-post","status-publish","format-standard","has-post-thumbnail","hentry","category-communique","category-nandi-info","category-presse-journalisme"],"jetpack_publicize_connections":[],"featured_image_urls":{"full":["https:\/\/nandi.info\/wp-content\/uploads\/2022\/05\/Modibo-Fofona-President-dAPPEL-Mali.jpg",719,768,false],"thumbnail":["https:\/\/nandi.info\/wp-content\/uploads\/2022\/05\/Modibo-Fofona-President-dAPPEL-Mali-150x150.jpg",150,150,true],"medium":["https:\/\/nandi.info\/wp-content\/uploads\/2022\/05\/Modibo-Fofona-President-dAPPEL-Mali-281x300.jpg",281,300,true],"medium_large":["https:\/\/nandi.info\/wp-content\/uploads\/2022\/05\/Modibo-Fofona-President-dAPPEL-Mali.jpg",719,768,false],"large":["https:\/\/nandi.info\/wp-content\/uploads\/2022\/05\/Modibo-Fofona-President-dAPPEL-Mali.jpg",719,768,false],"1536x1536":["https:\/\/nandi.info\/wp-content\/uploads\/2022\/05\/Modibo-Fofona-President-dAPPEL-Mali.jpg",719,768,false],"2048x2048":["https:\/\/nandi.info\/wp-content\/uploads\/2022\/05\/Modibo-Fofona-President-dAPPEL-Mali.jpg",719,768,false],"penci-recipe-1200x1200":["https:\/\/nandi.info\/wp-content\/uploads\/2022\/05\/Modibo-Fofona-President-dAPPEL-Mali.jpg",719,768,false],"penci-recipe-1200x900":["https:\/\/nandi.info\/wp-content\/uploads\/2022\/05\/Modibo-Fofona-President-dAPPEL-Mali.jpg",719,768,false],"penci-recipe-1200x675":["https:\/\/nandi.info\/wp-content\/uploads\/2022\/05\/Modibo-Fofona-President-dAPPEL-Mali.jpg",632,675,false],"penci-single-full":["https:\/\/nandi.info\/wp-content\/uploads\/2022\/05\/Modibo-Fofona-President-dAPPEL-Mali.jpg",719,768,false],"penci-slider-full-thumb":["https:\/\/nandi.info\/wp-content\/uploads\/2022\/05\/Modibo-Fofona-President-dAPPEL-Mali.jpg",719,768,false],"penci-full-thumb":["https:\/\/nandi.info\/wp-content\/uploads\/2022\/05\/Modibo-Fofona-President-dAPPEL-Mali.jpg",719,768,false],"penci-slider-thumb":["https:\/\/nandi.info\/wp-content\/uploads\/2022\/05\/Modibo-Fofona-President-dAPPEL-Mali.jpg",621,663,false],"penci-magazine-slider":["https:\/\/nandi.info\/wp-content\/uploads\/2022\/05\/Modibo-Fofona-President-dAPPEL-Mali.jpg",483,516,false],"penci-thumb":["https:\/\/nandi.info\/wp-content\/uploads\/2022\/05\/Modibo-Fofona-President-dAPPEL-Mali.jpg",365,390,false],"penci-masonry-thumb":["https:\/\/nandi.info\/wp-content\/uploads\/2022\/05\/Modibo-Fofona-President-dAPPEL-Mali.jpg",585,625,false],"penci-thumb-square":["https:\/\/nandi.info\/wp-content\/uploads\/2022\/05\/Modibo-Fofona-President-dAPPEL-Mali.jpg",548,585,false],"penci-thumb-vertical":["https:\/\/nandi.info\/wp-content\/uploads\/2022\/05\/Modibo-Fofona-President-dAPPEL-Mali.jpg",480,513,false],"penci-thumb-small":["https:\/\/nandi.info\/wp-content\/uploads\/2022\/05\/Modibo-Fofona-President-dAPPEL-Mali.jpg",164,175,false]},"author_info":{"display_name":"Nandi","author_link":"https:\/\/nandi.info\/?author=1"},"category_info":"<a href=\"https:\/\/nandi.info\/?cat=35\" rel=\"category\">Communiqu\u00e9<\/a> <a href=\"https:\/\/nandi.info\/?cat=43\" rel=\"category\">Nandi.info<\/a> <a href=\"https:\/\/nandi.info\/?cat=26\" rel=\"category\">Presse\/Journalisme<\/a>","tag_info":"Presse\/Journalisme","comment_count":"0","jetpack_featured_media_url":"https:\/\/nandi.info\/wp-content\/uploads\/2022\/05\/Modibo-Fofona-President-dAPPEL-Mali.jpg","jetpack_sharing_enabled":true,"_links":{"self":[{"href":"https:\/\/nandi.info\/index.php?rest_route=\/wp\/v2\/posts\/5054","targetHints":{"allow":["GET"]}}],"collection":[{"href":"https:\/\/nandi.info\/index.php?rest_route=\/wp\/v2\/posts"}],"about":[{"href":"https:\/\/nandi.info\/index.php?rest_route=\/wp\/v2\/types\/post"}],"author":[{"embeddable":true,"href":"https:\/\/nandi.info\/index.php?rest_route=\/wp\/v2\/users\/1"}],"replies":[{"embeddable":true,"href":"https:\/\/nandi.info\/index.php?rest_route=%2Fwp%2Fv2%2Fcomments&post=5054"}],"version-history":[{"count":0,"href":"https:\/\/nandi.info\/index.php?rest_route=\/wp\/v2\/posts\/5054\/revisions"}],"wp:featuredmedia":[{"embeddable":true,"href":"https:\/\/nandi.info\/index.php?rest_route=\/wp\/v2\/media\/5055"}],"wp:attachment":[{"href":"https:\/\/nandi.info\/index.php?rest_route=%2Fwp%2Fv2%2Fmedia&parent=5054"}],"wp:term":[{"taxonomy":"category","embeddable":true,"href":"https:\/\/nandi.info\/index.php?rest_route=%2Fwp%2Fv2%2Fcategories&post=5054"},{"taxonomy":"post_tag","embeddable":true,"href":"https:\/\/nandi.info\/index.php?rest_route=%2Fwp%2Fv2%2Ftags&post=5054"}],"curies":[{"name":"wp","href":"https:\/\/api.w.org\/{rel}","templated":true}]}}