{"id":5009,"date":"2022-04-29T15:56:14","date_gmt":"2022-04-29T13:56:14","guid":{"rendered":"https:\/\/nandi.info\/?p=5009"},"modified":"2022-04-29T15:56:14","modified_gmt":"2022-04-29T13:56:14","slug":"discours-du-directeur-general-de-linps-26eme-journee-africaine-de-prevention-des-risques-professionnels-et-20eme-journee-mondiale-de-securite-sante-au-travail","status":"publish","type":"post","link":"https:\/\/nandi.info\/?p=5009","title":{"rendered":"Discours \u00a0du Directeur G\u00e9n\u00e9ral de l\u2019INPS\u00a0: 26\u00e8me journ\u00e9e africaine de pr\u00e9vention des risques professionnels et 20\u00e8me journ\u00e9e mondiale de s\u00e9curit\u00e9, sant\u00e9 au travail"},"content":{"rendered":"\n<h2 class=\"wp-block-heading\">MOT DE BIENVENUE DU DIRECTEUR GENERAL DE L\u2019INPS<\/h2>\n\n\n\n<h2 class=\"has-large-font-size wp-block-heading\"><strong>(26<sup>\u00e8me<\/sup> journ\u00e9e africaine de pr\u00e9vention des risques professionnels et 20<sup>\u00e8me<\/sup> journ\u00e9e mondiale de s\u00e9curit\u00e9, sant\u00e9 au travail) Maeva Palace<\/strong><\/h2>\n\n\n\n<p>Bamako, le 28 avril 2022<\/p>\n\n\n\n<ul class=\"wp-block-list\"><li><strong>Madame le Ministre de la Sant\u00e9 et du D\u00e9veloppement Social<\/strong><\/li><li><strong>Madame le Ministre du Travail et de la Fonction Publique<\/strong><\/li><li><strong>Monsieur le <a>Commissaire de la CIPRES, Parrain des pr\u00e9sentes journ\u00e9es<\/a><\/strong><\/li><li><strong>Monsieur le Repr\u00e9sentant de l\u2019Organisation internationale du travail<\/strong><\/li><li><strong>Monsieur le Repr\u00e9sentant de l\u2019Organisation Mondiale de la Sant\u00e9<\/strong><\/li><li><strong>Monsieur le Pr\u00e9sident du Conseil d\u2019administration de l\u2019INPS<\/strong><\/li><li><strong>Mesdames, Messieurs, les membres du Conseil d\u2019Administration de l\u2019INPS<\/strong><\/li><li><strong>Monsieur le Directeur National du Travail<\/strong><\/li><li><strong>Monsieur le Directeur G\u00e9n\u00e9ral de la Caisse Malienne de S\u00e9curit\u00e9 Sociale<\/strong><\/li><li><strong>Monsieur le Directeur G\u00e9n\u00e9ral de la Caisse Nationale d\u2019Assurance Maladie<\/strong><\/li><li><strong>Monsieur le Directeur G\u00e9n\u00e9ral de l\u2019Agence Nationale d\u2019Assistance M\u00e9dicale<\/strong><\/li><li><strong>Monsieur le Repr\u00e9sentant du patronat du Mali<\/strong><\/li><li><strong>Mesdames, Messieurs, les Chefs d\u2019entreprises<\/strong><\/li><li><strong>Mesdames, Messieurs, les responsables syndicaux<\/strong><\/li><li><strong>Distingu\u00e9s invit\u00e9s<\/strong><\/li><li><strong>Chers participants<\/strong><\/li><li><strong>Mesdames, Messieurs, en vos rangs, grades et qualit\u00e9s, tout protocole observ\u00e9<\/strong><\/li><\/ul>\n\n\n\n<p>C&rsquo;est un r\u00e9el plaisir pour moi de vous accueillir nombreux ce jeudi matin 28 avril 2022, au nom de l&rsquo;Institut National de Pr\u00e9voyance Sociale (INPS), pour la c\u00e9l\u00e9bration de la 26<sup>\u00e8me<\/sup> Journ\u00e9e Africaine de la Pr\u00e9vention des risques professionnels et de la 20<sup>\u00e8me<\/sup> Journ\u00e9e mondiale de la s\u00e9curit\u00e9 et sant\u00e9 au Travail.<\/p>\n\n\n\n<p><em>Aw bissimila<\/em>.<\/p>\n\n\n\n<p>Vous souhaitant la bienvenue \u00e0 toutes et \u00e0 tous ici pr\u00e9sents, je voudrais particuli\u00e8rement saluer la pr\u00e9sence parmi nous, \u00e0 cette occasion&nbsp;:<\/p>\n\n\n\n<ul class=\"wp-block-list\"><li>de Madame le Ministre du travail et de la fonction Publique qui, malgr\u00e9 son agenda charg\u00e9, a bien voulu accepter l\u2019invitation de son homologue, Madame le Ministre de la sant\u00e9 et du d\u00e9veloppement social. Votre pr\u00e9sence ici ce matin, Madame le Ministre, est la manifestation parfaite de la solidarit\u00e9 gouvernementale dans la conduite des affaires du pays. Soyez-en remerci\u00e9e Madame le Ministre.<\/li><li>du Commissaire de la C.I.PRE.S., le Monsieur Modibo Diarrah, parrain des pr\u00e9sentes journ\u00e9es. Merci pour votre disponibilit\u00e9 et votre engagement. Je rappelle que vous avez \u00e9t\u00e9 l\u2019un des premiers serviteurs de l\u2019Inter-Africaine de la Pr\u00e9vention des Risques Professionnels dont nous c\u00e9l\u00e9brons la 26<sup>\u00e8me<\/sup> journ\u00e9e. Votre choix, pour parrainer cette journ\u00e9e, n\u2019est donc pas fortuit.<\/li><\/ul>\n\n\n\n<p><strong>Madame le Ministre de la sant\u00e9 et du d\u00e9veloppement,<\/strong><\/p>\n\n\n\n<p>Permettez-moi de vous renouveler le t\u00e9moignage de toute notre reconnaissance pour votre disponibilit\u00e9 constante et pour tout le soutien que vous nous apportez dans l\u2019accomplissement de notre mission \u00e0 la t\u00eate de l\u2019Institut National de Pr\u00e9voyance Sociale. Au nom du Conseil d\u2019administration, de l\u2019ensemble du personnel de l\u2019Institut et au mien propre, je voudrais vous dire grand merci pour votre implication personnelle qui a permis la tenue, dans de meilleures conditions, les sessions du Conseil d\u2019administration de l\u2019INPS malgr\u00e9 les difficult\u00e9s y aff\u00e9rentes. Qu\u2019il vous plaise de recevoir ici ce matin l\u2019expression de notre gratitude, de toute notre gratitude.<\/p>\n\n\n\n<p>Aussi, voudrais-je, \u00e0 travers vous, adresser mes sinc\u00e8res remerciements \u00e0 tout votre cabinet pour toute l\u2019assistance qu\u2019il ne cesse de nous apporter, \u00e0 chaque fois que de besoin.<\/p>\n\n\n\n<p>Votre pr\u00e9sence \u00e0 cette c\u00e9r\u00e9monie, Madame le Ministre, non seulement nous honore mais aussi rehausse l\u2019\u00e9clat de la journ\u00e9e que nous c\u00e9l\u00e9brons aujourd\u2019hui. Au-del\u00e0, elle illustre parfaitement votre attachement \u00e0 la promotion de meilleures conditions de travail pour tous les travailleurs du Mali. Soyez-en remerci\u00e9e Madame le Ministre.<\/p>\n\n\n\n<p><em>Je saisis l\u2019opportunit\u00e9 qui nous est offerte pour rendre un hommage m\u00e9rit\u00e9 \u00e0 nos illustres devanciers qui ont avec abn\u00e9gation et passion rendu \u00e0 la pr\u00e9vention ses lettres de noblesse.<\/em><\/p>\n\n\n\n<p><em>Qui ne souvient pas de feu Zakaria Mady TOURE, homme p\u00e9tri de culture et une r\u00e9f\u00e9rence internationale, la pr\u00e9vention c\u2019\u00e9tait un art pour lui, en tout cas, il aura fait rayonner le nom du Mali par son savoir-faire \u00e0 travers la plan\u00e8te. Il aura servi de mod\u00e8le \u00e0 d\u2019autres travailleurs anonymes \u00e9m\u00e9rites dont feu karfala Camara<\/em><\/p>\n\n\n\n<p><em>Je n\u2019oublie pas M. Mamadou TRAORE dit TRAORE des AT et M. Oumar DIALLO dit Barou qui ont tous inlassablement travaill\u00e9 pour mettre en lumi\u00e8re le r\u00f4le de la pr\u00e9vention dans le dispositif de la S\u00e9curit\u00e9 sociale au Mali<\/em><\/p>\n\n\n\n<p><em>A tous fonctionnaires et agents anonymes qui jour et nuit \u0153uvrent \u00e0 la vulgarisation des mesures de pr\u00e9vention afin d\u2019\u00e9viter les sinistres \u00e0 leurs coll\u00e8gues dont les cons\u00e9quences peuvent \u00eatre dommageables pour l\u2019\u00e9conomie familiale et nationale.<\/em><\/p>\n\n\n\n<p><strong>Mesdames, Messieurs,<\/strong><\/p>\n\n\n\n<p>La c\u00e9l\u00e9bration r\u00e9guli\u00e8re de cette journ\u00e9e, d\u00e9di\u00e9e \u00e0 la pr\u00e9vention, constitue des opportunit\u00e9s de renforcement des liens de collaboration entre l\u2019INPS et ses partenaires sociaux que sont les employeurs et les travailleurs.&nbsp;&nbsp;&nbsp;&nbsp; Elle participe \u00e9galement \u00e0 la sensibilisation des acteurs du monde du travail et le pouvoir public \u00e0 la n\u00e9cessit\u00e9 de la promotion des actions de pr\u00e9vention des risques li\u00e9s au travail.<\/p>\n\n\n\n<p>Cette Journ\u00e9e est c\u00e9l\u00e9br\u00e9e, depuis son lancement en avril 1997, chaque ann\u00e9e, par l\u2019ensemble des pays membres de l\u2019Interafricaine de la pr\u00e9vention des risques professionnels (IAPRP) en partenariat avec l\u2019Organisation Internationale du Travail (OIT) et l\u2019Association Internationale de S\u00e9curit\u00e9 Sociale (AISS). C\u2019est vous dire toute l\u2019importance et tout l\u2019int\u00e9r\u00eat que la Direction g\u00e9n\u00e9rale de l\u2019INPS accorde \u00e0 sa c\u00e9l\u00e9bration et surtout aux conclusions issues des travaux qui s\u2019y tiennent.<\/p>\n\n\n\n<p><strong>Mesdames, Messieurs,<\/strong><\/p>\n\n\n\n<p>En effet, cette 26<sup>\u00e8me<\/sup> \u00e9dition de la Journ\u00e9e Africaine de Pr\u00e9vention des risques professionnels, \u00e0 travers les th\u00e8mes : <strong>Le th\u00e8me central<\/strong>: \u00ab Le management de la sant\u00e9 et s\u00e9curit\u00e9 au travail: quelle approche dans les entreprises (Grandes Entreprises, Petites Entreprises, Tr\u00e8s Petites Entreprises) du secteur formel et dans les entreprises du secteur informel \u00bb.<\/p>\n\n\n\n<p><strong>Sous th\u00e8me :<\/strong> \u00ab Crit\u00e8res de l\u2019\u00e9valuation de la fonctionnalit\u00e9 et des performances des CSST \u00bb&nbsp;&nbsp;&nbsp;&nbsp;&nbsp;&nbsp;&nbsp;&nbsp;&nbsp;&nbsp;&nbsp;&nbsp;&nbsp;&nbsp;&nbsp;&nbsp;&nbsp;&nbsp;&nbsp;&nbsp;&nbsp;&nbsp;&nbsp;&nbsp;&nbsp;&nbsp;&nbsp;&nbsp;&nbsp;&nbsp;&nbsp;&nbsp;&nbsp;&nbsp;&nbsp;&nbsp;&nbsp;&nbsp;&nbsp;&nbsp;&nbsp;&nbsp;&nbsp;&nbsp;&nbsp;&nbsp;&nbsp;&nbsp;&nbsp;&nbsp;&nbsp;&nbsp;<\/p>\n\n\n\n<p><strong>Pour la Journ\u00e9e Mondiale de S\u00e9curit\u00e9 et Sant\u00e9 au Travail<\/strong>, le th\u00e8me est \u00ab Pour instaurer une culture de la s\u00e9curit\u00e9 et de la sant\u00e9 positive, agissons ensemble \u00bb la journ\u00e9e est c\u00e9l\u00e9br\u00e9e dans un contexte de crise s\u00e9curitaire coupl\u00e9e \u00e0 une crise sanitaire li\u00e9e \u00e0 la Pand\u00e9mie de Covid-19.<\/p>\n\n\n\n<p>Ces \u00e9v\u00e9nements ont eu et continuent d\u2019avoir des effets n\u00e9fastes sur les entreprises, dans les relations sociales et surtout la morbidit\u00e9 et la mortalit\u00e9.<\/p>\n\n\n\n<p>Les th\u00e8mes choisis cadrent parfaitement avec les besoins de gestion des risques professionnels dans tous les secteurs d\u2019activit\u00e9s et adapt\u00e9e \u00e0 la taille des entreprises (Grandes, moyennes et petites entreprises).<\/p>\n\n\n\n<p><strong>Chers participants,<\/strong><\/p>\n\n\n\n<p>Au cours de cette journ\u00e9e, les th\u00e8mes qui seront d\u00e9velopp\u00e9s t\u00e9moignent de l\u2019int\u00e9r\u00eat et de l\u2019importance qu\u2019accorde l\u2019Institut National de Pr\u00e9voyance Sociale \u00e0 la sant\u00e9 et \u00e0 la s\u00e9curit\u00e9 des travailleurs. Car nous sommes convaincus que la sant\u00e9 de nos entreprises et de nos services d\u00e9pend de celle des femmes et des hommes qui y travaillent.<\/p>\n\n\n\n<p><strong>Mesdames et messieurs<\/strong><\/p>\n\n\n\n<p><strong>Chers participants<\/strong><\/p>\n\n\n\n<p><strong><em>Le travail et l\u2019environnement de travail ne doivent pas constituer une menace pour la sant\u00e9 du travailleur. Ils doivent demeurer une opportunit\u00e9 pour lui assurer un \u00e9panouissement personnel<\/em><\/strong><\/p>\n\n\n\n<p><strong><em>Les cons\u00e9quences d\u2019un accident sont \u00e0 la fois dommageables pour le travailleur et sa famille mais aussi pour la soci\u00e9t\u00e9 dont l\u2019effort de solidarit\u00e9 est mis \u00e0 l\u2019\u00e9preuve.<\/em><\/strong><\/p>\n\n\n\n<p><strong><em>Ainsi, il nous faut \u00eatre davantage attentionn\u00e9 pour int\u00e9grer dans nos comportements de tous les jours le r\u00e9flexe de pr\u00e9venteur.<\/em><\/strong><\/p>\n\n\n\n<p>D\u2019ores et d\u00e9j\u00e0 l\u2019INPS s\u2019engage \u00e0 mettre en place d\u2019ici la fin de l\u2019ann\u00e9e l\u2019Observatoire National des Risques Professionnels. Cet outil permettra \u00e0 l\u2019institut d\u2019\u00eatre en contact permanant avec les entreprises pour plus d\u2019efficacit\u00e9.<\/p>\n\n\n\n<p>Pour terminer, je voudrais adresser mes vifs remerciements \u00e0 toutes celles et tous ceux qui ont contribu\u00e9 \u00e0 la bonne organisation et \u00e0 la tenue de cette journ\u00e9e. Nous saluons particuli\u00e8rement le r\u00f4le central de la presse qui demeure le meilleur v\u00e9hicule pour l\u2019information et la sensibilisation des populations sur les immenses bienfaits de la protection sociale<\/p>\n\n\n\n<p>Qu\u2019ils trouvent tous ici l\u2019expression de notre profonde gratitude.<\/p>\n\n\n\n<p><strong>JE VOUS REMERCIE<\/strong><\/p>\n\n\n\n<p><strong>Nandi.info<\/strong><\/p>\n","protected":false},"excerpt":{"rendered":"<p>MOT DE BIENVENUE DU DIRECTEUR GENERAL DE L\u2019INPS (26\u00e8me journ\u00e9e africaine de pr\u00e9vention des risques professionnels et 20\u00e8me journ\u00e9e mondiale de s\u00e9curit\u00e9, sant\u00e9 au travail) Maeva Palace Bamako, le 28&hellip;<\/p>\n","protected":false},"author":1,"featured_media":5010,"comment_status":"open","ping_status":"closed","sticky":false,"template":"","format":"standard","meta":{"content-type":"","_lmt_disableupdate":"","_lmt_disable":"","_jetpack_memberships_contains_paid_content":false,"footnotes":"","jetpack_publicize_message":"","jetpack_publicize_feature_enabled":true,"jetpack_social_post_already_shared":false,"jetpack_social_options":{"image_generator_settings":{"template":"highway","default_image_id":0,"font":"","enabled":false},"version":2}},"categories":[21],"tags":[],"class_list":["post-5009","post","type-post","status-publish","format-standard","has-post-thumbnail","hentry","category-societe"],"jetpack_publicize_connections":[],"featured_image_urls":{"full":["https:\/\/nandi.info\/wp-content\/uploads\/2022\/04\/D-G-INPS.jpg",1173,1055,false],"thumbnail":["https:\/\/nandi.info\/wp-content\/uploads\/2022\/04\/D-G-INPS-150x150.jpg",150,150,true],"medium":["https:\/\/nandi.info\/wp-content\/uploads\/2022\/04\/D-G-INPS-300x270.jpg",300,270,true],"medium_large":["https:\/\/nandi.info\/wp-content\/uploads\/2022\/04\/D-G-INPS-768x691.jpg",768,691,true],"large":["https:\/\/nandi.info\/wp-content\/uploads\/2022\/04\/D-G-INPS-1024x921.jpg",1024,921,true],"1536x1536":["https:\/\/nandi.info\/wp-content\/uploads\/2022\/04\/D-G-INPS.jpg",1173,1055,false],"2048x2048":["https:\/\/nandi.info\/wp-content\/uploads\/2022\/04\/D-G-INPS.jpg",1173,1055,false],"penci-recipe-1200x1200":["https:\/\/nandi.info\/wp-content\/uploads\/2022\/04\/D-G-INPS.jpg",1173,1055,false],"penci-recipe-1200x900":["https:\/\/nandi.info\/wp-content\/uploads\/2022\/04\/D-G-INPS.jpg",1001,900,false],"penci-recipe-1200x675":["https:\/\/nandi.info\/wp-content\/uploads\/2022\/04\/D-G-INPS.jpg",750,675,false],"penci-single-full":["https:\/\/nandi.info\/wp-content\/uploads\/2022\/04\/D-G-INPS.jpg",1173,1055,false],"penci-slider-full-thumb":["https:\/\/nandi.info\/wp-content\/uploads\/2022\/04\/D-G-INPS.jpg",889,800,false],"penci-full-thumb":["https:\/\/nandi.info\/wp-content\/uploads\/2022\/04\/D-G-INPS.jpg",1170,1052,false],"penci-slider-thumb":["https:\/\/nandi.info\/wp-content\/uploads\/2022\/04\/D-G-INPS.jpg",737,663,false],"penci-magazine-slider":["https:\/\/nandi.info\/wp-content\/uploads\/2022\/04\/D-G-INPS.jpg",574,516,false],"penci-thumb":["https:\/\/nandi.info\/wp-content\/uploads\/2022\/04\/D-G-INPS.jpg",434,390,false],"penci-masonry-thumb":["https:\/\/nandi.info\/wp-content\/uploads\/2022\/04\/D-G-INPS.jpg",585,526,false],"penci-thumb-square":["https:\/\/nandi.info\/wp-content\/uploads\/2022\/04\/D-G-INPS.jpg",585,526,false],"penci-thumb-vertical":["https:\/\/nandi.info\/wp-content\/uploads\/2022\/04\/D-G-INPS.jpg",480,432,false],"penci-thumb-small":["https:\/\/nandi.info\/wp-content\/uploads\/2022\/04\/D-G-INPS.jpg",195,175,false]},"author_info":{"display_name":"Nandi","author_link":"https:\/\/nandi.info\/?author=1"},"category_info":"<a href=\"https:\/\/nandi.info\/?cat=21\" rel=\"category\">Soci\u00e9t\u00e9<\/a>","tag_info":"Soci\u00e9t\u00e9","comment_count":"0","jetpack_featured_media_url":"https:\/\/nandi.info\/wp-content\/uploads\/2022\/04\/D-G-INPS.jpg","jetpack_sharing_enabled":true,"_links":{"self":[{"href":"https:\/\/nandi.info\/index.php?rest_route=\/wp\/v2\/posts\/5009","targetHints":{"allow":["GET"]}}],"collection":[{"href":"https:\/\/nandi.info\/index.php?rest_route=\/wp\/v2\/posts"}],"about":[{"href":"https:\/\/nandi.info\/index.php?rest_route=\/wp\/v2\/types\/post"}],"author":[{"embeddable":true,"href":"https:\/\/nandi.info\/index.php?rest_route=\/wp\/v2\/users\/1"}],"replies":[{"embeddable":true,"href":"https:\/\/nandi.info\/index.php?rest_route=%2Fwp%2Fv2%2Fcomments&post=5009"}],"version-history":[{"count":0,"href":"https:\/\/nandi.info\/index.php?rest_route=\/wp\/v2\/posts\/5009\/revisions"}],"wp:featuredmedia":[{"embeddable":true,"href":"https:\/\/nandi.info\/index.php?rest_route=\/wp\/v2\/media\/5010"}],"wp:attachment":[{"href":"https:\/\/nandi.info\/index.php?rest_route=%2Fwp%2Fv2%2Fmedia&parent=5009"}],"wp:term":[{"taxonomy":"category","embeddable":true,"href":"https:\/\/nandi.info\/index.php?rest_route=%2Fwp%2Fv2%2Fcategories&post=5009"},{"taxonomy":"post_tag","embeddable":true,"href":"https:\/\/nandi.info\/index.php?rest_route=%2Fwp%2Fv2%2Ftags&post=5009"}],"curies":[{"name":"wp","href":"https:\/\/api.w.org\/{rel}","templated":true}]}}