{"id":4798,"date":"2022-04-21T13:03:14","date_gmt":"2022-04-21T11:03:14","guid":{"rendered":"https:\/\/nandi.info\/?p=4798"},"modified":"2022-04-21T13:03:14","modified_gmt":"2022-04-21T11:03:14","slug":"problematique-de-lemployabilite-des-detenteurs-du-diplome-de-licence-au-mali-une-reflexion-a-bamako-sur-les-textes-regissant-lacces-a-la-fonction-publique-de-letat-et-des","status":"publish","type":"post","link":"https:\/\/nandi.info\/?p=4798","title":{"rendered":"Probl\u00e9matique de l\u2019employabilit\u00e9 des d\u00e9tenteurs du dipl\u00f4me de Licence au Mali : Une r\u00e9flexion \u00e0 Bamako sur les textes r\u00e9gissant l\u2019acc\u00e8s \u00e0 la fonction publique de l\u2019Etat et des collectivit\u00e9s en vue de les adapter au contexte actuel"},"content":{"rendered":"\n<p><strong>La&nbsp; salle&nbsp; de conf\u00e9rence&nbsp; de la Direction G\u00e9n\u00e9rale de l\u2019Enseignement Sup\u00e9rieur et&nbsp; de la Recherche Scientifique (DGESRS) a servi&nbsp; de cadre,&nbsp; le 19 avril 2022,&nbsp; \u00e0&nbsp; l\u2019ouverture&nbsp; des travaux&nbsp; de trois jours&nbsp; de&nbsp; s\u00e9minaire&nbsp; sur&nbsp; l\u2019employabilit\u00e9 des dipl\u00f4m\u00e9s du grade de la licence au Mali. Organis\u00e9s par le Minist\u00e8re de l\u2019enseignement&nbsp; sup\u00e9rieur et de la recherche scientifique,&nbsp; en tandem avec les d\u00e9partements&nbsp; de l\u2019\u00e9ducation nationale, de l\u2019Entreprenariat national, de l\u2019Emploi&nbsp; et de la Formation professionnelle&nbsp;; du Travail, de la Fonction publique&nbsp; et du Dialogue&nbsp; social, les travaux ont \u00e9t\u00e9 copr\u00e9sid\u00e9s&nbsp; par&nbsp; le Pr. Amadou&nbsp; K\u00e9ita&nbsp; de&nbsp; l\u2019Enseignement&nbsp; sup\u00e9rieur&nbsp;;&nbsp; Bakary Doumbia&nbsp; de l\u2019emploi&nbsp;; et &nbsp;Sidib\u00e9&nbsp; D\u00e9d\u00e9ou Ousmane&nbsp; de&nbsp; l\u2019\u00e9ducation nationale. Le Directeur national du&nbsp; travail, Fassoum Coulibaly, repr\u00e9sentant&nbsp; son ministre, \u00e9tait \u00e0 leur c\u00f4t\u00e9.&nbsp; Cadres&nbsp; du&nbsp; d\u00e9partement&nbsp; du Minist\u00e8re&nbsp; de&nbsp; l\u2019enseignement sup\u00e9rieur, experts de l\u2019enseignement sup\u00e9rieur, de l\u2019emploi et de la formation professionnelle de m\u00eame que les sp\u00e9cialistes de la fonction publique&nbsp; et&nbsp; acteurs&nbsp; du secteur priv\u00e9, se sont r\u00e9unis autour de&nbsp; ces journ\u00e9es de r\u00e9flexions sur&nbsp; l\u2019employabilit\u00e9&nbsp; des d\u00e9tenteurs&nbsp; de licence au Mali, pour apporter&nbsp; une r\u00e9ponse&nbsp; structurelle \u00e0 la probl\u00e9matique.&nbsp;<\/strong><\/p>\n\n\n\n<p class=\"has-drop-cap\">En effet, l\u2019objectif&nbsp; principal&nbsp; de ces journ\u00e9es est de d\u00e9terminer&nbsp; des strat\u00e9gies pour&nbsp; l\u2019employabilit\u00e9&nbsp; des dipl\u00f4m\u00e9s de la licence dans le secteur publique et priv\u00e9. Particuli\u00e8rement, il s\u2019agit de&nbsp; faire&nbsp; un \u00e9tat&nbsp; des lieux de la situation des dipl\u00f4m\u00e9s de la licence depuis l\u2019instauration effective du syst\u00e8me LMD; proposer des pistes&nbsp; de&nbsp; relecture&nbsp; des textes r\u00e9gissant&nbsp; l\u2019acc\u00e8s \u00e0 la fonction&nbsp; publique&nbsp; de l\u2019Etat et&nbsp; des collectivit\u00e9s pour&nbsp; la prise&nbsp; en charge des dipl\u00f4m\u00e9s de la licence; cr\u00e9er des passerelles&nbsp; entre&nbsp; les dipl\u00f4m\u00e9s&nbsp; de la licence et les secteurs productifs; d\u00e9terminer, \u00e0 la lumi\u00e8re&nbsp; du PRODEC II, les conditions&nbsp; de collaboration avec&nbsp; les secteurs en charge de l\u2019\u00e9ducation et de la formation professionnelle; cartographier les acteurs impliqu\u00e9s et \u00e9laborer un cadre conceptuel justifiant la pertinence et la n\u00e9cessit\u00e9 d\u2019une coop\u00e9ration \u00e9troite entre les universit\u00e9s et l\u2019ensemble des acteurs.<\/p>\n\n\n\n<p>Selon le ministre K\u00e9ita, c\u2019est \u00e0 partir des ann\u00e9es 2000 qu\u2019il est apparu n\u00e9cessaire&nbsp; d\u2019engager des r\u00e9formes&nbsp; et innovations p\u00e9dagogiques&nbsp; dans le but d\u2019am\u00e9liorer et d\u2019adapter le syst\u00e8me \u00e9ducatif aux enjeux nationaux et internationaux. Ainsi,&nbsp; en 2008, dit-il, le Mali, pour r\u00e9pondre&nbsp; aux exigences de la mondialisation&nbsp; en mati\u00e8re&nbsp; d\u2019enseignement&nbsp; sup\u00e9rieur, a adopt\u00e9 le syst\u00e8me LMD (Licence-Master-Doctorat) par le d\u00e9cret N\u00b008-791\/P-RM du 31d\u00e9cembre 2008 portant institution du syst\u00e8me LMD dans l\u2019enseignement&nbsp; sup\u00e9rieur au Mali. De son avis, cette&nbsp; r\u00e9forme&nbsp; visait, entre&nbsp; autres, la promotion&nbsp; d\u2019un syst\u00e8me de dipl\u00f4mes&nbsp; universitaires lisibles et l\u2019organisation de l\u2019enseignement sup\u00e9rieur sur la base&nbsp; de grade&nbsp; universitaire&nbsp; dont la licence est&nbsp; le premier niveau. Bien que sa mise en route effective ait \u00e9t\u00e9 balbutiante jusqu\u2019en 2011, souligne le Pr. Amadou K\u00e9ita, la r\u00e9forme a mis sur le march\u00e9 de l\u2019emploi une premi\u00e8re cohorte de dipl\u00f4m\u00e9s de la Licence d\u00e8s 2015.&nbsp;<em>\u00abLa grade de&nbsp; licence reste accessible aux \u00e9tudiants en termes&nbsp; de co\u00fbts, mais n\u2019offre&nbsp; pas de garantie sur l\u2019insertion professionnelle m\u00eame&nbsp; s\u2019il faut reconnaitre&nbsp; que&nbsp; le secteur priv\u00e9&nbsp; absorbe une grande partie&nbsp; de ces sortants&nbsp;\u00bb<\/em>, a d\u00e9plor\u00e9 le ministre K\u00e9ita. Selon&nbsp; les statistiques, indique le ministre, seulement 24,9% des entreprises publiques et parapubliques et 5,3% des ONG\/Association\/Institutions Internationales recrutent des dipl\u00f4m\u00e9s de la licence sortant des IES (Institut d\u2019enseignement sup\u00e9rieur) maliens. D\u2019autre part, souligne-t-il, pr\u00e8s de 30% des&nbsp; dipl\u00f4m\u00e9s de la promotion 2015 connaissent un ch\u00f4mage persistant durant&nbsp; les 21 premiers mois de vie active. 28%&nbsp; des dipl\u00f4m\u00e9s&nbsp; ont un acc\u00e8s durable \u00e0 un emploi salari\u00e9 et pr\u00e8s de 23% ont fait le choix de continuer leur formation universitaire au niveau Master pour diverses raisons dont la principale reste&nbsp;<em>\u00abla recherche d\u2019un emploi plus satisfaisant ou pour \u00e9viter le ch\u00f4mage&nbsp;\u00bb<\/em>. Ces chiffres tristes sont rendus&nbsp; complexes avec l\u2019impossibilit\u00e9, en plus, pour les dipl\u00f4m\u00e9s de la licence de prendre part aux concours de la fonction publique.<\/p>\n\n\n\n<p>Cette&nbsp; derni\u00e8re&nbsp; situation cons\u00e9cutive \u00e0 plusieurs facteurs dont, dit le Pr. K\u00e9ita,&nbsp; les textes r\u00e9gissant&nbsp; le recrutement&nbsp; de la fonction publique, donne&nbsp; \u00e0 observer des mouvements sociaux de revendication, auxquels il est attendu&nbsp; des r\u00e9ponses&nbsp; concr\u00e8tes&nbsp; et urgentes. Car, appuie-t-il, lors du dernier concours de recrutement dans la fonction publique, les dipl\u00f4m\u00e9s de la licence n\u2019\u00e9taient pas concern\u00e9s. Cette situation,&nbsp; en d\u00e9phasage&nbsp; avec les motivations&nbsp; qui ont sous tendu&nbsp; le passage au syst\u00e8me LMD,&nbsp; savoir&nbsp; de refaire,&nbsp; d\u00e9valuer le r\u00f4le de l\u2019universit\u00e9 pour&nbsp; en faire un acteur&nbsp; du d\u00e9veloppement socio\u00e9conomique, commande&nbsp; selon le minist\u00e8re de l\u2019enseignement sup\u00e9rieur, de d\u00e9penser et de prendre en compte la dimension de l\u2019insertion professionnelle.<\/p>\n\n\n\n<p>Pour finir, le Ministre K\u00e9ita a mis l\u2019accent sur la volont\u00e9 collective des diff\u00e9rents partenaires&nbsp; et acteurs&nbsp; d\u2019adresser&nbsp; toutes les questions&nbsp; en lien&nbsp; avec le cheminement de nos enfants, de&nbsp; l\u2019\u00e9cole \u00e0 la vie active.<\/p>\n\n\n\n<p>Pour son homologue Bakary Doumbia, selon le rapport national sur l\u2019emploi aupr\u00e8s de m\u00e9nage produit par l\u2019Observatoire National de l\u2019Emploi et de la Formation (ONEF) en 2020, le taux combin\u00e9 du sous-emploi et du ch\u00f4mage de la population active ayant&nbsp; le niveau d\u2019instruction sup\u00e9rieur \u00e9tait estim\u00e9 \u00e0 32,1% contre une moyenne nationale de 14,3%.&nbsp;<em>\u00abCes statistiques attestent les difficult\u00e9s auxquelles les dipl\u00f4m\u00e9s, surtout les d\u00e9tenteurs du dipl\u00f4me de licence, sont confront\u00e9s pour trouver un emploi sur le march\u00e9 du travail\u00bb,<\/em>&nbsp;a fait savoir le Ministre Doumbia.<\/p>\n\n\n\n<p>Le&nbsp; repr\u00e9sentant du Ministre du travail, Fassoum Coulibaly, a rassur\u00e9&nbsp; les uns et les autres&nbsp; que&nbsp; son d\u00e9partement \u00e0 d\u00e9j\u00e0 mis la question&nbsp; sur la table afin de relire le&nbsp; statut de fonctionnaire&nbsp; en vue&nbsp; de l\u2019adapter&nbsp; \u00e0 cette situation&nbsp; tr\u00e8s rapidement.<\/p>\n\n\n\n<p>Il est attendu des travaux qu\u2019un \u00e9tat des lieux&nbsp; sur la probl\u00e9matique de l\u2019employabilit\u00e9 des dipl\u00f4m\u00e9s de la licence est disponible&nbsp;;&nbsp; que des amendements sont propos\u00e9s pour les textes r\u00e9gissant l\u2019acc\u00e8s \u00e0 la fonction publique de l\u2019Etat et&nbsp; des collectivit\u00e9s&nbsp;; qu\u2019une cartographie de l\u2019ensemble des acteurs avec un cadre conceptuel&nbsp; facilitant une interaction productive entre ces derniers et les universit\u00e9s&nbsp;; qu\u2019un cadre de coop\u00e9ration autour du PRODEC II est \u00e9tabli.<\/p>\n\n\n\n<p><strong>Hadama B. FOFAN<\/strong><\/p>\n\n\n\n<p><strong>Le R\u00e9publicain &#8211; Mali<\/strong><\/p>\n","protected":false},"excerpt":{"rendered":"<p>La&nbsp; salle&nbsp; de conf\u00e9rence&nbsp; de la Direction G\u00e9n\u00e9rale de l\u2019Enseignement Sup\u00e9rieur et&nbsp; de la Recherche Scientifique (DGESRS) a servi&nbsp; de cadre,&nbsp; le 19 avril 2022,&nbsp; \u00e0&nbsp; l\u2019ouverture&nbsp; des travaux&nbsp; de&hellip;<\/p>\n","protected":false},"author":1,"featured_media":0,"comment_status":"open","ping_status":"closed","sticky":false,"template":"","format":"standard","meta":{"content-type":"","_lmt_disableupdate":"","_lmt_disable":"","_jetpack_memberships_contains_paid_content":false,"footnotes":"","jetpack_publicize_message":"","jetpack_publicize_feature_enabled":true,"jetpack_social_post_already_shared":false,"jetpack_social_options":{"image_generator_settings":{"template":"highway","default_image_id":0,"font":"","enabled":false},"version":2}},"categories":[22],"tags":[],"class_list":["post-4798","post","type-post","status-publish","format-standard","hentry","category-emploi"],"jetpack_publicize_connections":[],"featured_image_urls":{"full":"","thumbnail":"","medium":"","medium_large":"","large":"","1536x1536":"","2048x2048":"","penci-recipe-1200x1200":"","penci-recipe-1200x900":"","penci-recipe-1200x675":"","penci-single-full":"","penci-slider-full-thumb":"","penci-full-thumb":"","penci-slider-thumb":"","penci-magazine-slider":"","penci-thumb":"","penci-masonry-thumb":"","penci-thumb-square":"","penci-thumb-vertical":"","penci-thumb-small":""},"author_info":{"display_name":"Nandi","author_link":"https:\/\/nandi.info\/?author=1"},"category_info":"<a href=\"https:\/\/nandi.info\/?cat=22\" rel=\"category\">Emploi<\/a>","tag_info":"Emploi","comment_count":"0","jetpack_featured_media_url":"","jetpack_sharing_enabled":true,"_links":{"self":[{"href":"https:\/\/nandi.info\/index.php?rest_route=\/wp\/v2\/posts\/4798","targetHints":{"allow":["GET"]}}],"collection":[{"href":"https:\/\/nandi.info\/index.php?rest_route=\/wp\/v2\/posts"}],"about":[{"href":"https:\/\/nandi.info\/index.php?rest_route=\/wp\/v2\/types\/post"}],"author":[{"embeddable":true,"href":"https:\/\/nandi.info\/index.php?rest_route=\/wp\/v2\/users\/1"}],"replies":[{"embeddable":true,"href":"https:\/\/nandi.info\/index.php?rest_route=%2Fwp%2Fv2%2Fcomments&post=4798"}],"version-history":[{"count":0,"href":"https:\/\/nandi.info\/index.php?rest_route=\/wp\/v2\/posts\/4798\/revisions"}],"wp:attachment":[{"href":"https:\/\/nandi.info\/index.php?rest_route=%2Fwp%2Fv2%2Fmedia&parent=4798"}],"wp:term":[{"taxonomy":"category","embeddable":true,"href":"https:\/\/nandi.info\/index.php?rest_route=%2Fwp%2Fv2%2Fcategories&post=4798"},{"taxonomy":"post_tag","embeddable":true,"href":"https:\/\/nandi.info\/index.php?rest_route=%2Fwp%2Fv2%2Ftags&post=4798"}],"curies":[{"name":"wp","href":"https:\/\/api.w.org\/{rel}","templated":true}]}}