{"id":24052,"date":"2026-01-26T14:50:04","date_gmt":"2026-01-26T13:50:04","guid":{"rendered":"https:\/\/nandi.info\/?p=24052"},"modified":"2026-01-27T00:56:55","modified_gmt":"2026-01-26T23:56:55","slug":"voeux-de-la-presse-face-a-la-guerre-de-linformation-le-president-de-la-maison-de-la-presse-appelle-a-lunion-sacree","status":"publish","type":"post","link":"https:\/\/nandi.info\/?p=24052","title":{"rendered":"V\u0153ux de la presse\u00a0: Face \u00e0 la guerre de l\u2019information, le pr\u00e9sident de la Maison de la Presse appelle \u00e0 l\u2019union sacr\u00e9e"},"content":{"rendered":"\n<figure class=\"wp-block-image size-large\"><img fetchpriority=\"high\" decoding=\"async\" width=\"1024\" height=\"683\" src=\"https:\/\/nandi.info\/wp-content\/uploads\/2026\/01\/Dante-1-1024x683.jpg\" alt=\"\" class=\"wp-image-24055\" srcset=\"https:\/\/nandi.info\/wp-content\/uploads\/2026\/01\/Dante-1-1024x683.jpg 1024w, https:\/\/nandi.info\/wp-content\/uploads\/2026\/01\/Dante-1-300x200.jpg 300w, https:\/\/nandi.info\/wp-content\/uploads\/2026\/01\/Dante-1-768x512.jpg 768w, https:\/\/nandi.info\/wp-content\/uploads\/2026\/01\/Dante-1-1170x780.jpg 1170w, https:\/\/nandi.info\/wp-content\/uploads\/2026\/01\/Dante-1-585x390.jpg 585w, https:\/\/nandi.info\/wp-content\/uploads\/2026\/01\/Dante-1-263x175.jpg 263w, https:\/\/nandi.info\/wp-content\/uploads\/2026\/01\/Dante-1.jpg 1536w\" sizes=\"(max-width: 1024px) 100vw, 1024px\" \/><\/figure>\n\n\n\n<h2 class=\"wp-block-heading has-text-align-center\"><strong>D\u00e9sinformation, crise et survie des m\u00e9dias, la presse malienne tire la sonnette d\u2019alarme <\/strong><\/h2>\n\n\n\n<p style=\"font-size:18px\"><br><strong>Le 19 janvier 2026, lors de la c\u00e9r\u00e9monie de la pr\u00e9sentation des v\u0153ux du nouvel an, au pr\u00e9sident de la transition, le G\u00e9n\u00e9ral d\u2019Arm\u00e9e Assimi Go\u00efta, et les hautes autorit\u00e9s du pays, le pr\u00e9sident de la maison de la presse, Bandiougou Dant\u00e9, a appel\u00e9 \u00e0 une mobilisation collective contre la d\u00e9sinformation, qu\u2019il a qualifi\u00e9e de menace pour la stabilit\u00e9 et la coh\u00e9sion sociale. Toute en d\u00e9non\u00e7ant une campagne structur\u00e9e de d\u00e9sinformation, rumeurs, des images manipul\u00e9es entre autres&nbsp;qui peux fragiliser le pays. Pour lui, la lutte contre la d\u00e9sinformation n\u2019est pas une atteinte \u00e0 la libert\u00e9 d\u2019expression, mais un combat pour le droit \u00e0 une information fiable et responsable. Sans oubli\u00e9 de rappel\u00e9 le cas du journaliste Birama Tour\u00e9, disparu il ya dix ans. Abordant la situation du secteur des m\u00e9dias, Bandiougou Dant\u00e9 a mis l\u2019accent sur la crise \u00e9nerg\u00e9tique et du carburant qui paralys\u00e9es les r\u00e9dactions, m\u00e9dias en difficult\u00e9 financi\u00e8re et pr\u00e9carit\u00e9 croissante des professionnels. Il a plaid\u00e9 pour un soutien accru de l\u2019\u00e9tat, notamment \u00e0 travers le paiement effectif de l\u2019aide publique \u00e0 la presse et la mise \u00e0 disposition de moyens humains, mat\u00e9riels, financiers et juridiques adapt\u00e9s. Selon lui, malgr\u00e9 les difficult\u00e9s dans les secteurs des m\u00e9dias, le pr\u00e9sident de la maison de la presse a salu\u00e9 leurs r\u00e9siliences, et mentionnant les couvertures des grands \u00e9v\u00e9nements nationaux et r\u00e9gionaux, ainsi que la cr\u00e9ation du Fonds de Solidarit\u00e9 de la Presse (FONSOPRESS) et du Conseil des pairs, destin\u00e9s \u00e0 renforcer la solidarit\u00e9 et l\u2019autor\u00e9gulation dans le secteur.<\/strong><\/p>\n\n\n\n<p class=\"has-text-align-center\" style=\"font-size:18px\"><strong>Allocution du Pr\u00e9sident de la maison de la presse, Bandiougou Dant\u00e9<\/strong><\/p>\n\n\n\n<p class=\"has-drop-cap\" style=\"font-size:18px\">Permettez-moi, avant toute chose, d\u2019avoir une pens\u00e9e pieuse pour la m\u00e9moire de tous nos concitoyens, civils et militaires, rappel\u00e9s \u00e0 Dieu au cours de l\u2019ann\u00e9e 2025. <\/p>\n\n\n\n<p style=\"font-size:18px\"><strong>Excellence Monsieur le Pr\u00e9sident de la Transition,<\/strong><\/p>\n\n\n\n<p style=\"font-size:18px\"><strong> Distingu\u00e9s invit\u00e9s,<\/strong><\/p>\n\n\n\n<p style=\"font-size:18px\"><strong> Mesdames et Messieurs,<\/strong><\/p>\n\n\n\n<p style=\"font-size:18px\"> C\u2019est avec un profond respect et un grand honneur que je prends la parole aujourd\u2019hui, \u00e0 l\u2019occasion de cette c\u00e9r\u00e9monie traditionnelle de pr\u00e9sentation des voeux du Nouvel An, que vous avez bien voulu maintenir. <\/p>\n\n\n\n<p style=\"font-size:18px\">En mon nom propre, et au nom de l\u2019ensemble des professionnels de l\u2019information et de la communication, permettez-moi de vous adresser, \u00e0 vous, \u00e0 votre famille, \u00e0 vos collaborateurs, \u00e0 l\u2019ensemble du peuple malien, aux populations de l\u2019AES et \u00e0 toute l\u2019Afrique, nos voeux de sant\u00e9, de r\u00e9ussite, de prosp\u00e9rit\u00e9 et de bonheur pour l\u2019ann\u00e9e 2026.<\/p>\n\n\n\n<p style=\"font-size:18px\"> Je voudrais \u00e9galement saluer tr\u00e8s chaleureusement la pr\u00e9sence, \u00e0 cette c\u00e9r\u00e9monie, des responsables et repr\u00e9sentants des organisations fa\u00eeti\u00e8res des m\u00e9dias et de la communication, venus nombreux t\u00e9moigner de leur attachement aux valeurs r\u00e9publicaines et \u00e0 la consolidation de notre espace informationnel. <\/p>\n\n\n\n<p style=\"font-size:18px\">Je salue ainsi la pr\u00e9sence des repr\u00e9sentants de l\u2019ORTM, de l\u2019AMAP, de TV AES, du GPAC, du FONSOPRESSE, de l\u2019ESJSC, du GIGMA, de l\u2019ASSEP, de l\u2019URTEL, du GPPE, de l\u2019APPEM, de l\u2019UNAJOM, de l\u2019APPEL-Mali, de l\u2019UJRM, de l\u2019URPM, de l\u2019ACCES, de l\u2019AMATEL, de l\u2019AJPLM, de l\u2019UNAJEP, du RJDH, de l\u2019AJSM, ainsi que de l\u2019ensemble des organisations et regroupements professionnels ici repr\u00e9sent\u00e9s. <\/p>\n\n\n\n<p style=\"font-size:18px\">Votre pr\u00e9sence massive et qualitative t\u00e9moigne de la vitalit\u00e9 de la presse malienne et de votre engagement constant en faveur d\u2019une information responsable, professionnelle et au service de la Nation. <\/p>\n\n\n\n<p style=\"font-size:18px\"><strong>Excellence Monsieur le Pr\u00e9sident de la Transition, <\/strong><\/p>\n\n\n\n<p style=\"font-size:18px\">Je tiens \u00e0 vous exprimer nos encouragements et notre reconnaissance pour les efforts constants, parfois men\u00e9s dans la discr\u00e9tion, en faveur de la lib\u00e9ration de nos confr\u00e8res et compatriotes victimes d\u2019enl\u00e8vements, arrach\u00e9s \u00e0 l\u2019affection de leurs familles.<\/p>\n\n\n\n<p style=\"font-size:18px\"> En cet instant solennel, nos pens\u00e9es se tournent encore vers notre confr\u00e8re Birama TOURE, port\u00e9 disparu depuis dix ann\u00e9es, dont le dossier judiciaire, h\u00e9las, peine toujours \u00e0 conna\u00eetre son \u00e9pilogue.<\/p>\n\n\n\n<p style=\"font-size:18px\"><\/p>\n\n\n\n<p style=\"font-size:18px\">Excellence Monsieur le Pr\u00e9sident de la Transition,<\/p>\n\n\n\n<p style=\"font-size:18px\"><strong> Monsieur le Premier ministre,<\/strong><\/p>\n\n\n\n<p style=\"font-size:18px\"><strong> Distingu\u00e9s invit\u00e9s, <\/strong><\/p>\n\n\n\n<p style=\"font-size:18px\">Ces derniers temps, le Mali, \u00e0 l\u2019instar des autres pays de l\u2019AES, fait face \u00e0 une vague pr\u00e9occupante de rumeurs, de fausses nouvelles, de manipulations informationnelles et d\u2019ing\u00e9rences num\u00e9riques. <\/p>\n\n\n\n<p style=\"font-size:18px\">Ces ph\u00e9nom\u00e8nes ne sont ni abstraits ni sans cons\u00e9quences. Ils nourrissent la m\u00e9fiance, exacerbent les tensions sociales, brouillent les rep\u00e8res, fragilisent les institutions et minent la confiance entre les citoyens. Face \u00e0 ce d\u00e9fi majeur, il ne suffit plus d\u2019\u00eatre r\u00e9actifs. Il nous faut \u00eatre collectivement strat\u00e9giques. <\/p>\n\n\n\n<p style=\"font-size:18px\">L\u2019ennemi est clairement identifi\u00e9, c\u2019est la manipulation et la d\u00e9sinformation. <\/p>\n\n\n\n<p style=\"font-size:18px\">Nous en subissons tous, les effets. Journalistes, contraints de d\u00e9fendre l\u2019int\u00e9grit\u00e9 de l\u2019information dans un flux num\u00e9rique incessant. Acteurs de la soci\u00e9t\u00e9 civile, dont les actions sont parasit\u00e9es par des r\u00e9cits toxiques. Responsables publics, dont les initiatives sont syst\u00e9matiquement d\u00e9form\u00e9es. <\/p>\n\n\n\n<p style=\"font-size:18px\">Et simples citoyens, d\u00e9sorient\u00e9s dans leur qu\u00eate d\u2019une information fiable. La particularit\u00e9 du p\u00e9ril actuel est claire : le Mali est aujourd\u2019hui la cible d\u2019une campagne de d\u00e9sinformation structur\u00e9e. <\/p>\n\n\n\n<p style=\"font-size:18px\">Ces fausses nouvelles, ces images manipul\u00e9es, ces rumeurs savamment orchestr\u00e9es ne rel\u00e8vent pas du hasard. Ce sont des armes.<\/p>\n\n\n\n<p style=\"font-size:18px\">Des armes qui divisent, qui attisent la haine, qui fragilisent les efforts de paix et qui cherchent \u00e0 \u00e9branler le socle m\u00eame de notre Nation. <\/p>\n\n\n\n<p style=\"font-size:18px\">Face \u00e0 une telle menace, aucune r\u00e9ponse isol\u00e9e ne saurait suffire. Le journaliste doit comprendre les contraintes de l\u2019acteur public. <\/p>\n\n\n\n<p style=\"font-size:18px\">L\u2019acteur public doit \u00e9couter les alertes citoyennes. La soci\u00e9t\u00e9 civile doit dialoguer avec les m\u00e9dias et les usagers des r\u00e9seaux sociaux. <\/p>\n\n\n\n<p style=\"font-size:18px\">C\u2019est dans cette convergence des regards que r\u00e9side notre force. La r\u00e9ponse doit \u00eatre collective, coordonn\u00e9e et inclusive. La d\u00e9sinformation se propage vite, mais jamais plus vite que l\u2019union de citoyens conscients et engag\u00e9s.<\/p>\n\n\n\n<p style=\"font-size:18px\">Notre ambition n\u2019est pas seulement d\u2019identifier le probl\u00e8me, mais de co-construire des solutions durables, adapt\u00e9es \u00e0 nos r\u00e9alit\u00e9s nationales. <\/p>\n\n\n\n<p style=\"font-size:18px\">La lutte contre la d\u00e9sinformation n\u2019est pas une lutte contre la libert\u00e9 d\u2019expression. Elle est, au contraire, un combat pour le droit fondamental des citoyens \u00e0 une information juste, v\u00e9rifi\u00e9e et responsable. Elle est aussi un combat pour la paix, la coh\u00e9sion sociale et la stabilit\u00e9.<\/p>\n\n\n\n<p style=\"font-size:18px\">Le Mali, notre patrimoine commun, m\u00e9rite que nous nous mobilisions pour pr\u00e9server son unit\u00e9 et son avenir. La bataille contre la d\u00e9sinformation est l\u2019une des batailles d\u00e9cisives de notre \u00e9poque. \udbc0\udc00 C\u2019est une bataille pour les coeurs et les esprits. <\/p>\n\n\n\n<p style=\"font-size:18px\">\udbc0\udc00 Et c\u2019est une bataille que nous pouvons gagner, <\/p>\n\n\n\n<p style=\"font-size:18px\">\udbc0\udc00 Que nous devons gagner,<\/p>\n\n\n\n<p style=\"font-size:18px\">\udbc0\udc00 Et que nous gagnerons, plaise \u00e0 Dieu. <\/p>\n\n\n\n<p style=\"font-size:18px\"><strong>Excellence Monsieur le Pr\u00e9sident de la Transition,<\/strong><\/p>\n\n\n\n<p style=\"font-size:18px\"> Nous avons parfois exprim\u00e9 des d\u00e9saccords, mais toujours dans le respect et avec la ferme volont\u00e9 de construire ensemble. Cette d\u00e9marche responsable a certainement valu \u00e0 la Maison de la Presse une lettre de f\u00e9licitations du Ministre charg\u00e9 de la Communication, une reconnaissance morale dont nous nous r\u00e9jouissons et pour laquelle nous le remercions. <\/p>\n\n\n\n<p style=\"font-size:18px\">Il est cependant permis d\u2019envisager, qu\u2019une mise \u00e0 disposition effective par le Ministre des finances et de l\u2019\u00e9conomie, de l\u2019aide publique \u00e0 la presse, cumul\u00e9e sur les cinq derni\u00e8res ann\u00e9es, nous aurait donn\u00e9 un souffle nouveau dans notre combat quotidien contre la d\u00e9sinformation et les discours de haine. Pour accomplir pleinement notre mission de service public, la presse a besoin de moyens. <\/p>\n\n\n\n<p style=\"font-size:18px\"><strong>\udbc0\udc00 Des moyens humains.<\/strong><\/p>\n\n\n\n<p style=\"font-size:18px\"><strong> Des moyens mat\u00e9riels.<\/strong><\/p>\n\n\n\n<p style=\"font-size:18px\"><strong> Des moyens financiers.<\/strong><\/p>\n\n\n\n<p style=\"font-size:18px\"> Et des moyens juridiques. Disons-le avec sinc\u00e9rit\u00e9 : l\u2019adversaire en face est puissamment arm\u00e9. <\/p>\n\n\n\n<p style=\"font-size:18px\">\u00ab A TE SEGAIN, A TE GNINA, A TA DABILA, WA MOYENS TIAMAN DE BA BOLO \u00bb <\/p>\n\n\n\n<p style=\"font-size:18px\"><strong>Excellence Monsieur le Pr\u00e9sident de la Transition,<\/strong><\/p>\n\n\n\n<p style=\"font-size:18px\"><strong> Monsieur le Premier ministre,<\/strong> <\/p>\n\n\n\n<p style=\"font-size:18px\"><strong>Distingu\u00e9s invit\u00e9s, <\/strong><\/p>\n\n\n\n<p style=\"font-size:18px\">L\u2019ann\u00e9e 2025 a \u00e9t\u00e9 particuli\u00e8rement \u00e9prouvante pour notre secteur. La crise \u00e9nerg\u00e9tique, suivie de la crise du carburant, a paralys\u00e9 de nombreuses r\u00e9dactions.<\/p>\n\n\n\n<p style=\"font-size:18px\"> Des radios se sont tues, les \u00e9crans de t\u00e9l\u00e9visions au noir et, Des kiosques des journaux laiss\u00e9s d\u00e9serts.<\/p>\n\n\n\n<p style=\"font-size:18px\"> La Maison de la Presse, jadis haut lieu de rassemblement et de production intellectuelle, peine aujourd\u2019hui \u00e0 jouer pleinement son r\u00f4le, faute d\u2019\u00e9lectricit\u00e9, de connexion internet et d\u2019activit\u00e9s g\u00e9n\u00e9ratrices de revenus. <\/p>\n\n\n\n<p style=\"font-size:18px\">Dans ces conditions extr\u00eames, beaucoup de r\u00e9dactions ne sont plus viables et ne peuvent garantir des salaires d\u00e9cents \u00e0 leurs agents. Excellence Monsieur le Pr\u00e9sident de la Transition, Depuis plus de deux d\u00e9cennies, notre secteur est r\u00e9gi par des textes qui ne correspondent plus aux r\u00e9alit\u00e9s actuelles. <\/p>\n\n\n\n<p style=\"font-size:18px\">Nous avons accueilli avec un r\u00e9el espoir votre d\u00e9cision de cr\u00e9er, au sein de la Pr\u00e9sidence de la R\u00e9publique, une commission charg\u00e9e de finaliser la relecture des textes relatifs \u00e0 la presse. <\/p>\n\n\n\n<p style=\"font-size:18px\">Nous formulons des voeux ardents pour la r\u00e9ussite de cette mission et r\u00e9affirmons notre enti\u00e8re disponibilit\u00e9 \u00e0 y contribuer jusqu\u2019\u00e0 l\u2019adoption d\u00e9finitive de ces textes. <\/p>\n\n\n\n<p style=\"font-size:18px\">Si le nouveau Code de proc\u00e9dure p\u00e9nale comporte des avanc\u00e9es notables, il constitue, en mati\u00e8re de libert\u00e9 de la presse, un recul pr\u00e9occupant.<\/p>\n\n\n\n<p style=\"font-size:18px\"> Les sanctions p\u00e9nales pr\u00e9vues par la loi sur la cybercriminalit\u00e9 et le nouveau Code p\u00e9nal demeurent en contradiction avec la l\u00e9gislation sp\u00e9cifique sur la presse. <\/p>\n\n\n\n<p style=\"font-size:18px\">Cette incoh\u00e9rence m\u00e9rite d\u2019\u00eatre corrig\u00e9e. Excellence Monsieur le Chef de l\u2019\u00c9tat, Malgr\u00e9 ces difficult\u00e9s, le secteur des m\u00e9dias a fait preuve d\u2019une remarquable r\u00e9silience en 2025. <\/p>\n\n\n\n<p style=\"font-size:18px\">Les m\u00e9dias publics comme priv\u00e9s ont \u00e9t\u00e9 au rendez-vous des grands moments de la Nation :<\/p>\n\n\n\n<p style=\"font-size:18px\">\u25cf les travaux sur la Charte nationale pour la paix et la r\u00e9conciliation, <\/p>\n\n\n\n<p style=\"font-size:18px\">\u25cf l\u2019ann\u00e9e de la culture que vous avez d\u00e9cr\u00e9t\u00e9e,<br>\u25cf le Salon international de l\u2019Entrepreneuriat-AES,<br>\u25cf la f\u00eate nationale du 22 septembre,<br>\u25cf le Sommet des Chefs d\u2019\u00c9tat de l\u2019AES et<br>\u25cf la CAN 2025.<\/p>\n\n\n\n<p style=\"font-size:18px\">Les Journ\u00e9es de relance de l\u2019Agence nationale de presse ont, \u00e0 juste titre, rappel\u00e9 l\u2019importance strat\u00e9gique d\u2019une agence forte en p\u00e9riode de guerre informationnelle. <\/p>\n\n\n\n<p style=\"font-size:18px\">L\u2019ann\u00e9e 2025 a \u00e9galement vu na\u00eetre deux initiatives majeures : le Fonds de Solidarit\u00e9 de la Presse (FONSOPRESS) et l\u2019ach\u00e8vement des travaux relatifs au Conseil des pairs. Le FONSOPRESS est n\u00e9 d\u2019un constat douloureux : trop de professionnels des m\u00e9dias se retrouvent d\u00e9munis face \u00e0 la maladie. <\/p>\n\n\n\n<p style=\"font-size:18px\">Cette initiative souveraine et solidaire vise \u00e0 pr\u00e9server la dignit\u00e9 de celles et ceux qui informent la Nation. Nous vous remercions pour avoir \u00e9t\u00e9 parmi les premiers \u00e0 soutenir son op\u00e9rationnalisation, ainsi que la Haute Autorit\u00e9 de la Communication pour son appui.<\/p>\n\n\n\n<p style=\"font-size:18px\"> Le Conseil des pairs, instance d\u2019autor\u00e9gulation, permettra de pr\u00e9venir et de g\u00e9rer les manquements \u00e0 l\u2019\u00e9thique et \u00e0 la d\u00e9ontologie, dans un esprit de responsabilit\u00e9 partag\u00e9e. Son op\u00e9rationnalisation n\u00e9cessite toutefois des moyens ad\u00e9quats. Excellence, Chaque pays m\u00e9rite sa presse. <\/p>\n\n\n\n<p style=\"font-size:18px\">Et chaque presse est le reflet de sa soci\u00e9t\u00e9 et de ses pouvoirs publics. Votre implication est essentielle pour accompagner une presse forte, responsable et souveraine, \u00e0 la hauteur des d\u00e9fis informationnels actuels. <\/p>\n\n\n\n<p style=\"font-size:18px\">Notre \u00c9cole sup\u00e9rieure de journalisme et des sciences de la communication m\u00e9rite \u00e9galement un cadre plus accessible et  mieux adapt\u00e9 aux exigences p\u00e9dagogiques. <\/p>\n\n\n\n<p style=\"font-size:18px\">Nous saluons enfin la participation des m\u00e9dias maliens au Salon des M\u00e9dias Africains de Dakar, rendue possible gr\u00e2ce \u00e0 votre appui personnel. Excellence Monsieur le Pr\u00e9sident de la Transition, <\/p>\n\n\n\n<p style=\"font-size:18px\">Nous nous r\u00e9jouissons du dialogue permanent instaur\u00e9 entre la famille des m\u00e9dias et les pouvoirs publics, notamment avec votre service de communication et le Centre d\u2019information gouvernemental.<\/p>\n\n\n\n<p style=\"font-size:18px\"> Dans le cadre de la Semaine de la libert\u00e9 de la presse, pr\u00e9vue du 3 au 10 mai, nous projetons l\u2019organisation d\u2019un Forum panafricain des m\u00e9dias. <\/p>\n\n\n\n<p style=\"font-size:18px\">Ce projet ambitieux vise \u00e0 promouvoir l\u2019image d\u2019un Mali digne, fier et debout, port\u00e9 par une presse capable de ma\u00eetriser le r\u00e9cit de son actualit\u00e9 nationale, loin des narratifs impos\u00e9s de l\u2019ext\u00e9rieur.<\/p>\n\n\n\n<p style=\"font-size:18px\"> C\u2019est sur ces mots que je voudrais clore mon propos, en vous r\u00e9it\u00e9rant, \u00e0 vous, \u00e0 votre famille et \u00e0 toute la Nation malienne, nos meilleurs voeux pour l\u2019ann\u00e9e 2026.<\/p>\n\n\n\n<p style=\"font-size:18px\"> Unissons nos pri\u00e8res pour un Mali de paix, d\u2019entente et de coh\u00e9sion. Bonne et heureuse ann\u00e9e \u00e0 toutes et \u00e0 tous. Je vous remercie.<\/p>\n\n\n\n<p><\/p>\n\n\n\n<p>Bamako, le 19 janvier 2026<\/p>\n\n\n\n<p><\/p>\n\n\n\n<p><strong>Youma A Ciss\u00e9<\/strong><\/p>\n\n\n\n<p> <br><\/p>\n","protected":false},"excerpt":{"rendered":"<p>D\u00e9sinformation, crise et survie des m\u00e9dias, la presse malienne tire la sonnette d\u2019alarme Le 19 janvier 2026, lors de la c\u00e9r\u00e9monie de la pr\u00e9sentation des v\u0153ux du nouvel an, au&hellip;<\/p>\n","protected":false},"author":1,"featured_media":24054,"comment_status":"open","ping_status":"open","sticky":false,"template":"","format":"standard","meta":{"content-type":"","_lmt_disableupdate":"","_lmt_disable":"","_jetpack_memberships_contains_paid_content":false,"footnotes":"","jetpack_publicize_message":"","jetpack_publicize_feature_enabled":true,"jetpack_social_post_already_shared":true,"jetpack_social_options":{"image_generator_settings":{"template":"highway","default_image_id":0,"font":"","enabled":false},"version":2}},"categories":[43,26],"tags":[],"class_list":["post-24052","post","type-post","status-publish","format-standard","has-post-thumbnail","hentry","category-nandi-info","category-presse-journalisme"],"jetpack_publicize_connections":[],"featured_image_urls":{"full":["https:\/\/nandi.info\/wp-content\/uploads\/2026\/01\/Dante-3.jpg",2048,1226,false],"thumbnail":["https:\/\/nandi.info\/wp-content\/uploads\/2026\/01\/Dante-3-150x150.jpg",150,150,true],"medium":["https:\/\/nandi.info\/wp-content\/uploads\/2026\/01\/Dante-3-300x180.jpg",300,180,true],"medium_large":["https:\/\/nandi.info\/wp-content\/uploads\/2026\/01\/Dante-3-768x460.jpg",768,460,true],"large":["https:\/\/nandi.info\/wp-content\/uploads\/2026\/01\/Dante-3-1024x613.jpg",1024,613,true],"1536x1536":["https:\/\/nandi.info\/wp-content\/uploads\/2026\/01\/Dante-3-1536x920.jpg",1536,920,true],"2048x2048":["https:\/\/nandi.info\/wp-content\/uploads\/2026\/01\/Dante-3.jpg",2048,1226,false],"penci-recipe-1200x1200":["https:\/\/nandi.info\/wp-content\/uploads\/2026\/01\/Dante-3-1200x1200.jpg",1200,1200,true],"penci-recipe-1200x900":["https:\/\/nandi.info\/wp-content\/uploads\/2026\/01\/Dante-3-1200x900.jpg",1200,900,true],"penci-recipe-1200x675":["https:\/\/nandi.info\/wp-content\/uploads\/2026\/01\/Dante-3-1200x675.jpg",1200,675,true],"penci-single-full":["https:\/\/nandi.info\/wp-content\/uploads\/2026\/01\/Dante-3-1920x1149.jpg",1920,1149,true],"penci-slider-full-thumb":["https:\/\/nandi.info\/wp-content\/uploads\/2026\/01\/Dante-3-1920x800.jpg",1920,800,true],"penci-full-thumb":["https:\/\/nandi.info\/wp-content\/uploads\/2026\/01\/Dante-3-1170x700.jpg",1170,700,true],"penci-slider-thumb":["https:\/\/nandi.info\/wp-content\/uploads\/2026\/01\/Dante-3-1170x663.jpg",1170,663,true],"penci-magazine-slider":["https:\/\/nandi.info\/wp-content\/uploads\/2026\/01\/Dante-3-780x516.jpg",780,516,true],"penci-thumb":["https:\/\/nandi.info\/wp-content\/uploads\/2026\/01\/Dante-3-585x390.jpg",585,390,true],"penci-masonry-thumb":["https:\/\/nandi.info\/wp-content\/uploads\/2026\/01\/Dante-3-585x350.jpg",585,350,true],"penci-thumb-square":["https:\/\/nandi.info\/wp-content\/uploads\/2026\/01\/Dante-3-585x585.jpg",585,585,true],"penci-thumb-vertical":["https:\/\/nandi.info\/wp-content\/uploads\/2026\/01\/Dante-3-480x650.jpg",480,650,true],"penci-thumb-small":["https:\/\/nandi.info\/wp-content\/uploads\/2026\/01\/Dante-3-263x175.jpg",263,175,true]},"author_info":{"display_name":"Nandi","author_link":"https:\/\/nandi.info\/?author=1"},"category_info":"<a href=\"https:\/\/nandi.info\/?cat=43\" rel=\"category\">Nandi.info<\/a> <a href=\"https:\/\/nandi.info\/?cat=26\" rel=\"category\">Presse\/Journalisme<\/a>","tag_info":"Presse\/Journalisme","comment_count":"0","jetpack_featured_media_url":"https:\/\/nandi.info\/wp-content\/uploads\/2026\/01\/Dante-3.jpg","jetpack_sharing_enabled":true,"_links":{"self":[{"href":"https:\/\/nandi.info\/index.php?rest_route=\/wp\/v2\/posts\/24052","targetHints":{"allow":["GET"]}}],"collection":[{"href":"https:\/\/nandi.info\/index.php?rest_route=\/wp\/v2\/posts"}],"about":[{"href":"https:\/\/nandi.info\/index.php?rest_route=\/wp\/v2\/types\/post"}],"author":[{"embeddable":true,"href":"https:\/\/nandi.info\/index.php?rest_route=\/wp\/v2\/users\/1"}],"replies":[{"embeddable":true,"href":"https:\/\/nandi.info\/index.php?rest_route=%2Fwp%2Fv2%2Fcomments&post=24052"}],"version-history":[{"count":6,"href":"https:\/\/nandi.info\/index.php?rest_route=\/wp\/v2\/posts\/24052\/revisions"}],"predecessor-version":[{"id":24065,"href":"https:\/\/nandi.info\/index.php?rest_route=\/wp\/v2\/posts\/24052\/revisions\/24065"}],"wp:featuredmedia":[{"embeddable":true,"href":"https:\/\/nandi.info\/index.php?rest_route=\/wp\/v2\/media\/24054"}],"wp:attachment":[{"href":"https:\/\/nandi.info\/index.php?rest_route=%2Fwp%2Fv2%2Fmedia&parent=24052"}],"wp:term":[{"taxonomy":"category","embeddable":true,"href":"https:\/\/nandi.info\/index.php?rest_route=%2Fwp%2Fv2%2Fcategories&post=24052"},{"taxonomy":"post_tag","embeddable":true,"href":"https:\/\/nandi.info\/index.php?rest_route=%2Fwp%2Fv2%2Ftags&post=24052"}],"curies":[{"name":"wp","href":"https:\/\/api.w.org\/{rel}","templated":true}]}}