{"id":24050,"date":"2026-01-26T12:04:00","date_gmt":"2026-01-26T11:04:00","guid":{"rendered":"https:\/\/nandi.info\/?p=24050"},"modified":"2026-01-26T14:08:53","modified_gmt":"2026-01-26T13:08:53","slug":"education-nationale-les-dates-des-examens-de-fin-dannee-planifiees-et-publiees","status":"publish","type":"post","link":"https:\/\/nandi.info\/?p=24050","title":{"rendered":"\u00c9ducation nationale\u00a0: Les dates des examens de fin d\u2019ann\u00e9e planifi\u00e9es et publi\u00e9es"},"content":{"rendered":"\n<figure class=\"wp-block-image alignleft size-full is-resized\"><img fetchpriority=\"high\" decoding=\"async\" width=\"894\" height=\"468\" src=\"https:\/\/nandi.info\/wp-content\/uploads\/2025\/06\/Examens-bac-ecole.jpg\" alt=\"\" class=\"wp-image-22517\" style=\"aspect-ratio:1.9103015459972448;width:508px;height:auto\" srcset=\"https:\/\/nandi.info\/wp-content\/uploads\/2025\/06\/Examens-bac-ecole.jpg 894w, https:\/\/nandi.info\/wp-content\/uploads\/2025\/06\/Examens-bac-ecole-300x157.jpg 300w, https:\/\/nandi.info\/wp-content\/uploads\/2025\/06\/Examens-bac-ecole-768x402.jpg 768w, https:\/\/nandi.info\/wp-content\/uploads\/2025\/06\/Examens-bac-ecole-585x306.jpg 585w\" sizes=\"(max-width: 894px) 100vw, 894px\" \/><figcaption class=\"wp-element-caption\">Cr\u00e9dit DR<\/figcaption><\/figure>\n\n\n\n<p style=\"font-size:18px\"><strong><em>Le Minist\u00e8re de l\u2019\u00c9ducation nationale a rendu public, le 21 janvier 2026 les dates des examens de fin d\u2019ann\u00e9e scolaire 2025-2026. Cette d\u00e9cision, prise en amont et dans le respect des normes acad\u00e9miques, illustre la stabilit\u00e9 retrouv\u00e9e du syst\u00e8me \u00e9ducatif malien, marqu\u00e9 depuis plusieurs ann\u00e9es par des perturbations majeures.<\/em><\/strong><\/p>\n\n\n\n<p class=\"has-drop-cap\" style=\"font-size:18px\">En effet, par cette d\u00e9cision en date du&nbsp;21 janvier 2026, le minist\u00e8re en charge de l\u2019Education nationale a fix\u00e9 les p\u00e9riodes de d\u00e9roulement des examens de l\u2019enseignement fondamental, secondaire g\u00e9n\u00e9ral, normal ainsi que de l\u2019enseignement technique et professionnel. Cette publication anticip\u00e9e permet \u00e0 l\u2019ensemble des acteurs du monde scolaire (\u00e9l\u00e8ves, enseignants, parents et encadreurs) de se pr\u00e9parer dans un climat de s\u00e9r\u00e9nit\u00e9.<\/p>\n\n\n\n<p style=\"font-size:18px\">Ainsi, conform\u00e9ment \u00e0 ce calendrier officiel, le&nbsp;Certificat d\u2019Aptitude Professionnelle (CAP)&nbsp;se tiendra avec les travaux pratiques&nbsp;du 11 au 15 mai 2026, suivis des \u00e9preuves \u00e9crites&nbsp;du 18 au 23 mai 2026. En ce qui concerne le&nbsp;Dipl\u00f4me d\u2019\u00c9tudes Fondamentales (DEF), il d\u00e9butera par les \u00e9preuves d\u2019\u00e9ducation physique et sportive&nbsp;du 11 au 23 mai 2026, avant les \u00e9preuves \u00e9crites pr\u00e9vues&nbsp;du 1er au 3 juin 2026.Le&nbsp;Brevet de Technicien (BT)&nbsp;est programm\u00e9 avec des travaux pratiques&nbsp;du 8 au 13 juin 2026, puis les \u00e9preuves \u00e9crites&nbsp;du 15 au 19 juin 2026. Pour le&nbsp;Baccalaur\u00e9at, les travaux pratiques (BAC technique et professionnel) et les \u00e9preuves d\u2019\u00e9ducation islamique auront lieu&nbsp;du 10 au 12 juin 2026. Les \u00e9preuves d\u2019\u00e9ducation physique et sportive sont pr\u00e9vues&nbsp;du 15 au 18 juin 2026, tandis que les \u00e9preuves \u00e9crites se d\u00e9rouleront&nbsp;du 22 au 25 juin 2026.Les candidats de l\u2019Institut de Formation des Ma\u00eetres (IFM)&nbsp;composeront pour les \u00e9preuves orales et pratiques&nbsp;du 22 au 25 juin 2026, avant les \u00e9preuves \u00e9crites pr\u00e9vues&nbsp;du 29 juin au 3 juillet 2026.Le&nbsp;Brevet de Technicien Sant\u00e9 (BT Sant\u00e9)&nbsp;est programm\u00e9 pour ses \u00e9preuves \u00e9crites organis\u00e9es&nbsp;du 20 au 24 juillet 2026 et ses \u00e9preuves pratiques,&nbsp;du 27 juillet au 10 ao\u00fbt 2026.Enfin, le&nbsp;Brevet de Technicien Agro-Pastoral (BTAP)&nbsp;se tiendra&nbsp;du 7 au 11 septembre 2026&nbsp;pour les \u00e9preuves \u00e9crites.<\/p>\n\n\n\n<p style=\"font-size:18px\"><strong>Une stabilit\u00e9 qui renforce la cr\u00e9dibilit\u00e9 de l\u2019\u00e9cole malienne<\/strong><\/p>\n\n\n\n<p style=\"font-size:18px\">Au-del\u00e0 des dates, ce calendrier confirme la&nbsp;r\u00e9gularit\u00e9 du fonctionnement du syst\u00e8me \u00e9ducatif malien sous l\u2019\u00e9gide du Ministre Dr Amadou Sy Savan\u00e9. Force est d\u2019admettre que depuis plusieurs ann\u00e9es, l\u2019ann\u00e9e scolaire se d\u00e9roule sans interruptions majeures, permettant l\u2019ex\u00e9cution compl\u00e8te des programmes et la tenue des examens dans les d\u00e9lais pr\u00e9vus. De ce fait, cette constance contribue \u00e0 renforcer la cr\u00e9dibilit\u00e9 des dipl\u00f4mes nationaux et \u00e0 restaurer la confiance des parents d\u2019\u00e9l\u00e8ves et des partenaires de l\u2019\u00e9ducation. Elle traduit \u00e9galement la volont\u00e9 des autorit\u00e9s de faire de la planification et de la discipline des piliers de la gouvernance scolaire. Ce, en respectant chaque ann\u00e9e son calendrier.<\/p>\n\n\n\n<p><strong>Adama Tounkara<\/strong><\/p>\n","protected":false},"excerpt":{"rendered":"<p>Le Minist\u00e8re de l\u2019\u00c9ducation nationale a rendu public, le 21 janvier 2026 les dates des examens de fin d\u2019ann\u00e9e scolaire 2025-2026. Cette d\u00e9cision, prise en amont et dans le respect&hellip;<\/p>\n","protected":false},"author":1,"featured_media":22517,"comment_status":"open","ping_status":"open","sticky":false,"template":"","format":"standard","meta":{"content-type":"","_lmt_disableupdate":"","_lmt_disable":"","_jetpack_memberships_contains_paid_content":false,"footnotes":"","jetpack_publicize_message":"","jetpack_publicize_feature_enabled":true,"jetpack_social_post_already_shared":true,"jetpack_social_options":{"image_generator_settings":{"template":"highway","default_image_id":0,"font":"","enabled":false},"version":2}},"categories":[38,67],"tags":[],"class_list":["post-24050","post","type-post","status-publish","format-standard","has-post-thumbnail","hentry","category-education","category-le-sursaut"],"jetpack_publicize_connections":[],"featured_image_urls":{"full":["https:\/\/nandi.info\/wp-content\/uploads\/2025\/06\/Examens-bac-ecole.jpg",894,468,false],"thumbnail":["https:\/\/nandi.info\/wp-content\/uploads\/2025\/06\/Examens-bac-ecole-150x150.jpg",150,150,true],"medium":["https:\/\/nandi.info\/wp-content\/uploads\/2025\/06\/Examens-bac-ecole-300x157.jpg",300,157,true],"medium_large":["https:\/\/nandi.info\/wp-content\/uploads\/2025\/06\/Examens-bac-ecole-768x402.jpg",768,402,true],"large":["https:\/\/nandi.info\/wp-content\/uploads\/2025\/06\/Examens-bac-ecole.jpg",894,468,false],"1536x1536":["https:\/\/nandi.info\/wp-content\/uploads\/2025\/06\/Examens-bac-ecole.jpg",894,468,false],"2048x2048":["https:\/\/nandi.info\/wp-content\/uploads\/2025\/06\/Examens-bac-ecole.jpg",894,468,false],"penci-recipe-1200x1200":["https:\/\/nandi.info\/wp-content\/uploads\/2025\/06\/Examens-bac-ecole.jpg",894,468,false],"penci-recipe-1200x900":["https:\/\/nandi.info\/wp-content\/uploads\/2025\/06\/Examens-bac-ecole.jpg",894,468,false],"penci-recipe-1200x675":["https:\/\/nandi.info\/wp-content\/uploads\/2025\/06\/Examens-bac-ecole.jpg",894,468,false],"penci-single-full":["https:\/\/nandi.info\/wp-content\/uploads\/2025\/06\/Examens-bac-ecole.jpg",894,468,false],"penci-slider-full-thumb":["https:\/\/nandi.info\/wp-content\/uploads\/2025\/06\/Examens-bac-ecole.jpg",894,468,false],"penci-full-thumb":["https:\/\/nandi.info\/wp-content\/uploads\/2025\/06\/Examens-bac-ecole.jpg",894,468,false],"penci-slider-thumb":["https:\/\/nandi.info\/wp-content\/uploads\/2025\/06\/Examens-bac-ecole.jpg",894,468,false],"penci-magazine-slider":["https:\/\/nandi.info\/wp-content\/uploads\/2025\/06\/Examens-bac-ecole-780x468.jpg",780,468,true],"penci-thumb":["https:\/\/nandi.info\/wp-content\/uploads\/2025\/06\/Examens-bac-ecole-585x390.jpg",585,390,true],"penci-masonry-thumb":["https:\/\/nandi.info\/wp-content\/uploads\/2025\/06\/Examens-bac-ecole-585x306.jpg",585,306,true],"penci-thumb-square":["https:\/\/nandi.info\/wp-content\/uploads\/2025\/06\/Examens-bac-ecole-585x468.jpg",585,468,true],"penci-thumb-vertical":["https:\/\/nandi.info\/wp-content\/uploads\/2025\/06\/Examens-bac-ecole-480x468.jpg",480,468,true],"penci-thumb-small":["https:\/\/nandi.info\/wp-content\/uploads\/2025\/06\/Examens-bac-ecole-263x175.jpg",263,175,true]},"author_info":{"display_name":"Nandi","author_link":"https:\/\/nandi.info\/?author=1"},"category_info":"<a href=\"https:\/\/nandi.info\/?cat=38\" rel=\"category\">Education<\/a> <a href=\"https:\/\/nandi.info\/?cat=67\" rel=\"category\">Le Sursaut<\/a>","tag_info":"Le Sursaut","comment_count":"0","jetpack_featured_media_url":"https:\/\/nandi.info\/wp-content\/uploads\/2025\/06\/Examens-bac-ecole.jpg","jetpack_sharing_enabled":true,"_links":{"self":[{"href":"https:\/\/nandi.info\/index.php?rest_route=\/wp\/v2\/posts\/24050","targetHints":{"allow":["GET"]}}],"collection":[{"href":"https:\/\/nandi.info\/index.php?rest_route=\/wp\/v2\/posts"}],"about":[{"href":"https:\/\/nandi.info\/index.php?rest_route=\/wp\/v2\/types\/post"}],"author":[{"embeddable":true,"href":"https:\/\/nandi.info\/index.php?rest_route=\/wp\/v2\/users\/1"}],"replies":[{"embeddable":true,"href":"https:\/\/nandi.info\/index.php?rest_route=%2Fwp%2Fv2%2Fcomments&post=24050"}],"version-history":[{"count":2,"href":"https:\/\/nandi.info\/index.php?rest_route=\/wp\/v2\/posts\/24050\/revisions"}],"predecessor-version":[{"id":24053,"href":"https:\/\/nandi.info\/index.php?rest_route=\/wp\/v2\/posts\/24050\/revisions\/24053"}],"wp:featuredmedia":[{"embeddable":true,"href":"https:\/\/nandi.info\/index.php?rest_route=\/wp\/v2\/media\/22517"}],"wp:attachment":[{"href":"https:\/\/nandi.info\/index.php?rest_route=%2Fwp%2Fv2%2Fmedia&parent=24050"}],"wp:term":[{"taxonomy":"category","embeddable":true,"href":"https:\/\/nandi.info\/index.php?rest_route=%2Fwp%2Fv2%2Fcategories&post=24050"},{"taxonomy":"post_tag","embeddable":true,"href":"https:\/\/nandi.info\/index.php?rest_route=%2Fwp%2Fv2%2Ftags&post=24050"}],"curies":[{"name":"wp","href":"https:\/\/api.w.org\/{rel}","templated":true}]}}