{"id":24044,"date":"2026-01-24T23:56:23","date_gmt":"2026-01-24T22:56:23","guid":{"rendered":"https:\/\/nandi.info\/?p=24044"},"modified":"2026-01-24T23:56:26","modified_gmt":"2026-01-24T22:56:26","slug":"communique-du-conseil-des-ministres-du-vendredi-23-janvier-2026","status":"publish","type":"post","link":"https:\/\/nandi.info\/?p=24044","title":{"rendered":"Communiqu\u00e9 du Conseil des Ministres du vendredi 23 janvier 2026"},"content":{"rendered":"\n<figure class=\"wp-block-image alignleft size-large is-resized\"><img fetchpriority=\"high\" decoding=\"async\" width=\"1024\" height=\"683\" src=\"https:\/\/nandi.info\/wp-content\/uploads\/2025\/06\/Assimi-conseil-des-ministres-1024x683.jpg\" alt=\"\" class=\"wp-image-22450\" style=\"aspect-ratio:1.4992791926958193;width:557px;height:auto\" srcset=\"https:\/\/nandi.info\/wp-content\/uploads\/2025\/06\/Assimi-conseil-des-ministres-1024x683.jpg 1024w, https:\/\/nandi.info\/wp-content\/uploads\/2025\/06\/Assimi-conseil-des-ministres-300x200.jpg 300w, https:\/\/nandi.info\/wp-content\/uploads\/2025\/06\/Assimi-conseil-des-ministres-768x512.jpg 768w, https:\/\/nandi.info\/wp-content\/uploads\/2025\/06\/Assimi-conseil-des-ministres-1536x1025.jpg 1536w, https:\/\/nandi.info\/wp-content\/uploads\/2025\/06\/Assimi-conseil-des-ministres-1920x1281.jpg 1920w, https:\/\/nandi.info\/wp-content\/uploads\/2025\/06\/Assimi-conseil-des-ministres-1170x780.jpg 1170w, https:\/\/nandi.info\/wp-content\/uploads\/2025\/06\/Assimi-conseil-des-ministres-585x390.jpg 585w, https:\/\/nandi.info\/wp-content\/uploads\/2025\/06\/Assimi-conseil-des-ministres-263x175.jpg 263w, https:\/\/nandi.info\/wp-content\/uploads\/2025\/06\/Assimi-conseil-des-ministres.jpg 2048w\" sizes=\"(max-width: 1024px) 100vw, 1024px\" \/><\/figure>\n\n\n\n<h2 class=\"wp-block-heading\">Le Conseil des Ministres s\u2019est r\u00e9uni en session ordinaire, le vendredi 23 janvier 2026, dans sa salle de d\u00e9lib\u00e9rations au Palais de Koulouba, sous la pr\u00e9sidence du G\u00e9n\u00e9ral d\u2019Arm\u00e9e Assimi GOITA, Pr\u00e9sident de la Transition, Chef de l\u2019Etat.<\/h2>\n\n\n\n<p style=\"font-size:18px\">Apr\u00e8s examen des points inscrits \u00e0 l\u2019ordre du jour, le Conseil a :<\/p>\n\n\n\n<p style=\"font-size:18px\">&#8211; &nbsp; &nbsp;adopt\u00e9 des projets de texte ;<\/p>\n\n\n\n<p style=\"font-size:18px\">&#8211; &nbsp; &nbsp;proc\u00e9d\u00e9 \u00e0 des nominations ;<\/p>\n\n\n\n<p style=\"font-size:18px\">&#8211; &nbsp; &nbsp;et entendu des communications.&nbsp;<br><strong>AU CHAPITRE DES MESURES LEGISLATIVES ET REGLEMENTAIRES<\/strong><\/p>\n\n\n\n<p style=\"font-size:18px\">Sur le rapport du ministre de l\u2019Economie et des Finances, le Conseil des Ministres a adopt\u00e9 :<\/p>\n\n\n\n<p style=\"font-size:18px\">a. un projet de d\u00e9cret portant approbation du march\u00e9 relatif \u00e0 l\u2019acquisition de camions ampli rolls et de camions bennes basculantes au profit de la Mairie du District de Bamako.<\/p>\n\n\n\n<p style=\"font-size:18px\">Le march\u00e9 relatif \u00e0 l\u2019acquisition de camions ampli rolls et de camions bennes basculantes est conclu entre la Mairie du District de Bamako et la Soci\u00e9t\u00e9 \u00ab TOGUNA MOTORS \u00bb pour un montant de 508 millions 830 mille francs CFA, Toutes Taxes Comprises et un d\u00e9lai de livraison de 90 jours.<\/p>\n\n\n\n<p style=\"font-size:18px\">L\u2019ex\u00e9cution de ce march\u00e9 permettra de renforcer les capacit\u00e9s techniques et op\u00e9rationnelles de la Direction des Services urbains de Voirie et d\u2019Assainissement de la Mairie du District de Bamako.<\/p>\n\n\n\n<p style=\"font-size:18px\">b. un projet de d\u00e9cret portant approbation de l\u2019Avenant n\u00b0004 au Contrat de Concession du service public de l\u2019\u00e9lectricit\u00e9.<\/p>\n\n\n\n<p style=\"font-size:18px\">Dans le cadre de la fourniture de l\u2019\u00e9lectricit\u00e9 aux populations, un Contrat de Concession a \u00e9t\u00e9 sign\u00e9, le 21 novembre 2000, entre la R\u00e9publique du Mali et la Soci\u00e9t\u00e9 Energie du Mali pour une dur\u00e9e initiale de 20 ans.<\/p>\n\n\n\n<p style=\"font-size:18px\">En vue de l\u2019am\u00e9lioration du service public de l\u2019\u00e9lectricit\u00e9, le Gouvernement a engag\u00e9, depuis plusieurs ann\u00e9es, une s\u00e9rie de r\u00e9formes qui se sont traduites, notamment par l\u2019adoption d\u2019un Plan de redressement de la situation financi\u00e8re et op\u00e9rationnelle du secteur de l\u2019Electricit\u00e9. Un des objectifs de ce plan est de combler le d\u00e9s\u00e9quilibre structurel entre les co\u00fbts de services et les revenus de la Soci\u00e9t\u00e9 Energie du Mali.<\/p>\n\n\n\n<p style=\"font-size:18px\">Pour l\u2019atteinte de cet objectif, il est apparu n\u00e9cessaire de proroger la dur\u00e9e du Contrat de Concession sign\u00e9 entre la R\u00e9publique du Mali et la Soci\u00e9t\u00e9 Energie du Mali.<\/p>\n\n\n\n<p style=\"font-size:18px\">Le projet de d\u00e9cret, adopt\u00e9, modifie l\u2019article 5 du Contrat de Concession du service public de l\u2019\u00e9lectricit\u00e9 aux fins de proroger, \u00e0 compter du 21 novembre 2025, la dur\u00e9e de la Concession de 3 ans et supprime les pr\u00e9rogatives du concessionnaire en mati\u00e8re de travaux.<\/p>\n\n\n\n<p style=\"font-size:18px\">c. des projets de texte relatifs \u00e0 la participation de l\u2019Etat au capital social de la \u00ab Soci\u00e9t\u00e9 Industrielle du Centre du Mali FARATCHI-CO-S.A \u00bb.<\/p>\n\n\n\n<p style=\"font-size:18px\">Pour une meilleure int\u00e9gration du secteur minier \u00e0 l\u2019\u00e9conomie nationale, le Gouvernement de la R\u00e9publique du Mali a entrepris des r\u00e9formes importantes dans le secteur minier qui ont abouti en 2023 \u00e0 l\u2019adoption d\u2019un nouveau Code minier et d\u2019une loi relative au contenu local.<\/p>\n\n\n\n<p style=\"font-size:18px\">Dans la m\u00eame dynamique, afin de renforcer la gestion des explosifs \u00e0 usage civil, de promouvoir le d\u00e9veloppement d\u2019une industrie locale, de renforcer la surveillance et de garantir la s\u00e9curit\u00e9 dans ce domaine, le Gouvernement a sign\u00e9, en novembre 2024, un pacte d\u2019actionnaires avec la Soci\u00e9t\u00e9 chinoise \u00ab Auxin \u00bb pour la cr\u00e9ation d\u2019une Soci\u00e9t\u00e9 de production d\u2019explosifs \u00e0 usage civil, d\u00e9nomm\u00e9e \u00ab Soci\u00e9t\u00e9 Industrielle du Centre du Mali FARATCHI-CO-SA \u00bb dont le capital est d\u00e9tenu par l\u2019Etat du Mali et par la Soci\u00e9t\u00e9 \u00ab Auxin \u00bb.<\/p>\n\n\n\n<p style=\"font-size:18px\">Les projets de texte, adopt\u00e9s, autorisent la participation de l\u2019Etat au capital social de ladite Soci\u00e9t\u00e9 \u00e0 hauteur de 51% et fixent les modalit\u00e9s de cette participation.<br><strong>AU CHAPITRE DES MESURES INDIVIDUELLES<\/strong><\/p>\n\n\n\n<p style=\"font-size:18px\">Le Conseil des Ministres a proc\u00e9d\u00e9 aux nominations suivantes :<\/p>\n\n\n\n<p style=\"font-size:18px\"><strong>AU TITRE DU MINISTERE DE L\u2019ADMINISTRATION TERRITORIALE ET DE LA DECENTRALISATION<\/strong><\/p>\n\n\n\n<p style=\"font-size:18px\">&#8211; &nbsp; &nbsp;Inspecteurs \u00e0 l\u2019Inspection de l\u2019Int\u00e9rieur :<br>Madame A\u00efcha TRAORE, Administrateur civil, Membre du Corps pr\u00e9fectoral ;<br>Monsieur Sidi Mohamed EL BECHIR, Administrateur civil, Membre du Corps pr\u00e9fectoral ; Monsieur Mahamadou KONE, Administrateur civil, Membre du Corps pr\u00e9fectoral.<\/p>\n\n\n\n<p style=\"font-size:18px\">&#8211; &nbsp; &nbsp;Directeur de Cabinet du Gouverneur de la R\u00e9gion de Nioro :<br>Monsieur Moustapha KANTE, Administrateur civil, Membre du Corps pr\u00e9fectoral.<\/p>\n\n\n\n<p style=\"font-size:18px\">&#8211; &nbsp; &nbsp;Directeur de Cabinet du Gouverneur de la R\u00e9gion de Dio\u00efla :<br>Monsieur Moussa COULIBALY, Administrateur civil, Membre du Corps pr\u00e9fectoral.<\/p>\n\n\n\n<p style=\"font-size:18px\">&#8211; &nbsp; &nbsp;Directeur de Cabinet du Gouverneur de la R\u00e9gion de Douentza : Monsieur Siaka KANTE, Administrateur civil, Membre du Corps pr\u00e9fectoral.<\/p>\n\n\n\n<p style=\"font-size:18px\">&#8211; &nbsp; &nbsp;Conseiller aux Affaires administratives et juridiques du Gouverneur de la R\u00e9gion de Kayes :<br>Monsieur Sounkalo Roland KAMATE, Administrateur civil, Membre du Corps pr\u00e9fectoral.<\/p>\n\n\n\n<p style=\"font-size:18px\">&#8211; &nbsp; &nbsp;Conseiller aux Affaires administratives et juridiques du Gouverneur de la R\u00e9gion de Dio\u00efla :<br>Monsieur Djin\u00e8moussa DIAKITE, Administrateur civil, Membre du Corps pr\u00e9fectoral.<\/p>\n\n\n\n<p style=\"font-size:18px\">&#8211; &nbsp; &nbsp;Conseiller aux Affaires \u00e9conomiques et financi\u00e8res du Gouverneur de la R\u00e9gion de Kidal :<br>Monsieur Malick AG ATTAHER, Ing\u00e9nieur de l\u2019Agriculture et du G\u00e9nie rural.<\/p>\n\n\n\n<p style=\"font-size:18px\">&#8211; &nbsp; &nbsp;Conseiller aux Affaires \u00e9conomiques et financi\u00e8res du Gouverneur de la R\u00e9gion de Douentza :<br>Monsieur Mamadou Bouya SY, Ing\u00e9nieur de l\u2019Agriculture et du G\u00e9nie rural.<\/p>\n\n\n\n<p style=\"font-size:18px\">&#8211; &nbsp; &nbsp;Conseiller \u00e0 la S\u00e9curit\u00e9 et \u00e0 la Protection civile du Gouverneur de la R\u00e9gion de M\u00e9naka : Commandant Br\u00e9hima COULIBALY.<\/p>\n\n\n\n<p style=\"font-size:18px\">&#8211; &nbsp; &nbsp;Conseiller \u00e0 la S\u00e9curit\u00e9 et \u00e0 la Protection civile du Gouverneur de la R\u00e9gion de San : Contr\u00f4leur principal de Police Boubakary SIDIBE.<\/p>\n\n\n\n<p style=\"font-size:18px\"><strong>AU TITRE DU MINISTERE DES AFFAIRES ETRANGERES ET DE LA COOPERATION INTERNATIONALE<\/strong><\/p>\n\n\n\n<p style=\"font-size:18px\">&#8211; \u00a0 \u00a0Ambassadeur du Mali \u00e0 Tripoli (Libye) :<br>Colonel-major Maouloud OULD MOHAMED ABDALLAH.<\/p>\n\n\n\n<p style=\"font-size:18px\"><br><strong>AU CHAPITRE DES COMMUNICATIONS<\/strong><\/p>\n\n\n\n<p style=\"font-size:18px\">1. Le ministre de la Refondation de l\u2019Etat, charg\u00e9 des Relations avec les Institutions a inform\u00e9 le Conseil des Ministres du bilan des activit\u00e9s de la c\u00e9l\u00e9bration de la 4\u00e8me Edition de la Journ\u00e9e nationale de la Souverainet\u00e9 retrouv\u00e9e.<\/p>\n\n\n\n<p style=\"font-size:18px\">La c\u00e9l\u00e9bration de cette 4\u00e8me Edition, plac\u00e9e sous le th\u00e8me : \u00ab Souverainet\u00e9 retrouv\u00e9e, construisons le Mali de demain \u00bb, a \u00e9t\u00e9 marqu\u00e9e par plusieurs activit\u00e9s dans les R\u00e9gions, le District de Bamako ainsi que dans les Missions diplomatiques et Postes consulaires du Mali.<\/p>\n\n\n\n<p style=\"font-size:18px\">La Conf\u00e9rence de cl\u00f4ture de cette journ\u00e9e s\u2019est tenue, le 18 janvier 2026, sous la pr\u00e9sidence du Premier ministre, Chef du Gouvernement, en pr\u00e9sence des membres du Gouvernement, de repr\u00e9sentants d\u2019Institutions de la R\u00e9publique, d\u2019Organisations de la Soci\u00e9t\u00e9 civile, du Secteur priv\u00e9 et de la Presse. Le Burkina Faso et le Niger, pays membres de la Conf\u00e9d\u00e9ration des Etats du Sahel, en \u00e9taient les invit\u00e9s d\u2019honneur.<\/p>\n\n\n\n<p style=\"font-size:18px\">Dans son allocution de cl\u00f4ture, le Premier ministre, Chef du Gouvernement a exprim\u00e9 sa satisfaction au regard des actions patriotiques men\u00e9es, qui contribuent \u00e0 la promotion de nos valeurs positives comme source de r\u00e9silience.<\/p>\n\n\n\n<p style=\"font-size:18px\">2. Le ministre de l\u2019Education nationale a inform\u00e9 le Conseil des Ministres de la c\u00e9l\u00e9bration de la 8\u00e8me Edition de la Journ\u00e9e internationale de l\u2019Education, le 23 janvier 2026.<\/p>\n\n\n\n<p style=\"font-size:18px\">Cette 8\u00e8me Edition est c\u00e9l\u00e9br\u00e9e sous le th\u00e8me national : \u00ab Une \u00e9ducation de qualit\u00e9 pour tous dans un contexte de crise \u00bb pour refl\u00e9ter les difficult\u00e9s persistantes du syst\u00e8me \u00e9ducatif.<\/p>\n\n\n\n<p style=\"font-size:18px\">La c\u00e9l\u00e9bration de la Journ\u00e9e vise \u00e0 promouvoir le r\u00f4le de l\u2019\u00e9ducation dans le retour \u00e0 la paix, \u00e0 encourager la continuit\u00e9 p\u00e9dagogique en p\u00e9riode de crise et \u00e0 mobiliser la jeunesse \u00e0 travers des actions de sensibilisation et des conf\u00e9rences-d\u00e9bats \u00e0 l\u2019\u00e9chelle nationale.<\/p>\n\n\n\n<p style=\"font-size:18px\">3. Le ministre de la Sant\u00e9 et du D\u00e9veloppement social a inform\u00e9 le Conseil des Ministres de la situation \u00e9pid\u00e9miologique du pays marqu\u00e9e, notamment par une augmentation du nombre de cas confirm\u00e9s de dengue compar\u00e9 \u00e0 celui de la semaine \u00e9coul\u00e9e.<\/p>\n\n\n\n<p style=\"font-size:18px\">Le Pr\u00e9sident de la Transition, Chef de l\u2019Etat a appel\u00e9 la population au respect strict des mesures de pr\u00e9vention et de lutte contre les maladies.<\/p>\n\n\n\n<p>Bamako, le 23 janvier 2026<\/p>\n\n\n\n<p><strong>Le Secr\u00e9taire G\u00e9n\u00e9ral du Gouvernement,<\/strong><\/p>\n\n\n\n<p><strong><br>Birama COULIBALY Chevalier de l\u2019Ordre national<\/strong><\/p>\n\n\n\n<p><\/p>\n\n\n\n<p>Maliweb<\/p>\n\n\n\n<p><\/p>\n","protected":false},"excerpt":{"rendered":"<p>Le Conseil des Ministres s\u2019est r\u00e9uni en session ordinaire, le vendredi 23 janvier 2026, dans sa salle de d\u00e9lib\u00e9rations au Palais de Koulouba, sous la pr\u00e9sidence du G\u00e9n\u00e9ral d\u2019Arm\u00e9e Assimi&hellip;<\/p>\n","protected":false},"author":1,"featured_media":22450,"comment_status":"open","ping_status":"open","sticky":false,"template":"","format":"standard","meta":{"content-type":"","_lmt_disableupdate":"","_lmt_disable":"","_jetpack_memberships_contains_paid_content":false,"footnotes":"","jetpack_publicize_message":"","jetpack_publicize_feature_enabled":true,"jetpack_social_post_already_shared":true,"jetpack_social_options":{"image_generator_settings":{"template":"highway","default_image_id":0,"font":"","enabled":false},"version":2}},"categories":[28,43],"tags":[],"class_list":["post-24044","post","type-post","status-publish","format-standard","has-post-thumbnail","hentry","category-communique-du-conseil-des-ministres","category-nandi-info"],"jetpack_publicize_connections":[],"featured_image_urls":{"full":["https:\/\/nandi.info\/wp-content\/uploads\/2025\/06\/Assimi-conseil-des-ministres.jpg",2048,1366,false],"thumbnail":["https:\/\/nandi.info\/wp-content\/uploads\/2025\/06\/Assimi-conseil-des-ministres-150x150.jpg",150,150,true],"medium":["https:\/\/nandi.info\/wp-content\/uploads\/2025\/06\/Assimi-conseil-des-ministres-300x200.jpg",300,200,true],"medium_large":["https:\/\/nandi.info\/wp-content\/uploads\/2025\/06\/Assimi-conseil-des-ministres-768x512.jpg",768,512,true],"large":["https:\/\/nandi.info\/wp-content\/uploads\/2025\/06\/Assimi-conseil-des-ministres-1024x683.jpg",1024,683,true],"1536x1536":["https:\/\/nandi.info\/wp-content\/uploads\/2025\/06\/Assimi-conseil-des-ministres-1536x1025.jpg",1536,1025,true],"2048x2048":["https:\/\/nandi.info\/wp-content\/uploads\/2025\/06\/Assimi-conseil-des-ministres.jpg",2048,1366,false],"penci-recipe-1200x1200":["https:\/\/nandi.info\/wp-content\/uploads\/2025\/06\/Assimi-conseil-des-ministres-1200x1200.jpg",1200,1200,true],"penci-recipe-1200x900":["https:\/\/nandi.info\/wp-content\/uploads\/2025\/06\/Assimi-conseil-des-ministres-1200x900.jpg",1200,900,true],"penci-recipe-1200x675":["https:\/\/nandi.info\/wp-content\/uploads\/2025\/06\/Assimi-conseil-des-ministres-1200x675.jpg",1200,675,true],"penci-single-full":["https:\/\/nandi.info\/wp-content\/uploads\/2025\/06\/Assimi-conseil-des-ministres-1920x1281.jpg",1920,1281,true],"penci-slider-full-thumb":["https:\/\/nandi.info\/wp-content\/uploads\/2025\/06\/Assimi-conseil-des-ministres-1920x800.jpg",1920,800,true],"penci-full-thumb":["https:\/\/nandi.info\/wp-content\/uploads\/2025\/06\/Assimi-conseil-des-ministres-1170x780.jpg",1170,780,true],"penci-slider-thumb":["https:\/\/nandi.info\/wp-content\/uploads\/2025\/06\/Assimi-conseil-des-ministres-1170x663.jpg",1170,663,true],"penci-magazine-slider":["https:\/\/nandi.info\/wp-content\/uploads\/2025\/06\/Assimi-conseil-des-ministres-780x516.jpg",780,516,true],"penci-thumb":["https:\/\/nandi.info\/wp-content\/uploads\/2025\/06\/Assimi-conseil-des-ministres-585x390.jpg",585,390,true],"penci-masonry-thumb":["https:\/\/nandi.info\/wp-content\/uploads\/2025\/06\/Assimi-conseil-des-ministres-585x390.jpg",585,390,true],"penci-thumb-square":["https:\/\/nandi.info\/wp-content\/uploads\/2025\/06\/Assimi-conseil-des-ministres-585x585.jpg",585,585,true],"penci-thumb-vertical":["https:\/\/nandi.info\/wp-content\/uploads\/2025\/06\/Assimi-conseil-des-ministres-480x650.jpg",480,650,true],"penci-thumb-small":["https:\/\/nandi.info\/wp-content\/uploads\/2025\/06\/Assimi-conseil-des-ministres-263x175.jpg",263,175,true]},"author_info":{"display_name":"Nandi","author_link":"https:\/\/nandi.info\/?author=1"},"category_info":"<a href=\"https:\/\/nandi.info\/?cat=28\" rel=\"category\">Communique du conseil des ministres<\/a> <a href=\"https:\/\/nandi.info\/?cat=43\" rel=\"category\">Nandi.info<\/a>","tag_info":"Nandi.info","comment_count":"0","jetpack_featured_media_url":"https:\/\/nandi.info\/wp-content\/uploads\/2025\/06\/Assimi-conseil-des-ministres.jpg","jetpack_sharing_enabled":true,"_links":{"self":[{"href":"https:\/\/nandi.info\/index.php?rest_route=\/wp\/v2\/posts\/24044","targetHints":{"allow":["GET"]}}],"collection":[{"href":"https:\/\/nandi.info\/index.php?rest_route=\/wp\/v2\/posts"}],"about":[{"href":"https:\/\/nandi.info\/index.php?rest_route=\/wp\/v2\/types\/post"}],"author":[{"embeddable":true,"href":"https:\/\/nandi.info\/index.php?rest_route=\/wp\/v2\/users\/1"}],"replies":[{"embeddable":true,"href":"https:\/\/nandi.info\/index.php?rest_route=%2Fwp%2Fv2%2Fcomments&post=24044"}],"version-history":[{"count":1,"href":"https:\/\/nandi.info\/index.php?rest_route=\/wp\/v2\/posts\/24044\/revisions"}],"predecessor-version":[{"id":24045,"href":"https:\/\/nandi.info\/index.php?rest_route=\/wp\/v2\/posts\/24044\/revisions\/24045"}],"wp:featuredmedia":[{"embeddable":true,"href":"https:\/\/nandi.info\/index.php?rest_route=\/wp\/v2\/media\/22450"}],"wp:attachment":[{"href":"https:\/\/nandi.info\/index.php?rest_route=%2Fwp%2Fv2%2Fmedia&parent=24044"}],"wp:term":[{"taxonomy":"category","embeddable":true,"href":"https:\/\/nandi.info\/index.php?rest_route=%2Fwp%2Fv2%2Fcategories&post=24044"},{"taxonomy":"post_tag","embeddable":true,"href":"https:\/\/nandi.info\/index.php?rest_route=%2Fwp%2Fv2%2Ftags&post=24044"}],"curies":[{"name":"wp","href":"https:\/\/api.w.org\/{rel}","templated":true}]}}