{"id":23664,"date":"2025-12-04T17:39:34","date_gmt":"2025-12-04T16:39:34","guid":{"rendered":"https:\/\/nandi.info\/?p=23664"},"modified":"2025-12-04T17:39:37","modified_gmt":"2025-12-04T16:39:37","slug":"a-bangui-la-39%e1%b5%89-session-de-la-cipres-rassemble-les-experts-pour-consolider-la-protection-sociale-et-ameliorer-le-bien-etre-des-populations","status":"publish","type":"post","link":"https:\/\/nandi.info\/?p=23664","title":{"rendered":"\u00c0 Bangui, la 39\u1d49 session de la CIPRES rassemble les experts pour consolider la protection sociale et am\u00e9liorer le bien-\u00eatre des populations"},"content":{"rendered":"\n<h2 class=\"wp-block-heading has-text-align-center\">CIPRES, qui f\u00e9d\u00e8re 18 pays africains, se penche sur 16 point pour mieux harmoniser les syst\u00e8mes de protection sociale<\/h2>\n\n\n\n<figure class=\"wp-block-image alignleft size-large is-resized\"><img fetchpriority=\"high\" decoding=\"async\" width=\"1024\" height=\"768\" src=\"https:\/\/nandi.info\/wp-content\/uploads\/2025\/12\/cipress-1-1024x768.jpg\" alt=\"\" class=\"wp-image-23667\" style=\"width:539px;height:auto\" srcset=\"https:\/\/nandi.info\/wp-content\/uploads\/2025\/12\/cipress-1-1024x768.jpg 1024w, https:\/\/nandi.info\/wp-content\/uploads\/2025\/12\/cipress-1-300x225.jpg 300w, https:\/\/nandi.info\/wp-content\/uploads\/2025\/12\/cipress-1-768x576.jpg 768w, https:\/\/nandi.info\/wp-content\/uploads\/2025\/12\/cipress-1-585x439.jpg 585w, https:\/\/nandi.info\/wp-content\/uploads\/2025\/12\/cipress-1.jpg 1040w\" sizes=\"(max-width: 1024px) 100vw, 1024px\" \/><\/figure>\n\n\n\n<p style=\"font-size:18px\"><strong>En pr\u00e9lude \u00e0 la 39<sup>\u00e8me<\/sup> &nbsp;session ordinaire du Conseil des ministres des pays membres de la Conf\u00e9rence Interafricaine de la Pr\u00e9vention Sociale (CIPRES), le Comit\u00e9 des Experts de la protection sociale s\u2019est r\u00e9uni en conclave \u00e0 Bangui, capitale de la R\u00e9publique centrafricaine pour d\u00e9chiffrer l\u2019extension de la couverture sociale pour le bien- \u00eatre des populations. Durant deux jours, soit du 02 au 03 D\u00e9cembre, ils se pencheront sur les documents pr\u00e9paratoires destin\u00e9s au Conseil des ministres qui se tient ce vendredi 05 D\u00e9cembre 2025. Le ministre de la Sant\u00e9 et du D\u00e9veloppement Social, le m\u00e9decin colonel-major Assa Badiallo TOUR\u00c9 prendra part aux travaux.<\/strong><\/p>\n\n\n\n<p style=\"font-size:18px\">Le Mali participe \u00e0 cette rencontre de haut niveau des experts \u00e0 travers une forte d\u00e9l\u00e9gation conduite par le Conseiller Technique en charge des questions juridiques du D\u00e9partement, M. Bakary DEMBELE. Le Directeur National de la Protection Sociale et de l\u2019\u00c9conomie Solidaire, M. Mohamed Bassirou TRAOR\u00c9, les Directeurs G\u00e9n\u00e9raux des Organismes de Pr\u00e9voyance Sociale que sont : la CANAM (m\u00e9decin G\u00e9n\u00e9ral de brigade Boubacar DEMB\u00c9L\u00c9), la CMSS (Ichaka KONE), l\u2019ANAM (Hameth Ben Hamane TRAOR\u00c9), ainsi que des conseillers techniques de l\u2019INPS, de la CMSS et de la CANAM sont \u00e9galement du voyage de Bangui.<\/p>\n\n\n\n<p style=\"font-size:18px\">La CIPRES, qui regroupe 18 pays membres, \u0153uvre \u00e0 la coordination et \u00e0 l\u2019harmonisation des syst\u00e8mes de protection sociale sur le continent. Elle veille \u00e9galement \u00e0 la d\u00e9finition de r\u00e8gles communes de gestion des organismes de pr\u00e9voyance sociale et au contr\u00f4le de leur fonctionnement.<\/p>\n\n\n\n<figure class=\"wp-block-image alignright size-large is-resized\"><img decoding=\"async\" width=\"1024\" height=\"768\" src=\"https:\/\/nandi.info\/wp-content\/uploads\/2025\/12\/cipress-2-1024x768.jpg\" alt=\"\" class=\"wp-image-23668\" style=\"width:390px;height:auto\" srcset=\"https:\/\/nandi.info\/wp-content\/uploads\/2025\/12\/cipress-2-1024x768.jpg 1024w, https:\/\/nandi.info\/wp-content\/uploads\/2025\/12\/cipress-2-300x225.jpg 300w, https:\/\/nandi.info\/wp-content\/uploads\/2025\/12\/cipress-2-768x576.jpg 768w, https:\/\/nandi.info\/wp-content\/uploads\/2025\/12\/cipress-2-585x439.jpg 585w, https:\/\/nandi.info\/wp-content\/uploads\/2025\/12\/cipress-2.jpg 1040w\" sizes=\"(max-width: 1024px) 100vw, 1024px\" \/><\/figure>\n\n\n\n<p style=\"font-size:18px\">Au total, 16 points sont inscrits \u00e0 l\u2019agenda des travaux du pr\u00e9sent Comit\u00e9 des experts, notamment :<\/p>\n\n\n\n<p style=\"font-size:18px\">\u2022&nbsp;&nbsp;&nbsp;&nbsp;&nbsp;&nbsp;&nbsp;&nbsp;&nbsp;&nbsp;&nbsp;&nbsp; L\u2019\u00e9lection du Pr\u00e9sident du Conseil des ministres ;<\/p>\n\n\n\n<p style=\"font-size:18px\">\u2022&nbsp;&nbsp;&nbsp;&nbsp;&nbsp;&nbsp;&nbsp;&nbsp;&nbsp;&nbsp;&nbsp;&nbsp; L\u2019examen et l\u2019adoption du compte rendu de la 38\u1d49 session ordinaire du Conseil des ministres ;<\/p>\n\n\n\n<p style=\"font-size:18px\">\u2022&nbsp;&nbsp;&nbsp;&nbsp;&nbsp;&nbsp;&nbsp;&nbsp;&nbsp;&nbsp;&nbsp;&nbsp; L\u2019examen du compte rendu de la 38\u1d49 session du Conseil des ministres de tutelle de la pr\u00e9voyance sociale tenue le 1\u1d49\u02b3 juin 2025 \u00e0 Gen\u00e8ve ;<\/p>\n\n\n\n<p style=\"font-size:18px\">\u2022&nbsp;&nbsp;&nbsp;&nbsp;&nbsp;&nbsp;&nbsp;&nbsp;&nbsp;&nbsp;&nbsp;&nbsp; L\u2019examen et l\u2019adoption des projets du plan d\u2019actions 2026 (54 pages) et du budget 2026 ;<\/p>\n\n\n\n<p style=\"font-size:18px\">\u2022&nbsp;&nbsp;&nbsp;&nbsp;&nbsp;&nbsp;&nbsp;&nbsp;&nbsp;&nbsp;&nbsp;&nbsp; L\u2019adoption du rapport annuel 2024 ;<\/p>\n\n\n\n<p style=\"font-size:18px\">\u2022&nbsp;&nbsp;&nbsp;&nbsp;&nbsp;&nbsp;&nbsp;&nbsp;&nbsp;&nbsp;&nbsp;&nbsp; L\u2019examen des propositions pour la mise en place d\u2019un Comit\u00e9 d\u2019Experts sp\u00e9cial ;<\/p>\n\n\n\n<p style=\"font-size:18px\">\u2022&nbsp;&nbsp;&nbsp;&nbsp;&nbsp;&nbsp;&nbsp;&nbsp;&nbsp;&nbsp;&nbsp;&nbsp; L\u2019adoption des projets de code d\u2019\u00e9thique et de d\u00e9ontologie pour les Conseils d\u2019administration, Directions G\u00e9n\u00e9rales et personnels des OPS ;<\/p>\n\n\n\n<p style=\"font-size:18px\">\u2022&nbsp;&nbsp;&nbsp;&nbsp;&nbsp;&nbsp;&nbsp;&nbsp;&nbsp;&nbsp;&nbsp;&nbsp; L\u2019adoption des fiches d\u2019aptitudes pour les postes de direction ;<\/p>\n\n\n\n<p style=\"font-size:18px\">\u2022&nbsp;&nbsp;&nbsp;&nbsp;&nbsp;&nbsp;&nbsp;&nbsp;&nbsp;&nbsp;&nbsp;&nbsp; L\u2019adoption du r\u00e9pertoire des m\u00e9tiers de base dans les OPS ;<\/p>\n\n\n\n<p style=\"font-size:18px\">\u2022&nbsp;&nbsp;&nbsp;&nbsp;&nbsp;&nbsp;&nbsp;&nbsp;&nbsp;&nbsp;&nbsp;&nbsp; L\u2019adoption des m\u00e9canismes de benchmarking des OPS ;<\/p>\n\n\n\n<p style=\"font-size:18px\">\u2022&nbsp;&nbsp;&nbsp;&nbsp;&nbsp;&nbsp;&nbsp;&nbsp;&nbsp;&nbsp;&nbsp;&nbsp; La demande d\u2019int\u00e9gration de la CNPS de Guin\u00e9e au portefeuille des OPS de la CIPRES ;<\/p>\n\n\n\n<p style=\"font-size:18px\">\u2022&nbsp;&nbsp;&nbsp;&nbsp;&nbsp;&nbsp;&nbsp;&nbsp;&nbsp;&nbsp;&nbsp;&nbsp; La situation de la communication des donn\u00e9es statistiques, financi\u00e8res et comptables;<\/p>\n\n\n\n<p style=\"font-size:18px\">\u2022&nbsp;&nbsp;&nbsp;&nbsp;&nbsp;&nbsp;&nbsp;&nbsp;&nbsp;&nbsp;&nbsp;&nbsp; Le recrutement d\u2019un nouveau Commissaire aux Comptes ;<\/p>\n\n\n\n<p style=\"font-size:18px\">\u2022&nbsp;&nbsp;&nbsp;&nbsp;&nbsp;&nbsp;&nbsp;&nbsp;&nbsp;&nbsp;&nbsp;&nbsp; Une r\u00e9flexion sur les arri\u00e9r\u00e9s de contribution des \u00c9tats membres ;<\/p>\n\n\n\n<p style=\"font-size:18px\">\u2022&nbsp;&nbsp;&nbsp;&nbsp;&nbsp;&nbsp;&nbsp;&nbsp;&nbsp;&nbsp;&nbsp;&nbsp; Le choix du pays h\u00f4te de la 41\u1d49 session du Conseil des ministres ;<\/p>\n\n\n\n<p style=\"font-size:18px\">\u2022&nbsp;&nbsp;&nbsp;&nbsp;&nbsp;&nbsp;&nbsp;&nbsp;&nbsp;&nbsp;&nbsp;&nbsp; La pr\u00e9paration du Forum de haut niveau sur la protection sociale dans la zone CIPRES;<\/p>\n\n\n\n<p style=\"font-size:18px\">\u2022&nbsp;&nbsp;&nbsp;&nbsp;&nbsp;&nbsp;&nbsp;&nbsp;&nbsp;&nbsp;&nbsp;&nbsp; et les questions diverses.<\/p>\n\n\n\n<p style=\"font-size:18px\">A l\u2019ouverture des travaux, le Pr\u00e9sident du Comit\u00e9 de Surveillance de la CIPRES, Cheick Tidiane Tounkara, a salu\u00e9 l\u2019engagement constant des \u00c9tats membres et insist\u00e9 sur la n\u00e9cessit\u00e9 de renforcer la gouvernance, la transparence et l\u2019efficacit\u00e9 des syst\u00e8mes de protection sociale pour r\u00e9pondre aux attentes croissantes des populations africaines. Il a \u00e9galement remerci\u00e9 le pays h\u00f4te pour la parfaite organisation de cette 39\u1d49 session du Conseil des ministres.<\/p>\n\n\n\n<p style=\"font-size:18px\">Au nom du ministre du Travail, de l\u2019Emploi, de la Protection sociale et de la Formation professionnelle, le Directeur de cabinet, Mazamga Victor, a soulign\u00e9 que ces assises interviennent dans un contexte mondial marqu\u00e9 par d\u2019importants d\u00e9fis, notamment l\u2019instabilit\u00e9 \u00e9conomique et les in\u00e9galit\u00e9s sociales. Il a exhort\u00e9 les experts \u00e0 f\u00e9d\u00e9rer leurs efforts et \u00e0 intensifier le partage d\u2019exp\u00e9riences pour renforcer les syst\u00e8mes de protection sociale dans la zone CIPRES.<\/p>\n\n\n\n<p style=\"font-size:18px\">Outre ce Conseil des Ministres, un Forum de Haut niveau portant sur la Protection Sociale se tiendra \u00e9galement dans la capitale centrafricaine en marge de la rencontre.<\/p>\n\n\n\n<p><strong>R\u00e9seau de Communication du MSDS avec Fatoumata Mah Thiam KONE, CCOM- RP\/CMSS, envoy\u00e9e sp\u00e9ciale \u00e0 Bangui)<\/strong><\/p>\n\n\n\n<p><\/p>\n","protected":false},"excerpt":{"rendered":"<p>CIPRES, qui f\u00e9d\u00e8re 18 pays africains, se penche sur 16 point pour mieux harmoniser les syst\u00e8mes de protection sociale En pr\u00e9lude \u00e0 la 39\u00e8me &nbsp;session ordinaire du Conseil des ministres&hellip;<\/p>\n","protected":false},"author":1,"featured_media":23667,"comment_status":"open","ping_status":"open","sticky":false,"template":"","format":"standard","meta":{"content-type":"","_lmt_disableupdate":"","_lmt_disable":"","_jetpack_memberships_contains_paid_content":false,"footnotes":"","jetpack_publicize_message":"","jetpack_publicize_feature_enabled":true,"jetpack_social_post_already_shared":true,"jetpack_social_options":{"image_generator_settings":{"template":"highway","default_image_id":0,"font":"","enabled":false},"version":2}},"categories":[43,21],"tags":[],"class_list":["post-23664","post","type-post","status-publish","format-standard","has-post-thumbnail","hentry","category-nandi-info","category-societe"],"jetpack_publicize_connections":[],"featured_image_urls":{"full":["https:\/\/nandi.info\/wp-content\/uploads\/2025\/12\/cipress-1.jpg",1040,780,false],"thumbnail":["https:\/\/nandi.info\/wp-content\/uploads\/2025\/12\/cipress-1-150x150.jpg",150,150,true],"medium":["https:\/\/nandi.info\/wp-content\/uploads\/2025\/12\/cipress-1-300x225.jpg",300,225,true],"medium_large":["https:\/\/nandi.info\/wp-content\/uploads\/2025\/12\/cipress-1-768x576.jpg",768,576,true],"large":["https:\/\/nandi.info\/wp-content\/uploads\/2025\/12\/cipress-1-1024x768.jpg",1024,768,true],"1536x1536":["https:\/\/nandi.info\/wp-content\/uploads\/2025\/12\/cipress-1.jpg",1040,780,false],"2048x2048":["https:\/\/nandi.info\/wp-content\/uploads\/2025\/12\/cipress-1.jpg",1040,780,false],"penci-recipe-1200x1200":["https:\/\/nandi.info\/wp-content\/uploads\/2025\/12\/cipress-1.jpg",1040,780,false],"penci-recipe-1200x900":["https:\/\/nandi.info\/wp-content\/uploads\/2025\/12\/cipress-1.jpg",1040,780,false],"penci-recipe-1200x675":["https:\/\/nandi.info\/wp-content\/uploads\/2025\/12\/cipress-1-1040x675.jpg",1040,675,true],"penci-single-full":["https:\/\/nandi.info\/wp-content\/uploads\/2025\/12\/cipress-1.jpg",1040,780,false],"penci-slider-full-thumb":["https:\/\/nandi.info\/wp-content\/uploads\/2025\/12\/cipress-1.jpg",1040,780,false],"penci-full-thumb":["https:\/\/nandi.info\/wp-content\/uploads\/2025\/12\/cipress-1.jpg",1040,780,false],"penci-slider-thumb":["https:\/\/nandi.info\/wp-content\/uploads\/2025\/12\/cipress-1-1040x663.jpg",1040,663,true],"penci-magazine-slider":["https:\/\/nandi.info\/wp-content\/uploads\/2025\/12\/cipress-1-780x516.jpg",780,516,true],"penci-thumb":["https:\/\/nandi.info\/wp-content\/uploads\/2025\/12\/cipress-1-585x390.jpg",585,390,true],"penci-masonry-thumb":["https:\/\/nandi.info\/wp-content\/uploads\/2025\/12\/cipress-1-585x439.jpg",585,439,true],"penci-thumb-square":["https:\/\/nandi.info\/wp-content\/uploads\/2025\/12\/cipress-1-585x585.jpg",585,585,true],"penci-thumb-vertical":["https:\/\/nandi.info\/wp-content\/uploads\/2025\/12\/cipress-1-480x650.jpg",480,650,true],"penci-thumb-small":["https:\/\/nandi.info\/wp-content\/uploads\/2025\/12\/cipress-1-263x175.jpg",263,175,true]},"author_info":{"display_name":"Nandi","author_link":"https:\/\/nandi.info\/?author=1"},"category_info":"<a href=\"https:\/\/nandi.info\/?cat=43\" rel=\"category\">Nandi.info<\/a> <a href=\"https:\/\/nandi.info\/?cat=21\" rel=\"category\">Soci\u00e9t\u00e9<\/a>","tag_info":"Soci\u00e9t\u00e9","comment_count":"0","jetpack_featured_media_url":"https:\/\/nandi.info\/wp-content\/uploads\/2025\/12\/cipress-1.jpg","jetpack_sharing_enabled":true,"_links":{"self":[{"href":"https:\/\/nandi.info\/index.php?rest_route=\/wp\/v2\/posts\/23664","targetHints":{"allow":["GET"]}}],"collection":[{"href":"https:\/\/nandi.info\/index.php?rest_route=\/wp\/v2\/posts"}],"about":[{"href":"https:\/\/nandi.info\/index.php?rest_route=\/wp\/v2\/types\/post"}],"author":[{"embeddable":true,"href":"https:\/\/nandi.info\/index.php?rest_route=\/wp\/v2\/users\/1"}],"replies":[{"embeddable":true,"href":"https:\/\/nandi.info\/index.php?rest_route=%2Fwp%2Fv2%2Fcomments&post=23664"}],"version-history":[{"count":1,"href":"https:\/\/nandi.info\/index.php?rest_route=\/wp\/v2\/posts\/23664\/revisions"}],"predecessor-version":[{"id":23669,"href":"https:\/\/nandi.info\/index.php?rest_route=\/wp\/v2\/posts\/23664\/revisions\/23669"}],"wp:featuredmedia":[{"embeddable":true,"href":"https:\/\/nandi.info\/index.php?rest_route=\/wp\/v2\/media\/23667"}],"wp:attachment":[{"href":"https:\/\/nandi.info\/index.php?rest_route=%2Fwp%2Fv2%2Fmedia&parent=23664"}],"wp:term":[{"taxonomy":"category","embeddable":true,"href":"https:\/\/nandi.info\/index.php?rest_route=%2Fwp%2Fv2%2Fcategories&post=23664"},{"taxonomy":"post_tag","embeddable":true,"href":"https:\/\/nandi.info\/index.php?rest_route=%2Fwp%2Fv2%2Ftags&post=23664"}],"curies":[{"name":"wp","href":"https:\/\/api.w.org\/{rel}","templated":true}]}}