{"id":23405,"date":"2025-10-22T11:37:00","date_gmt":"2025-10-22T09:37:00","guid":{"rendered":"https:\/\/nandi.info\/?p=23405"},"modified":"2025-10-24T12:10:55","modified_gmt":"2025-10-24T10:10:55","slug":"essai-les-mines-invisibles-ce-qui-ronge-lame-du-mali","status":"publish","type":"post","link":"https:\/\/nandi.info\/?p=23405","title":{"rendered":"Essai \u2013 les mines invisibles : Ce qui ronge l\u2019\u00e2me du Mali"},"content":{"rendered":"\n<p class=\"has-text-align-center\" style=\"font-size:24px\"><strong>\u00a0\u00ab L\u2019ignorance m\u00e8ne \u00e0 la peur, la peur m\u00e8ne \u00e0 la haine, et la haine conduit \u00e0 la violence. Voil\u00e0 l\u2019\u00e9quation. \u00bb, Averro\u00e8s<\/strong><\/p>\n\n\n\n<figure class=\"wp-block-image alignleft size-full is-resized\"><img fetchpriority=\"high\" decoding=\"async\" width=\"870\" height=\"491\" src=\"https:\/\/nandi.info\/wp-content\/uploads\/2025\/10\/Docteur-Mamadou-Konate.jpg\" alt=\"\" class=\"wp-image-23406\" style=\"width:403px;height:auto\" srcset=\"https:\/\/nandi.info\/wp-content\/uploads\/2025\/10\/Docteur-Mamadou-Konate.jpg 870w, https:\/\/nandi.info\/wp-content\/uploads\/2025\/10\/Docteur-Mamadou-Konate-300x169.jpg 300w, https:\/\/nandi.info\/wp-content\/uploads\/2025\/10\/Docteur-Mamadou-Konate-768x433.jpg 768w, https:\/\/nandi.info\/wp-content\/uploads\/2025\/10\/Docteur-Mamadou-Konate-585x330.jpg 585w\" sizes=\"(max-width: 870px) 100vw, 870px\" \/><\/figure>\n\n\n\n<p style=\"font-size:18px\"><strong>La tentation serait grande d\u2019expliquer la crise malienne par des \u00e9l\u00e9ments visibles : les groupes arm\u00e9s, les ing\u00e9rences \u00e9trang\u00e8res, les r\u00e9bellions r\u00e9currentes, la pauvret\u00e9 end\u00e9mique, ou l\u2019instabilit\u00e9 institutionnelle. Ces r\u00e9alit\u00e9s sont certes indiscutables. Mais elles ne forment que la partie \u00e9merg\u00e9e d\u2019un iceberg bien plus vaste et insidieux. La v\u00e9ritable crise qui secoue le Mali est d\u2019abord une crise de pens\u00e9e, une d\u00e9faite intellectuelle, une r\u00e9signation collective face \u00e0 trois maux structurels et durables : l\u2019ignorance, les superstitions et le fatalisme (voir Konat\u00e9, <em>Des mines \u00ab\u00a0antinational\u00a0\u00bb \u00e0 l\u2019origine de la crise malienne<\/em>, 2023, 94 pages).<\/strong><\/p>\n\n\n\n<p class=\"has-drop-cap\" style=\"font-size:18px\">Ce ne sont pas l\u00e0 des pathologies typiquement maliennes. Elles ont travers\u00e9 l\u2019histoire de tous les peuples. L\u2019Europe elle-m\u00eame, avant d\u2019asseoir ses \u00c9tats modernes, a connu de longs si\u00e8cles d\u2019obscurantisme, marqu\u00e9s par le dogme religieux, l\u2019exclusivisme du savoir, et la soumission aveugle \u00e0 un ordre pr\u00e9tendument naturel. Des si\u00e8cles de violence, de guerres civiles, de pers\u00e9cutions, de pauvret\u00e9 chronique \u2014 jusqu\u2019au jour o\u00f9 une rupture a eu lieu : non pas une r\u00e9volution politique imm\u00e9diate, mais&nbsp;<strong>une r\u00e9volte du savoir<\/strong>, un soul\u00e8vement des consciences contre l\u2019ignorance impos\u00e9e.<\/p>\n\n\n\n<p style=\"font-size:18px\">Ce moment charni\u00e8re a vu \u00e9merger des penseurs, des savants, des humanistes. Il a donn\u00e9 naissance \u00e0 un projet politique fond\u00e9 sur la raison, la science, la tol\u00e9rance et la dignit\u00e9 humaine. C\u2019est en brisant l\u2019interdiction du libre-arbitre, en s\u2019ouvrant \u00e0 la critique, en d\u00e9mocratisant la connaissance, que l\u2019Europe est progressivement sortie de l\u2019ombre. Non sans heurts. Non sans rechutes. Mais avec une direction, une vision, un horizon.<\/p>\n\n\n\n<p style=\"font-size:18px\"><strong>L\u2019h\u00e9ritage colonial et le pi\u00e8ge du mim\u00e9tisme<\/strong><\/p>\n\n\n\n<p style=\"font-size:18px\">En Afrique, cette r\u00e9volution du savoir n\u2019a pas suivi le m\u00eame chemin. Ce que les puissances coloniales combattaient chez elles, elles l\u2019ont souvent sem\u00e9 dans leurs colonies. L\u00e0 o\u00f9 elles brisaient les dogmes chez elles, elles en construisaient d\u2019autres ailleurs : un savoir colonial, hi\u00e9rarchis\u00e9, racialis\u00e9, o\u00f9 la science servait la domination et l\u2019ignorance des masses \u00e9tait jug\u00e9e fonctionnelle.<\/p>\n\n\n\n<p style=\"font-size:18px\">\u00c0 l\u2019ind\u00e9pendance, au lieu de d\u00e9coloniser profond\u00e9ment les structures mentales, les \u00e9lites africaines ont souvent&nbsp;<strong>reproduit les m\u00e9canismes de pouvoir et de contr\u00f4le<\/strong>&nbsp;appris sous le joug colonial. L\u2019\u00e9cole est rest\u00e9e verticale et distante. Le savoir n\u2019a pas \u00e9t\u00e9 rendu \u00e0 la soci\u00e9t\u00e9. La pens\u00e9e critique n\u2019a pas \u00e9t\u00e9 encourag\u00e9e. Et, pire encore,&nbsp;<strong>l\u2019ignorance a parfois \u00e9t\u00e9 organis\u00e9e, entretenue, voire manipul\u00e9e pour servir des int\u00e9r\u00eats politiques<\/strong>.<\/p>\n\n\n\n<p style=\"font-size:18px\">C\u2019est ainsi que l\u2019on a vu se r\u00e9pandre, dans de nombreux \u00c9tats africains, un pouvoir qui&nbsp;<strong>ne gouverne plus au nom d\u2019une vision, mais au nom d\u2019une habitude<\/strong>. Un pouvoir qui ne pense pas, qui r\u00e9agit. Un pouvoir qui redoute l\u2019intelligence, qui m\u00e9prise le d\u00e9bat, qui instrumentalise la religion et d\u00e9forme l\u2019histoire. En un mot : un pouvoir qui c\u00e8de au&nbsp;<strong>fatalisme<\/strong>.<\/p>\n\n\n\n<p style=\"font-size:18px\"><strong>Le Mali, entre r\u00e9signation d\u2019en haut et ignorance d\u2019en bas<\/strong><\/p>\n\n\n\n<p style=\"font-size:18px\">Le Mali est l\u2019un des exemples les plus frappants de cette impasse. Depuis la crise de 2012, le pays est plong\u00e9 dans une spirale de d\u00e9sagr\u00e9gation politique, s\u00e9curitaire et institutionnelle. Les \u00c9tats se succ\u00e8dent, les Constitutions se contredisent, les accords de paix s\u2019encha\u00eenent, les acteurs changent\u2026 mais les logiques de fond, elles, demeurent.<\/p>\n\n\n\n<p style=\"font-size:18px\">Le peuple malien n\u2019est pas en cause. C\u2019est&nbsp;<strong>la relation entre les gouvernants et le savoir<\/strong>&nbsp;qui pose le plus probl\u00e8me. Depuis fort longtemps, les \u00e9lites n\u2019ont jamais vraiment investi dans une culture politique de masse, dans l\u2019\u00e9ducation populaire, dans la formation de citoyens critiques et \u00e9clair\u00e9s. L\u2019universit\u00e9 malienne, autrefois de grandes Ecoles moteur d\u2019id\u00e9es, ou devrais-je dire mer de courants de pens\u00e9e, s\u2019est appauvrie. Les chercheurs sont marginalis\u00e9s. La justice est contest\u00e9e. La parole est \u00e9touff\u00e9e ou manipul\u00e9e.<\/p>\n\n\n\n<p style=\"font-size:18px\">Dans un tel contexte,&nbsp;<strong>l\u2019ignorance devient un outil de contr\u00f4le<\/strong>, et le fatalisme une strat\u00e9gie d\u2019adaptation collective. Des gouvernants se r\u00e9fugient derri\u00e8re le discours de la souverainet\u00e9, tout en sous-traitant des pans de la s\u00e9curit\u00e9 \u00e0 des puissances \u00e9trang\u00e8res ou \u00e0 des groupes de s\u00e9curit\u00e9 mercantile. Les populations, priv\u00e9es de rep\u00e8res, oscillent entre r\u00e9signation et col\u00e8re. Et le pays tout entier s\u2019enlise.<\/p>\n\n\n\n<p style=\"font-size:18px\"><strong>Une souverainet\u00e9 sans pens\u00e9e est une coquille vide<\/strong><\/p>\n\n\n\n<p style=\"font-size:18px\">On parle beaucoup, depuis quelques ann\u00e9es, de \u00ab souverainet\u00e9 retrouv\u00e9e \u00bb, de \u00ab refondation \u00bb, de \u00ab rupture \u00bb. Ces termes sont forts. Mais sans une v\u00e9ritable r\u00e9volution intellectuelle, ils resteront des slogans. On ne b\u00e2tit pas un \u00c9tat solide sans&nbsp;<strong>institutions intelligentes<\/strong>, sans&nbsp;<strong>justice ind\u00e9pendante<\/strong>, sans&nbsp;<strong>\u00e9ducation critique<\/strong>, sans&nbsp;<strong>presse libre<\/strong>, sans&nbsp;<strong>vision du monde<\/strong>.<\/p>\n\n\n\n<p style=\"font-size:18px\">Ce n\u2019est pas un hasard si les grandes d\u00e9mocraties, malgr\u00e9 leurs contradictions, ont mis le savoir au c\u0153ur de leur \u00e9difice. Ce n\u2019est pas un hasard si les dictatures commencent toujours par censurer, r\u00e9\u00e9crire l\u2019histoire, ou contr\u00f4ler l\u2019\u00e9cole. Le savoir est&nbsp;<strong>le seul vrai pouvoir lib\u00e9rateur<\/strong>. Et il n\u2019est pas un luxe. Il est une n\u00e9cessit\u00e9 vitale.<\/p>\n\n\n\n<p style=\"font-size:18px\"><strong>Pour sortir du pi\u00e8ge : penser, encore et encore<\/strong><\/p>\n\n\n\n<p style=\"font-size:18px\">Le Mali n\u2019a pas besoin de sauveurs. Peut-\u00eatre, si. Il a besoin de penseurs. De chercheurs. De p\u00e9dagogues. De citoyens form\u00e9s. Il a besoin de retrouver une relation saine au savoir. Cela suppose :<\/p>\n\n\n\n<ul class=\"wp-block-list\">\n<li style=\"font-size:18px\">Une \u00e9cole qui ne se contente pas d\u2019enseigner, mais qui\u00a0\u00e9duque et <strong>forme \u00e0 penser<\/strong>.<\/li>\n\n\n\n<li style=\"font-size:18px\">Une justice qui ne soit pas un instrument, mais\u00a0<strong>une colonne vert\u00e9brale<\/strong>.<\/li>\n\n\n\n<li style=\"font-size:18px\">Une \u00e9lite qui ne gouverne pas par la ruse, mais\u00a0<strong>par la vision<\/strong>.<\/li>\n\n\n\n<li style=\"font-size:18px\">Une soci\u00e9t\u00e9 qui ne se r\u00e9signe pas, mais\u00a0<strong>qui interroge, qui discute, qui conteste<\/strong>.<\/li>\n<\/ul>\n\n\n\n<p style=\"font-size:18px\">Car&nbsp;<strong>le vrai patriotisme commence par le refus de l\u2019ignorance<\/strong>, et&nbsp;<strong>la vraie souverainet\u00e9 commence dans l\u2019esprit<\/strong>. Tant que le pouvoir restera d\u00e9connect\u00e9 de l\u2019intelligence, et tant que le savoir restera captif, aucune r\u00e9forme ne tiendra. Aucune paix ne durera. Aucun \u00c9tat ne prosp\u00e9rera.<\/p>\n\n\n\n<p style=\"font-size:18px\">Il est temps de d\u00e9samorcer les&nbsp;<strong>mines antinationales<\/strong>&nbsp;que sont l\u2019ignorance cultiv\u00e9e, les superstitions exploit\u00e9es, et le fatalisme organis\u00e9. Ce n\u2019est pas seulement un imp\u00e9ratif politique. C\u2019est une exigence de survie. Pour le Mali. Et pour toute l\u2019Afrique.<\/p>\n\n\n\n<p><strong>Par Dr. Mahamadou KONATE<\/strong><\/p>\n\n\n\n<p><strong>Centre Kurukanfuga-BGCP &amp; BEC-DK<\/strong><\/p>\n","protected":false},"excerpt":{"rendered":"<p>\u00a0\u00ab L\u2019ignorance m\u00e8ne \u00e0 la peur, la peur m\u00e8ne \u00e0 la haine, et la haine conduit \u00e0 la violence. Voil\u00e0 l\u2019\u00e9quation. \u00bb, Averro\u00e8s La tentation serait grande d\u2019expliquer la crise&hellip;<\/p>\n","protected":false},"author":1,"featured_media":23406,"comment_status":"open","ping_status":"open","sticky":false,"template":"","format":"standard","meta":{"content-type":"","_lmt_disableupdate":"","_lmt_disable":"","_jetpack_memberships_contains_paid_content":false,"footnotes":"","jetpack_publicize_message":"","jetpack_publicize_feature_enabled":true,"jetpack_social_post_already_shared":true,"jetpack_social_options":{"image_generator_settings":{"template":"highway","default_image_id":0,"font":"","enabled":false},"version":2}},"categories":[55,68],"tags":[],"class_list":["post-23405","post","type-post","status-publish","format-standard","has-post-thumbnail","hentry","category-contributions","category-lalternance"],"jetpack_publicize_connections":[],"featured_image_urls":{"full":["https:\/\/nandi.info\/wp-content\/uploads\/2025\/10\/Docteur-Mamadou-Konate.jpg",870,491,false],"thumbnail":["https:\/\/nandi.info\/wp-content\/uploads\/2025\/10\/Docteur-Mamadou-Konate-150x150.jpg",150,150,true],"medium":["https:\/\/nandi.info\/wp-content\/uploads\/2025\/10\/Docteur-Mamadou-Konate-300x169.jpg",300,169,true],"medium_large":["https:\/\/nandi.info\/wp-content\/uploads\/2025\/10\/Docteur-Mamadou-Konate-768x433.jpg",768,433,true],"large":["https:\/\/nandi.info\/wp-content\/uploads\/2025\/10\/Docteur-Mamadou-Konate.jpg",870,491,false],"1536x1536":["https:\/\/nandi.info\/wp-content\/uploads\/2025\/10\/Docteur-Mamadou-Konate.jpg",870,491,false],"2048x2048":["https:\/\/nandi.info\/wp-content\/uploads\/2025\/10\/Docteur-Mamadou-Konate.jpg",870,491,false],"penci-recipe-1200x1200":["https:\/\/nandi.info\/wp-content\/uploads\/2025\/10\/Docteur-Mamadou-Konate.jpg",870,491,false],"penci-recipe-1200x900":["https:\/\/nandi.info\/wp-content\/uploads\/2025\/10\/Docteur-Mamadou-Konate.jpg",870,491,false],"penci-recipe-1200x675":["https:\/\/nandi.info\/wp-content\/uploads\/2025\/10\/Docteur-Mamadou-Konate.jpg",870,491,false],"penci-single-full":["https:\/\/nandi.info\/wp-content\/uploads\/2025\/10\/Docteur-Mamadou-Konate.jpg",870,491,false],"penci-slider-full-thumb":["https:\/\/nandi.info\/wp-content\/uploads\/2025\/10\/Docteur-Mamadou-Konate.jpg",870,491,false],"penci-full-thumb":["https:\/\/nandi.info\/wp-content\/uploads\/2025\/10\/Docteur-Mamadou-Konate.jpg",870,491,false],"penci-slider-thumb":["https:\/\/nandi.info\/wp-content\/uploads\/2025\/10\/Docteur-Mamadou-Konate.jpg",870,491,false],"penci-magazine-slider":["https:\/\/nandi.info\/wp-content\/uploads\/2025\/10\/Docteur-Mamadou-Konate-780x491.jpg",780,491,true],"penci-thumb":["https:\/\/nandi.info\/wp-content\/uploads\/2025\/10\/Docteur-Mamadou-Konate-585x390.jpg",585,390,true],"penci-masonry-thumb":["https:\/\/nandi.info\/wp-content\/uploads\/2025\/10\/Docteur-Mamadou-Konate-585x330.jpg",585,330,true],"penci-thumb-square":["https:\/\/nandi.info\/wp-content\/uploads\/2025\/10\/Docteur-Mamadou-Konate-585x491.jpg",585,491,true],"penci-thumb-vertical":["https:\/\/nandi.info\/wp-content\/uploads\/2025\/10\/Docteur-Mamadou-Konate-480x491.jpg",480,491,true],"penci-thumb-small":["https:\/\/nandi.info\/wp-content\/uploads\/2025\/10\/Docteur-Mamadou-Konate-263x175.jpg",263,175,true]},"author_info":{"display_name":"Nandi","author_link":"https:\/\/nandi.info\/?author=1"},"category_info":"<a href=\"https:\/\/nandi.info\/?cat=55\" rel=\"category\">Contributions<\/a> <a href=\"https:\/\/nandi.info\/?cat=68\" rel=\"category\">L'alternance<\/a>","tag_info":"L'alternance","comment_count":"0","jetpack_featured_media_url":"https:\/\/nandi.info\/wp-content\/uploads\/2025\/10\/Docteur-Mamadou-Konate.jpg","jetpack_sharing_enabled":true,"_links":{"self":[{"href":"https:\/\/nandi.info\/index.php?rest_route=\/wp\/v2\/posts\/23405","targetHints":{"allow":["GET"]}}],"collection":[{"href":"https:\/\/nandi.info\/index.php?rest_route=\/wp\/v2\/posts"}],"about":[{"href":"https:\/\/nandi.info\/index.php?rest_route=\/wp\/v2\/types\/post"}],"author":[{"embeddable":true,"href":"https:\/\/nandi.info\/index.php?rest_route=\/wp\/v2\/users\/1"}],"replies":[{"embeddable":true,"href":"https:\/\/nandi.info\/index.php?rest_route=%2Fwp%2Fv2%2Fcomments&post=23405"}],"version-history":[{"count":1,"href":"https:\/\/nandi.info\/index.php?rest_route=\/wp\/v2\/posts\/23405\/revisions"}],"predecessor-version":[{"id":23407,"href":"https:\/\/nandi.info\/index.php?rest_route=\/wp\/v2\/posts\/23405\/revisions\/23407"}],"wp:featuredmedia":[{"embeddable":true,"href":"https:\/\/nandi.info\/index.php?rest_route=\/wp\/v2\/media\/23406"}],"wp:attachment":[{"href":"https:\/\/nandi.info\/index.php?rest_route=%2Fwp%2Fv2%2Fmedia&parent=23405"}],"wp:term":[{"taxonomy":"category","embeddable":true,"href":"https:\/\/nandi.info\/index.php?rest_route=%2Fwp%2Fv2%2Fcategories&post=23405"},{"taxonomy":"post_tag","embeddable":true,"href":"https:\/\/nandi.info\/index.php?rest_route=%2Fwp%2Fv2%2Ftags&post=23405"}],"curies":[{"name":"wp","href":"https:\/\/api.w.org\/{rel}","templated":true}]}}