{"id":23385,"date":"2025-10-23T12:43:53","date_gmt":"2025-10-23T10:43:53","guid":{"rendered":"https:\/\/nandi.info\/?p=23385"},"modified":"2025-10-23T13:00:50","modified_gmt":"2025-10-23T11:00:50","slug":"communique-du-conseil-des-ministres-du-mercredi-22-octobre-2025-cm-n2025-44-sgg","status":"publish","type":"post","link":"https:\/\/nandi.info\/?p=23385","title":{"rendered":"Communiqu\u00e9 du conseil des ministres du mercredi 22 octobre 2025 : CM N\u00b02025-44\/SGG"},"content":{"rendered":"\n<p><\/p>\n\n\n\n<figure class=\"wp-block-image alignleft size-full is-resized\"><img fetchpriority=\"high\" decoding=\"async\" width=\"720\" height=\"520\" src=\"https:\/\/nandi.info\/wp-content\/uploads\/2025\/10\/assimi-conseil-des-ministres.jpg\" alt=\"\" class=\"wp-image-23386\" style=\"width:413px;height:auto\" srcset=\"https:\/\/nandi.info\/wp-content\/uploads\/2025\/10\/assimi-conseil-des-ministres.jpg 720w, https:\/\/nandi.info\/wp-content\/uploads\/2025\/10\/assimi-conseil-des-ministres-300x217.jpg 300w, https:\/\/nandi.info\/wp-content\/uploads\/2025\/10\/assimi-conseil-des-ministres-585x423.jpg 585w\" sizes=\"(max-width: 720px) 100vw, 720px\" \/><\/figure>\n\n\n\n<h2 class=\"wp-block-heading\">Le Conseil des Ministres s\u2019est r\u00e9uni en session ordinaire, le mercredi 22 octobre 2025, dans sa salle de d\u00e9lib\u00e9rations au Palais de Koulouba, sous la pr\u00e9sidence du G\u00e9n\u00e9ral d\u2019Arm\u00e9e Assimi GOITA, Pr\u00e9sident de la Transition, Chef de l\u2019Etat.<\/h2>\n\n\n\n<p style=\"font-size:18px\">Apr\u00e8s examen des points inscrits \u00e0 l\u2019ordre du jour, le Conseil a :<\/p>\n\n\n\n<p style=\"font-size:18px\">&#8211; adopt\u00e9 un projet de texte ;<\/p>\n\n\n\n<p style=\"font-size:18px\">&#8211; proc\u00e9d\u00e9 \u00e0 des nominations ;<\/p>\n\n\n\n<p style=\"font-size:18px\">&#8211; et entendu des communications.<\/p>\n\n\n\n<p style=\"font-size:18px\"><strong>AU CHAPITRE DES MESURES LEGISLATIVES ET REGLEMENTAIRES<\/strong><\/p>\n\n\n\n<p style=\"font-size:18px\">Sur le rapport du ministre de la Justice et des Droits de l\u2019Homme, Garde des Sceaux, le Conseil des Ministres a adopt\u00e9 un projet de d\u00e9cret portant transfert de charge de notaire.<\/p>\n\n\n\n<p style=\"font-size:18px\">Le notaire est un officier public et minist\u00e9riel institu\u00e9 \u00e0 vie pour assurer le service public de la preuve.<\/p>\n\n\n\n<p style=\"font-size:18px\">L\u2019Ordonnance n\u00b02013-027\/P-RM du 31 d\u00e9cembre 2013 portant Statut des Notaires d\u00e9termine les conditions d\u2019acc\u00e8s \u00e0 la profession de notaire, les modalit\u00e9s de gestion de la vacance et du transfert des charges notariales.<\/p>\n\n\n\n<p style=\"font-size:18px\">En application des dispositions de cette ordonnance et apr\u00e8s avis favorable de l\u2019Ordre des Notaires, le projet de d\u00e9cret, adopt\u00e9, transf\u00e8re la Charge de Ma\u00eetre Seini Sana DIARRA de Bamako \u00e0 Koutiala.<\/p>\n\n\n\n<p style=\"font-size:18px\"><strong>AU CHAPITRE DES MESURES INDIVIDUELLES<\/strong><\/p>\n\n\n\n<p style=\"font-size:18px\">Le Conseil des Ministres a proc\u00e9d\u00e9 aux nominations suivantes :<strong><\/strong><\/p>\n\n\n\n<p style=\"font-size:18px\"><strong>AU TITRE DU MINISTERE DE LA DEFENSE ET DES ANCIENS COMBATTANTS<\/strong><\/p>\n\n\n\n<p style=\"font-size:18px\"><strong><em>Directeur de la S\u00e9curit\u00e9 militaire<\/em><\/strong>&nbsp;:<\/p>\n\n\n\n<p style=\"font-size:18px\">G\u00e9n\u00e9ral de Brigade Sambou Minkoro DIAKITE.<\/p>\n\n\n\n<p style=\"font-size:18px\">&#8211;&nbsp;<strong><em>Chef d\u2019Etat-major g\u00e9n\u00e9ral adjoint des Arm\u00e9es :<\/em><\/strong><\/p>\n\n\n\n<p style=\"font-size:18px\">G\u00e9n\u00e9ral de Brigade Elis\u00e9e Jean DAO.<\/p>\n\n\n\n<p style=\"font-size:18px\">&#8211;&nbsp;<strong><em>Chef d\u2019Etat-major de l\u2019Arm\u00e9e de Terre :<\/em><\/strong><\/p>\n\n\n\n<p style=\"font-size:18px\">G\u00e9n\u00e9ral de Brigade Toumani KONE.<\/p>\n\n\n\n<p style=\"font-size:18px\"><strong>AU CHAPITRE DES COMMUNICATIONS<\/strong><\/p>\n\n\n\n<p style=\"font-size:18px\">1. Le ministre des Maliens \u00e9tablis \u00e0 l\u2019Ext\u00e9rieur et de l\u2019Int\u00e9gration africaine a inform\u00e9 le Conseil des Ministres des conclusions de la 12\u00e8me R\u00e9union du Groupe de travail sur le trafic illicite de migrants, tenue du 9 au 10 octobre 2025, \u00e0 Vienne en Autriche.<\/p>\n\n\n\n<p style=\"font-size:18px\">Cette 12\u00e8me R\u00e9union, plac\u00e9e sous le th\u00e8me : \u00ab Approches l\u00e9gislatives et d\u00e9fis li\u00e9s au trafic illicite de migrants \u00bb, visait \u00e0 renforcer la coop\u00e9ration internationale et les capacit\u00e9s des Etats dans la lutte contre le trafic de migrants, tout en favorisant la protection de leurs droits.<\/p>\n\n\n\n<p style=\"font-size:18px\">Elle a rassembl\u00e9 des ministres, des experts juridiques, des diplomates et des repr\u00e9sentants d\u2019organisations internationales venus de plusieurs pays pour \u00e9changer sur leurs exp\u00e9riences et partager les bonnes pratiques en mati\u00e8re de lutte contre le trafic illicite de migrants.<\/p>\n\n\n\n<p style=\"font-size:18px\">Dans son intervention, le ministre charg\u00e9 des Maliens \u00e9tablis \u00e0 l\u2019Ext\u00e9rieur a r\u00e9affirm\u00e9 l\u2019engagement du Mali dans la lutte contre le trafic illicite de migrants et rappel\u00e9, dans ce cadre, l\u2019adoption d\u2019une loi relative \u00e0 la lutte contre la traite des personnes et les pratiques assimil\u00e9es, d\u2019une politique nationale de migration, ainsi que la cr\u00e9ation d\u2019une Brigade de R\u00e9pression du Trafic de Migrants et de la Traite des Etres Humains.<\/p>\n\n\n\n<p style=\"font-size:18px\">A la fin des travaux, plusieurs recommandations ont \u00e9t\u00e9 formul\u00e9es, notamment l\u2019harmonisation des l\u00e9gislations nationales, le renforcement de la coop\u00e9ration internationale et r\u00e9gionale, la protection des migrants et la modernisation de la gestion des fronti\u00e8res.<\/p>\n\n\n\n<p style=\"font-size:18px\">Le ministre a rencontr\u00e9 la Diaspora des pays de la Conf\u00e9d\u00e9ration AES \u00e9tablie en Autriche.<\/p>\n\n\n\n<p style=\"font-size:18px\">2. Le ministre de l\u2019Industrie et du Commerce a inform\u00e9 le Conseil des Ministres de la distinction du Mali lors de la 5\u00e8me Edition des Awards de la Marque OAPI, tenue du 8 au 10 octobre 2025, \u00e0 Libreville au Gabon.<\/p>\n\n\n\n<p style=\"font-size:18px\">Cette 5\u00e8me Edition, plac\u00e9e sous le th\u00e8me : \u00ab La marque, un levier pour la performance des entreprises \u00bb, c\u00e9l\u00e8bre les entreprises africaines qui se distinguent par une utilisation strat\u00e9gique et innovante des droits de propri\u00e9t\u00e9 intellectuelle pour accro\u00eetre leur comp\u00e9titivit\u00e9 et renforcer leur identit\u00e9 sur le march\u00e9 continental.<\/p>\n\n\n\n<p style=\"font-size:18px\">A l\u2019issue de la d\u00e9lib\u00e9ration du jury international, le Grand Prix des Awards de la Marque OAPI, d\u00e9nomm\u00e9 Prix du Pr\u00e9sident de la R\u00e9publique Gabonaise, a \u00e9t\u00e9 d\u00e9cern\u00e9 \u00e0 la Soci\u00e9t\u00e9 Plastique et Elastom\u00e8re du Mali, sp\u00e9cialis\u00e9e dans la production de matelas mousse<\/p>\n\n\n\n<p style=\"font-size:18px\"> et d\u00e9tentrice de la marque \u00ab DODO \u00bb.<\/p>\n\n\n\n<p style=\"font-size:18px\">Cette distinction consacre l\u2019excellence, l\u2019innovation et la constance de la Soci\u00e9t\u00e9 Plastique et Elastom\u00e8re du Mali qui, \u00e0 travers une marque solidement construite et prot\u00e9g\u00e9e, a su imposer la qualit\u00e9 de son savoir-faire sur un march\u00e9 regroupant 17 Etats membres de l\u2019Organisation Africaine de la Propri\u00e9t\u00e9 Intellectuelle et plus de 200 millions de consommateurs.<\/p>\n\n\n\n<p style=\"font-size:18px\">Ce prix traduit \u00e9galement le rayonnement du label \u00ab Made in Mali \u00bb, la vitalit\u00e9 du secteur priv\u00e9 national et la pertinence des politiques publiques mises en \u0153uvre pour promouvoir la comp\u00e9titivit\u00e9 industrielle et la valorisation des marques maliennes sur les march\u00e9s r\u00e9gionaux et internationaux.<\/p>\n\n\n\n<p style=\"font-size:18px\">3. Le ministre de la Sant\u00e9 et du D\u00e9veloppement social a inform\u00e9 le Conseil des Ministres de la situation \u00e9pid\u00e9miologique du pays marqu\u00e9e, notamment par une augmentation du nombre de cas confirm\u00e9s de dengue compar\u00e9 \u00e0 celui de la semaine \u00e9coul\u00e9e.<\/p>\n\n\n\n<p style=\"font-size:18px\">Le Pr\u00e9sident de la Transition, Chef de l\u2019Etat a appel\u00e9 la population au respect strict des mesures de<\/p>\n\n\n\n<p style=\"font-size:18px\">pr\u00e9vention et de lutte contre les maladies.<\/p>\n\n\n\n<p style=\"font-size:18px\"><strong>&nbsp;&nbsp;Bamako, le 22 octobre 2025<\/strong><\/p>\n\n\n\n<p style=\"font-size:18px\"><strong>Le Secr\u00e9taire g\u00e9n\u00e9ral du Gouvernement,<\/strong><\/p>\n\n\n\n<p style=\"font-size:18px\"><strong>Birama COULIBALY<\/strong><\/p>\n\n\n\n<p style=\"font-size:18px\"><strong>Chevalier de l\u2019Ordre national<\/strong> <\/p>\n\n\n\n<p><\/p>\n\n\n\n<p>Maliweb<\/p>\n\n\n\n<p><\/p>\n","protected":false},"excerpt":{"rendered":"<p>Le Conseil des Ministres s\u2019est r\u00e9uni en session ordinaire, le mercredi 22 octobre 2025, dans sa salle de d\u00e9lib\u00e9rations au Palais de Koulouba, sous la pr\u00e9sidence du G\u00e9n\u00e9ral d\u2019Arm\u00e9e Assimi&hellip;<\/p>\n","protected":false},"author":1,"featured_media":23386,"comment_status":"open","ping_status":"open","sticky":false,"template":"","format":"standard","meta":{"content-type":"","_lmt_disableupdate":"","_lmt_disable":"","_jetpack_memberships_contains_paid_content":false,"footnotes":"","jetpack_publicize_message":"","jetpack_publicize_feature_enabled":true,"jetpack_social_post_already_shared":true,"jetpack_social_options":{"image_generator_settings":{"template":"highway","default_image_id":0,"font":"","enabled":false},"version":2}},"categories":[28,43,23],"tags":[],"class_list":["post-23385","post","type-post","status-publish","format-standard","has-post-thumbnail","hentry","category-communique-du-conseil-des-ministres","category-nandi-info","category-politique"],"jetpack_publicize_connections":[],"featured_image_urls":{"full":["https:\/\/nandi.info\/wp-content\/uploads\/2025\/10\/assimi-conseil-des-ministres.jpg",720,520,false],"thumbnail":["https:\/\/nandi.info\/wp-content\/uploads\/2025\/10\/assimi-conseil-des-ministres-150x150.jpg",150,150,true],"medium":["https:\/\/nandi.info\/wp-content\/uploads\/2025\/10\/assimi-conseil-des-ministres-300x217.jpg",300,217,true],"medium_large":["https:\/\/nandi.info\/wp-content\/uploads\/2025\/10\/assimi-conseil-des-ministres.jpg",720,520,false],"large":["https:\/\/nandi.info\/wp-content\/uploads\/2025\/10\/assimi-conseil-des-ministres.jpg",720,520,false],"1536x1536":["https:\/\/nandi.info\/wp-content\/uploads\/2025\/10\/assimi-conseil-des-ministres.jpg",720,520,false],"2048x2048":["https:\/\/nandi.info\/wp-content\/uploads\/2025\/10\/assimi-conseil-des-ministres.jpg",720,520,false],"penci-recipe-1200x1200":["https:\/\/nandi.info\/wp-content\/uploads\/2025\/10\/assimi-conseil-des-ministres.jpg",720,520,false],"penci-recipe-1200x900":["https:\/\/nandi.info\/wp-content\/uploads\/2025\/10\/assimi-conseil-des-ministres.jpg",720,520,false],"penci-recipe-1200x675":["https:\/\/nandi.info\/wp-content\/uploads\/2025\/10\/assimi-conseil-des-ministres.jpg",720,520,false],"penci-single-full":["https:\/\/nandi.info\/wp-content\/uploads\/2025\/10\/assimi-conseil-des-ministres.jpg",720,520,false],"penci-slider-full-thumb":["https:\/\/nandi.info\/wp-content\/uploads\/2025\/10\/assimi-conseil-des-ministres.jpg",720,520,false],"penci-full-thumb":["https:\/\/nandi.info\/wp-content\/uploads\/2025\/10\/assimi-conseil-des-ministres.jpg",720,520,false],"penci-slider-thumb":["https:\/\/nandi.info\/wp-content\/uploads\/2025\/10\/assimi-conseil-des-ministres.jpg",720,520,false],"penci-magazine-slider":["https:\/\/nandi.info\/wp-content\/uploads\/2025\/10\/assimi-conseil-des-ministres-720x516.jpg",720,516,true],"penci-thumb":["https:\/\/nandi.info\/wp-content\/uploads\/2025\/10\/assimi-conseil-des-ministres-585x390.jpg",585,390,true],"penci-masonry-thumb":["https:\/\/nandi.info\/wp-content\/uploads\/2025\/10\/assimi-conseil-des-ministres-585x423.jpg",585,423,true],"penci-thumb-square":["https:\/\/nandi.info\/wp-content\/uploads\/2025\/10\/assimi-conseil-des-ministres-585x520.jpg",585,520,true],"penci-thumb-vertical":["https:\/\/nandi.info\/wp-content\/uploads\/2025\/10\/assimi-conseil-des-ministres-480x520.jpg",480,520,true],"penci-thumb-small":["https:\/\/nandi.info\/wp-content\/uploads\/2025\/10\/assimi-conseil-des-ministres-263x175.jpg",263,175,true]},"author_info":{"display_name":"Nandi","author_link":"https:\/\/nandi.info\/?author=1"},"category_info":"<a href=\"https:\/\/nandi.info\/?cat=28\" rel=\"category\">Communique du conseil des ministres<\/a> <a href=\"https:\/\/nandi.info\/?cat=43\" rel=\"category\">Nandi.info<\/a> <a href=\"https:\/\/nandi.info\/?cat=23\" rel=\"category\">Politique<\/a>","tag_info":"Politique","comment_count":"0","jetpack_featured_media_url":"https:\/\/nandi.info\/wp-content\/uploads\/2025\/10\/assimi-conseil-des-ministres.jpg","jetpack_sharing_enabled":true,"_links":{"self":[{"href":"https:\/\/nandi.info\/index.php?rest_route=\/wp\/v2\/posts\/23385","targetHints":{"allow":["GET"]}}],"collection":[{"href":"https:\/\/nandi.info\/index.php?rest_route=\/wp\/v2\/posts"}],"about":[{"href":"https:\/\/nandi.info\/index.php?rest_route=\/wp\/v2\/types\/post"}],"author":[{"embeddable":true,"href":"https:\/\/nandi.info\/index.php?rest_route=\/wp\/v2\/users\/1"}],"replies":[{"embeddable":true,"href":"https:\/\/nandi.info\/index.php?rest_route=%2Fwp%2Fv2%2Fcomments&post=23385"}],"version-history":[{"count":3,"href":"https:\/\/nandi.info\/index.php?rest_route=\/wp\/v2\/posts\/23385\/revisions"}],"predecessor-version":[{"id":23390,"href":"https:\/\/nandi.info\/index.php?rest_route=\/wp\/v2\/posts\/23385\/revisions\/23390"}],"wp:featuredmedia":[{"embeddable":true,"href":"https:\/\/nandi.info\/index.php?rest_route=\/wp\/v2\/media\/23386"}],"wp:attachment":[{"href":"https:\/\/nandi.info\/index.php?rest_route=%2Fwp%2Fv2%2Fmedia&parent=23385"}],"wp:term":[{"taxonomy":"category","embeddable":true,"href":"https:\/\/nandi.info\/index.php?rest_route=%2Fwp%2Fv2%2Fcategories&post=23385"},{"taxonomy":"post_tag","embeddable":true,"href":"https:\/\/nandi.info\/index.php?rest_route=%2Fwp%2Fv2%2Ftags&post=23385"}],"curies":[{"name":"wp","href":"https:\/\/api.w.org\/{rel}","templated":true}]}}