{"id":23366,"date":"2025-10-19T13:51:00","date_gmt":"2025-10-19T11:51:00","guid":{"rendered":"https:\/\/nandi.info\/?p=23366"},"modified":"2025-10-20T13:51:58","modified_gmt":"2025-10-20T11:51:58","slug":"12e-reunion-sur-le-trafic-illicite-de-migrants-a-vienne-des-recommandations-cles-formulees","status":"publish","type":"post","link":"https:\/\/nandi.info\/?p=23366","title":{"rendered":"12e r\u00e9union sur le trafic illicite de migrants \u00e0 Vienne : Des recommandations cl\u00e9s formul\u00e9es !"},"content":{"rendered":"\n<figure class=\"wp-block-image alignleft size-full is-resized\"><img fetchpriority=\"high\" decoding=\"async\" width=\"870\" height=\"479\" src=\"https:\/\/nandi.info\/wp-content\/uploads\/2025\/10\/ATAYER-MINISTER-DE-COMMUNICATION.jpg\" alt=\"\" class=\"wp-image-23367\" style=\"width:463px;height:auto\" srcset=\"https:\/\/nandi.info\/wp-content\/uploads\/2025\/10\/ATAYER-MINISTER-DE-COMMUNICATION.jpg 870w, https:\/\/nandi.info\/wp-content\/uploads\/2025\/10\/ATAYER-MINISTER-DE-COMMUNICATION-300x165.jpg 300w, https:\/\/nandi.info\/wp-content\/uploads\/2025\/10\/ATAYER-MINISTER-DE-COMMUNICATION-768x423.jpg 768w, https:\/\/nandi.info\/wp-content\/uploads\/2025\/10\/ATAYER-MINISTER-DE-COMMUNICATION-585x322.jpg 585w\" sizes=\"(max-width: 870px) 100vw, 870px\" \/><\/figure>\n\n\n\n<h2 class=\"wp-block-heading\">En cette deuxi\u00e8me journ\u00e9e de la 12e r\u00e9union du Groupe de travail sur le trafic illicite de migrants, les \u00e9changes ont \u00e9t\u00e9 denses et porteurs d&rsquo;enseignements. Aux c\u00f4t\u00e9s des repr\u00e9sentants des Nations unies et des d\u00e9l\u00e9gations venues de divers continents, j&rsquo;ai pris part aux discussions approfondies autour des d\u00e9fis persistants li\u00e9s au trafic de migrants et des r\u00e9ponses communes \u00e0 y apporter.<\/h2>\n\n\n\n<p><\/p>\n\n\n\n<p class=\"has-drop-cap\" style=\"font-size:18px\">Nous avons formul\u00e9 plusieurs recommandations fortes, fond\u00e9es sur les principaux instruments internationaux, notamment le Protocole contre le trafic illicite de migrants par terre, air et mer, additionnel \u00e0 la Convention des Nations unies contre la criminalit\u00e9 transnationale organis\u00e9e (2000). Ces recommandations portent, entre autres, sur :<\/p>\n\n\n\n<p style=\"font-size:18px\">-Le renforcement du cadre juridique et institutionnel, \u00e0 travers l&rsquo;harmonisation des l\u00e9gislations nationales pour criminaliser le trafic de migrants ;<\/p>\n\n\n\n<p style=\"font-size:18px\">-Le renforcement de la coop\u00e9ration internationale et r\u00e9gionale, notamment par l&rsquo;\u00e9change d&rsquo;informations entre \u00c9tats sur les itin\u00e9raires et les modes op\u00e9ratoires des r\u00e9seaux criminels ;<\/p>\n\n\n\n<p style=\"font-size:18px\">-La protection des droits des migrants, en garantissant leur assistance humanitaire, m\u00e9dicale, psychologique et juridique ;<\/p>\n\n\n\n<p style=\"font-size:18px\">-La pr\u00e9vention et la sensibilisation, \u00e0 travers des campagnes d&rsquo;information dans les pays d&rsquo;origine et de transit sur les risques li\u00e9s au trafic;<\/p>\n\n\n\n<p style=\"font-size:18px\">-L&rsquo;am\u00e9lioration de la gestion des fronti\u00e8res, en modernisant les syst\u00e8mes de contr\u00f4le et les bases de donn\u00e9es biom\u00e9triques, tout en respectant les droits humains ;<\/p>\n\n\n\n<p style=\"font-size:18px\">Et enfin, le suivi et l&rsquo;\u00e9valuation continus des politiques publiques pour mieux adapter les r\u00e9ponses \u00e0 l&rsquo;\u00e9volution des pratiques criminelles.Les d\u00e9bats ont \u00e9galement mis en lumi\u00e8re certaines pr\u00e9occupations, notamment les contraintes li\u00e9es \u00e0 l&rsquo;\u00e9change d&rsquo;informations biom\u00e9triques, compte tenu des l\u00e9gislations nationales propres \u00e0 chaque \u00c9tat.Cette rencontre confirme, une fois de plus, l&rsquo;importance d&rsquo;une action concert\u00e9e, \u00e9quilibr\u00e9e et respectueuse des droits humains pour endiguer durablement le trafic de migrants, fl\u00e9au qui met en p\u00e9ril des milliers de vies chaque ann\u00e9e.&nbsp;<\/p>\n\n\n\n<p><\/p>\n","protected":false},"excerpt":{"rendered":"<p>En cette deuxi\u00e8me journ\u00e9e de la 12e r\u00e9union du Groupe de travail sur le trafic illicite de migrants, les \u00e9changes ont \u00e9t\u00e9 denses et porteurs d&rsquo;enseignements. Aux c\u00f4t\u00e9s des repr\u00e9sentants&hellip;<\/p>\n","protected":false},"author":1,"featured_media":23367,"comment_status":"open","ping_status":"open","sticky":false,"template":"","format":"standard","meta":{"content-type":"","_lmt_disableupdate":"","_lmt_disable":"","_jetpack_memberships_contains_paid_content":false,"footnotes":"","jetpack_publicize_message":"","jetpack_publicize_feature_enabled":true,"jetpack_social_post_already_shared":true,"jetpack_social_options":{"image_generator_settings":{"template":"highway","default_image_id":0,"font":"","enabled":false},"version":2}},"categories":[19,21],"tags":[],"class_list":["post-23366","post","type-post","status-publish","format-standard","has-post-thumbnail","hentry","category-aujourdhui-mali","category-societe"],"jetpack_publicize_connections":[],"featured_image_urls":{"full":["https:\/\/nandi.info\/wp-content\/uploads\/2025\/10\/ATAYER-MINISTER-DE-COMMUNICATION.jpg",870,479,false],"thumbnail":["https:\/\/nandi.info\/wp-content\/uploads\/2025\/10\/ATAYER-MINISTER-DE-COMMUNICATION-150x150.jpg",150,150,true],"medium":["https:\/\/nandi.info\/wp-content\/uploads\/2025\/10\/ATAYER-MINISTER-DE-COMMUNICATION-300x165.jpg",300,165,true],"medium_large":["https:\/\/nandi.info\/wp-content\/uploads\/2025\/10\/ATAYER-MINISTER-DE-COMMUNICATION-768x423.jpg",768,423,true],"large":["https:\/\/nandi.info\/wp-content\/uploads\/2025\/10\/ATAYER-MINISTER-DE-COMMUNICATION.jpg",870,479,false],"1536x1536":["https:\/\/nandi.info\/wp-content\/uploads\/2025\/10\/ATAYER-MINISTER-DE-COMMUNICATION.jpg",870,479,false],"2048x2048":["https:\/\/nandi.info\/wp-content\/uploads\/2025\/10\/ATAYER-MINISTER-DE-COMMUNICATION.jpg",870,479,false],"penci-recipe-1200x1200":["https:\/\/nandi.info\/wp-content\/uploads\/2025\/10\/ATAYER-MINISTER-DE-COMMUNICATION.jpg",870,479,false],"penci-recipe-1200x900":["https:\/\/nandi.info\/wp-content\/uploads\/2025\/10\/ATAYER-MINISTER-DE-COMMUNICATION.jpg",870,479,false],"penci-recipe-1200x675":["https:\/\/nandi.info\/wp-content\/uploads\/2025\/10\/ATAYER-MINISTER-DE-COMMUNICATION.jpg",870,479,false],"penci-single-full":["https:\/\/nandi.info\/wp-content\/uploads\/2025\/10\/ATAYER-MINISTER-DE-COMMUNICATION.jpg",870,479,false],"penci-slider-full-thumb":["https:\/\/nandi.info\/wp-content\/uploads\/2025\/10\/ATAYER-MINISTER-DE-COMMUNICATION.jpg",870,479,false],"penci-full-thumb":["https:\/\/nandi.info\/wp-content\/uploads\/2025\/10\/ATAYER-MINISTER-DE-COMMUNICATION.jpg",870,479,false],"penci-slider-thumb":["https:\/\/nandi.info\/wp-content\/uploads\/2025\/10\/ATAYER-MINISTER-DE-COMMUNICATION.jpg",870,479,false],"penci-magazine-slider":["https:\/\/nandi.info\/wp-content\/uploads\/2025\/10\/ATAYER-MINISTER-DE-COMMUNICATION-780x479.jpg",780,479,true],"penci-thumb":["https:\/\/nandi.info\/wp-content\/uploads\/2025\/10\/ATAYER-MINISTER-DE-COMMUNICATION-585x390.jpg",585,390,true],"penci-masonry-thumb":["https:\/\/nandi.info\/wp-content\/uploads\/2025\/10\/ATAYER-MINISTER-DE-COMMUNICATION-585x322.jpg",585,322,true],"penci-thumb-square":["https:\/\/nandi.info\/wp-content\/uploads\/2025\/10\/ATAYER-MINISTER-DE-COMMUNICATION-585x479.jpg",585,479,true],"penci-thumb-vertical":["https:\/\/nandi.info\/wp-content\/uploads\/2025\/10\/ATAYER-MINISTER-DE-COMMUNICATION-480x479.jpg",480,479,true],"penci-thumb-small":["https:\/\/nandi.info\/wp-content\/uploads\/2025\/10\/ATAYER-MINISTER-DE-COMMUNICATION-263x175.jpg",263,175,true]},"author_info":{"display_name":"Nandi","author_link":"https:\/\/nandi.info\/?author=1"},"category_info":"<a href=\"https:\/\/nandi.info\/?cat=19\" rel=\"category\">Aujourd\u2019hui Mali<\/a> <a href=\"https:\/\/nandi.info\/?cat=21\" rel=\"category\">Soci\u00e9t\u00e9<\/a>","tag_info":"Soci\u00e9t\u00e9","comment_count":"0","jetpack_featured_media_url":"https:\/\/nandi.info\/wp-content\/uploads\/2025\/10\/ATAYER-MINISTER-DE-COMMUNICATION.jpg","jetpack_sharing_enabled":true,"_links":{"self":[{"href":"https:\/\/nandi.info\/index.php?rest_route=\/wp\/v2\/posts\/23366","targetHints":{"allow":["GET"]}}],"collection":[{"href":"https:\/\/nandi.info\/index.php?rest_route=\/wp\/v2\/posts"}],"about":[{"href":"https:\/\/nandi.info\/index.php?rest_route=\/wp\/v2\/types\/post"}],"author":[{"embeddable":true,"href":"https:\/\/nandi.info\/index.php?rest_route=\/wp\/v2\/users\/1"}],"replies":[{"embeddable":true,"href":"https:\/\/nandi.info\/index.php?rest_route=%2Fwp%2Fv2%2Fcomments&post=23366"}],"version-history":[{"count":1,"href":"https:\/\/nandi.info\/index.php?rest_route=\/wp\/v2\/posts\/23366\/revisions"}],"predecessor-version":[{"id":23368,"href":"https:\/\/nandi.info\/index.php?rest_route=\/wp\/v2\/posts\/23366\/revisions\/23368"}],"wp:featuredmedia":[{"embeddable":true,"href":"https:\/\/nandi.info\/index.php?rest_route=\/wp\/v2\/media\/23367"}],"wp:attachment":[{"href":"https:\/\/nandi.info\/index.php?rest_route=%2Fwp%2Fv2%2Fmedia&parent=23366"}],"wp:term":[{"taxonomy":"category","embeddable":true,"href":"https:\/\/nandi.info\/index.php?rest_route=%2Fwp%2Fv2%2Fcategories&post=23366"},{"taxonomy":"post_tag","embeddable":true,"href":"https:\/\/nandi.info\/index.php?rest_route=%2Fwp%2Fv2%2Ftags&post=23366"}],"curies":[{"name":"wp","href":"https:\/\/api.w.org\/{rel}","templated":true}]}}