{"id":23273,"date":"2025-10-04T23:53:09","date_gmt":"2025-10-04T21:53:09","guid":{"rendered":"https:\/\/nandi.info\/?p=23273"},"modified":"2025-10-04T23:53:12","modified_gmt":"2025-10-04T21:53:12","slug":"mali-espagne-une-cooperation-exemplaire-et-strategique","status":"publish","type":"post","link":"https:\/\/nandi.info\/?p=23273","title":{"rendered":"Mali-Espagne : Une coop\u00e9ration exemplaire et strat\u00e9gique !"},"content":{"rendered":"\n<figure class=\"wp-block-image size-full\"><img fetchpriority=\"high\" decoding=\"async\" width=\"870\" height=\"559\" src=\"https:\/\/nandi.info\/wp-content\/uploads\/2025\/10\/mosque-djene.jpg\" alt=\"\" class=\"wp-image-23274\" srcset=\"https:\/\/nandi.info\/wp-content\/uploads\/2025\/10\/mosque-djene.jpg 870w, https:\/\/nandi.info\/wp-content\/uploads\/2025\/10\/mosque-djene-300x193.jpg 300w, https:\/\/nandi.info\/wp-content\/uploads\/2025\/10\/mosque-djene-768x493.jpg 768w, https:\/\/nandi.info\/wp-content\/uploads\/2025\/10\/mosque-djene-585x376.jpg 585w\" sizes=\"(max-width: 870px) 100vw, 870px\" \/><\/figure>\n\n\n\n<h2 class=\"wp-block-heading\">Aujourd&rsquo;hui, on peut dire sans risque de se tromper que la coop\u00e9ration entre la R\u00e9publique du Mali et le Royaume d&rsquo;Espagne se porte bien et m\u00eame \u00e0 merveille. Cette coop\u00e9ration a \u00e9t\u00e9 davantage renforc\u00e9e depuis l&rsquo;arriv\u00e9e de l&rsquo;ambassadeur Antonio Guillen Hidalgo en mars 2024. Et ce n&rsquo;est pas pour rien que ce diplomate chevronn\u00e9 est consid\u00e9r\u00e9 comme \u00ab\u00a0le plus Malien des Espagnols\u00a0\u00bb.<\/h2>\n\n\n\n<p class=\"has-drop-cap\" style=\"font-size:18px\">Du\u00a0coup, la coop\u00e9ration marche bien \u00e0 travers l&rsquo;Agence espagnole de coop\u00e9ration, qui joue sa partition. Et comme l&rsquo;a si bien dit l&rsquo;ambassadeur Antonio Guillen Hidalgo, le Royaume d&rsquo;Espagne est pr\u00e9sent au Mali \u00e0 travers plusieurs projets, notamment dans les domaines du d\u00e9veloppement rural, de la sant\u00e9, de la s\u00e9curit\u00e9 alimentaire, de la formation des jeunes, de l&rsquo;acc\u00e8s \u00e0 l&rsquo;eau potable. Sans oublier le soutien aux femmes.<\/p>\n\n\n\n<p style=\"font-size:18px\">De plus en plus, cette coop\u00e9ration s&rsquo;\u00e9tend dans les domaines de la culture et du sport \u00e0 l&rsquo;image du Festival Hola Bamako dont la 7e \u00e9dition s&rsquo;est tenue avec succ\u00e8s tout comme la 1re \u00e9dition du Hola Karat\u00e9.<\/p>\n\n\n\n<p style=\"font-size:18px\">Pour le diplomate espagnol, le Mali est consid\u00e9r\u00e9 par l&rsquo;Espagne comme un pays prioritaire dans son aide au d\u00e9veloppement. Raison pour laquelle, le budget de l&rsquo;AECID a \u00e9t\u00e9 doubl\u00e9 tout comme l&rsquo;aide aux pays du Sahel qui va connaitre une nette am\u00e9lioration. Cela dans le cadre de la strat\u00e9gie Espagne-Afrique 2025-2028. \u00ab\u00a0Depuis 2008, l&rsquo;Espagne s&rsquo;est toujours engag\u00e9e envers et contre tout aux c\u00f4t\u00e9s du peuple malien. Et nous esp\u00e9rons continuer \u00e0 \u00e9crire le livre de l&rsquo;histoire de nos relations pendant de nombreuses ann\u00e9es \u00e0 venir\u00a0\u00bb. Parole de l&rsquo;ambassadeur Antonio Guillen Hidalgo.<\/p>\n\n\n\n<p style=\"font-size:18px\">A la r\u00e9ception de la F\u00eate nationale d&rsquo;Espagne, le 11 octobre 2024, le ministre des Affaires \u00e9trang\u00e8res et de la Coop\u00e9ration internationale, Abdoulaye Diop, se f\u00e9licitait de la qualit\u00e9 des relations bilat\u00e9rales entre les deux pays et l&rsquo;approche lucide et constructive de l&rsquo;Espagne sur la situation au Mali et au Sahel.&nbsp;<\/p>\n\n\n\n<p style=\"font-size:18px\">\u00ab\u00a0Le gouvernement attache une importance particuli\u00e8re \u00e0 l&rsquo;objectivit\u00e9 dans la coop\u00e9ration avec nos partenaires afin que les relations soient fond\u00e9es sur les principes constitutionnels qui guident l&rsquo;action publique au Mali. A cet effet, je reconnais et j&rsquo;appr\u00e9cie l&rsquo;attachement de nos deux pays au respect de l&rsquo;unit\u00e9 nationale et de l&rsquo;int\u00e9grit\u00e9 territoire des Etats. &nbsp;Je salue par ailleurs \u00e0 sa juste valeur l&rsquo;approche respectueuse et lucide de l&rsquo;Espagne sur la situation au Mali et au Sahel.&nbsp;<\/p>\n\n\n\n<p style=\"font-size:18px\">Pour en revenir aux liens entre le Mali et l&rsquo;Espagne, je note, pour m&rsquo;en f\u00e9liciter, notre convergence de vue concernant des questions d&rsquo;importance strat\u00e9gique telles que la paix et la s\u00e9curit\u00e9 internationales particuli\u00e8rement la lutte contre le terrorisme y compris au Sahel ainsi que la bonne gouvernance\u00a0\u00bb, avait d\u00e9clar\u00e9 le ministre Diop.<\/p>\n\n\n\n<p style=\"font-size:18px\">Le 12 juin 2025, l&rsquo;ambassadeur Antonio Guillen Hidalgo a proc\u00e9d\u00e9 \u00e0 la remise d&rsquo;un ch\u00e8que g\u00e9ant de 3 millions d&rsquo;euros, soit pr\u00e8s de 2 milliards de F CFA au Programme alimentaire mondial (Pam) pour appui au Commissariat \u00e0 la s\u00e9curit\u00e9 alimentaire (CSA). C&rsquo;est un don du Royaume d&rsquo;Espagne \u00e0 travers l&rsquo;Agence espagnole de coop\u00e9ration.<\/p>\n\n\n\n<p style=\"font-size:18px\">\u00ab\u00a0Je vous remercie pour avoir l&rsquo;opportunit\u00e9 d&rsquo;annoncer l&rsquo;engagement du gouvernement espagnol, en faveur de la s\u00e9curit\u00e9 alimentaire au Sahel et au Mali en particulier.&nbsp;<\/p>\n\n\n\n<p style=\"font-size:18px\">J&rsquo;ai aussi le plaisir de vous communiquer que l&rsquo;Agence espagnole de coop\u00e9ration a octroy\u00e9 3 millions d&rsquo;euros au Pam pour appui au CSA. Au total, la pr\u00e9vision d&rsquo;aide humanitaire de l&rsquo;Espagne au Mali en 2025 sera de 7 millions d&rsquo;euros environ.&nbsp;<br>Cette contribution, l&rsquo;Espagne contribue \u00e0 faire face \u00e0 la crise alimentaire dans un moment o\u00f9 le nombre de personnes en situation d&rsquo;ins\u00e9curit\u00e9 alimentaire augmente en particulier au Sahel, en Afrique. J&rsquo;esp\u00e8re que la contribution espagnole sera un soulagement pour les populations.<\/p>\n\n\n\n<p style=\"font-size:18px\">L&rsquo;Espagne soutient le CSA dans sa volont\u00e9 de lutter contre la faim extr\u00eame au Mali. Nous sommes conscients de la situation urgente et alarmante \u00e0 laquelle le pays est confront\u00e9. Et nous sommes tr\u00e8s satisfaits de travailler avec le Commissariat \u00e0 la s\u00e9curit\u00e9 alimentaire. Donc, les r\u00e9sultats de notre appui sont toujours visibles et positifs\u00a0\u00bb, a soulign\u00e9 le diplomate espagnol lors de la remise du ch\u00e8que.<br>Avant de pr\u00e9ciser que \u00ab\u00a0la Coop\u00e9ration espagnole essaie aussi d&rsquo;apporter ses contributions pour am\u00e9liorer la situation avec la construction d&rsquo;infrastructures d&rsquo;irrigation et avec l&rsquo;approbation d&rsquo;appui alimentaire aux d\u00e9plac\u00e9s internes et migrants dans le cadre d&rsquo;autres interventions\u00a0\u00bb.<\/p>\n\n\n\n<p style=\"font-size:18px\">Pour le ministre-commissaire \u00e0 la s\u00e9curit\u00e9 alimentaire, Redouwane Ag Mohamed Ali, la g\u00e9n\u00e9rosit\u00e9 du Royaume d&rsquo;Espagne envers le Mali ne s&rsquo;est jamais d\u00e9mentie et elle vient \u00e0 nouveau de se manifester avec ce don de 3 millions d&rsquo;euros en faveur des populations maliennes n\u00e9cessiteuses. \u00ab\u00a0Il est aujourd&rsquo;hui une r\u00e9alit\u00e9 irr\u00e9futable que le Royaume d&rsquo;Espagne s&rsquo;illustre comme un partenaire fiable, toujours disponible \u00e0 accompagner le Mali particuli\u00e8rement dans les moments difficiles.&nbsp;<\/p>\n\n\n\n<p style=\"font-size:18px\">Avec ce nouveau financement, l&rsquo;Espagne r\u00e9it\u00e8re son engagement \u00e0 accompagner le Mali dans la pr\u00e9servation de sa souverainet\u00e9 alimentaire \u00e0 travers le renforcement de la capacit\u00e9 de r\u00e9silience des communaut\u00e9s vuln\u00e9raires.<br>Ce geste de solidarit\u00e9 et d&rsquo;amiti\u00e9 vient \u00e0 point nomm\u00e9 soutenir la vision de Son Excellence le g\u00e9n\u00e9ral d&rsquo;Arm\u00e9e Assimi Go\u00efta, qui place la s\u00e9curit\u00e9 alimentaire au premier rang des priorit\u00e9s nationales et veut qu&rsquo;aucun malien ne soit laiss\u00e9 de c\u00f4t\u00e9\u00a0\u00bb, a d\u00e9clar\u00e9 Redouwane Ag Mohamed Ali. &nbsp;&nbsp;<\/p>\n\n\n\n<p style=\"font-size:18px\">Le 5 novembre 2024, l&rsquo;ambassadeur d&rsquo;Espagne au Mali Antonio Guillen Hidalgo a remis des maquettes des mosqu\u00e9es de Djenn\u00e9, Sidi Yaya de Tombouctou et le March\u00e9 rose de Bamako \u00e0 l&rsquo;Ecole sup\u00e9rieure d&rsquo;ing\u00e9nierie, d&rsquo;architecture et d&rsquo;urbanisme (Esiau). La remise s&rsquo;est d\u00e9roul\u00e9e dans l&rsquo;enceinte de ladite \u00e9cole en pr\u00e9sence des \u00e9tudiants et formateurs de cet \u00e9tablissement.<\/p>\n\n\n\n<p style=\"font-size:18px\">En remettant ces trois maquettes \u00e0 l&rsquo;Esiau, le diplomate espagnol pr\u00e9cisait que ce geste s&rsquo;inscrit dans le cadre du renforcement des relations entre son pays et le Mali mais plus particuli\u00e8rement avec l&rsquo;Esiau qu&rsquo;il a qualifi\u00e9e de l&rsquo;une des meilleures \u00e9coles du Mali. Il a salu\u00e9 le travail abattu par la dynamique \u00e9quipe de l&rsquo;\u00e9tablissement avec \u00e0 sa t\u00eate son directeur g\u00e9n\u00e9ral Abdoulaye D\u00e9yogo.<\/p>\n\n\n\n<p style=\"font-size:18px\">La participation du Premier ministre, le g\u00e9n\u00e9ral de division Abdoulaye Ma\u00efga \u00e0 la 4e Conf\u00e9rence internationale sur le financement du d\u00e9veloppement &nbsp;du 30 juin au 3 juillet 2025 \u00e0 S\u00e9ville, en Espagne, est l&rsquo;un des points positifs de la coop\u00e9ration entre les deux pays.&nbsp;<br>Cette visite s&rsquo;inscrivait dans une dynamique diplomatique active, contredisant les accusations d&rsquo;isolement du Mali sur la sc\u00e8ne internationale. Elle \u00e9tait aussi l&rsquo;occasion d&rsquo;une communion diplomatique majeure, porteur d&rsquo;espoir pour l&rsquo;\u00e9conomie malienne avec les Maliens vivant en Espagne. Cette pr\u00e9sence diplomatique de haut niveau rappelle aux expatri\u00e9s que le Mali les regarde, les \u00e9coute et souhaite travailler avec eux.<\/p>\n\n\n\n<p style=\"font-size:18px\">A travers cette visite le g\u00e9n\u00e9ral Abdoulaye Ma\u00efga, le Mali r\u00e9affirmait sa place sur la sc\u00e8ne internationale et prouvait, une fois encore, que sa souverainet\u00e9 ne signifie ni isolement ni repli. Au contraire, Bamako a choisi d&rsquo;ouvrir de nouveaux espaces de coop\u00e9ration, fond\u00e9s sur le respect mutuel et les int\u00e9r\u00eats partag\u00e9s.<\/p>\n\n\n\n<p style=\"font-size:18px\">Et du 29 septembre au 1er octobre 2025, ce fut le tour du ministre en charge de la Culture, de l&rsquo;Artisanat et du Tourisme, Mamou Daff\u00e9 de participer aux travaux de la Conf\u00e9rence mondiale sur les politiques culturelles et le d\u00e9veloppement durable (Mondiacult 2025), tenus \u00e0 Barcelone en Espagne.&nbsp;<\/p>\n\n\n\n<p style=\"font-size:18px\">Notons que Mondiacult est la plus grande conf\u00e9rence mondiale sur les politiques culturelles. L&rsquo;\u00e9dition 2025 a rassembl\u00e9 des milliers de participants afin de d\u00e9finir l&rsquo;Agenda mondial de la culture pour les ann\u00e9es \u00e0 venir. Les discussions ont port\u00e9 sur six th\u00e8mes et deux domaines d&rsquo;int\u00e9r\u00eat, repr\u00e9sentant les principaux d\u00e9fis et opportunit\u00e9s pour l&rsquo;avenir de la culture.<\/p>\n\n\n\n<p style=\"font-size:18px\">Mondiacult est \u00e9galement une plateforme de plaidoyer majeure. Avec la conclusion du Programme de d\u00e9veloppement durable \u00e0 l&rsquo;horizon 2030 en vue, la Conf\u00e9rence de l&rsquo;Unesco 2025 fut un moment d\u00e9cisif pour construire un consensus et un \u00e9lan pour \u00e9tablir la culture comme un objectif \u00ab\u00a0\u00e0 part enti\u00e8re\u00a0\u00bb au sein de la prochaine strat\u00e9gie de d\u00e9veloppement des Nations Unies.<br>Profitant de son s\u00e9jour, le ministre Mamou Daff\u00e9 a eu des \u00e9changes fructueux avec les certains responsables de la culture et de l&rsquo;Espagne. Il a rencontr\u00e9 le mercredi 1er octobre 2025 son homologue espagnol, Ernest Urtasun, en pr\u00e9sence de l&rsquo;ambassadeur du Mali aupr\u00e8s de l&rsquo;Unesco, Amadou Opa Thiam et sa d\u00e9l\u00e9gation.<\/p>\n\n\n\n<p style=\"font-size:18px\">Les \u00e9changes ont port\u00e9 sur le renforcement de la coop\u00e9ration entre le Mali et l&rsquo;Espagne dans le domaine de la culture. Le ministre espagnol a salu\u00e9 la participation du Mali \u00e0 Mondiacult 2025. Les deux ministres ont convenu de se retrouver prochainement \u00e0 l&rsquo;occasion de la Journ\u00e9e du Mali \u00e0 Madrid pour \u00e9changer davantage sur le renforcement du pont culturel entre leurs pays. La rencontre s&rsquo;est termin\u00e9e par un \u00e9change de cadeaux, gage de la bonne sant\u00e9 des relations culturelles entre le Mali et l&rsquo;Espagne.&nbsp;<\/p>\n\n\n\n<p style=\"font-size:18px\">Le ministre Daff\u00e9 a ensuite rencontr\u00e9 la directrice g\u00e9n\u00e9rale de l&rsquo;Unesco, Mme Audrey Azoulay. Selon Mme Azoulay, \u00ab\u00a0le Mali est une source d&rsquo;inspiration pour elle et pour le monde\u00a0\u00bb. Elle a \u00e9mis le souhait de visiter tr\u00e8s prochainement Tombouctou \u00e0 l&rsquo;occasion du Forum mondial des civilisations pr\u00e9vu en d\u00e9cembre 2025. Le ministre a f\u00e9licit\u00e9 la directrice g\u00e9n\u00e9rale pour la qualit\u00e9 de l&rsquo;organisation de Mondiacult 2025 \u00e0 Barcelone.<br>&nbsp; &nbsp; &nbsp; &nbsp; &nbsp; &nbsp; &nbsp; &nbsp; &nbsp; &nbsp; &nbsp; &nbsp; &nbsp; &nbsp; &nbsp; &nbsp; &nbsp; &nbsp; &nbsp; &nbsp; &nbsp; &nbsp; &nbsp; &nbsp; &nbsp; &nbsp; &nbsp; &nbsp; &nbsp; &nbsp; &nbsp; &nbsp; &nbsp; &nbsp; &nbsp; &nbsp; &nbsp; &nbsp; &nbsp; &nbsp; &nbsp;&nbsp;<br>El Hadj A.B. HAIDARA<\/p>\n\n\n\n<p><\/p>\n","protected":false},"excerpt":{"rendered":"<p>Aujourd&rsquo;hui, on peut dire sans risque de se tromper que la coop\u00e9ration entre la R\u00e9publique du Mali et le Royaume d&rsquo;Espagne se porte bien et m\u00eame \u00e0 merveille. Cette coop\u00e9ration&hellip;<\/p>\n","protected":false},"author":1,"featured_media":23274,"comment_status":"open","ping_status":"open","sticky":false,"template":"","format":"standard","meta":{"content-type":"","_lmt_disableupdate":"","_lmt_disable":"","_jetpack_memberships_contains_paid_content":false,"footnotes":"","jetpack_publicize_message":"","jetpack_publicize_feature_enabled":true,"jetpack_social_post_already_shared":true,"jetpack_social_options":{"image_generator_settings":{"template":"highway","default_image_id":0,"font":"","enabled":false},"version":2}},"categories":[19,31],"tags":[],"class_list":["post-23273","post","type-post","status-publish","format-standard","has-post-thumbnail","hentry","category-aujourdhui-mali","category-cooperation"],"jetpack_publicize_connections":[],"featured_image_urls":{"full":["https:\/\/nandi.info\/wp-content\/uploads\/2025\/10\/mosque-djene.jpg",870,559,false],"thumbnail":["https:\/\/nandi.info\/wp-content\/uploads\/2025\/10\/mosque-djene-150x150.jpg",150,150,true],"medium":["https:\/\/nandi.info\/wp-content\/uploads\/2025\/10\/mosque-djene-300x193.jpg",300,193,true],"medium_large":["https:\/\/nandi.info\/wp-content\/uploads\/2025\/10\/mosque-djene-768x493.jpg",768,493,true],"large":["https:\/\/nandi.info\/wp-content\/uploads\/2025\/10\/mosque-djene.jpg",870,559,false],"1536x1536":["https:\/\/nandi.info\/wp-content\/uploads\/2025\/10\/mosque-djene.jpg",870,559,false],"2048x2048":["https:\/\/nandi.info\/wp-content\/uploads\/2025\/10\/mosque-djene.jpg",870,559,false],"penci-recipe-1200x1200":["https:\/\/nandi.info\/wp-content\/uploads\/2025\/10\/mosque-djene.jpg",870,559,false],"penci-recipe-1200x900":["https:\/\/nandi.info\/wp-content\/uploads\/2025\/10\/mosque-djene.jpg",870,559,false],"penci-recipe-1200x675":["https:\/\/nandi.info\/wp-content\/uploads\/2025\/10\/mosque-djene.jpg",870,559,false],"penci-single-full":["https:\/\/nandi.info\/wp-content\/uploads\/2025\/10\/mosque-djene.jpg",870,559,false],"penci-slider-full-thumb":["https:\/\/nandi.info\/wp-content\/uploads\/2025\/10\/mosque-djene.jpg",870,559,false],"penci-full-thumb":["https:\/\/nandi.info\/wp-content\/uploads\/2025\/10\/mosque-djene.jpg",870,559,false],"penci-slider-thumb":["https:\/\/nandi.info\/wp-content\/uploads\/2025\/10\/mosque-djene.jpg",870,559,false],"penci-magazine-slider":["https:\/\/nandi.info\/wp-content\/uploads\/2025\/10\/mosque-djene-780x516.jpg",780,516,true],"penci-thumb":["https:\/\/nandi.info\/wp-content\/uploads\/2025\/10\/mosque-djene-585x390.jpg",585,390,true],"penci-masonry-thumb":["https:\/\/nandi.info\/wp-content\/uploads\/2025\/10\/mosque-djene-585x376.jpg",585,376,true],"penci-thumb-square":["https:\/\/nandi.info\/wp-content\/uploads\/2025\/10\/mosque-djene-585x559.jpg",585,559,true],"penci-thumb-vertical":["https:\/\/nandi.info\/wp-content\/uploads\/2025\/10\/mosque-djene-480x559.jpg",480,559,true],"penci-thumb-small":["https:\/\/nandi.info\/wp-content\/uploads\/2025\/10\/mosque-djene-263x175.jpg",263,175,true]},"author_info":{"display_name":"Nandi","author_link":"https:\/\/nandi.info\/?author=1"},"category_info":"<a href=\"https:\/\/nandi.info\/?cat=19\" rel=\"category\">Aujourd\u2019hui Mali<\/a> <a href=\"https:\/\/nandi.info\/?cat=31\" rel=\"category\">Coop\u00e9ration<\/a>","tag_info":"Coop\u00e9ration","comment_count":"0","jetpack_featured_media_url":"https:\/\/nandi.info\/wp-content\/uploads\/2025\/10\/mosque-djene.jpg","jetpack_sharing_enabled":true,"_links":{"self":[{"href":"https:\/\/nandi.info\/index.php?rest_route=\/wp\/v2\/posts\/23273","targetHints":{"allow":["GET"]}}],"collection":[{"href":"https:\/\/nandi.info\/index.php?rest_route=\/wp\/v2\/posts"}],"about":[{"href":"https:\/\/nandi.info\/index.php?rest_route=\/wp\/v2\/types\/post"}],"author":[{"embeddable":true,"href":"https:\/\/nandi.info\/index.php?rest_route=\/wp\/v2\/users\/1"}],"replies":[{"embeddable":true,"href":"https:\/\/nandi.info\/index.php?rest_route=%2Fwp%2Fv2%2Fcomments&post=23273"}],"version-history":[{"count":1,"href":"https:\/\/nandi.info\/index.php?rest_route=\/wp\/v2\/posts\/23273\/revisions"}],"predecessor-version":[{"id":23275,"href":"https:\/\/nandi.info\/index.php?rest_route=\/wp\/v2\/posts\/23273\/revisions\/23275"}],"wp:featuredmedia":[{"embeddable":true,"href":"https:\/\/nandi.info\/index.php?rest_route=\/wp\/v2\/media\/23274"}],"wp:attachment":[{"href":"https:\/\/nandi.info\/index.php?rest_route=%2Fwp%2Fv2%2Fmedia&parent=23273"}],"wp:term":[{"taxonomy":"category","embeddable":true,"href":"https:\/\/nandi.info\/index.php?rest_route=%2Fwp%2Fv2%2Fcategories&post=23273"},{"taxonomy":"post_tag","embeddable":true,"href":"https:\/\/nandi.info\/index.php?rest_route=%2Fwp%2Fv2%2Ftags&post=23273"}],"curies":[{"name":"wp","href":"https:\/\/api.w.org\/{rel}","templated":true}]}}