{"id":23269,"date":"2025-10-04T23:35:16","date_gmt":"2025-10-04T21:35:16","guid":{"rendered":"https:\/\/nandi.info\/?p=23269"},"modified":"2025-10-04T23:40:50","modified_gmt":"2025-10-04T21:40:50","slug":"retombees-du-business-forum-mali-japon-des-investisseurs-japonais-en-mission-de-prospection-a-bamako","status":"publish","type":"post","link":"https:\/\/nandi.info\/?p=23269","title":{"rendered":"Retomb\u00e9es du business forum Mali-Japon : Des investisseurs japonais en mission de prospection \u00e0 Bamako"},"content":{"rendered":"\n<h2 class=\"wp-block-heading has-text-align-center\">Le ministre Moussa Alassane annonce le 2\u00e8 Forum Mali-Japon en juillet 2026 \u00e0 Bamako<\/h2>\n\n\n\n<figure class=\"wp-block-image size-full\"><img fetchpriority=\"high\" decoding=\"async\" width=\"870\" height=\"443\" src=\"https:\/\/nandi.info\/wp-content\/uploads\/2025\/10\/Retombees-du-business-forum-Mali-Japon-Des-investisseurs-japonais-en-mission-de-prospection-a-BamakoLe-ministre-Moussa-Alassane-annonce-le-2e-Forum-Mali-Japon-en-juil.jpg\" alt=\"\" class=\"wp-image-23270\" srcset=\"https:\/\/nandi.info\/wp-content\/uploads\/2025\/10\/Retombees-du-business-forum-Mali-Japon-Des-investisseurs-japonais-en-mission-de-prospection-a-BamakoLe-ministre-Moussa-Alassane-annonce-le-2e-Forum-Mali-Japon-en-juil.jpg 870w, https:\/\/nandi.info\/wp-content\/uploads\/2025\/10\/Retombees-du-business-forum-Mali-Japon-Des-investisseurs-japonais-en-mission-de-prospection-a-BamakoLe-ministre-Moussa-Alassane-annonce-le-2e-Forum-Mali-Japon-en-juil-300x153.jpg 300w, https:\/\/nandi.info\/wp-content\/uploads\/2025\/10\/Retombees-du-business-forum-Mali-Japon-Des-investisseurs-japonais-en-mission-de-prospection-a-BamakoLe-ministre-Moussa-Alassane-annonce-le-2e-Forum-Mali-Japon-en-juil-768x391.jpg 768w, https:\/\/nandi.info\/wp-content\/uploads\/2025\/10\/Retombees-du-business-forum-Mali-Japon-Des-investisseurs-japonais-en-mission-de-prospection-a-BamakoLe-ministre-Moussa-Alassane-annonce-le-2e-Forum-Mali-Japon-en-juil-585x298.jpg 585w\" sizes=\"(max-width: 870px) 100vw, 870px\" \/><\/figure>\n\n\n\n<p style=\"font-size:18px\"><strong>Dans le prolongement du Business Forum Mali-Japon tenu \u00e0 Osaka en ao\u00fbt 2025, le ministre de l&rsquo;Industrie et du Commerce, Moussa Alassane Diallo a re\u00e7u, mercredi 24 septembre dernier, une importante d\u00e9l\u00e9gation d&rsquo;investisseurs japonais venue explorer les opportunit\u00e9s d&rsquo;affaires au Mali.<\/strong><\/p>\n\n\n\n<p class=\"has-drop-cap\" style=\"font-size:18px\">La rencontre entre la d\u00e9l\u00e9gation japonaise et le ministre de l&rsquo;Industrie et du Commerce Moussa Alassane Diallo s&rsquo;est d\u00e9roul\u00e9e en pr\u00e9sence des membres de son cabinet, du directeur g\u00e9n\u00e9ral de l&rsquo;Agence pour la promotion des exportations (Apex), Massoudou Ciss\u00e9, et du chef de la Cellule technique de r\u00e9forme du climat des affaires (CTRCA).<br>Conduite par un compatriote malien, Mahmoud Dant\u00e9, cette mission s&rsquo;inscrit en droite ligne de la 1re \u00e9dition du Forum Mali-Japon 2025 et fait suite \u00e0 la volont\u00e9 exprim\u00e9e par le Premier ministre, chef du gouvernement, le g\u00e9n\u00e9ral de division Abdoulaye Ma\u00efga, lors de sa visite au Japon ; \u00e0 savoir : inciter les op\u00e9rateurs \u00e9conomiques nippons \u00e0 investir massivement au Mali et assurer un suivi rigoureux des engagements pris.<\/p>\n\n\n\n<figure class=\"wp-block-image alignright is-resized\"><img decoding=\"async\" src=\"https:\/\/www.maliweb.net\/uploads\/images\/202510\/image_870x_68e02abce42d2.jpg\" alt=\"\" style=\"width:384px;height:auto\"\/><\/figure>\n\n\n\n<p style=\"font-size:18px\">Apr\u00e8s un tour de table des investisseurs nippons qui ont expos\u00e9 leurs projets, le ministre a tenu \u00e0 remercier les visiteurs du jour pour la confiance plac\u00e9e en notre cher pays, terre d&rsquo;opportunit\u00e9s. Aussi, il a fait part de sa pleine et enti\u00e8re disposition, avec l&rsquo;appui de ses \u00e9quipes, d&rsquo;assurer une coordination rigoureuse et un accompagnement des projets qui seront concr\u00e9tis\u00e9es tr\u00e8s rapidement. Le ministre a incit\u00e9 les h\u00f4tes \u00e0 explorer toutes les pistes de collaboration, avec l&rsquo;ambition d&rsquo;obtenir des premiers r\u00e9sultats tangibles d&rsquo;ici juillet 2026, date de la tenue prochaine de la 2e \u00e9dition du Forum Mali-Japon \u00e0 Bamako.<\/p>\n\n\n\n<p style=\"font-size:18px\">Les \u00e9changes ont fait ressortir trois secteurs cl\u00e9s d&rsquo;int\u00e9r\u00eat commun : l&rsquo;agriculture, l&rsquo;\u00e9nergie et l&rsquo;\u00e9ducation, domaines porteurs o\u00f9 le Japon dispose d&rsquo;une expertise reconnue et o\u00f9 le Mali offre un potentiel consid\u00e9rable. La rencontre s&rsquo;est cl\u00f4tur\u00e9e dans une atmosph\u00e8re de satisfaction et de confiance pour b\u00e2tir une coop\u00e9ration \u00e9conomique solide et durable entre le Mali et le Japon.<\/p>\n\n\n\n<p style=\"font-size:18px\">Notons que le Business Forum Mali-Japon s&rsquo;est tenu \u00e0 Osaka en marge de l&rsquo;Expo universelle Osaka-2025. Cette rencontre visait \u00e0 renforcer les liens \u00e9conomiques entre les deux pays, \u00e0 promouvoir les opportunit\u00e9s d&rsquo;investissement au Mali, pr\u00e9senter les orientations \u00e9conomiques du gouvernement malien et favoriser des rencontres B2B et B2G.<br>Des projets concrets comme la construction d&rsquo;une usine de sucre et d&rsquo;une cha\u00eene de fabrication de tenues militaires ont \u00e9t\u00e9 discut\u00e9s, ouvrant la voie \u00e0 des partenariats et des contrats mutuellement b\u00e9n\u00e9fiques.<br>La prochaine rencontre du Business Forum Mali-Japon est pr\u00e9vue en juillet 2026 \u00e0 Bamako, selon le ministre Moussa Alassane Diallo.<\/p>\n\n\n\n<p style=\"font-size:18px\">Cette visite de prospection prouve \u00e0 suffisance l&rsquo;int\u00e9r\u00eat croissant des op\u00e9rateurs \u00e9conomiques japonais \u00e0 l&rsquo;\u00e9gard de notre pays et qui ont \u00e9t\u00e9 s\u00e9duits non seulement par le climat des affaires avec les diff\u00e9rentes opportunit\u00e9s d&rsquo;investissements mais aussi par les propos rassurants du Premier ministre Abdoulaye Ma\u00efga quant \u00e0 la fiabilit\u00e9 de la destination Mali dans le domaine des affaires.<\/p>\n","protected":false},"excerpt":{"rendered":"<p>Le ministre Moussa Alassane annonce le 2\u00e8 Forum Mali-Japon en juillet 2026 \u00e0 Bamako Dans le prolongement du Business Forum Mali-Japon tenu \u00e0 Osaka en ao\u00fbt 2025, le ministre de&hellip;<\/p>\n","protected":false},"author":1,"featured_media":23270,"comment_status":"open","ping_status":"open","sticky":false,"template":"","format":"standard","meta":{"content-type":"","_lmt_disableupdate":"","_lmt_disable":"","_jetpack_memberships_contains_paid_content":false,"footnotes":"","jetpack_publicize_message":"","jetpack_publicize_feature_enabled":true,"jetpack_social_post_already_shared":true,"jetpack_social_options":{"image_generator_settings":{"template":"highway","default_image_id":0,"font":"","enabled":false},"version":2}},"categories":[19,30],"tags":[],"class_list":["post-23269","post","type-post","status-publish","format-standard","has-post-thumbnail","hentry","category-aujourdhui-mali","category-economie"],"jetpack_publicize_connections":[],"featured_image_urls":{"full":["https:\/\/nandi.info\/wp-content\/uploads\/2025\/10\/Retombees-du-business-forum-Mali-Japon-Des-investisseurs-japonais-en-mission-de-prospection-a-BamakoLe-ministre-Moussa-Alassane-annonce-le-2e-Forum-Mali-Japon-en-juil.jpg",870,443,false],"thumbnail":["https:\/\/nandi.info\/wp-content\/uploads\/2025\/10\/Retombees-du-business-forum-Mali-Japon-Des-investisseurs-japonais-en-mission-de-prospection-a-BamakoLe-ministre-Moussa-Alassane-annonce-le-2e-Forum-Mali-Japon-en-juil-150x150.jpg",150,150,true],"medium":["https:\/\/nandi.info\/wp-content\/uploads\/2025\/10\/Retombees-du-business-forum-Mali-Japon-Des-investisseurs-japonais-en-mission-de-prospection-a-BamakoLe-ministre-Moussa-Alassane-annonce-le-2e-Forum-Mali-Japon-en-juil-300x153.jpg",300,153,true],"medium_large":["https:\/\/nandi.info\/wp-content\/uploads\/2025\/10\/Retombees-du-business-forum-Mali-Japon-Des-investisseurs-japonais-en-mission-de-prospection-a-BamakoLe-ministre-Moussa-Alassane-annonce-le-2e-Forum-Mali-Japon-en-juil-768x391.jpg",768,391,true],"large":["https:\/\/nandi.info\/wp-content\/uploads\/2025\/10\/Retombees-du-business-forum-Mali-Japon-Des-investisseurs-japonais-en-mission-de-prospection-a-BamakoLe-ministre-Moussa-Alassane-annonce-le-2e-Forum-Mali-Japon-en-juil.jpg",870,443,false],"1536x1536":["https:\/\/nandi.info\/wp-content\/uploads\/2025\/10\/Retombees-du-business-forum-Mali-Japon-Des-investisseurs-japonais-en-mission-de-prospection-a-BamakoLe-ministre-Moussa-Alassane-annonce-le-2e-Forum-Mali-Japon-en-juil.jpg",870,443,false],"2048x2048":["https:\/\/nandi.info\/wp-content\/uploads\/2025\/10\/Retombees-du-business-forum-Mali-Japon-Des-investisseurs-japonais-en-mission-de-prospection-a-BamakoLe-ministre-Moussa-Alassane-annonce-le-2e-Forum-Mali-Japon-en-juil.jpg",870,443,false],"penci-recipe-1200x1200":["https:\/\/nandi.info\/wp-content\/uploads\/2025\/10\/Retombees-du-business-forum-Mali-Japon-Des-investisseurs-japonais-en-mission-de-prospection-a-BamakoLe-ministre-Moussa-Alassane-annonce-le-2e-Forum-Mali-Japon-en-juil.jpg",870,443,false],"penci-recipe-1200x900":["https:\/\/nandi.info\/wp-content\/uploads\/2025\/10\/Retombees-du-business-forum-Mali-Japon-Des-investisseurs-japonais-en-mission-de-prospection-a-BamakoLe-ministre-Moussa-Alassane-annonce-le-2e-Forum-Mali-Japon-en-juil.jpg",870,443,false],"penci-recipe-1200x675":["https:\/\/nandi.info\/wp-content\/uploads\/2025\/10\/Retombees-du-business-forum-Mali-Japon-Des-investisseurs-japonais-en-mission-de-prospection-a-BamakoLe-ministre-Moussa-Alassane-annonce-le-2e-Forum-Mali-Japon-en-juil.jpg",870,443,false],"penci-single-full":["https:\/\/nandi.info\/wp-content\/uploads\/2025\/10\/Retombees-du-business-forum-Mali-Japon-Des-investisseurs-japonais-en-mission-de-prospection-a-BamakoLe-ministre-Moussa-Alassane-annonce-le-2e-Forum-Mali-Japon-en-juil.jpg",870,443,false],"penci-slider-full-thumb":["https:\/\/nandi.info\/wp-content\/uploads\/2025\/10\/Retombees-du-business-forum-Mali-Japon-Des-investisseurs-japonais-en-mission-de-prospection-a-BamakoLe-ministre-Moussa-Alassane-annonce-le-2e-Forum-Mali-Japon-en-juil.jpg",870,443,false],"penci-full-thumb":["https:\/\/nandi.info\/wp-content\/uploads\/2025\/10\/Retombees-du-business-forum-Mali-Japon-Des-investisseurs-japonais-en-mission-de-prospection-a-BamakoLe-ministre-Moussa-Alassane-annonce-le-2e-Forum-Mali-Japon-en-juil.jpg",870,443,false],"penci-slider-thumb":["https:\/\/nandi.info\/wp-content\/uploads\/2025\/10\/Retombees-du-business-forum-Mali-Japon-Des-investisseurs-japonais-en-mission-de-prospection-a-BamakoLe-ministre-Moussa-Alassane-annonce-le-2e-Forum-Mali-Japon-en-juil.jpg",870,443,false],"penci-magazine-slider":["https:\/\/nandi.info\/wp-content\/uploads\/2025\/10\/Retombees-du-business-forum-Mali-Japon-Des-investisseurs-japonais-en-mission-de-prospection-a-BamakoLe-ministre-Moussa-Alassane-annonce-le-2e-Forum-Mali-Japon-en-juil-780x443.jpg",780,443,true],"penci-thumb":["https:\/\/nandi.info\/wp-content\/uploads\/2025\/10\/Retombees-du-business-forum-Mali-Japon-Des-investisseurs-japonais-en-mission-de-prospection-a-BamakoLe-ministre-Moussa-Alassane-annonce-le-2e-Forum-Mali-Japon-en-juil-585x390.jpg",585,390,true],"penci-masonry-thumb":["https:\/\/nandi.info\/wp-content\/uploads\/2025\/10\/Retombees-du-business-forum-Mali-Japon-Des-investisseurs-japonais-en-mission-de-prospection-a-BamakoLe-ministre-Moussa-Alassane-annonce-le-2e-Forum-Mali-Japon-en-juil-585x298.jpg",585,298,true],"penci-thumb-square":["https:\/\/nandi.info\/wp-content\/uploads\/2025\/10\/Retombees-du-business-forum-Mali-Japon-Des-investisseurs-japonais-en-mission-de-prospection-a-BamakoLe-ministre-Moussa-Alassane-annonce-le-2e-Forum-Mali-Japon-en-juil-585x443.jpg",585,443,true],"penci-thumb-vertical":["https:\/\/nandi.info\/wp-content\/uploads\/2025\/10\/Retombees-du-business-forum-Mali-Japon-Des-investisseurs-japonais-en-mission-de-prospection-a-BamakoLe-ministre-Moussa-Alassane-annonce-le-2e-Forum-Mali-Japon-en-juil-480x443.jpg",480,443,true],"penci-thumb-small":["https:\/\/nandi.info\/wp-content\/uploads\/2025\/10\/Retombees-du-business-forum-Mali-Japon-Des-investisseurs-japonais-en-mission-de-prospection-a-BamakoLe-ministre-Moussa-Alassane-annonce-le-2e-Forum-Mali-Japon-en-juil-263x175.jpg",263,175,true]},"author_info":{"display_name":"Nandi","author_link":"https:\/\/nandi.info\/?author=1"},"category_info":"<a href=\"https:\/\/nandi.info\/?cat=19\" rel=\"category\">Aujourd\u2019hui Mali<\/a> <a href=\"https:\/\/nandi.info\/?cat=30\" rel=\"category\">Economie<\/a>","tag_info":"Economie","comment_count":"0","jetpack_featured_media_url":"https:\/\/nandi.info\/wp-content\/uploads\/2025\/10\/Retombees-du-business-forum-Mali-Japon-Des-investisseurs-japonais-en-mission-de-prospection-a-BamakoLe-ministre-Moussa-Alassane-annonce-le-2e-Forum-Mali-Japon-en-juil.jpg","jetpack_sharing_enabled":true,"_links":{"self":[{"href":"https:\/\/nandi.info\/index.php?rest_route=\/wp\/v2\/posts\/23269","targetHints":{"allow":["GET"]}}],"collection":[{"href":"https:\/\/nandi.info\/index.php?rest_route=\/wp\/v2\/posts"}],"about":[{"href":"https:\/\/nandi.info\/index.php?rest_route=\/wp\/v2\/types\/post"}],"author":[{"embeddable":true,"href":"https:\/\/nandi.info\/index.php?rest_route=\/wp\/v2\/users\/1"}],"replies":[{"embeddable":true,"href":"https:\/\/nandi.info\/index.php?rest_route=%2Fwp%2Fv2%2Fcomments&post=23269"}],"version-history":[{"count":2,"href":"https:\/\/nandi.info\/index.php?rest_route=\/wp\/v2\/posts\/23269\/revisions"}],"predecessor-version":[{"id":23272,"href":"https:\/\/nandi.info\/index.php?rest_route=\/wp\/v2\/posts\/23269\/revisions\/23272"}],"wp:featuredmedia":[{"embeddable":true,"href":"https:\/\/nandi.info\/index.php?rest_route=\/wp\/v2\/media\/23270"}],"wp:attachment":[{"href":"https:\/\/nandi.info\/index.php?rest_route=%2Fwp%2Fv2%2Fmedia&parent=23269"}],"wp:term":[{"taxonomy":"category","embeddable":true,"href":"https:\/\/nandi.info\/index.php?rest_route=%2Fwp%2Fv2%2Fcategories&post=23269"},{"taxonomy":"post_tag","embeddable":true,"href":"https:\/\/nandi.info\/index.php?rest_route=%2Fwp%2Fv2%2Ftags&post=23269"}],"curies":[{"name":"wp","href":"https:\/\/api.w.org\/{rel}","templated":true}]}}