{"id":23251,"date":"2025-10-01T17:30:59","date_gmt":"2025-10-01T15:30:59","guid":{"rendered":"https:\/\/nandi.info\/?p=23251"},"modified":"2025-10-01T17:31:02","modified_gmt":"2025-10-01T15:31:02","slug":"le-general-de-division-abdoulaye-maiga-de-retour-a-bamako-apres-la-80eme-session-de-lassemblee-generale-de-lonu","status":"publish","type":"post","link":"https:\/\/nandi.info\/?p=23251","title":{"rendered":"Le G\u00e9n\u00e9ral de Division Abdoulaye Ma\u00efga de retour \u00e0 Bamako apr\u00e8s la 80\u00e8me session de l\u2019Assembl\u00e9e g\u00e9n\u00e9rale de l\u2019ONU"},"content":{"rendered":"\n<figure class=\"wp-block-image size-large\"><img fetchpriority=\"high\" decoding=\"async\" width=\"1024\" height=\"682\" src=\"https:\/\/nandi.info\/wp-content\/uploads\/2025\/10\/abdoulaye-Maiga-1-1024x682.jpg\" alt=\"\" class=\"wp-image-23253\" srcset=\"https:\/\/nandi.info\/wp-content\/uploads\/2025\/10\/abdoulaye-Maiga-1-1024x682.jpg 1024w, https:\/\/nandi.info\/wp-content\/uploads\/2025\/10\/abdoulaye-Maiga-1-300x200.jpg 300w, https:\/\/nandi.info\/wp-content\/uploads\/2025\/10\/abdoulaye-Maiga-1-768x512.jpg 768w, https:\/\/nandi.info\/wp-content\/uploads\/2025\/10\/abdoulaye-Maiga-1-1536x1023.jpg 1536w, https:\/\/nandi.info\/wp-content\/uploads\/2025\/10\/abdoulaye-Maiga-1-1920x1279.jpg 1920w, https:\/\/nandi.info\/wp-content\/uploads\/2025\/10\/abdoulaye-Maiga-1-1170x779.jpg 1170w, https:\/\/nandi.info\/wp-content\/uploads\/2025\/10\/abdoulaye-Maiga-1-585x390.jpg 585w, https:\/\/nandi.info\/wp-content\/uploads\/2025\/10\/abdoulaye-Maiga-1-263x175.jpg 263w, https:\/\/nandi.info\/wp-content\/uploads\/2025\/10\/abdoulaye-Maiga-1.jpg 2048w\" sizes=\"(max-width: 1024px) 100vw, 1024px\" \/><\/figure>\n\n\n\n<p style=\"font-size:18px\"><strong>Le premier ministre, ministre de l\u2019Administration Territoriale et de la D\u00e9centralisation, le G\u00e9n\u00e9ral de Division Abdoulaye Ma\u00efga, est rentr\u00e9 \u00e0 Bamako ce mardi 30 septembre, en provenance de New York.<\/strong><\/p>\n\n\n\n<p class=\"has-drop-cap\" style=\"font-size:18px\">Il y a repr\u00e9sent\u00e9 la Conf\u00e9d\u00e9ration des \u00c9tats du Sahel (AES) \u00e0 l\u2019occasion de la 80<sup>\u00e8me<\/sup> session de l\u2019Assembl\u00e9e g\u00e9n\u00e9rale des Nations Unies. \u00c0 la tribune onusienne, le G\u00e9n\u00e9ral Ma\u00efga a port\u00e9 la voix de l\u2019AES, exprimant les positions communes et les priorit\u00e9s des \u00c9tats membres.<\/p>\n\n\n\n<figure class=\"wp-block-image size-large\"><img decoding=\"async\" width=\"1024\" height=\"682\" src=\"https:\/\/nandi.info\/wp-content\/uploads\/2025\/10\/abdoulaye-Maiga-2-1024x682.jpg\" alt=\"\" class=\"wp-image-23254\" srcset=\"https:\/\/nandi.info\/wp-content\/uploads\/2025\/10\/abdoulaye-Maiga-2-1024x682.jpg 1024w, https:\/\/nandi.info\/wp-content\/uploads\/2025\/10\/abdoulaye-Maiga-2-300x200.jpg 300w, https:\/\/nandi.info\/wp-content\/uploads\/2025\/10\/abdoulaye-Maiga-2-768x512.jpg 768w, https:\/\/nandi.info\/wp-content\/uploads\/2025\/10\/abdoulaye-Maiga-2-1536x1023.jpg 1536w, https:\/\/nandi.info\/wp-content\/uploads\/2025\/10\/abdoulaye-Maiga-2-1920x1279.jpg 1920w, https:\/\/nandi.info\/wp-content\/uploads\/2025\/10\/abdoulaye-Maiga-2-1170x779.jpg 1170w, https:\/\/nandi.info\/wp-content\/uploads\/2025\/10\/abdoulaye-Maiga-2-585x390.jpg 585w, https:\/\/nandi.info\/wp-content\/uploads\/2025\/10\/abdoulaye-Maiga-2-263x175.jpg 263w, https:\/\/nandi.info\/wp-content\/uploads\/2025\/10\/abdoulaye-Maiga-2.jpg 2048w\" sizes=\"(max-width: 1024px) 100vw, 1024px\" \/><\/figure>\n\n\n\n<p style=\"font-size:18px\"><strong><a href=\"https:\/\/www.facebook.com\/profile.php?id=100069237008628\" data-type=\"link\" data-id=\"https:\/\/www.facebook.com\/profile.php?id=100069237008628\">\u00c0 son arriv\u00e9e \u00e0 Bamako, il a \u00e9t\u00e9 accueilli par une foule nombreuse, avec une forte mobilisation de la jeunesse, en signe de soutien et de reconnaissance pour la teneur de son discours \u00e0 l\u2019ONU&#8230;..\u00e0 lire la suite sur&#8230;&#8230;&#8230;&#8230;&#8230;&#8230;&#8230;&#8230;&#8230;&#8230;&#8230;&#8230;&#8230;&#8230;&#8230;&#8230;&#8230;&#8230;&#8230;&#8230;&#8230;&#8230;&#8230;&#8230;&#8230;&#8230;&#8230;&#8230;&#8230;&#8230;&#8230;&#8230;&#8230;&#8230;&#8230;&#8230;&#8230;&#8230;&#8230;&#8230;&#8230;..<\/a><\/strong><\/p>\n\n\n\n<p style=\"font-size:18px\"><strong>Youma A Ciss\u00e9<\/strong><\/p>\n\n\n\n<p><\/p>\n","protected":false},"excerpt":{"rendered":"<p>Le premier ministre, ministre de l\u2019Administration Territoriale et de la D\u00e9centralisation, le G\u00e9n\u00e9ral de Division Abdoulaye Ma\u00efga, est rentr\u00e9 \u00e0 Bamako ce mardi 30 septembre, en provenance de New York.&hellip;<\/p>\n","protected":false},"author":1,"featured_media":23252,"comment_status":"open","ping_status":"open","sticky":false,"template":"","format":"standard","meta":{"content-type":"","_lmt_disableupdate":"","_lmt_disable":"","_jetpack_memberships_contains_paid_content":false,"footnotes":"","jetpack_publicize_message":"","jetpack_publicize_feature_enabled":true,"jetpack_social_post_already_shared":true,"jetpack_social_options":{"image_generator_settings":{"template":"highway","default_image_id":0,"font":"","enabled":false},"version":2}},"categories":[43,23],"tags":[],"class_list":["post-23251","post","type-post","status-publish","format-standard","has-post-thumbnail","hentry","category-nandi-info","category-politique"],"jetpack_publicize_connections":[],"featured_image_urls":{"full":["https:\/\/nandi.info\/wp-content\/uploads\/2025\/10\/abdoulaye-Maiga-4.jpg",2048,1364,false],"thumbnail":["https:\/\/nandi.info\/wp-content\/uploads\/2025\/10\/abdoulaye-Maiga-4-150x150.jpg",150,150,true],"medium":["https:\/\/nandi.info\/wp-content\/uploads\/2025\/10\/abdoulaye-Maiga-4-300x200.jpg",300,200,true],"medium_large":["https:\/\/nandi.info\/wp-content\/uploads\/2025\/10\/abdoulaye-Maiga-4-768x512.jpg",768,512,true],"large":["https:\/\/nandi.info\/wp-content\/uploads\/2025\/10\/abdoulaye-Maiga-4-1024x682.jpg",1024,682,true],"1536x1536":["https:\/\/nandi.info\/wp-content\/uploads\/2025\/10\/abdoulaye-Maiga-4-1536x1023.jpg",1536,1023,true],"2048x2048":["https:\/\/nandi.info\/wp-content\/uploads\/2025\/10\/abdoulaye-Maiga-4.jpg",2048,1364,false],"penci-recipe-1200x1200":["https:\/\/nandi.info\/wp-content\/uploads\/2025\/10\/abdoulaye-Maiga-4-1200x1200.jpg",1200,1200,true],"penci-recipe-1200x900":["https:\/\/nandi.info\/wp-content\/uploads\/2025\/10\/abdoulaye-Maiga-4-1200x900.jpg",1200,900,true],"penci-recipe-1200x675":["https:\/\/nandi.info\/wp-content\/uploads\/2025\/10\/abdoulaye-Maiga-4-1200x675.jpg",1200,675,true],"penci-single-full":["https:\/\/nandi.info\/wp-content\/uploads\/2025\/10\/abdoulaye-Maiga-4-1920x1279.jpg",1920,1279,true],"penci-slider-full-thumb":["https:\/\/nandi.info\/wp-content\/uploads\/2025\/10\/abdoulaye-Maiga-4-1920x800.jpg",1920,800,true],"penci-full-thumb":["https:\/\/nandi.info\/wp-content\/uploads\/2025\/10\/abdoulaye-Maiga-4-1170x779.jpg",1170,779,true],"penci-slider-thumb":["https:\/\/nandi.info\/wp-content\/uploads\/2025\/10\/abdoulaye-Maiga-4-1170x663.jpg",1170,663,true],"penci-magazine-slider":["https:\/\/nandi.info\/wp-content\/uploads\/2025\/10\/abdoulaye-Maiga-4-780x516.jpg",780,516,true],"penci-thumb":["https:\/\/nandi.info\/wp-content\/uploads\/2025\/10\/abdoulaye-Maiga-4-585x390.jpg",585,390,true],"penci-masonry-thumb":["https:\/\/nandi.info\/wp-content\/uploads\/2025\/10\/abdoulaye-Maiga-4-585x390.jpg",585,390,true],"penci-thumb-square":["https:\/\/nandi.info\/wp-content\/uploads\/2025\/10\/abdoulaye-Maiga-4-585x585.jpg",585,585,true],"penci-thumb-vertical":["https:\/\/nandi.info\/wp-content\/uploads\/2025\/10\/abdoulaye-Maiga-4-480x650.jpg",480,650,true],"penci-thumb-small":["https:\/\/nandi.info\/wp-content\/uploads\/2025\/10\/abdoulaye-Maiga-4-263x175.jpg",263,175,true]},"author_info":{"display_name":"Nandi","author_link":"https:\/\/nandi.info\/?author=1"},"category_info":"<a href=\"https:\/\/nandi.info\/?cat=43\" rel=\"category\">Nandi.info<\/a> <a href=\"https:\/\/nandi.info\/?cat=23\" rel=\"category\">Politique<\/a>","tag_info":"Politique","comment_count":"0","jetpack_featured_media_url":"https:\/\/nandi.info\/wp-content\/uploads\/2025\/10\/abdoulaye-Maiga-4.jpg","jetpack_sharing_enabled":true,"_links":{"self":[{"href":"https:\/\/nandi.info\/index.php?rest_route=\/wp\/v2\/posts\/23251","targetHints":{"allow":["GET"]}}],"collection":[{"href":"https:\/\/nandi.info\/index.php?rest_route=\/wp\/v2\/posts"}],"about":[{"href":"https:\/\/nandi.info\/index.php?rest_route=\/wp\/v2\/types\/post"}],"author":[{"embeddable":true,"href":"https:\/\/nandi.info\/index.php?rest_route=\/wp\/v2\/users\/1"}],"replies":[{"embeddable":true,"href":"https:\/\/nandi.info\/index.php?rest_route=%2Fwp%2Fv2%2Fcomments&post=23251"}],"version-history":[{"count":1,"href":"https:\/\/nandi.info\/index.php?rest_route=\/wp\/v2\/posts\/23251\/revisions"}],"predecessor-version":[{"id":23255,"href":"https:\/\/nandi.info\/index.php?rest_route=\/wp\/v2\/posts\/23251\/revisions\/23255"}],"wp:featuredmedia":[{"embeddable":true,"href":"https:\/\/nandi.info\/index.php?rest_route=\/wp\/v2\/media\/23252"}],"wp:attachment":[{"href":"https:\/\/nandi.info\/index.php?rest_route=%2Fwp%2Fv2%2Fmedia&parent=23251"}],"wp:term":[{"taxonomy":"category","embeddable":true,"href":"https:\/\/nandi.info\/index.php?rest_route=%2Fwp%2Fv2%2Fcategories&post=23251"},{"taxonomy":"post_tag","embeddable":true,"href":"https:\/\/nandi.info\/index.php?rest_route=%2Fwp%2Fv2%2Ftags&post=23251"}],"curies":[{"name":"wp","href":"https:\/\/api.w.org\/{rel}","templated":true}]}}