{"id":23234,"date":"2025-09-29T17:05:05","date_gmt":"2025-09-29T15:05:05","guid":{"rendered":"https:\/\/nandi.info\/?p=23234"},"modified":"2025-09-30T02:01:06","modified_gmt":"2025-09-30T00:01:06","slug":"80eme-session-de-lonu-la-confederation-de-laes-affirme-sa-position-sur-la-scene-internationale","status":"publish","type":"post","link":"https:\/\/nandi.info\/?p=23234","title":{"rendered":"80\u00e8me session de l\u2019ONU : La Conf\u00e9d\u00e9ration de l\u2019AES affirme sa position sur la sc\u00e8ne internationale"},"content":{"rendered":"\n<h2 class=\"wp-block-heading has-text-align-center\">\u00ab\u00a0Armer le mal, d\u00e9tourner le regard, oublier la justice : l\u2019Histoire jugera\u00a0\u00bb<\/h2>\n\n\n\n<figure class=\"wp-block-image size-full\"><img fetchpriority=\"high\" decoding=\"async\" width=\"870\" height=\"580\" src=\"https:\/\/nandi.info\/wp-content\/uploads\/2025\/09\/Abdoulaye-Maiga.jpg\" alt=\"\" class=\"wp-image-23235\" srcset=\"https:\/\/nandi.info\/wp-content\/uploads\/2025\/09\/Abdoulaye-Maiga.jpg 870w, https:\/\/nandi.info\/wp-content\/uploads\/2025\/09\/Abdoulaye-Maiga-300x200.jpg 300w, https:\/\/nandi.info\/wp-content\/uploads\/2025\/09\/Abdoulaye-Maiga-768x512.jpg 768w, https:\/\/nandi.info\/wp-content\/uploads\/2025\/09\/Abdoulaye-Maiga-585x390.jpg 585w, https:\/\/nandi.info\/wp-content\/uploads\/2025\/09\/Abdoulaye-Maiga-263x175.jpg 263w\" sizes=\"(max-width: 870px) 100vw, 870px\" \/><\/figure>\n\n\n\n<p style=\"font-size:18px\"><strong>Ce vendredi 26 septembre 2025 \u00e0 New York, \u00e0 l\u2019occasion de la 80<sup>\u00e8me<\/sup> session de l\u2019Assembl\u00e9e g\u00e9n\u00e9rale des Nations Unies, le premier ministre, G\u00e9n\u00e9ral de Division Abdoulaye Ma\u00efga, a repr\u00e9sent\u00e9 la Conf\u00e9d\u00e9ration des \u00c9tats du Sahel (AES), regroupant le Mali, le Burkina Faso et le Niger. Dans son allocution \u00e0 la tribune des Nations Unies, il a salu\u00e9 la vision des fondateurs de l\u2019AES tout en rappelant que les pays membres de cette alliance restent profond\u00e9ment attach\u00e9s \u00e0 un ordre international bas\u00e9 sur le droit, la souverainet\u00e9 des \u00c9tats et la coop\u00e9ration \u00e9quitable, et non sur la force ou l\u2019ing\u00e9rence. Sur le plan national, le premier ministre Abdoulaye Ma\u00efga, a mis en avant l\u2019adoption r\u00e9cente de la charte pour la paix et la r\u00e9conciliation nationale, issue du Dialogue Inter-Maliens. Cette charte incarne notre d\u00e9termination \u00e0 renforcer l\u2019appropriation nationale du processus de paix au Mali qui s\u2019appuie sur les r\u00e9alit\u00e9s, les valeurs traditionnelles et les m\u00e9canismes endog\u00e8nes de r\u00e8glement des diff\u00e9rends, afin de se tourner r\u00e9solument vers un avenir partag\u00e9 et prometteur. Le Premier ministre a r\u00e9affirm\u00e9 l&rsquo;engagement de la Conf\u00e9d\u00e9ration AES \u00e0 travailler avec tous les partenaires r\u00e9gionaux et internationaux, \u00e0 condition que ceux-ci respectent la souverainet\u00e9 des \u00c9tats membres, leurs choix politiques, et leurs priorit\u00e9s en mati\u00e8re de s\u00e9curit\u00e9, de d\u00e9veloppement \u00e9conomique et social. En marge de son allocution, le repr\u00e9sentant de l\u2019AES a \u00e9galement abord\u00e9 les tensions r\u00e9centes entre le Mali et l\u2019Alg\u00e9rie. Il a condamn\u00e9 l\u2019abattage d\u2019un drone malien par l\u2019arm\u00e9e alg\u00e9rienne, qualifiant l\u2019acte de provocation injustifi\u00e9e. Il a appel\u00e9 les autorit\u00e9s alg\u00e9riennes \u00e0 cesser tout soutien pr\u00e9sum\u00e9 aux groupes terroristes et \u00e0 s\u2019engager de mani\u00e8re constructive dans la promotion de la paix et de la s\u00e9curit\u00e9 r\u00e9gionales, dans le respect des principes de souverainet\u00e9 et de non-ing\u00e9rence.<\/strong><\/p>\n\n\n\n<p class=\"has-drop-cap\" style=\"font-size:18px\"><strong>Allocution du <\/strong><strong>premier ministre, le G\u00e9n\u00e9ral de Division Abdoulaye Ma\u00efga, \u00e0 la 80<sup>\u00e8me<\/sup> session de l\u2019Assembl\u00e9e g\u00e9n\u00e9rale des Nations Unies<\/strong><\/p>\n\n\n\n<p style=\"font-size:18px\">\u2022 &nbsp; &nbsp;<strong>Madame la Pr\u00e9sidente de l\u2019Assembl\u00e9e g\u00e9n\u00e9rale,<br>\u2022 &nbsp; &nbsp;Mesdames, Messieurs les Chefs d\u2019Etat et de Gouvernement,<br>\u2022 &nbsp; &nbsp;Monsieur le Secr\u00e9taire g\u00e9n\u00e9ral de l\u2019Organisation des Nations Unies,<br>\u2022 &nbsp; &nbsp;Mesdames, Messieurs,<\/strong><\/p>\n\n\n\n<p style=\"font-size:18px\">A l\u2019entame de mes propos, j\u2019ai l\u2019honneur de vous adresser les salutations cordiales et de vous transmettre les messages des P\u00e8res fondateurs de la Conf\u00e9d\u00e9ration des Etats du Sahel (AES) leurs Excellences le G\u00e9n\u00e9ral d\u2019Arm\u00e9e Assimi GOITA, Pr\u00e9sident de la Transition, Chef de l\u2019Etat de la R\u00e9publique du Mali, Pr\u00e9sident de la Conf\u00e9d\u00e9ration des Etats du Sahel (AES), le Capitaine Ibrahim TRAORE, Pr\u00e9sident du Faso, Chef de l\u2019Etat, et le G\u00e9n\u00e9ral d\u2019Arm\u00e9e Abdourahamane TIANI, Pr\u00e9sident de la R\u00e9publique du Niger, Chef de l\u2019Etat. Je vous prie de recevoir \u00e9galement les salutations chaleureuses du peuple digne de l\u2019AES, plus que jamais d\u00e9termin\u00e9 \u00e0 se lib\u00e9rer du joug de l\u2019imp\u00e9rialisme et \u00e0 r\u00e9aliser son auto-d\u00e9termination dans un esprit panafricaniste.<\/p>\n\n\n\n<p style=\"font-size:18px\">En vous adressant les v\u0153ux de succ\u00e8s de la Conf\u00e9d\u00e9ration des Etats du Sahel pour votre \u00e9lection \u00e0 la pr\u00e9sidence de cette 80\u00e8me session de l\u2019Assembl\u00e9e G\u00e9n\u00e9rale, Madame la Pr\u00e9sidente, je f\u00e9licite, en m\u00eame temps, votre pr\u00e9d\u00e9cesseur, Son Excellence Monsieur Phil\u00e9mon Yang, de la R\u00e9publique du Cameroun, pour son leadership exemplaire durant les travaux de la 79\u00e8me session.<\/p>\n\n\n\n<p style=\"font-size:18px\">Qu\u2019il me soit enfin permis de r\u00e9it\u00e9rer au Secr\u00e9taire g\u00e9n\u00e9ral, Monsieur Ant\u00f3nio GUTERRES, notre appr\u00e9ciation des efforts qu\u2019il continue de d\u00e9ployer pour la r\u00e9alisation des nobles objectifs de notre Organisation commune.<\/p>\n\n\n\n<p style=\"font-size:18px\">\u2022 &nbsp; &nbsp;<strong>Mesdames et Messieurs,<\/strong><\/p>\n\n\n\n<p style=\"font-size:18px\">Le th\u00e8me de cette 80\u00e8me session de l\u2019Assembl\u00e9e g\u00e9n\u00e9rale, \u00e0 savoir \u00ab Mieux ensemble : plus de 80 ans au service de la paix, du d\u00e9veloppement et des droits humains \u00bb est d\u2019une importance toute particuli\u00e8re pour les Etats membres de la Conf\u00e9d\u00e9ration AES.<br>&nbsp;<br>Oui, la paix, l\u2019entraide, le d\u00e9veloppement et la pr\u00e9servation des droits humains demeurent les principaux objectifs, voire la raison d\u2019\u00eatre des Nations Unies. H\u00e9las, ces objectifs essentiels n\u2019ont jamais \u00e9t\u00e9 autant \u00e9branl\u00e9s dans le monde et au Sahel pr\u00e9cis\u00e9ment, du fait essentiellement des groupes arm\u00e9s obscurantistes instrumentalis\u00e9s et soutenus par des sponsors \u00e9tatiques \u00e9trangers.<\/p>\n\n\n\n<p style=\"font-size:18px\">Les Etats membres de la Conf\u00e9d\u00e9ration des Etats du Sahel sont \u00e0 l\u2019avant-garde de la lutte contre le terrorisme, qui constitue \u00e0 la fois une menace r\u00e9elle \u00e0 la paix et \u00e0 la s\u00e9curit\u00e9 internationales, mais aussi et surtout une atteinte grave aux fondements m\u00eames de nos Etats.<\/p>\n\n\n\n<p style=\"font-size:18px\">Sous l\u2019impulsion de nos Chefs d\u2019Etat, les Forces de D\u00e9fense et de S\u00e9curit\u00e9 des trois pays de la Conf\u00e9d\u00e9ration AES travaillent \u00e9troitement, dans un \u00e9lan de collaboration et de compl\u00e9mentarit\u00e9 sans pr\u00e9c\u00e9dent, et sont port\u00e9es par un engagement commun et une mutualisation des efforts, pour endiguer le fl\u00e9au du terrorisme. Cette nouvelle dynamique, articul\u00e9e autour du renforcement des capacit\u00e9s op\u00e9rationnelles de nos Forces de D\u00e9fense et de S\u00e9curit\u00e9, \u00e0 travers un recrutement massif, une formation ad\u00e9quate et la fourniture d\u2019\u00e9quipements appropri\u00e9s, produit chaque jour des r\u00e9sultats encourageants sur le terrain confirmant ainsi, toute la pertinence de notre d\u00e9cision souveraine de nous mettre ensemble pour combattre nos ennemis communs.<\/p>\n\n\n\n<p style=\"font-size:18px\">A la diff\u00e9rence de certains Etats qui ont ouvert des couloirs de passage sur leur territoire aux terroristes, en vue d\u2019attaquer d\u2019autres pays, ou d\u2019offrir leur territoire comme base arri\u00e8re, les p\u00e8res fondateurs de l\u2019AES, par engagement panafricaniste, et dans le soucis de pr\u00e9server les int\u00e9r\u00eats de leurs populations, ont d\u00e9cid\u00e9 de s\u00e9curiser leur pays tout en \u00e9vitant une propagation de la menace vers d\u2019autres r\u00e9gions africaines, voire dans le monde, effectuant ainsi un v\u00e9ritable travail de s\u00e9curit\u00e9 publique r\u00e9gionale et mondiale. Il ne fait l\u2019ombre d\u2019aucun doute que par leur sacrifice, les vaillantes Forces de D\u00e9fense et de S\u00e9curit\u00e9 de l\u2019AES contribuent \u00e0 la s\u00e9curit\u00e9 d\u2019autres r\u00e9gions, notamment les pays situ\u00e9s sur la c\u00f4te ouest-africaine. Nous saisissons cette opportunit\u00e9 pour nous incliner devant la m\u00e9moire des victimes civiles et militaires de l\u2019ins\u00e9curit\u00e9 dans le Sahel.<br>&nbsp;<br>L\u2019approche souverainiste mise en \u0153uvre s\u2019inscrit dans le cadre de la vision port\u00e9e par les Chefs d\u2019Etat de l\u2019AES d\u00e9di\u00e9e \u00e0 la s\u00e9curit\u00e9 de nos Etats, suite au retrait des Forces internationales. D\u00e9fiant tous les pronostics et loin de se saborder, nos pays ont fait preuve d\u2019ing\u00e9niosit\u00e9 en se fondant sur le substrat historique, g\u00e9ographique, et la capacit\u00e9 de r\u00e9silience des peuples conf\u00e9d\u00e9r\u00e9s qui, malgr\u00e9 plus d\u2019une d\u00e9cennie de crises s\u00e9curitaire et humanitaire, continuent de d\u00e9montrer une force exceptionnelle d\u2019engagement patriotique. En somme, nos trois pays ont su apporter une r\u00e9ponse coordonn\u00e9e et endog\u00e8ne \u00e0 cette guerre qui nous a \u00e9t\u00e9 impos\u00e9e.<\/p>\n\n\n\n<p style=\"font-size:18px\">C\u2019est le lieu de renouveler ici la d\u00e9termination pleine et enti\u00e8re de la Conf\u00e9d\u00e9ration AES \u00e0 devenir une puissance r\u00e9gionale panafricaniste ; \u00e0 poursuivre et \u00e0 intensifier ses actions, en vue de bouter \u00e0 jamais le terrorisme hors de notre espace commun ; \u00e0 consolider l\u2019autorit\u00e9 de l\u2019Etat ; \u00e0 prot\u00e9ger nos populations et leurs biens, et \u00e0 assurer notre prosp\u00e9rit\u00e9.<\/p>\n\n\n\n<p style=\"font-size:18px\">La Conf\u00e9d\u00e9ration AES r\u00e9it\u00e8re avec force sa ferme condamnation du soutien ouvert et parfois exprim\u00e9 publiquement, de sponsors \u00e9tatiques \u00e9trangers qui, pour des motifs imp\u00e9rialistes, d\u00e9stabilisent notre entit\u00e9 d\u2019une part, en mettant \u00e0 la disposition des groupes terroristes des conseillers, des moyens logistiques, et des armes et munitions, d\u2019autre part en leur accordant un soutien politique et en leur offrant des bases arri\u00e8re situ\u00e9es dans certains pays voisins, en violation de toutes les r\u00e8gles internationales.<\/p>\n\n\n\n<p style=\"font-size:18px\"><strong>\u2022 &nbsp; &nbsp;Mesdames et Messieurs,<\/strong><\/p>\n\n\n\n<p style=\"font-size:18px\">Aussi \u00e9loign\u00e9e qu\u2019il n\u2019y para\u00eet, la guerre en Ukraine et le terrorisme dans le Sahel, ont des connexions.<br>&nbsp;<br>A titre de rappel, apr\u00e8s l\u2019attaque terroriste contre une patrouille des Forces de D\u00e9fense et de S\u00e9curit\u00e9 maliennes, du 24 au 26 juillet 2024 \u00e0 Tinzawat\u00e8ne, dans la r\u00e9gion de Kidal, le Mali avait d\u00e9nonc\u00e9 cet incident dans son allocution de 2024 ici m\u00eame, et condamn\u00e9 l\u2019attitude d\u2019officiels Ukrainiens qui ont publiquement revendiqu\u00e9 leur participation \u00e0 ladite attaque terroriste. De ce comportement atypique, nous avons d\u00e9duit tout simplement que les officiels ukrainiens ont malheureusement confondu la sc\u00e8ne internationale et la sc\u00e8ne de th\u00e9\u00e2tre.<\/p>\n\n\n\n<p style=\"font-size:18px\">Une ann\u00e9e plus tard, la situation s\u2019est accrue et le r\u00e9gime ukrainien est devenu l\u2019un des principaux fournisseurs de drones kamikazes aux groupes terroristes dans le monde.<br>Dans ce contexte, certains Etats occidentaux doivent cesser de fournir des armes \u00e0 l\u2019Ukraine, au risque de contribuer \u00e0 la promotion du terrorisme international. Pour d\u2019autres, dont le r\u00e9gime fran\u00e7ais nostalgique de la colonisation et pr\u00e9occup\u00e9 par sa perte d\u2019influence dans le Sahel, l\u2019appui au r\u00e9gime ukrainien rel\u00e8ve d\u2019une man\u0153uvre consistant \u00e0 occuper l\u2019attention de la communaut\u00e9 internationale sur la guerre en Ukraine, tout en sponsorisant les groupes terroristes \u00e9voluant au Sahel.<\/p>\n\n\n\n<p style=\"font-size:18px\">Fid\u00e8le aux principes de la Charte des Nations Unies, le Mali avait, le 15 ao\u00fbt 2022, saisi le Conseil de S\u00e9curit\u00e9 des Nations Unies en vue d\u2019une r\u00e9union du Conseil, afin que mon pays puisse fournir des preuves irr\u00e9fragables du soutien de la France aux activit\u00e9s terroristes. Jusque-l\u00e0, la requ\u00eate est demeur\u00e9e sans suite alors que leurs actions de sabotage continuent \u00e0 divers niveaux.<\/p>\n\n\n\n<p style=\"font-size:18px\">Il est temps d\u2019agir, pour que les responsables de ces violences soient identifi\u00e9s et confondus, que les r\u00e9solutions soient traduites en engagements concrets, que l\u2019espace sah\u00e9lien soit d\u00e9finitivement s\u00e9curis\u00e9 et que les ressources du Sahel b\u00e9n\u00e9ficient aux populations du Sahel.<\/p>\n\n\n\n<p style=\"font-size:18px\">Les institutions internationales, au premier chef l\u2019ONU, ont \u00e9t\u00e9 cr\u00e9\u00e9es au lendemain de la seconde guerre mondiale pour prot\u00e9ger les peuples contre les exc\u00e8s de violence, les logiques d\u2019an\u00e9antissement et les g\u00e9nocides silencieux.<br>&nbsp;<br>Il est grand temps que la conscience mondiale se r\u00e9veille et que les institutions internationales prennent leur part de responsabilit\u00e9 en r\u00e9pondant v\u00e9ritablement aux cris de d\u00e9tresse des peuples opprim\u00e9s qui revendiquent leur souverainet\u00e9.<\/p>\n\n\n\n<p style=\"font-size:18px\">La Conf\u00e9d\u00e9ration AES r\u00e9it\u00e8re son engagement \u00e0 coop\u00e9rer avec l\u2019ensemble des Etats, des organisations r\u00e9gionales et internationales partenaires qui respectent sa souverainet\u00e9, ses choix politiques souverains, ses priorit\u00e9s en mati\u00e8re s\u00e9curitaire, de lutte contre le terrorisme, de d\u00e9veloppement \u00e9conomique et social et ce, dans le cadre d\u2019un partenariat gagnant-gagnant pour la r\u00e9alisation des aspirations de ses populations.<\/p>\n\n\n\n<p style=\"font-size:18px\"><strong>\u2022 &nbsp; &nbsp;Mesdames et Messieurs,<\/strong><\/p>\n\n\n\n<p style=\"font-size:18px\">Outre les efforts de s\u00e9curisation pour le retour de la paix dans nos pays, les Gouvernements de la Conf\u00e9d\u00e9ration AES s\u2019attellent \u00e0 la mise en \u0153uvre d\u2019une strat\u00e9gie globale et int\u00e9gr\u00e9e, qui inclut des mesures politiques, de d\u00e9veloppement \u00e9conomique et social, de justice et de r\u00e9conciliation.<\/p>\n\n\n\n<p style=\"font-size:18px\">En choisissant la voie de l\u2019audace et de la souverainet\u00e9, les Instances Conf\u00e9d\u00e9rales ont lanc\u00e9 des initiatives de rupture fond\u00e9es sur le d\u00e9veloppement endog\u00e8ne. C\u2019est l\u00e0 un chemin clair, celui d\u2019apporter nous-m\u00eames la valeur ajout\u00e9e indispensable \u00e0 nos \u00e9conomies et de pr\u00e9server la dignit\u00e9 de nos peuples. Ce choix, que nous assumons pleinement, traduit notre volont\u00e9 ferme et in\u00e9branlable de prendre en main notre destin.<\/p>\n\n\n\n<p style=\"font-size:18px\">Dans la m\u00eame optique, nous avons inscrit au c\u0153ur de nos priorit\u00e9s nationales et conf\u00e9d\u00e9rales, des politiques d\u2019investissements strat\u00e9giques dans diff\u00e9rents domaines prioritaires tels que les infrastructures, l\u2019\u00e9nergie, l&rsquo;industrialisation et la diversification de l\u2019\u00e9conomie. Participe de cette dynamique, la cr\u00e9ation de la Banque Conf\u00e9d\u00e9rale pour l\u2019Investissement et le D\u00e9veloppement visant \u00e0 r\u00e9aliser les projets conf\u00e9d\u00e9raux.<br>&nbsp;<br>La Conf\u00e9d\u00e9ration des Etats du Sahel fonde ses ambitions de d\u00e9veloppement sur des atouts ind\u00e9niables : un territoire vaste de 2 800 000 kilom\u00e8tres carr\u00e9s et une population de 75 millions d\u2019habitants, dont la majorit\u00e9 est compos\u00e9e de jeunes. A cela s\u2019ajoute sa diaspora forte, engag\u00e9e et agissante. Elle compte \u00e9galement sur ses terres fertiles, ses nombreux cours d\u2019eau, ses sources d\u2019\u00e9nergie et ses r\u00e9servoirs en ressources mini\u00e8res parmi les plus importants au monde.<\/p>\n\n\n\n<p style=\"font-size:18px\"><strong>\u2022 &nbsp; &nbsp;Mesdames et Messieurs,<\/strong><\/p>\n\n\n\n<p style=\"font-size:18px\">La troisi\u00e8me dimension du th\u00e8me de cette 80\u00e8me session de l\u2019Assembl\u00e9e porte sur les droits humains. La Conf\u00e9d\u00e9ration AES r\u00e9affirme son attachement \u00e0 respecter et \u00e0 faire respecter le droit international des droits de l\u2019homme et le droit international humanitaire, conform\u00e9ment \u00e0 son histoire mill\u00e9naire humaniste et \u00e0 ses engagements nationaux et internationaux.<\/p>\n\n\n\n<p style=\"font-size:18px\">Cependant, nous restons fortement oppos\u00e9s \u00e0 l\u2019instrumentalisation de la question des droits humains \u00e0 des fins politiques ou de d\u00e9stabilisation de nos Institutions nationales, voire de nos Etats souverains et ind\u00e9pendants. Las de cette situation et soucieux de pr\u00e9server la souverainet\u00e9 et la dignit\u00e9 du peuple, les Chefs d\u2019Etat de la Conf\u00e9d\u00e9ration AES se sont retir\u00e9s, avec effet imm\u00e9diat, du Statut de Rome de la Cour P\u00e9nale Internationale, le 22 septembre 2025. A ce retrait, s\u2019ajoute leur volont\u00e9 de privil\u00e9gier dor\u00e9navant, des m\u00e9canismes endog\u00e8nes de justice, en ad\u00e9quation avec leurs valeurs soci\u00e9tales et dans l\u2019int\u00e9r\u00eat du peuple de l\u2019AES.<\/p>\n\n\n\n<p style=\"font-size:18px\">Nous d\u00e9non\u00e7ons \u00e9galement le double standard observ\u00e9 par certains acteurs internationaux, dont le curseur se d\u00e9place en fonction de leurs int\u00e9r\u00eats. Ces donneurs de le\u00e7ons ne sont d\u2019ailleurs eux-m\u00eames pas les meilleurs exemples en mati\u00e8re de respect des droits de l\u2019homme. Nous appelons nos partenaires \u00e0 privil\u00e9gier le dialogue et la coop\u00e9ration, qui demeurent les meilleurs leviers pour promouvoir les droits humains \u00e0 travers le monde.<br>&nbsp;<br><strong>\u2022 &nbsp; &nbsp;Mesdames et Messieurs,<\/strong><\/p>\n\n\n\n<p style=\"font-size:18px\">Au moment o\u00f9 nous c\u00e9l\u00e9brons les 80 ans des Nations Unies, force est de constater que notre cadre multilat\u00e9ral, incarn\u00e9 par l\u2019ONU, est mis \u00e0 rude \u00e9preuve, dans un contexte international marqu\u00e9 par la polarisation, le retour progressif du nationalisme, du protectionnisme, du repli sur soi et des rapports de force.<\/p>\n\n\n\n<p style=\"font-size:18px\">En d\u00e9pit de cette r\u00e9alit\u00e9 conjoncturelle, le constat est que les trois objectifs majeurs consign\u00e9s dans la Charte des Nations Unies, \u00e0 savoir la paix, le d\u00e9veloppement et les droits humains, restent pertinents.<\/p>\n\n\n\n<p style=\"font-size:18px\">Pour la r\u00e9alisation de ces objectifs, nous avons besoin :<\/p>\n\n\n\n<p style=\"font-size:18px\">&#8211; &nbsp; &nbsp;Premi\u00e8rement, d\u2019une Organisation des Nations Unies v\u00e9ritablement r\u00e9nov\u00e9e, r\u00e9form\u00e9e et adapt\u00e9e aux exigences de notre temps. C\u2019est une condition essentielle pour mieux asseoir sa l\u00e9gitimit\u00e9 internationale et assurer l\u2019application effective de ses d\u00e9cisions. C\u2019est l\u2019occasion de rappeler avec force que l\u2019Afrique demande depuis une vingtaine d\u2019ann\u00e9es des r\u00e9formes pour r\u00e9parer l\u2019injustice historique qui lui est faite, en ce qui concerne sa repr\u00e9sentativit\u00e9 au Conseil de s\u00e9curit\u00e9. Je r\u00e9affirme ici le soutien total de la Conf\u00e9d\u00e9ration AES \u00e0 la position commune africaine sur cette question, \u00e9nonc\u00e9e dans le Consensus d\u2019Ezulwini et la D\u00e9claration de Syrte, afin que l\u2019Afrique puisse disposer de deux si\u00e8ges permanents et de cinq si\u00e8ges non permanents.<\/p>\n\n\n\n<p style=\"font-size:18px\">&#8211; &nbsp; &nbsp;Deuxi\u00e8mement, nous avons besoin d\u2019une Organisation des Nations Unies garante du respect du droit international pour tous. Nous sommes pr\u00e9occup\u00e9s de constater les violations flagrantes du droit international dans le monde, et ce en toute impunit\u00e9. Ce 80\u00e8me anniversaire de l\u2019ONU est, pour nous Etats membres, l\u2019occasion de r\u00e9affirmer notre attachement ind\u00e9fectible \u00e0 un cadre multilat\u00e9ral fond\u00e9 sur le droit, et non la force.<br>&nbsp;<br>&#8211; &nbsp; &nbsp;Troisi\u00e8mement, nous avons besoin de m\u00e9canismes robustes de suivi et de mise en \u0153uvre des conclusions des conf\u00e9rences internationales. Le constat dans ce domaine est clair : de la cr\u00e9ation de l\u2019ONU en 1945 \u00e0 nos jours, nous avons tenu des dizaines de conf\u00e9rences internationales dont les engagements ont \u00e9t\u00e9 tr\u00e8s faiblement sinon pas mis en \u0153uvre au profit des populations que nous repr\u00e9sentons ici. Cette situation doit imp\u00e9rativement changer. C\u2019est pourquoi, nous plaidons pour que les r\u00e9formes envisag\u00e9es prennent en charge cette probl\u00e9matique, afin que nos Nations respectives puissent b\u00e9n\u00e9ficier des dividendes des engagements pris sous l\u2019\u00e9gide de l\u2019Organisation des Nations Unies.<\/p>\n\n\n\n<p style=\"font-size:18px\">Pour sa part, la Conf\u00e9d\u00e9ration des Etats du Sahel est dispos\u00e9e \u00e0 apporter sa contribution en vue de la r\u00e9forme devenue indispensable du cadre multilat\u00e9ral des Nations Unies.<\/p>\n\n\n\n<p style=\"font-size:18px\">S\u2019agissant de la gouvernance mondiale actuelle, il apparait de plus en plus \u00e9vident qu\u2019elle n\u2019est plus adapt\u00e9e aux d\u00e9fis actuels et \u00e0 venir. Elle a plut\u00f4t besoin d\u2019une refondation plus hardie des instances \u00e9conomiques et financi\u00e8res internationales, qui gagneraient \u00e0 prendre en charge la question du financement de la s\u00e9curit\u00e9 et de la lutte contre les crises exog\u00e8nes.<\/p>\n\n\n\n<p style=\"font-size:18px\">\u00c0 cet \u00e9gard, des m\u00e9canismes innovants comme les BRICS offrent une alternative constructive et plus respectueuse des int\u00e9r\u00eats des pays \u00e9mergents et en d\u00e9veloppement, tout comme les initiatives africaines de financement du d\u00e9veloppement, auxquelles les pays du Sahel accordent une attention particuli\u00e8re pour briser le cercle vicieux de la d\u00e9pendance et du surendettement.<\/p>\n\n\n\n<p style=\"font-size:18px\">Dans cette dynamique, les pr\u00e9occupations de l\u2019Afrique en mati\u00e8re de d\u00e9veloppement \u00e9conomique et social sont \u00e0 prendre en compte. Une Afrique pr\u00e9sent\u00e9e comme continent de l\u2019avenir, riche de sa jeunesse, mais h\u00e9las qui fait face au lourd fardeau de la dette ext\u00e9rieure, au pillage de ses ressources, au commerce in\u00e9gal, au transfert n\u00e9gatif des ressources et aux al\u00e9as des changements climatiques, entre autres d\u00e9fis.<br>&nbsp;<br><strong>\u2022 &nbsp; &nbsp;Mesdames et Messieurs,<\/strong><\/p>\n\n\n\n<p style=\"font-size:18px\">Au plan national, le Mali, dans sa qu\u00eate de paix et de stabilit\u00e9 durables et conform\u00e9ment aux aspirations de ses populations exprim\u00e9es lors du Dialogue Inter-Maliens pour la paix et la r\u00e9conciliation, a adopt\u00e9 une Charte pour la Paix et la R\u00e9conciliation nationale. Fruit d\u2019un processus participatif inclusif ax\u00e9 sur le dialogue et la concertation entre les Maliennes et les Maliens de toutes les couches socioprofessionnelles et de la diaspora, la Charte incarne notre d\u00e9termination \u00e0 renforcer l\u2019appropriation nationale du processus de paix au Mali. Elle s\u2019appuie sur nos r\u00e9alit\u00e9s, nos valeurs traditionnelles et nos m\u00e9canismes endog\u00e8nes de r\u00e8glement des diff\u00e9rends, afin de se tourner r\u00e9solument vers un avenir partag\u00e9 et prometteur.<\/p>\n\n\n\n<p style=\"font-size:18px\">Le 22 juillet 2025, lors de la remise officielle de la Charte, Son Excellence Le G\u00e9n\u00e9ral d\u2019Arm\u00e9e Assimi GOITA, Pr\u00e9sident de la Transition, Chef de l\u2019Etat de la R\u00e9publique du Mali, dans son allocution a mis l\u2019accent sur la port\u00e9e historique de cet \u00e9v\u00e8nement en ces termes :<br>\u00ab la pr\u00e9sente c\u00e9r\u00e9monie est d\u2019autant plus singuli\u00e8re qu\u2019elle est porteuse d\u2019un r\u00eave collectif, celui de l\u2019espoir d\u2019une paix durable, de la coh\u00e9sion sociale, en somme la r\u00e9conciliation dans notre ch\u00e8re patrie \u00bb.<\/p>\n\n\n\n<p style=\"font-size:18px\">S\u2019agissant des pr\u00e9occupations r\u00e9gionales, je ne saurais passer sous silence, la destruction d\u2019un a\u00e9ronef de type drone des Forces Arm\u00e9es Maliennes, le 1er avril 2025 par la junte alg\u00e9rienne. Le Mali condamne fortement cette agression et a saisi la Cour Internationale de Justice, \u00e0 cet effet.<\/p>\n\n\n\n<p style=\"font-size:18px\">Depuis, son accession \u00e0 l\u2019ind\u00e9pendance le 22 septembre 1960, le Mali n\u2019a m\u00e9nag\u00e9 aucun effort pour la d\u00e9colonisation du continent africain. A ce titre, il a activement soutenu, de mani\u00e8re exceptionnelle, l\u2019Alg\u00e9rie dans sa guerre de lib\u00e9ration contre le colonisateur fran\u00e7ais. Au regard de cette position politique constante en faveur du panafricanisme, ajout\u00e9e \u00e0 la proximit\u00e9 g\u00e9ographique entre 2 pays qui partagent une fronti\u00e8re distante de 1300 km, le Mali a toujours observ\u00e9 \u00e0 l\u2019endroit du peuple fr\u00e8re alg\u00e9rien une attention bienveillante.<br>&nbsp;<br>A rebours de cette approche constructive du Mali, nous mettrons en exergue 3 situations incongrues et incompr\u00e9hensibles ayant marqu\u00e9 les relations r\u00e9centes entre nos 2 pays :<\/p>\n\n\n\n<p style=\"font-size:18px\">1. &nbsp; &nbsp;L\u2019attaque l\u00e2che et perfide ayant vis\u00e9 les Forces Arm\u00e9es Maliennes \u00e0 Tinzawat\u00e8ne, s\u2019est d\u00e9roul\u00e9e \u00e0 quelques kilom\u00e8tres de la fronti\u00e8re alg\u00e9rienne. Curieusement, la junte alg\u00e9rienne n\u2019a rien vu, ni entendu, alors m\u00eame que l\u2019acte terroriste a \u00e9t\u00e9 planifi\u00e9 sur son territoire. Troublant pour un pays qui a \u00e9t\u00e9 d\u00e9sign\u00e9 comme champion de l\u2019Union Africaine de la lutte contre le terrorisme et qui est devenu, ces derni\u00e8res ann\u00e9es, champion de la promotion du terrorisme et exportateur de terroristes !<\/p>\n\n\n\n<p style=\"font-size:18px\">2. &nbsp; &nbsp;Comme annonc\u00e9, la junte alg\u00e9rienne a abattu un drone malien achet\u00e9 sur fonds propre, \u00e0 la sueur du contribuable malien, au motif fallacieux de la violation de leur espace a\u00e9rien. Le Mali est troubl\u00e9 par la th\u00e8se de la junte alg\u00e9rienne d\u00e9fiant les lois de la physique et suivant laquelle un objet abattu dans l\u2019air, est capable de se d\u00e9placer, \u00e0 partir de son point de chute, sur 22 km, puis de se retrouver sur le territoire malien. En effet, il est utile de souligner que les d\u00e9bris du drone malien se sont retrouv\u00e9s sur le territoire malien, validant ainsi nos arguments.<\/p>\n\n\n\n<p style=\"font-size:18px\">3. &nbsp; &nbsp;Le 04 septembre 2025, le Gouvernement malien a inform\u00e9 l\u2019opinion du d\u00e9p\u00f4t d\u2019une requ\u00eate introductive d\u2019instance aupr\u00e8s de la Cour Internationale de Justice, contre la junte alg\u00e9rienne, concernant la destruction du drone. Dans un communiqu\u00e9 du Minist\u00e8re alg\u00e9rien des Affaires Etrang\u00e8res, en date du 19 septembre 2025, nous avons appris avec une profonde stup\u00e9faction, une all\u00e9gation suivant laquelle, le d\u00e9p\u00f4t de la requ\u00eate malienne a \u00e9t\u00e9 motiv\u00e9 par la Conf\u00e9rence de Presse du Ministre alg\u00e9rien des affaires \u00e9trang\u00e8res, intervenue le 13 septembre 2025 et lors de laquelle, il niait le d\u00e9p\u00f4t de la requ\u00eate malienne aupr\u00e8s de la Cour Internationale de Justice.<br>&nbsp;<br>Nous faisons observer au Ministre que le d\u00e9p\u00f4t de la requ\u00eate annonc\u00e9 par le Mali, le 04 septembre n\u2019a jamais signifi\u00e9 son enregistrement automatique par la Cour Internationale de Justice.<\/p>\n\n\n\n<p style=\"font-size:18px\">Le Mali rappelle que la Diplomatie vise \u00e0 d\u00e9fendre les int\u00e9r\u00eats de son pays. En supposant que la plainte malienne ait \u00e9t\u00e9 d\u00e9clench\u00e9e par sa conf\u00e9rence de presse, l\u2019\u00e9nergum\u00e8ne d\u2019Alger d\u00e9montre que sa vision de la diplomatie est de pousser les autres Etats \u00e0 poursuivre son pays devant des instances internationales, devenant ainsi un performant auto-buteur, populairement appel\u00e9 au Mali \u00ab Yab\u00e9 \u00bb. Troublant !<\/p>\n\n\n\n<p style=\"font-size:18px\">Au passage, le Mali rend un vibrant hommage au Ministre des affaires \u00e9trang\u00e8res de la junte alg\u00e9rienne. En effet, le mensonge corrompant tout, il vient d\u2019\u00f4ter toute cr\u00e9dibilit\u00e9 \u00e0 la version alg\u00e9rienne de la destruction du drone malien. Aussi, nous n\u2019avons point \u00e9t\u00e9 surpris par la fuite en avant de la junte alg\u00e9rienne qui a refus\u00e9 de donner son consentement \u00e0 la comp\u00e9tence de la Cour Internationale de Justice suite \u00e0 l\u2019affaire de la destruction du drone malien, craignant ainsi d\u2019\u00eatre d\u00e9masqu\u00e9 publiquement comme agresseur et soutien du terrorisme international.<\/p>\n\n\n\n<p style=\"font-size:18px\">Au regard de ces 3 points insolites, le Mali recommande \u00e0 la Junte alg\u00e9rienne, d\u2019une part de faire sienne cette citation de Amadou Hamp\u00e2t\u00e9 B\u00e2, dans Vie et enseignement de Tierno Bokar : le Sage de Bandiagara \u00ab Certaines v\u00e9rit\u00e9s ne nous paraissent invraisemblables que, tout simplement, parce que notre connaissance ne les atteint pas \u00bb. Nous les invitons \u00e0 chercher \u00e0 connaitre le Mali et les valeurs qu\u2019incarnent les Mali Denw. Aussi, face aux assauts et \u00e0 l\u2019adversit\u00e9, nous ne serons pas des spectateurs : Pour chaque balle tir\u00e9e contre nous, nous r\u00e9agirons par r\u00e9ciprocit\u00e9. Pour chaque mot employ\u00e9 de travers, nous r\u00e9agirons par r\u00e9ciprocit\u00e9.<\/p>\n\n\n\n<p style=\"font-size:18px\">D\u2019autre part, il est vivement recommand\u00e9 \u00e0 la junte alg\u00e9rienne d\u2019organiser \u00e0 Tin Zaouatine Alg\u00e9rie, un festival international annuel d\u00e9di\u00e9 \u00e0 l\u2019artifice de l\u2019intelligence humaine.<br>&nbsp;<br>Du haut de cette tribune, nous appelons la junte alg\u00e9rienne \u00e0 cesser de soutenir le terrorisme international et \u00e0 s\u2019impliquer r\u00e9solument dans la promotion de la paix et de la s\u00e9curit\u00e9, dans un esprit constructif, en respectant la souverainet\u00e9 des Etats.<\/p>\n\n\n\n<p style=\"font-size:18px\">A bon entendeur, Tant pis !<\/p>\n\n\n\n<p style=\"font-size:18px\"><br><strong>\u2022 &nbsp; &nbsp;Madame la Pr\u00e9sidente,<br>\u2022 &nbsp; &nbsp;Mesdames et Messieurs,<\/strong><\/p>\n\n\n\n<p style=\"font-size:18px\">L\u2019occasion est ici propice pour exposer l\u2019avis d\u2019un citoyen, le Poing lev\u00e9 \u00e0 l\u2019Aube de notre souverainet\u00e9 retrouv\u00e9e, partag\u00e9 par le peuple de la Conf\u00e9d\u00e9ration AES. Notre Conf\u00e9d\u00e9ration est compos\u00e9e de nations combattantes, une terre de r\u00e9sistance. Ce que nous affrontons, ce n\u2019est pas un simple conflit int\u00e9rieur. C\u2019est une guerre hybride, soutenue par des int\u00e9r\u00eats imp\u00e9rialistes, o\u00f9 les ennemis de la paix portent parfois des cravates. Si l\u2019ONU continue \u00e0 feindre l\u2019ignorance, elle cessera d\u2019\u00eatre la somme du monde et deviendra le bras passif de l\u2019injustice mondiale.<\/p>\n\n\n\n<p style=\"font-size:18px\">Nous disons ceci : la Conf\u00e9d\u00e9ration AES n\u2019a pas peur. Elle ne c\u00e9dera pas. Elle r\u00e9sistera<br>encore et toujours.<\/p>\n\n\n\n<p style=\"font-size:18px\"><br>Toutefois, la Conf\u00e9d\u00e9ration AES donne aux Nations Unies une opportunit\u00e9 historique, celle de se placer du c\u00f4t\u00e9 de la v\u00e9rit\u00e9. Celle de reconna\u00eetre que le peuple de l\u2019AES est agress\u00e9. Celle de soutenir une Conf\u00e9d\u00e9ration qui combat \u00e0 la fois pour elle-m\u00eame et pour l\u2019Afrique, pour la stabilit\u00e9 du continent et, indirectement, pour celle du monde entier.<\/p>\n\n\n\n<p style=\"font-size:18px\">L\u2019histoire jugera. Elle jugera ceux qui ont arm\u00e9 les forces du mal. Elle jugera ceux qui ont d\u00e9tourn\u00e9 le regard. Elle jugera ceux qui ont oubli\u00e9 que la justice est la seule voie vers la paix durable.<\/p>\n\n\n\n<p style=\"font-size:18px\">La Conf\u00e9d\u00e9ration AES ne demande pas l\u2019aum\u00f4ne. Elle appelle \u00e0 la conscience.<br>&nbsp;<br>Pour conclure, je voudrais r\u00e9affirmer, ici l\u2019attachement de la Conf\u00e9d\u00e9ration des Etats du Sahel aux valeurs, aux buts et aux principes de la Charte des Nations Unies.<\/p>\n\n\n\n<p style=\"font-size:18px\">Aussi, la Conf\u00e9d\u00e9ration AES indique qu\u2019on ne peut \u00eatre \u00ab mieux ensemble \u00bb qu\u2019\u00e0 la condition d\u2019\u0153uvrer collectivement pour un multilat\u00e9ralisme \u00e0 visage humain, fait de dialogue, fond\u00e9 sur le droit, la coop\u00e9ration et la solidarit\u00e9 entre les peuples, promouvant la paix et le d\u00e9veloppement, dans le respect de la souverainet\u00e9 des Etats.<\/p>\n\n\n\n<p style=\"font-size:18px\">Cependant, nous ne pouvons et nous ne devons continuer \u00e0 faire la m\u00eame chose durant les ann\u00e9es \u00e0 venir, pour esp\u00e9rer des r\u00e9sultats diff\u00e9rents. Il y a un besoin urgent de r\u00e9formes \u00e0 op\u00e9rer dans notre cadre multilat\u00e9ral existant, incarn\u00e9 par notre Organisation commune. La c\u00e9l\u00e9bration des 80 ans de l\u2019ONU nous offre cette opportunit\u00e9 historique pour adapter l\u2019Organisation aux r\u00e9alit\u00e9s du moment, capable de r\u00e9pondre efficacement aux d\u00e9fis pr\u00e9sents et futurs.<\/p>\n\n\n\n<p style=\"font-size:18px\">La Conf\u00e9d\u00e9ration AES reste dispos\u00e9e \u00e0 jouer sa partition, toute sa partition, dans la qu\u00eate de r\u00e9ponses collectives, visant \u00e0 pr\u00e9server les g\u00e9n\u00e9rations futures du fl\u00e9au de la guerre, \u00e0 assurer un d\u00e9veloppement harmonieux pour tous, et \u00e0 promouvoir et prot\u00e9ger les droits humains.<\/p>\n\n\n\n<p style=\"font-size:18px\">&#8211; &nbsp; &nbsp;Que Dieu b\u00e9nisse la Conf\u00e9d\u00e9ration des Etats du Sahel et pr\u00e9serve son peuple des forces obscurantistes et destructrices du monde !<br>&#8211; &nbsp; &nbsp;Que Dieu b\u00e9nisse le Mali et pr\u00e9serve les Maliens des forces obscurantistes et destructrices du monde !<br>&#8211; &nbsp; &nbsp;Que Dieu b\u00e9nisse l\u2019Afrique et pr\u00e9serve les africains des forces obscurantistes et destructrices du monde !<br>&#8211; &nbsp; &nbsp;Que Dieu b\u00e9nisse le monde et pr\u00e9serve l\u2019humanit\u00e9 enti\u00e8re des forces obscurantistes et destructrices du monde !<br>Je vous remercie de votre aimable attention.<\/p>\n\n\n\n<p>Youma A Ciss\u00e9<\/p>\n\n\n\n<p>Nandi.info\/maliweb<\/p>\n","protected":false},"excerpt":{"rendered":"<p>\u00ab\u00a0Armer le mal, d\u00e9tourner le regard, oublier la justice : l\u2019Histoire jugera\u00a0\u00bb Ce vendredi 26 septembre 2025 \u00e0 New York, \u00e0 l\u2019occasion de la 80\u00e8me session de l\u2019Assembl\u00e9e g\u00e9n\u00e9rale des&hellip;<\/p>\n","protected":false},"author":1,"featured_media":23235,"comment_status":"open","ping_status":"open","sticky":false,"template":"","format":"standard","meta":{"content-type":"","_lmt_disableupdate":"","_lmt_disable":"","_jetpack_memberships_contains_paid_content":false,"footnotes":"","jetpack_publicize_message":"","jetpack_publicize_feature_enabled":true,"jetpack_social_post_already_shared":true,"jetpack_social_options":{"image_generator_settings":{"template":"highway","default_image_id":0,"font":"","enabled":false},"version":2}},"categories":[43,74,59],"tags":[],"class_list":["post-23234","post","type-post","status-publish","format-standard","has-post-thumbnail","hentry","category-nandi-info","category-nation","category-nations-unies"],"jetpack_publicize_connections":[],"featured_image_urls":{"full":["https:\/\/nandi.info\/wp-content\/uploads\/2025\/09\/Abdoulaye-Maiga.jpg",870,580,false],"thumbnail":["https:\/\/nandi.info\/wp-content\/uploads\/2025\/09\/Abdoulaye-Maiga-150x150.jpg",150,150,true],"medium":["https:\/\/nandi.info\/wp-content\/uploads\/2025\/09\/Abdoulaye-Maiga-300x200.jpg",300,200,true],"medium_large":["https:\/\/nandi.info\/wp-content\/uploads\/2025\/09\/Abdoulaye-Maiga-768x512.jpg",768,512,true],"large":["https:\/\/nandi.info\/wp-content\/uploads\/2025\/09\/Abdoulaye-Maiga.jpg",870,580,false],"1536x1536":["https:\/\/nandi.info\/wp-content\/uploads\/2025\/09\/Abdoulaye-Maiga.jpg",870,580,false],"2048x2048":["https:\/\/nandi.info\/wp-content\/uploads\/2025\/09\/Abdoulaye-Maiga.jpg",870,580,false],"penci-recipe-1200x1200":["https:\/\/nandi.info\/wp-content\/uploads\/2025\/09\/Abdoulaye-Maiga.jpg",870,580,false],"penci-recipe-1200x900":["https:\/\/nandi.info\/wp-content\/uploads\/2025\/09\/Abdoulaye-Maiga.jpg",870,580,false],"penci-recipe-1200x675":["https:\/\/nandi.info\/wp-content\/uploads\/2025\/09\/Abdoulaye-Maiga.jpg",870,580,false],"penci-single-full":["https:\/\/nandi.info\/wp-content\/uploads\/2025\/09\/Abdoulaye-Maiga.jpg",870,580,false],"penci-slider-full-thumb":["https:\/\/nandi.info\/wp-content\/uploads\/2025\/09\/Abdoulaye-Maiga.jpg",870,580,false],"penci-full-thumb":["https:\/\/nandi.info\/wp-content\/uploads\/2025\/09\/Abdoulaye-Maiga.jpg",870,580,false],"penci-slider-thumb":["https:\/\/nandi.info\/wp-content\/uploads\/2025\/09\/Abdoulaye-Maiga.jpg",870,580,false],"penci-magazine-slider":["https:\/\/nandi.info\/wp-content\/uploads\/2025\/09\/Abdoulaye-Maiga-780x516.jpg",780,516,true],"penci-thumb":["https:\/\/nandi.info\/wp-content\/uploads\/2025\/09\/Abdoulaye-Maiga-585x390.jpg",585,390,true],"penci-masonry-thumb":["https:\/\/nandi.info\/wp-content\/uploads\/2025\/09\/Abdoulaye-Maiga-585x390.jpg",585,390,true],"penci-thumb-square":["https:\/\/nandi.info\/wp-content\/uploads\/2025\/09\/Abdoulaye-Maiga-585x580.jpg",585,580,true],"penci-thumb-vertical":["https:\/\/nandi.info\/wp-content\/uploads\/2025\/09\/Abdoulaye-Maiga-480x580.jpg",480,580,true],"penci-thumb-small":["https:\/\/nandi.info\/wp-content\/uploads\/2025\/09\/Abdoulaye-Maiga-263x175.jpg",263,175,true]},"author_info":{"display_name":"Nandi","author_link":"https:\/\/nandi.info\/?author=1"},"category_info":"<a href=\"https:\/\/nandi.info\/?cat=43\" rel=\"category\">Nandi.info<\/a> <a href=\"https:\/\/nandi.info\/?cat=74\" rel=\"category\">Nation<\/a> <a href=\"https:\/\/nandi.info\/?cat=59\" rel=\"category\">Nations Unies<\/a>","tag_info":"Nations Unies","comment_count":"0","jetpack_featured_media_url":"https:\/\/nandi.info\/wp-content\/uploads\/2025\/09\/Abdoulaye-Maiga.jpg","jetpack_sharing_enabled":true,"_links":{"self":[{"href":"https:\/\/nandi.info\/index.php?rest_route=\/wp\/v2\/posts\/23234","targetHints":{"allow":["GET"]}}],"collection":[{"href":"https:\/\/nandi.info\/index.php?rest_route=\/wp\/v2\/posts"}],"about":[{"href":"https:\/\/nandi.info\/index.php?rest_route=\/wp\/v2\/types\/post"}],"author":[{"embeddable":true,"href":"https:\/\/nandi.info\/index.php?rest_route=\/wp\/v2\/users\/1"}],"replies":[{"embeddable":true,"href":"https:\/\/nandi.info\/index.php?rest_route=%2Fwp%2Fv2%2Fcomments&post=23234"}],"version-history":[{"count":1,"href":"https:\/\/nandi.info\/index.php?rest_route=\/wp\/v2\/posts\/23234\/revisions"}],"predecessor-version":[{"id":23236,"href":"https:\/\/nandi.info\/index.php?rest_route=\/wp\/v2\/posts\/23234\/revisions\/23236"}],"wp:featuredmedia":[{"embeddable":true,"href":"https:\/\/nandi.info\/index.php?rest_route=\/wp\/v2\/media\/23235"}],"wp:attachment":[{"href":"https:\/\/nandi.info\/index.php?rest_route=%2Fwp%2Fv2%2Fmedia&parent=23234"}],"wp:term":[{"taxonomy":"category","embeddable":true,"href":"https:\/\/nandi.info\/index.php?rest_route=%2Fwp%2Fv2%2Fcategories&post=23234"},{"taxonomy":"post_tag","embeddable":true,"href":"https:\/\/nandi.info\/index.php?rest_route=%2Fwp%2Fv2%2Ftags&post=23234"}],"curies":[{"name":"wp","href":"https:\/\/api.w.org\/{rel}","templated":true}]}}