{"id":23226,"date":"2025-09-28T01:09:53","date_gmt":"2025-09-27T23:09:53","guid":{"rendered":"https:\/\/nandi.info\/?p=23226"},"modified":"2025-09-28T01:12:01","modified_gmt":"2025-09-27T23:12:01","slug":"communique-du-conseil-des-ministres-du-vendredi-26-septembre-2025-cm-n2025-40-sgg","status":"publish","type":"post","link":"https:\/\/nandi.info\/?p=23226","title":{"rendered":"Communiqu\u00e9 du conseil des ministres du vendredi 26 septembre 2025 CM n\u00b02025-40\/sgg"},"content":{"rendered":"\n<figure class=\"wp-block-image size-large\"><img fetchpriority=\"high\" decoding=\"async\" width=\"1024\" height=\"683\" src=\"https:\/\/nandi.info\/wp-content\/uploads\/2025\/09\/Communique-du-Conseil-des-Ministres-1024x683.jpg\" alt=\"\" class=\"wp-image-23227\" srcset=\"https:\/\/nandi.info\/wp-content\/uploads\/2025\/09\/Communique-du-Conseil-des-Ministres-1024x683.jpg 1024w, https:\/\/nandi.info\/wp-content\/uploads\/2025\/09\/Communique-du-Conseil-des-Ministres-300x200.jpg 300w, https:\/\/nandi.info\/wp-content\/uploads\/2025\/09\/Communique-du-Conseil-des-Ministres-768x513.jpg 768w, https:\/\/nandi.info\/wp-content\/uploads\/2025\/09\/Communique-du-Conseil-des-Ministres-1170x781.jpg 1170w, https:\/\/nandi.info\/wp-content\/uploads\/2025\/09\/Communique-du-Conseil-des-Ministres-585x390.jpg 585w, https:\/\/nandi.info\/wp-content\/uploads\/2025\/09\/Communique-du-Conseil-des-Ministres-263x175.jpg 263w, https:\/\/nandi.info\/wp-content\/uploads\/2025\/09\/Communique-du-Conseil-des-Ministres.jpg 1536w\" sizes=\"(max-width: 1024px) 100vw, 1024px\" \/><\/figure>\n\n\n\n<p style=\"font-size:18px\">Le Conseil des Ministres s\u2019est r\u00e9uni en session ordinaire, le vendredi 26 septembre 2025, dans sa salle de d\u00e9lib\u00e9rations au Palais de Koulouba, sous la pr\u00e9sidence du G\u00e9n\u00e9ral d\u2019Arm\u00e9e Assimi GOITA, Pr\u00e9sident de la Transition, Chef de l\u2019Etat.<\/p>\n\n\n\n<p style=\"font-size:18px\">Apr\u00e8s examen des points inscrits \u00e0 l\u2019ordre du jour, le Conseil a :<\/p>\n\n\n\n<p style=\"font-size:18px\">\u2013 adopt\u00e9 des projets de texte ;<\/p>\n\n\n\n<p style=\"font-size:18px\">\u2013 proc\u00e9d\u00e9 \u00e0 une nomination ;<\/p>\n\n\n\n<p style=\"font-size:18px\">\u2013 et entendu des communications.<\/p>\n\n\n\n<p style=\"font-size:18px\">AU CHAPITRE DES MESURES LEGISLATIVES ET REGLEMENTAIRES<\/p>\n\n\n\n<p style=\"font-size:18px\">1. Sur le rapport du ministre de la Justice et des Droits de l\u2019Homme, Garde des Sceaux, le Conseil<\/p>\n\n\n\n<p style=\"font-size:18px\">des Ministres a adopt\u00e9 un projet d\u2019ordonnance portant modification de la Loi n\u00b02016-031 du 7 juillet 2016 portant Statut des fonctionnaires du Cadre de la Surveillance des Services<\/p>\n\n\n\n<p style=\"font-size:18px\">p\u00e9nitentiaires et de l\u2019Education surveill\u00e9e.<\/p>\n\n\n\n<p style=\"font-size:18px\">L\u2019adoption de la Loi n\u00b02019-024 du 05 juillet 2019 et de l\u2019Ordonnance n\u00b02021-015\/PT-RM du 31 d\u00e9cembre 2021 portant modification du Statut g\u00e9n\u00e9ral des fonctionnaires a consacr\u00e9 la prorogation, de 3 ans, des limites d\u2019\u00e2ges pour les fonctionnaires \u00e0 faire valoir leur droit \u00e0 la retraite et de recrutement dans les diff\u00e9rents corps de la Fonction publique.<\/p>\n\n\n\n<p style=\"font-size:18px\">En vue de l\u2019harmonisation des conditions d\u2019acc\u00e8s aux diff\u00e9rents corps et des \u00e2ges limites de d\u00e9part \u00e0 la retraite, il est apparu n\u00e9cessaire de modifier la Loi n\u00b02016-031 du 7 juillet 2016 portant Statut des fonctionnaires du Cadre de la Surveillance des Services p\u00e9nitentiaires et de l\u2019Education surveill\u00e9e.<\/p>\n\n\n\n<p style=\"font-size:18px\">Le projet d\u2019ordonnance, adopt\u00e9, rel\u00e8ve de 3 ans les limites d\u2019\u00e2ges de d\u00e9part \u00e0 la retraite et de<\/p>\n\n\n\n<p style=\"font-size:18px\">recrutement des fonctionnaires du Cadre de la Surveillance des Services p\u00e9nitentiaires et de<\/p>\n\n\n\n<p style=\"font-size:18px\">l\u2019Education surveill\u00e9e et prend en compte la Licence parmi les dipl\u00f4mes requis pour le recrutement.<\/p>\n\n\n\n<p style=\"font-size:18px\">2. Sur le rapport du ministre de l\u2019Economie et des Finances, le Conseil des Ministres a adopt\u00e9 un projet de loi portant loi de Finances pour l\u2019exercice 2026.<\/p>\n\n\n\n<p style=\"font-size:18px\">Le projet de loi de Finances pour l\u2019exercice 2026 est pr\u00e9par\u00e9 en application de la Loi n\u00b02025-038 du 15 ao\u00fbt 2025 portant loi organique relative aux lois de Finances.<\/p>\n\n\n\n<p style=\"font-size:18px\">Les pr\u00e9visions des recettes budg\u00e9taires pour l\u2019exercice 2026 s\u2019\u00e9l\u00e8vent \u00e0 3 057,792 milliards de francs CFA contre 2 739,697 milliards de francs CFA dans la loi de Finances rectifi\u00e9e 2025, soit une augmentation de 318,095 milliards de francs CFA correspondant \u00e0 une hausse de 11,61%.<\/p>\n\n\n\n<p style=\"font-size:18px\">Les pr\u00e9visions des d\u00e9penses budg\u00e9taires pour l\u2019exercice 2026 s\u2019\u00e9l\u00e8vent \u00e0 3 578,217 milliards de francs CFA contre 3 279,886 milliards de francs CFA dans la loi de Finances rectifi\u00e9e 2025, soit une hausse de 298,331 milliards de francs CFA et un taux de 9,10%.<\/p>\n\n\n\n<p style=\"font-size:18px\">Le Budget de l\u2019Etat 2026 pr\u00e9sente un d\u00e9ficit global de 520,425 milliards de francs CFA, soit une<\/p>\n\n\n\n<p style=\"font-size:18px\">baisse de 3,66% par rapport \u00e0 celui de la loi de Finances rectifi\u00e9e 2025, estim\u00e9 \u00e0 540,189 milliards de<\/p>\n\n\n\n<p style=\"font-size:18px\">francs CFA.<\/p>\n\n\n\n<p style=\"font-size:18px\">AU CHAPITRE DES MESURES INDIVIDUELLES<\/p>\n\n\n\n<p style=\"font-size:18px\">Le Conseil des Ministres a proc\u00e9d\u00e9 \u00e0 la nomination suivante :<\/p>\n\n\n\n<p style=\"font-size:18px\">AU TITRE DU MINISTERE DE LA JUSTICE ET DES DROITS DE L\u2019HOMME<\/p>\n\n\n\n<p style=\"font-size:18px\">\u2013 Directeur g\u00e9n\u00e9ral de l\u2019Administration p\u00e9nitentiaire et de l\u2019Education surveill\u00e9e :<\/p>\n\n\n\n<p style=\"font-size:18px\">Monsieur Sou DAO, Inspecteur Divisionnaire-major des Services p\u00e9nitentiaires et de<\/p>\n\n\n\n<p style=\"font-size:18px\">l\u2019Education surveill\u00e9e.<\/p>\n\n\n\n<p style=\"font-size:18px\">AU CHAPITRE DES COMMUNICATIONS<\/p>\n\n\n\n<p style=\"font-size:18px\">1. Sur le rapport du ministre de la Justice et des Droits de l\u2019Homme, Garde des Sceaux, le Conseil<\/p>\n\n\n\n<p style=\"font-size:18px\">des Ministres a pris acte d\u2019une communication \u00e9crite relative au rapport national \u00e0 mi-parcours de mise en \u0153uvre des recommandations accept\u00e9es par le Mali lors du 4\u00e8me cycle de<\/p>\n\n\n\n<p style=\"font-size:18px\">son Examen P\u00e9riodique Universel, tenu le 2 mai 2023 \u00e0 Gen\u00e8ve, en Suisse.<\/p>\n\n\n\n<p style=\"font-size:18px\">Le 4\u00e8me cycle de l\u2019Examen P\u00e9riodique Universel a \u00e9t\u00e9 l\u2019occasion pour le Groupe de travail de proc\u00e9der \u00e0 l\u2019examen de la situation des Droits de l\u2019Homme dans 14 pays dont le Mali.<\/p>\n\n\n\n<p style=\"font-size:18px\">Le rapport national pr\u00e9sent\u00e9, \u00e0 cette occasion, a \u00e9t\u00e9 examin\u00e9 par le Groupe de travail sur l\u2019Examen<\/p>\n\n\n\n<p style=\"font-size:18px\">P\u00e9riodique Universel du Mali, le 2 mai 2023 en pr\u00e9sence de la d\u00e9l\u00e9gation malienne conduite par le ministre de la Justice et des Droits de l\u2019Homme, Garde des Sceaux, accompagn\u00e9 du ministre des Affaires \u00e9trang\u00e8res et de la Coop\u00e9ration internationale.<\/p>\n\n\n\n<p style=\"font-size:18px\">A l\u2019issue de cet examen, notre pays a re\u00e7u 275 recommandations sur lesquelles 219 ont \u00e9t\u00e9 accept\u00e9es, 53 not\u00e9es et 3 accept\u00e9es et not\u00e9es \u00e0 la fois.<\/p>\n\n\n\n<p style=\"font-size:18px\">Ainsi, les recommandations accept\u00e9es ont \u00e9t\u00e9 soumises, dans le cadre d\u2019un rapport national additif, au Groupe de travail du Conseil des Droits de l\u2019Homme des Nations unies de l\u2019Examen P\u00e9riodique Universel qui les a adopt\u00e9es lors de sa 54\u00e8me Session ordinaire.<\/p>\n\n\n\n<p style=\"font-size:18px\">Le pr\u00e9sent rapport \u00e0 mi-parcours fait ressortir le taux de mise en \u0153uvre des recommandations<\/p>\n\n\n\n<p style=\"font-size:18px\">accept\u00e9es.<\/p>\n\n\n\n<p style=\"font-size:18px\">2. Le ministre des Maliens \u00e9tablis \u00e0 l\u2019Ext\u00e9rieur et de l\u2019Int\u00e9gration africaine a inform\u00e9 le Conseil des Ministres de la tenue de la 3\u00e8me Session de \u00ab Tounkan Blon \u00bb, le 20 septembre 2025.<\/p>\n\n\n\n<p style=\"font-size:18px\">Cette 3\u00e8me Session, consacr\u00e9e aux Maliens \u00e9tablis en Am\u00e9riques et au Moyen-Orient, a enregistr\u00e9 la participation du Cabinet du ministre des Maliens \u00e9tablis \u00e0 l\u2019Ext\u00e9rieur et de l\u2019Int\u00e9gration africaine, de responsables des services centraux, de repr\u00e9sentants du Minist\u00e8re des Affaires \u00e9trang\u00e8res et de la<\/p>\n\n\n\n<p style=\"font-size:18px\">Coop\u00e9ration internationale, de repr\u00e9sentants des organisations des Maliens de l\u2019Ext\u00e9rieur, de<\/p>\n\n\n\n<p style=\"font-size:18px\">Missions diplomatiques et Postes consulaires du Mali ainsi que de repr\u00e9sentants de la diaspora<\/p>\n\n\n\n<p style=\"font-size:18px\">install\u00e9e aux Etats-Unis, au Canada, au Br\u00e9sil, \u00e0 Cuba, en Arabie saoudite, aux Emirats arabes unis, au Qatar et au Kowe\u00eft.<\/p>\n\n\n\n<p style=\"font-size:18px\">Elle a \u00e9t\u00e9 l\u2019occasion de recenser les pr\u00e9occupations exprim\u00e9es en vue de leur prise en charge \u00e0 travers, entre autres, l\u2019activation du cadre de concertation Gouvernement-Diaspora, le d\u00e9ploiement de missions de l\u2019Institut national de Pr\u00e9voyance sociale dans les juridictions \u00e0 forte demande et la mise<\/p>\n\n\n\n<p style=\"font-size:18px\">en place d\u2019un Guichet unique API-Diaspora.<\/p>\n\n\n\n<p style=\"font-size:18px\">3. Le ministre de l\u2019Agriculture a inform\u00e9 le Conseil des Ministres des principales conclusions de<\/p>\n\n\n\n<p style=\"font-size:18px\">la 1\u00e8re Edition du Forum sur le D\u00e9veloppement de l\u2019Agriculture dans l\u2019espace de la Conf\u00e9d\u00e9ration des Etats du Sahel, tenue du 18 au 20 septembre 2025, \u00e0 Bamako.<\/p>\n\n\n\n<p style=\"font-size:18px\">Cette 1\u00e8re Edition avait pour objectif d\u2019identifier les actions de synergie \u00e0 d\u00e9velopper afin de parvenir \u00e0 une vision partag\u00e9e favorable \u00e0 la transformation durable des syst\u00e8mes Agricoles au sein de l\u2019Espace conf\u00e9d\u00e9ral.<\/p>\n\n\n\n<p style=\"font-size:18px\">Elle s\u2019est d\u00e9roul\u00e9e en 2 phases :<\/p>\n\n\n\n<p style=\"font-size:18px\">\u2013 la r\u00e9union technique pr\u00e9paratoire des experts, tenue du 18 au 19 septembre 2025 ;<\/p>\n\n\n\n<p style=\"font-size:18px\">\u2013 la r\u00e9union des ministres charg\u00e9s de l\u2019Agriculture, de l\u2019Elevage et de la P\u00eache de la Conf\u00e9d\u00e9ration AES, le 20 septembre 2025.<\/p>\n\n\n\n<p style=\"font-size:18px\">Au cours de la r\u00e9union pr\u00e9paratoire, les experts ont fait l\u2019\u00e9tat des lieux des probl\u00e8mes auxquels le secteur Agricole est confront\u00e9 dans l\u2019Espace conf\u00e9d\u00e9ral avant de se pencher sur les principales th\u00e9matiques qui r\u00e9sument les enjeux relatifs au d\u00e9veloppement dudit secteur, en lien avec la souverainet\u00e9 alimentaire et la transformation structurelle de l\u2019\u00e9conomie de nos Etats.<\/p>\n\n\n\n<p style=\"font-size:18px\">A la suite des experts, la r\u00e9union des ministres a, entre autres :<\/p>\n\n\n\n<p style=\"font-size:18px\">\u2013 approuv\u00e9 la vision \u00e0 l\u2019horizon 2035 : \u00ab la Conf\u00e9d\u00e9ration des Etats du Sahel dispose d\u2019une<\/p>\n\n\n\n<p style=\"font-size:18px\">Agriculture comp\u00e9titive, durable et inclusive assurant la souverainet\u00e9 alimentaire et<\/p>\n\n\n\n<p style=\"font-size:18px\">contribuant \u00e0 l\u2019am\u00e9lioration des conditions de vie des populations de l\u2019Espace conf\u00e9d\u00e9ral \u00bb ;<\/p>\n\n\n\n<p style=\"font-size:18px\">\u2013 approuv\u00e9 les recommandations formul\u00e9es par les experts ;<\/p>\n\n\n\n<p style=\"font-size:18px\">\u2013 soulign\u00e9 la n\u00e9cessit\u00e9 de mettre l\u2019accent sur la r\u00e9alisation d\u2019am\u00e9nagements hydroagricoles,<\/p>\n\n\n\n<p style=\"font-size:18px\">d\u2019infrastructures de transformation, de conservation et de commercialisation des produits Agricoles ;<\/p>\n\n\n\n<p style=\"font-size:18px\">\u2013 soulign\u00e9 la n\u00e9cessit\u00e9 de faire de l\u2019Espace conf\u00e9d\u00e9ral un p\u00f4le sah\u00e9lien de r\u00e9f\u00e9rence en mati\u00e8re<\/p>\n\n\n\n<p style=\"font-size:18px\">de recherche et de formation Agricoles ;<\/p>\n\n\n\n<p style=\"font-size:18px\">\u2013 recommand\u00e9 l\u2019\u00e9laboration d\u2019un Plan de mise en \u0153uvre des actions de synergie identifi\u00e9es,<\/p>\n\n\n\n<p style=\"font-size:18px\">assorti d\u2019une Feuille de route.<\/p>\n\n\n\n<p style=\"font-size:18px\">4. Le ministre de la Communication, de l\u2019Economie num\u00e9rique et de la Modernisation de l\u2019Administration a inform\u00e9 le Conseil des Ministres de la r\u00e9\u00e9lection du Mali au Conseil<\/p>\n\n\n\n<p style=\"font-size:18px\">d\u2019Administration de l\u2019Union Postale Universelle, tenu du 08 au 19 septembre 2025, \u00e0 Duba\u00ef<\/p>\n\n\n\n<p style=\"font-size:18px\">aux Emirats arabes unis.<\/p>\n\n\n\n<p style=\"font-size:18px\">Cette r\u00e9\u00e9lection, lors du 28\u00e8me Congr\u00e8s de l\u2019Union Postale Universelle, est le r\u00e9sultat de l\u2019implication du Pr\u00e9sident de la Transition, Chef de l\u2019Etat et d\u2019une diplomatie active.<\/p>\n\n\n\n<p style=\"font-size:18px\">Elle est porteuse d\u2019opportunit\u00e9s majeures, notamment :<\/p>\n\n\n\n<p style=\"font-size:18px\">\u2013 le renforcement de l\u2019image du Mali sur la sc\u00e8ne internationale ;<\/p>\n\n\n\n<p style=\"font-size:18px\">\u2013 la participation active aux d\u00e9cisions mondiales sur la logistique, le commerce \u00e9lectronique, l\u2019innovation num\u00e9rique et le financement du d\u00e9veloppement postal ;<\/p>\n\n\n\n<p style=\"font-size:18px\">\u2013 la d\u00e9fense des int\u00e9r\u00eats de la R\u00e9gion Afrique et la promotion de projets structurants en faveur<\/p>\n\n\n\n<p style=\"font-size:18px\">de notre pays.<\/p>\n\n\n\n<p style=\"font-size:18px\">5. Le ministre de l\u2019Elevage et de la P\u00eache a inform\u00e9 le Conseil des Ministres de la c\u00e9l\u00e9bration de<\/p>\n\n\n\n<p style=\"font-size:18px\">la 19\u00e8me Edition de la Journ\u00e9e Mondiale de lutte contre la rage, le 28 septembre 2025.<\/p>\n\n\n\n<p style=\"font-size:18px\">Cette 19\u00e8me Edition, plac\u00e9e sous le th\u00e8me : \u00ab Agissons maintenant : toi, moi, la communaut\u00e9 \u00bb, vise \u00e0 sensibiliser la population sur la vaccination r\u00e9guli\u00e8re des animaux de compagnie pour l\u2019\u00e9limination<\/p>\n\n\n\n<p style=\"font-size:18px\">de la rage \u00e0 l\u2019horizon 2030.<\/p>\n\n\n\n<p style=\"font-size:18px\">La c\u00e9r\u00e9monie officielle de c\u00e9l\u00e9bration de ladite journ\u00e9e aura lieu le 29 septembre 2025, \u00e0 Bamako.<\/p>\n\n\n\n<p style=\"font-size:18px\">6. Le ministre de la Sant\u00e9 et du D\u00e9veloppement social a inform\u00e9 le Conseil des Ministres :<\/p>\n\n\n\n<p style=\"font-size:18px\">a. de l\u2019organisation de la 30\u00e8me Edition du Mois de la Solidarit\u00e9 et de la Lutte contre l\u2019Exclusion, en octobre 2025.<\/p>\n\n\n\n<p style=\"font-size:18px\">Cette 30\u00e8me Edition, pr\u00e9vue du 1er au 31 octobre 2025, est plac\u00e9e sous le th\u00e8me : \u00ab Solidarit\u00e9 dans la diversit\u00e9 culturelle, base d\u2019une soci\u00e9t\u00e9 inclusive \u00bb.<\/p>\n\n\n\n<p style=\"font-size:18px\">Le programme du mois s\u2019articule autour de 4 semaines th\u00e9matiques, \u00e0 savoir :<\/p>\n\n\n\n<p style=\"font-size:18px\">\u2013 la Semaine des Personnes \u00e2g\u00e9es ;<\/p>\n\n\n\n<p style=\"font-size:18px\">\u2013 la Semaine de la Femme et de l\u2019Enfant ;<\/p>\n\n\n\n<p style=\"font-size:18px\">\u2013 la Semaine des Personnes vivant avec un handicap ;<\/p>\n\n\n\n<p style=\"font-size:18px\">\u2013 la Semaine de la Jeunesse, de l\u2019Emploi et de l\u2019Entrepreneuriat.<\/p>\n\n\n\n<p style=\"font-size:18px\">Le lancement officiel est pr\u00e9vu le 30 septembre 2025.<\/p>\n\n\n\n<p style=\"font-size:18px\">b. de la situation \u00e9pid\u00e9miologique du pays marqu\u00e9e, notamment par une augmentation du nombre de cas confirm\u00e9s de dengue compar\u00e9 \u00e0 celui de la semaine \u00e9coul\u00e9e.<\/p>\n\n\n\n<p style=\"font-size:18px\">Le Pr\u00e9sident de la Transition, Chef de l\u2019Etat a appel\u00e9 la population au respect strict des mesures de pr\u00e9vention et de lutte contre les maladies.<\/p>\n\n\n\n<p style=\"font-size:18px\">Bamako, le 26 septembre 2025<\/p>\n\n\n\n<p style=\"font-size:18px\">Le Secr\u00e9taire g\u00e9n\u00e9ral du Gouvernement,<\/p>\n\n\n\n<p style=\"font-size:18px\">Birama COULIBALY<\/p>\n\n\n\n<p style=\"font-size:18px\">Chevalier de l\u2019Ordre national<\/p>\n\n\n\n<p><\/p>\n\n\n\n<p><a href=\"https:\/\/koulouba.ml\/communique-du-conseil-des-ministres-du-vendredi-26-septembre-2025-cm-n2025-40-sgg\/\" data-type=\"link\" data-id=\"https:\/\/koulouba.ml\/communique-du-conseil-des-ministres-du-vendredi-26-septembre-2025-cm-n2025-40-sgg\/\"><strong>Source : Koulouba.ml<\/strong><\/a><\/p>\n","protected":false},"excerpt":{"rendered":"<p>Le Conseil des Ministres s\u2019est r\u00e9uni en session ordinaire, le vendredi 26 septembre 2025, dans sa salle de d\u00e9lib\u00e9rations au Palais de Koulouba, sous la pr\u00e9sidence du G\u00e9n\u00e9ral d\u2019Arm\u00e9e Assimi&hellip;<\/p>\n","protected":false},"author":1,"featured_media":23227,"comment_status":"open","ping_status":"open","sticky":false,"template":"","format":"standard","meta":{"content-type":"","_lmt_disableupdate":"","_lmt_disable":"","_jetpack_memberships_contains_paid_content":false,"footnotes":"","jetpack_publicize_message":"","jetpack_publicize_feature_enabled":true,"jetpack_social_post_already_shared":true,"jetpack_social_options":{"image_generator_settings":{"template":"highway","default_image_id":0,"font":"","enabled":false},"version":2}},"categories":[125,28,43],"tags":[],"class_list":["post-23226","post","type-post","status-publish","format-standard","has-post-thumbnail","hentry","category-actualite","category-communique-du-conseil-des-ministres","category-nandi-info"],"jetpack_publicize_connections":[],"featured_image_urls":{"full":["https:\/\/nandi.info\/wp-content\/uploads\/2025\/09\/Communique-du-Conseil-des-Ministres.jpg",1536,1025,false],"thumbnail":["https:\/\/nandi.info\/wp-content\/uploads\/2025\/09\/Communique-du-Conseil-des-Ministres-150x150.jpg",150,150,true],"medium":["https:\/\/nandi.info\/wp-content\/uploads\/2025\/09\/Communique-du-Conseil-des-Ministres-300x200.jpg",300,200,true],"medium_large":["https:\/\/nandi.info\/wp-content\/uploads\/2025\/09\/Communique-du-Conseil-des-Ministres-768x513.jpg",768,513,true],"large":["https:\/\/nandi.info\/wp-content\/uploads\/2025\/09\/Communique-du-Conseil-des-Ministres-1024x683.jpg",1024,683,true],"1536x1536":["https:\/\/nandi.info\/wp-content\/uploads\/2025\/09\/Communique-du-Conseil-des-Ministres.jpg",1536,1025,false],"2048x2048":["https:\/\/nandi.info\/wp-content\/uploads\/2025\/09\/Communique-du-Conseil-des-Ministres.jpg",1536,1025,false],"penci-recipe-1200x1200":["https:\/\/nandi.info\/wp-content\/uploads\/2025\/09\/Communique-du-Conseil-des-Ministres-1200x1025.jpg",1200,1025,true],"penci-recipe-1200x900":["https:\/\/nandi.info\/wp-content\/uploads\/2025\/09\/Communique-du-Conseil-des-Ministres-1200x900.jpg",1200,900,true],"penci-recipe-1200x675":["https:\/\/nandi.info\/wp-content\/uploads\/2025\/09\/Communique-du-Conseil-des-Ministres-1200x675.jpg",1200,675,true],"penci-single-full":["https:\/\/nandi.info\/wp-content\/uploads\/2025\/09\/Communique-du-Conseil-des-Ministres.jpg",1536,1025,false],"penci-slider-full-thumb":["https:\/\/nandi.info\/wp-content\/uploads\/2025\/09\/Communique-du-Conseil-des-Ministres-1536x800.jpg",1536,800,true],"penci-full-thumb":["https:\/\/nandi.info\/wp-content\/uploads\/2025\/09\/Communique-du-Conseil-des-Ministres-1170x781.jpg",1170,781,true],"penci-slider-thumb":["https:\/\/nandi.info\/wp-content\/uploads\/2025\/09\/Communique-du-Conseil-des-Ministres-1170x663.jpg",1170,663,true],"penci-magazine-slider":["https:\/\/nandi.info\/wp-content\/uploads\/2025\/09\/Communique-du-Conseil-des-Ministres-780x516.jpg",780,516,true],"penci-thumb":["https:\/\/nandi.info\/wp-content\/uploads\/2025\/09\/Communique-du-Conseil-des-Ministres-585x390.jpg",585,390,true],"penci-masonry-thumb":["https:\/\/nandi.info\/wp-content\/uploads\/2025\/09\/Communique-du-Conseil-des-Ministres-585x390.jpg",585,390,true],"penci-thumb-square":["https:\/\/nandi.info\/wp-content\/uploads\/2025\/09\/Communique-du-Conseil-des-Ministres-585x585.jpg",585,585,true],"penci-thumb-vertical":["https:\/\/nandi.info\/wp-content\/uploads\/2025\/09\/Communique-du-Conseil-des-Ministres-480x650.jpg",480,650,true],"penci-thumb-small":["https:\/\/nandi.info\/wp-content\/uploads\/2025\/09\/Communique-du-Conseil-des-Ministres-263x175.jpg",263,175,true]},"author_info":{"display_name":"Nandi","author_link":"https:\/\/nandi.info\/?author=1"},"category_info":"<a href=\"https:\/\/nandi.info\/?cat=125\" rel=\"category\">Actualit\u00e9<\/a> <a href=\"https:\/\/nandi.info\/?cat=28\" rel=\"category\">Communique du conseil des ministres<\/a> <a href=\"https:\/\/nandi.info\/?cat=43\" rel=\"category\">Nandi.info<\/a>","tag_info":"Nandi.info","comment_count":"0","jetpack_featured_media_url":"https:\/\/nandi.info\/wp-content\/uploads\/2025\/09\/Communique-du-Conseil-des-Ministres.jpg","jetpack_sharing_enabled":true,"_links":{"self":[{"href":"https:\/\/nandi.info\/index.php?rest_route=\/wp\/v2\/posts\/23226","targetHints":{"allow":["GET"]}}],"collection":[{"href":"https:\/\/nandi.info\/index.php?rest_route=\/wp\/v2\/posts"}],"about":[{"href":"https:\/\/nandi.info\/index.php?rest_route=\/wp\/v2\/types\/post"}],"author":[{"embeddable":true,"href":"https:\/\/nandi.info\/index.php?rest_route=\/wp\/v2\/users\/1"}],"replies":[{"embeddable":true,"href":"https:\/\/nandi.info\/index.php?rest_route=%2Fwp%2Fv2%2Fcomments&post=23226"}],"version-history":[{"count":2,"href":"https:\/\/nandi.info\/index.php?rest_route=\/wp\/v2\/posts\/23226\/revisions"}],"predecessor-version":[{"id":23229,"href":"https:\/\/nandi.info\/index.php?rest_route=\/wp\/v2\/posts\/23226\/revisions\/23229"}],"wp:featuredmedia":[{"embeddable":true,"href":"https:\/\/nandi.info\/index.php?rest_route=\/wp\/v2\/media\/23227"}],"wp:attachment":[{"href":"https:\/\/nandi.info\/index.php?rest_route=%2Fwp%2Fv2%2Fmedia&parent=23226"}],"wp:term":[{"taxonomy":"category","embeddable":true,"href":"https:\/\/nandi.info\/index.php?rest_route=%2Fwp%2Fv2%2Fcategories&post=23226"},{"taxonomy":"post_tag","embeddable":true,"href":"https:\/\/nandi.info\/index.php?rest_route=%2Fwp%2Fv2%2Ftags&post=23226"}],"curies":[{"name":"wp","href":"https:\/\/api.w.org\/{rel}","templated":true}]}}