{"id":23210,"date":"2025-09-27T23:24:04","date_gmt":"2025-09-27T21:24:04","guid":{"rendered":"https:\/\/nandi.info\/?p=23210"},"modified":"2025-09-27T23:24:09","modified_gmt":"2025-09-27T21:24:09","slug":"le-ministre-kassogue-trace-les-contours-sur-la-mise-en-oeuvre-du-code-de-procedure-penale","status":"publish","type":"post","link":"https:\/\/nandi.info\/?p=23210","title":{"rendered":"Le ministre Kassogue trace les contours sur la mise en \u0153uvre du code de proc\u00e9dure p\u00e9nale"},"content":{"rendered":"\n<h2 class=\"wp-block-heading\">Op\u00e9rationnalisation des chambres criminelles, poursuite contre les personnes morales, institution du Coll\u00e8ge des libert\u00e9s et de la d\u00e9tention\u2026<\/h2>\n\n\n\n<figure class=\"wp-block-image alignleft size-full is-resized\"><img fetchpriority=\"high\" decoding=\"async\" width=\"650\" height=\"433\" src=\"https:\/\/nandi.info\/wp-content\/uploads\/2025\/01\/Kassogue.jpg\" alt=\"\" class=\"wp-image-20880\" style=\"width:503px;height:auto\" srcset=\"https:\/\/nandi.info\/wp-content\/uploads\/2025\/01\/Kassogue.jpg 650w, https:\/\/nandi.info\/wp-content\/uploads\/2025\/01\/Kassogue-300x200.jpg 300w, https:\/\/nandi.info\/wp-content\/uploads\/2025\/01\/Kassogue-585x390.jpg 585w, https:\/\/nandi.info\/wp-content\/uploads\/2025\/01\/Kassogue-263x175.jpg 263w\" sizes=\"(max-width: 650px) 100vw, 650px\" \/><figcaption class=\"wp-element-caption\">Cr\u00e9dit dr<\/figcaption><\/figure>\n\n\n\n<p style=\"font-size:18px\"><strong>Dans une correspondance dont nous avons pu nous procurer une copie, le ministre de la Justice et des Droits de l&rsquo;Homme instruit \u00e0 l&rsquo;inspecteur en chef des services judiciaires, aux chefs de juridictions et de parquets, aux juges d&rsquo;instruction, aux officiers et agents de police judiciaire de prendre des dispositions pour la mise en \u0153uvre du Code de proc\u00e9dure p\u00e9nale.<\/strong><\/p>\n\n\n\n<p class=\"has-drop-cap\" style=\"font-size:18px\">A l&rsquo;entame, le ministre de la Justice et des Droits de l&rsquo;Homme rappelle que son d\u00e9partement a fait adopter le Code p\u00e9nal et le Code de proc\u00e9dure p\u00e9nale, deux textes r\u00e9pressifs majeurs qui, par leur richesse, leur vari\u00e9t\u00e9, leur densit\u00e9 et leur ad\u00e9quation avec les r\u00e9alit\u00e9s sociales sont devenus des textes r\u00e9f\u00e9rentiels qui marqueront tr\u00e8s certainement des g\u00e9n\u00e9rations de juristes, en g\u00e9n\u00e9ral, et de professionnels du droit, en particulier. Et d&rsquo;ajouter que le programme l\u00e9gislatif qui a abouti \u00e0 la refonte du dispositif p\u00e9nal est parvenu \u00e0 corriger les nombreuses insuffisances, lacunes, vides juridiques et anachronismes qui se sont r\u00e9v\u00e9l\u00e9s \u00e0 l&rsquo;\u00e9preuve du temps et de la pratique judiciaire permettant \u00e9galement de donner corps aux engagements internationaux auxquels notre pays a souscrit.<\/p>\n\n\n\n<p style=\"font-size:18px\">Ainsi, mentionne la correspondance, la n\u00e9cessit\u00e9 s&rsquo;imposait de r\u00e9aliser un \u00e9quilibre entre plusieurs imp\u00e9ratifs a priori contradictoires, mais qui s&rsquo;av\u00e9raient compl\u00e9mentaires les uns des autres \u00e0 savoir la s\u00e9curisation des personnes et des biens, l&rsquo;assainissement du milieu des affaires, la c\u00e9l\u00e9rit\u00e9 de la justice et sa fiabilit\u00e9, le respect des droits et libert\u00e9s individuelles des citoyens et celui des droits de la d\u00e9fense.<\/p>\n\n\n\n<p style=\"font-size:18px\">Apr\u00e8s une vingtaine d&rsquo;ann\u00e9es de pratique, poursuit le document, le Code de proc\u00e9dure p\u00e9nale soulevait des difficult\u00e9s tant dans son architecture que dans son contenu. Il s&rsquo;agissait de combler les vides juridiques et d&rsquo;apporter des r\u00e9ponses ad\u00e9quates face \u00e0 l&rsquo;\u00e9volution des enjeux et des d\u00e9fis sur l&rsquo;efficacit\u00e9 de la politique p\u00e9nale en prenant en compte les mutations de la criminalit\u00e9, la n\u00e9cessit\u00e9 de renforcer la protection des droits des personnes poursuivies, des t\u00e9moins et des victimes.<\/p>\n\n\n\n<p style=\"font-size:18px\">Dans la perspective de l&rsquo;appropriation progressive par les acteurs de la Justice des nouveaux Code p\u00e9nal et Code de proc\u00e9dure p\u00e9nale, il est apparu opportun de s&rsquo;appesantir sur les mesures d&rsquo;accompagnement, en particulier relativement au Code de proc\u00e9dure p\u00e9nale qui a \u00e9t\u00e9 promulgu\u00e9 le 13 d\u00e9cembre 2024 et dont l&rsquo;entr\u00e9e en vigueur a \u00e9t\u00e9 diff\u00e9r\u00e9e de six mois pour \u00eatre effective le 13 juin 2025.<\/p>\n\n\n\n<p style=\"font-size:18px\"><strong>Les principales innovations<\/strong><\/p>\n\n\n\n<p style=\"font-size:18px\">En vue d&rsquo;une meilleure compr\u00e9hension, le d\u00e9partement de la Justice a convenu tout d&rsquo;abord d&rsquo;invoquer les principales innovations contenues dans le Code de proc\u00e9dure p\u00e9nale, ensuite de pr\u00e9ciser les mesures de mise en \u0153uvre de ces innovations, et enfin d&rsquo;\u00e9voquer les dispositions transitoires qui sont contenues dans ce Code.<\/p>\n\n\n\n<p style=\"font-size:18px\">En ce qui concerne les principales innovations contenues dans le Code de proc\u00e9dure p\u00e9nale, elles portent, entre autres, sur : la garde \u00e0 vue les mesures y relatives sont contenues dans les articles 109 \u00e0 149 ;&nbsp;&nbsp;la liste des Officiers et des Agents de police judiciaire cette liste a connu une \u00e9volution en prenant en compte d&rsquo;autres cat\u00e9gories d&rsquo;intervenants et dans des conditions qui ont \u00e9t\u00e9 sp\u00e9cifi\u00e9es aux articles 26 \u00e0 37 ; les techniques modernes et intrusives d&rsquo;enqu\u00eate ; les poursuites contre certains responsables politiques ou administratifs.<\/p>\n\n\n\n<p style=\"font-size:18px\">A cet effet, le pr\u00e9sident de la R\u00e9publique pour les infractions commises en dehors de ses fonctions et les membres du gouvernement pour les faits commis dans ou hors de l&rsquo;exercice de leurs fonctions, sont p\u00e9nalement responsables devant les juridictions de droit commun en raison de la suppression de la Haute Cour de justice. Il en est de m\u00eame pour les parlementaires compte tenu de la r\u00e9vision des dispositions relatives aux immunit\u00e9s les concernant.<\/p>\n\n\n\n<p style=\"font-size:18px\">Dans le m\u00eame ordre d&rsquo;id\u00e9es, les personnalit\u00e9s ayant rang de ministre, les membres de la Cour supr\u00eame, de la Cour constitutionnelle, de la Cour des comptes, les gouverneurs de r\u00e9gion ou de district, les magistrats, les officiers de police judiciaire, les pr\u00e9fets, les adjoints aux pr\u00e9fets, les sous-pr\u00e9fets, les pr\u00e9sidents de Conseil r\u00e9gional ou les maires sont p\u00e9nalement responsables devant les juridictions de droit commun.<\/p>\n\n\n\n<p style=\"font-size:18px\"><strong>Poursuite contre&nbsp;<\/strong><strong>les personnes morales<\/strong><\/p>\n\n\n\n<p style=\"font-size:18px\">Pour la poursuite contre les personnes morales, il est d\u00e9sormais possible que, toute personne morale de droit priv\u00e9, soup\u00e7onn\u00e9e de commission d&rsquo;infraction \u00e0 la loi p\u00e9nale, puisse faire l&rsquo;objet de poursuite, d&rsquo;instruction et de jugement. Selon la correspondance, la mise en libert\u00e9 peut \u00eatre subordonn\u00e9e \u00e0 la fourniture d&rsquo;un cautionnement sous forme soit de constitution de suret\u00e9 soit de cautionnement personnel en mati\u00e8re correctionnelle. Ce cautionnement est fourni en esp\u00e8ces, billets de banque, ch\u00e8ques certifi\u00e9s ou titres \u00e9mis en garantie par l&rsquo;Etat.<\/p>\n\n\n\n<p style=\"font-size:18px\">En mati\u00e8re d&rsquo;infractions \u00e9conomiques et financi\u00e8res, le cautionnement est fix\u00e9 \u00e0 un montant \u00e9quivalent aux deux tiers du pr\u00e9judice et ne peut \u00eatre inf\u00e9rieure en aucun cas \u00e0 la moiti\u00e9 du montant des sommes reproch\u00e9es au mis en cause.<\/p>\n\n\n\n<p style=\"font-size:18px\">Il convient de relever l&rsquo;introduction de la possibilit\u00e9 de m\u00e9diation en mati\u00e8re \u00e9conomique et financi\u00e8re qui associe le contentieux du gouvernement et l&rsquo;Agence de recouvrement et de gestion des avoirs saisis ou confisqu\u00e9s.<\/p>\n\n\n\n<p style=\"font-size:18px\">Pour le d\u00e9partement de la Justice, l&rsquo;une des innovations phares du Code de proc\u00e9dure p\u00e9nale est l&rsquo;institution au sein de chaque Tribunal de grande instance d&rsquo;un Coll\u00e8ge des libert\u00e9s et de la d\u00e9tention charg\u00e9 de statuer sur la d\u00e9tention, les libert\u00e9s, le contr\u00f4le judiciaire et sur toutes mesures portant sur le cautionnement.<\/p>\n\n\n\n<p style=\"font-size:18px\">Ce Coll\u00e8ge statue \u00e9galement sur la d\u00e9tention des condamn\u00e9s, \u00e0 la demande du Juge de l&rsquo;application des peines. A ce sujet, il convient de rappeler la d\u00e9tention provisoire est ordonn\u00e9e ou prolong\u00e9e par le Coll\u00e8ge des libert\u00e9s et de la d\u00e9tention qui statue \u00e9galement sur les demandes de mise en libert\u00e9 provisoire.<\/p>\n\n\n\n<p style=\"font-size:18px\"><strong>Institution du Coll\u00e8ge des<\/strong><strong>&nbsp;libert\u00e9s et de la d\u00e9tention<\/strong><\/p>\n\n\n\n<p style=\"font-size:18px\">Ainsi, lorsque le Coll\u00e8ge ordonne ou prolonge une d\u00e9tention provisoire ou rejette une demande de mise en libert\u00e9, son ordonnance doit comporter l&rsquo;\u00e9nonc\u00e9 des consid\u00e9rations de droit et de fait qui motivent sa d\u00e9cision.<\/p>\n\n\n\n<p style=\"font-size:18px\">Le Coll\u00e8ge des libert\u00e9s et de la d\u00e9tention statue sur saisine du juge d&rsquo;Instruction ou du Procureur de la R\u00e9publique sur la base d&rsquo;une ordonnance ou d&rsquo;un r\u00e9quisitoire motiv\u00e9 en r\u00e9f\u00e9rence aux seules dispositions de l&rsquo;article 270 du Code de proc\u00e9dure p\u00e9nale et l&rsquo;ordonnance ou le r\u00e9quisitoire est transmis en m\u00eame temps que le dossier de la proc\u00e9dure.<\/p>\n\n\n\n<p style=\"font-size:18px\">Le Coll\u00e8ge des libert\u00e9s et de la d\u00e9tention est compos\u00e9 pour la dur\u00e9e d&rsquo;une ann\u00e9e judiciaire par le pr\u00e9sident ou le vice-pr\u00e9sident du Tribunal de grande instance ou du Tribunal d&rsquo;Instance assist\u00e9 de deux Juges dont un Juge d&rsquo;Instruction le cas \u00e9ch\u00e9ant tous d\u00e9sign\u00e9s par le pr\u00e9sident de la juridiction susvis\u00e9e. En cas de vacance ou d&#8217;emp\u00eachement du pr\u00e9sident, il est proc\u00e9d\u00e9 \u00e0 son remplacement par ordonnance du Premier pr\u00e9sident de la Cour d&rsquo;Appel.<\/p>\n\n\n\n<p style=\"font-size:18px\">En cas de vacance d&#8217;emploi ou d&#8217;emp\u00eachement du vice-pr\u00e9sident ou d&rsquo;un juge d\u00e9sign\u00e9 au sein du Coll\u00e8ge, il est proc\u00e9d\u00e9 \u00e0 son remplacement par ordonnance du pr\u00e9sident du Tribunal.<\/p>\n\n\n\n<p style=\"font-size:18px\">De la lecture du document, il ressort que toutes les ordonnances sont prises coll\u00e9gialement \u00e0 l&rsquo;exception des ordonnances du pr\u00e9sident du Coll\u00e8ge statuant seul en mati\u00e8re de flagrant d\u00e9lit. En cas de partage \u00e9gal de voix, celle du pr\u00e9sident du Coll\u00e8ge est pr\u00e9pond\u00e9rante. Un membre du Coll\u00e8ge ne peut \u00e0 peine de nullit\u00e9 participer \u00e0 l&rsquo;instruction ou au jugement des affaires p\u00e9nales dont il a connu. Aussi, le Coll\u00e8ge statue en audience de cabinet assist\u00e9 d&rsquo;un Greffier et lorsqu&rsquo;il ne peut se r\u00e9unir, le pr\u00e9sident du Tribunal d&rsquo;instance statue \u00e0 Juge unique.<\/p>\n\n\n\n<p style=\"font-size:18px\"><strong>Institution du Juge de&nbsp;<\/strong><strong>l&rsquo;application des peines<\/strong><\/p>\n\n\n\n<p style=\"font-size:18px\">En cas de vacance d&#8217;emploi ou d&#8217;emp\u00eachement, il est remplac\u00e9 dans les conditions pr\u00e9vues \u00e0 l&rsquo;article 269-1 du pr\u00e9sent Code. Par d\u00e9rogation aux dispositions, il participe au jugement des affaires dont il a connu.<\/p>\n\n\n\n<p style=\"font-size:18px\">Il ressort de l&rsquo;analyse combin\u00e9e de ces dispositions que le Coll\u00e8ge des libert\u00e9s et de la d\u00e9tention devra \u00eatre mis en place pour une ann\u00e9e judiciaire. Et de rappeler que l&rsquo;ann\u00e9e judiciaire d\u00e9bute traditionnellement le 1er novembre de chaque ann\u00e9e pour finir le 31 juillet de chaque ann\u00e9e.<\/p>\n\n\n\n<p style=\"font-size:18px\">Cependant, le Coll\u00e8ge des libert\u00e9s et de la d\u00e9tention ne peut \u00eatre imm\u00e9diatement mis en place compte tenu notamment de la faiblesse des effectifs. Donc, il le sera progressivement conform\u00e9ment aux instructions qui seront donn\u00e9es ult\u00e9rieurement dans ce sens. Ainsi, en attendant la mise en place du Coll\u00e8ge des libert\u00e9s et de la d\u00e9tention, les Juges d&rsquo;Instruction et les procureurs de la R\u00e9publique continuent \u00e0 exercer la pl\u00e9nitude de leurs attributions par rapport aux mandats de Justice.<\/p>\n\n\n\n<p style=\"font-size:18px\">D&rsquo;autres innovations contenues dans les deux codes : l&rsquo;institution du juge de l&rsquo;application des peines ; l&rsquo;institution de la Chambre criminelle au sein du Tribunal de grande instance et au sein de la Cour d&rsquo;appel, les r\u00e9am\u00e9nagements dans les attributions du procureur de la R\u00e9publique, la plainte avec constitution de partie civile, la fixation&nbsp;&nbsp;du d\u00e9lai de prescription des crimes ordinaires \u00e0 15 ans et \u00e0 20 ans pour les crimes de nature sexuelle. Par contre, les crimes de guerre, contre l&rsquo;humanit\u00e9, de g\u00e9nocide, d&rsquo;infractions terroristes et d&rsquo;infractions d&rsquo;atteinte aux biens publics punies de peine criminelle sont d\u00e9sormais imprescriptibles.<\/p>\n\n\n\n<p style=\"font-size:18px\">Le minist\u00e8re de la Justice pr\u00e9cise les innovations dont la mise en \u0153uvre est imm\u00e9diate et qui ne sont pas tributaires de texte particulier d&rsquo;application, il s&rsquo;agit de : la conduite des enqu\u00eates par la police judiciaire et les dispositions relatives \u00e0 la garde \u00e0 vue et \u00e0 l&rsquo;information de la victime ; la plainte avec constitution de partie civile devant le pr\u00e9sident du Tribunal et non devant le juge d&rsquo;instruction ; la r\u00e9vision des r\u00e8gles en mati\u00e8re de cautionnement concernant les infractions en mati\u00e8re de d\u00e9linquance \u00e9conomique et financi\u00e8re ; l&rsquo;harmonisation avec la Constitution des dispositions relatives aux poursuites concernant des responsables politiques et administratifs ; la mise en coh\u00e9rence des r\u00e8gles de poursuite, d&rsquo;instruction et de jugement communes aux P\u00f4les sp\u00e9cialis\u00e9s en mati\u00e8re de lutte contre la d\u00e9linquance \u00e9conomique et financi\u00e8re, le terrorisme et la criminalit\u00e9 transnationale organis\u00e9e et la cybercriminalit\u00e9.<\/p>\n\n\n\n<p style=\"font-size:18px\"><strong>Op\u00e9rationnalisation des&nbsp;<\/strong><strong>chambres criminelles<\/strong><\/p>\n\n\n\n<p style=\"font-size:18px\">Les innovations dont la mise en \u0153uvre intervient \u00e0 court terme ayant besoin soit d&rsquo;un texte particulier d&rsquo;application soit d&rsquo;un r\u00e9am\u00e9nagement en termes de personnel des juridictions, ce sont : l&rsquo;institution de la m\u00e9diation p\u00e9nale en mati\u00e8re d&rsquo;infractions \u00e9conomiques et financi\u00e8res ; l&rsquo;op\u00e9rationnalisation de la coll\u00e9gialit\u00e9 dans les trois P\u00f4les judiciaires sp\u00e9cialis\u00e9es et au Tribunal de commerce de Bamako au plus tard le 1er novembre 2025. A cet effet, il est demand\u00e9 aux chefs de ces juridictions et de parquets de rendre compte de l&rsquo;effectivit\u00e9 de la mesure dans un d\u00e9lai de deux mois et l&rsquo;inspection des services judicaires veillera \u00e0 la mise en \u0153uvre de cette injonction.<\/p>\n\n\n\n<p style=\"font-size:18px\">Les innovations dont la mise en \u0153uvre devrait intervenir \u00e0 court et moyen terme \u00e0 savoir : l&rsquo;op\u00e9rationnalisation des Chambres criminelles au niveau des Tribunaux de grande instance ; l&rsquo;institution du Coll\u00e8ge des libert\u00e9s et de la d\u00e9tention afin de mieux encadrer le placement en d\u00e9tention des pr\u00e9venus et des inculp\u00e9s: les membres du Coll\u00e8ge \u00e9tant d\u00e9sign\u00e9s pour la dur\u00e9e de l&rsquo;ann\u00e9e judiciaire, les Chefs de Juridiction concern\u00e9s devront prendre des dispositions afin que le Coll\u00e8ge soit op\u00e9rationnel au plus tard le 1er novembre de chaque ann\u00e9e.<\/p>\n\n\n\n<p style=\"font-size:18px\">Pour les dispositions transitoires, il est \u00e0 pr\u00e9ciser que les dossiers en instance relevant de la Cour d&rsquo;assises sont jug\u00e9s par les chambres criminelles comp\u00e9tentes des Cours d&rsquo;appel.<\/p>\n\n\n\n<p style=\"font-size:18px\">En cons\u00e9quence, pour les dossiers en instance de jugement par la Cour d&rsquo;assises, il est demand\u00e9 de faire la distinction entre les dossiers d\u00e9j\u00e0 enr\u00f4l\u00e9s ou en cours de jugement et les dossiers transmis par la Chambre d&rsquo;accusation pour \u00eatre programm\u00e9s aux assises.<\/p>\n\n\n\n<p style=\"font-size:18px\">Aussi, les juges d&rsquo;instruction sont invit\u00e9s \u00e0 suspendre la prise des ordonnances de transmission de pi\u00e8ces au procureurs g\u00e9n\u00e9raux \u00e0 partir du 1er novembre 2025, date \u00e0 laquelle, ils prendront des ordonnances de renvoi devant la Chambre criminelle comp\u00e9tente.&nbsp;&nbsp;<\/p>\n\n\n\n<p style=\"font-size:18px\"><strong>Boubacar Pa\u00eftao&nbsp;<\/strong><\/p>\n","protected":false},"excerpt":{"rendered":"<p>Op\u00e9rationnalisation des chambres criminelles, poursuite contre les personnes morales, institution du Coll\u00e8ge des libert\u00e9s et de la d\u00e9tention\u2026 Dans une correspondance dont nous avons pu nous procurer une copie, le&hellip;<\/p>\n","protected":false},"author":1,"featured_media":20880,"comment_status":"open","ping_status":"open","sticky":false,"template":"","format":"standard","meta":{"content-type":"","_lmt_disableupdate":"","_lmt_disable":"","_jetpack_memberships_contains_paid_content":false,"footnotes":"","jetpack_publicize_message":"","jetpack_publicize_feature_enabled":true,"jetpack_social_post_already_shared":true,"jetpack_social_options":{"image_generator_settings":{"template":"highway","default_image_id":0,"font":"","enabled":false},"version":2}},"categories":[19,56,21],"tags":[],"class_list":["post-23210","post","type-post","status-publish","format-standard","has-post-thumbnail","hentry","category-aujourdhui-mali","category-justice","category-societe"],"jetpack_publicize_connections":[],"featured_image_urls":{"full":["https:\/\/nandi.info\/wp-content\/uploads\/2025\/01\/Kassogue.jpg",650,433,false],"thumbnail":["https:\/\/nandi.info\/wp-content\/uploads\/2025\/01\/Kassogue-150x150.jpg",150,150,true],"medium":["https:\/\/nandi.info\/wp-content\/uploads\/2025\/01\/Kassogue-300x200.jpg",300,200,true],"medium_large":["https:\/\/nandi.info\/wp-content\/uploads\/2025\/01\/Kassogue.jpg",650,433,false],"large":["https:\/\/nandi.info\/wp-content\/uploads\/2025\/01\/Kassogue.jpg",650,433,false],"1536x1536":["https:\/\/nandi.info\/wp-content\/uploads\/2025\/01\/Kassogue.jpg",650,433,false],"2048x2048":["https:\/\/nandi.info\/wp-content\/uploads\/2025\/01\/Kassogue.jpg",650,433,false],"penci-recipe-1200x1200":["https:\/\/nandi.info\/wp-content\/uploads\/2025\/01\/Kassogue.jpg",650,433,false],"penci-recipe-1200x900":["https:\/\/nandi.info\/wp-content\/uploads\/2025\/01\/Kassogue.jpg",650,433,false],"penci-recipe-1200x675":["https:\/\/nandi.info\/wp-content\/uploads\/2025\/01\/Kassogue.jpg",650,433,false],"penci-single-full":["https:\/\/nandi.info\/wp-content\/uploads\/2025\/01\/Kassogue.jpg",650,433,false],"penci-slider-full-thumb":["https:\/\/nandi.info\/wp-content\/uploads\/2025\/01\/Kassogue.jpg",650,433,false],"penci-full-thumb":["https:\/\/nandi.info\/wp-content\/uploads\/2025\/01\/Kassogue.jpg",650,433,false],"penci-slider-thumb":["https:\/\/nandi.info\/wp-content\/uploads\/2025\/01\/Kassogue.jpg",650,433,false],"penci-magazine-slider":["https:\/\/nandi.info\/wp-content\/uploads\/2025\/01\/Kassogue.jpg",650,433,false],"penci-thumb":["https:\/\/nandi.info\/wp-content\/uploads\/2025\/01\/Kassogue-585x390.jpg",585,390,true],"penci-masonry-thumb":["https:\/\/nandi.info\/wp-content\/uploads\/2025\/01\/Kassogue-585x390.jpg",585,390,true],"penci-thumb-square":["https:\/\/nandi.info\/wp-content\/uploads\/2025\/01\/Kassogue-585x433.jpg",585,433,true],"penci-thumb-vertical":["https:\/\/nandi.info\/wp-content\/uploads\/2025\/01\/Kassogue-480x433.jpg",480,433,true],"penci-thumb-small":["https:\/\/nandi.info\/wp-content\/uploads\/2025\/01\/Kassogue-263x175.jpg",263,175,true]},"author_info":{"display_name":"Nandi","author_link":"https:\/\/nandi.info\/?author=1"},"category_info":"<a href=\"https:\/\/nandi.info\/?cat=19\" rel=\"category\">Aujourd\u2019hui Mali<\/a> <a href=\"https:\/\/nandi.info\/?cat=56\" rel=\"category\">Justice<\/a> <a href=\"https:\/\/nandi.info\/?cat=21\" rel=\"category\">Soci\u00e9t\u00e9<\/a>","tag_info":"Soci\u00e9t\u00e9","comment_count":"0","jetpack_featured_media_url":"https:\/\/nandi.info\/wp-content\/uploads\/2025\/01\/Kassogue.jpg","jetpack_sharing_enabled":true,"_links":{"self":[{"href":"https:\/\/nandi.info\/index.php?rest_route=\/wp\/v2\/posts\/23210","targetHints":{"allow":["GET"]}}],"collection":[{"href":"https:\/\/nandi.info\/index.php?rest_route=\/wp\/v2\/posts"}],"about":[{"href":"https:\/\/nandi.info\/index.php?rest_route=\/wp\/v2\/types\/post"}],"author":[{"embeddable":true,"href":"https:\/\/nandi.info\/index.php?rest_route=\/wp\/v2\/users\/1"}],"replies":[{"embeddable":true,"href":"https:\/\/nandi.info\/index.php?rest_route=%2Fwp%2Fv2%2Fcomments&post=23210"}],"version-history":[{"count":1,"href":"https:\/\/nandi.info\/index.php?rest_route=\/wp\/v2\/posts\/23210\/revisions"}],"predecessor-version":[{"id":23217,"href":"https:\/\/nandi.info\/index.php?rest_route=\/wp\/v2\/posts\/23210\/revisions\/23217"}],"wp:featuredmedia":[{"embeddable":true,"href":"https:\/\/nandi.info\/index.php?rest_route=\/wp\/v2\/media\/20880"}],"wp:attachment":[{"href":"https:\/\/nandi.info\/index.php?rest_route=%2Fwp%2Fv2%2Fmedia&parent=23210"}],"wp:term":[{"taxonomy":"category","embeddable":true,"href":"https:\/\/nandi.info\/index.php?rest_route=%2Fwp%2Fv2%2Fcategories&post=23210"},{"taxonomy":"post_tag","embeddable":true,"href":"https:\/\/nandi.info\/index.php?rest_route=%2Fwp%2Fv2%2Ftags&post=23210"}],"curies":[{"name":"wp","href":"https:\/\/api.w.org\/{rel}","templated":true}]}}