{"id":23065,"date":"2025-09-06T00:18:31","date_gmt":"2025-09-05T22:18:31","guid":{"rendered":"https:\/\/nandi.info\/?p=23065"},"modified":"2025-09-06T00:26:59","modified_gmt":"2025-09-05T22:26:59","slug":"385-fonctionnaires-et-agents-de-ladministration-atteints-par-la-limite-dage-57-cadres-et-agents-des-douanes-a-la-retraite-a-compter-du-1er-janvier-2026","status":"publish","type":"post","link":"https:\/\/nandi.info\/?p=23065","title":{"rendered":"385 fonctionnaires et agents de l&rsquo;administration atteints par la limite d\u2019\u00e2ge : 57 cadres et agents des douanes \u00e0 la retraite \u00e0 compter du 1er janvier 2026"},"content":{"rendered":"\n<h2 class=\"wp-block-heading has-text-align-center\" style=\"font-size:28px\"><strong>Le DG des douanes Amadou Konat\u00e9 et son adjoint Hamed Ag Boya concern\u00e9s&nbsp;<\/strong><\/h2>\n\n\n\n<figure class=\"wp-block-image size-full\"><img fetchpriority=\"high\" decoding=\"async\" width=\"870\" height=\"580\" src=\"https:\/\/nandi.info\/wp-content\/uploads\/2025\/09\/ministre-de-la-fonction-public.jpg\" alt=\"\" class=\"wp-image-23066\" srcset=\"https:\/\/nandi.info\/wp-content\/uploads\/2025\/09\/ministre-de-la-fonction-public.jpg 870w, https:\/\/nandi.info\/wp-content\/uploads\/2025\/09\/ministre-de-la-fonction-public-300x200.jpg 300w, https:\/\/nandi.info\/wp-content\/uploads\/2025\/09\/ministre-de-la-fonction-public-768x512.jpg 768w, https:\/\/nandi.info\/wp-content\/uploads\/2025\/09\/ministre-de-la-fonction-public-585x390.jpg 585w, https:\/\/nandi.info\/wp-content\/uploads\/2025\/09\/ministre-de-la-fonction-public-263x175.jpg 263w\" sizes=\"(max-width: 870px) 100vw, 870px\" \/><\/figure>\n\n\n\n<p><\/p>\n\n\n\n<p style=\"font-size:19px\"><strong>Ils sont 385 fonctionnaires et agents de la fonction publique appel\u00e9s \u00e0 faire valoir leur droit \u00e0 la retraite \u00e0 compter du 1er janvier 2026. Parmi eux, plusieurs cadres et agents de l&rsquo;administration douani\u00e8re dont l&rsquo;actuel directeur g\u00e9n\u00e9ral Amadou Konat\u00e9 et son adjoint Hamed Ag Boya ou encore l&rsquo;ex-directeur adjoint Amidou Facourou Bakhaga. C&rsquo;est ce qui ressort de la notification de d\u00e9part \u00e0 la retraite du directeur national de la fonction publique et du personnel, Ousmane Guindo en date du 27 juin 2025.<\/strong><\/p>\n\n\n\n<p class=\"has-drop-cap\" style=\"font-size:18px\">J&rsquo;ai l&rsquo;honneur de vous communiquer la liste des fonctionnaires et des agents contractuels de l&rsquo;administration atteints par la limite d&rsquo;\u00e2ge, appel\u00e9s \u00e0 faire valoir leur droit \u00e0 la retraite \u00e0 compter du 1er janvier 2026.<\/p>\n\n\n\n<p style=\"font-size:18px\"><strong>Fonctionnaires des cat\u00e9gories A, B2, B1 et C et agents contractuels.<\/strong><\/p>\n\n\n\n<p style=\"font-size:18px\">Je vous saurais gr\u00e9 de bien vouloir notifier aux agents concern\u00e9s la teneur de la pr\u00e9sente lettre et signaler avant le 31 ao\u00fbt 2025, les \u00e9ventuels cas d&rsquo;omission ou d&rsquo;erreurs que vous auriez constat\u00e9s\u00a0\u00bb. Voici la teneur de la notification de d\u00e9part \u00e0 la retraite \u00e0 compter du 1er janvier 2026 du directeur national de la fonction publique et du personnel, Ousmane Guindo, adress\u00e9e le 27 juin 2025 aux directeurs administratifs et financiers de la pr\u00e9sidence de la R\u00e9publique et de la Primature, aux directeurs des ressources humaines, aux secr\u00e9taires g\u00e9n\u00e9raux des institutions de la R\u00e9publique ainsi qu&rsquo;aux gouverneurs des r\u00e9gions et du district de Bamako.<\/p>\n\n\n\n<p style=\"font-size:18px\">Cette liste de 385 fonctionnaires et agents concerne les diff\u00e9rentes cat\u00e9gories A, B2, B1 et C. Ainsi, les fonctionnaires de la cat\u00e9gorie A sont des administrateurs civils, des inspecteurs des services \u00e9conomiques, des conseillers des affaires \u00e9trang\u00e8res, des administrateurs de l&rsquo;action sociale, des ing\u00e9nieurs de l&rsquo;agriculture et du g\u00e9nie rural, des administrateurs des arts et de la culture, des ing\u00e9nieurs des constructions civiles, des inspecteurs des douanes, des ing\u00e9nieurs des eaux et for\u00eats, des v\u00e9t\u00e9rinaires et ing\u00e9nieurs de l&rsquo;\u00e9levage, des Inspecteurs des finances, des inspecteurs des imp\u00f4ts, des ing\u00e9nieurs de l&rsquo;industrie et des mines, des journalistes et r\u00e9alisateurs, des ing\u00e9nieurs informaticiens, des inspecteurs de la jeunesse et des sports, des planificateurs, des assistant m\u00e9dicaux, des m\u00e9decins, pharmaciens et odontostomatologues et des inspecteurs du tr\u00e9sor.<\/p>\n\n\n\n<p style=\"font-size:18px\">Parmi ces fonctionnaires figurent 33 inspecteurs des douanes en poste \u00e0 des postes de responsabilit\u00e9 au niveau de l&rsquo;administration douani\u00e8re, qui sont n\u00e9s en 1960. Il s&rsquo;agit de l&rsquo;actuel directeur g\u00e9n\u00e9ral des douanes, l&rsquo;inspecteur g\u00e9n\u00e9ral des douanes Amadou Konat\u00e9 et son adjoint Hamed Ag Boya, l&rsquo;ancien directeur adjoint Amidou Facourou Bakhaga.<\/p>\n\n\n\n<p style=\"font-size:18px\">Les autres inspecteurs des douanes ont pour noms : Oumou Diakit\u00e9, Cheickna Maguiraga, Mamadi Coulibaly, Youssouf Tour\u00e9, Binta Sougouna, Moussa Kon\u00e9, Aminata Traor\u00e9, El Maouloud Saad Ag Mohamed, Kadiatou K\u00e9ita, Abdoulaye Moustapha Tour\u00e9, Mamadou Diaby, Samba Kass\u00e9, Oumar Kass\u00e9, Alhassane Diakit\u00e9, Fadimata Aboubacrine Tour\u00e9, Mamadou Sidib\u00e9, Mariam Sididi\u00e9 Traor\u00e9, Dramane Yattara, Oumar Bor\u00e9, Karamoko Sangar\u00e9, Alou Kon\u00e9, Anne Marie Traor\u00e9, Andr\u00e9 Diallo, Abdel Kader Sangho, Koro Doumbia. Sans oublier Harouna Demb\u00e9l\u00e9, A\u00efssata Fofana, Hassan Mohamed Issa et Alhassane Ag Assadeck.<\/p>\n\n\n\n<p style=\"font-size:18px\">Il y a d&rsquo;autres fonctionnaires de la cat\u00e9gorie A \u00e0 l&rsquo;image de l&rsquo;inspecteur des services \u00e9conomiques Modibo Gouro Diall et Mme Dj\u00e9n\u00e9bou Sanogo en qualit\u00e9 de l&rsquo;inspectrice de la jeunesse et des sports.<\/p>\n\n\n\n<p style=\"font-size:18px\">Dans la cat\u00e9gorie B2, il s&rsquo;agit des secr\u00e9taires d&rsquo;administration, des techniciens sup\u00e9rieurs de l&rsquo;action sociale, des techniciens de l&rsquo;agriculture et du g\u00e9nie rural, des techniciens de l&rsquo;agriculture et du g\u00e9nie rural, des techniciens des arts et de la culture, des techniciens sup\u00e9rieurs des constructions civiles, des techniciens des eaux et for\u00eats, des techniciens de l&rsquo;\u00e9levage, des contr\u00f4leurs des finances, des contr\u00f4leurs des imp\u00f4ts, des techniciens sup\u00e9rieurs de l&rsquo;industrie et des mines, des instructeurs de la jeunesse et des sports, des assistants presse et de r\u00e9alisation, des instructeurs de la jeunesse et des sports, des techniciens sup\u00e9rieurs de sant\u00e9, des contr\u00f4leurs du tr\u00e9sor.<\/p>\n\n\n\n<p style=\"font-size:18px\">Dans cette cat\u00e9gorie, ils sont au total 8 contr\u00f4leurs des douanes. Ils ont pour noms : Seydou Apanga Poudiougou, Famory Demb\u00e9l\u00e9, Cheick Oumar Macalou, Salia Kontao, Lassana A. Coulibaly, Dj\u00e9n\u00e9bou Coulibaly, Kadiatou Ly et A\u00efssata Mahamadou Diallo.<\/p>\n\n\n\n<p style=\"font-size:18px\">Et ils sont au total 14 contr\u00f4leurs des douanes de la cat\u00e9gorie B1. Il s&rsquo;agit de Mamadou L. Diakit\u00e9, Bour\u00e9\u00efna Bamia, Mamadou B. Traor\u00e9, Cheick Hamala Sacko, Y\u00e9li Sidib\u00e9, Abdourahmane Sanogo, Modibo Sacko, Sory Ibrahima Diop, Boubacar Coulibaly, Tara Kadiatou Kanout\u00e9, Diab\u00e9 Diarra, Fatoumata Ha\u00efdara, Ass\u00e9tou Niar\u00e9 et Yaye Malon Diawara.<\/p>\n\n\n\n<p style=\"font-size:18px\">En ce qui concerne les agents de constatation des douanes issus de la cat\u00e9gorie C, ils sont seulement deux : Modibo Demb\u00e9l\u00e9 et Assitan Sako.<\/p>\n\n\n\n<p style=\"font-size:18px\">&nbsp;&nbsp;&nbsp;&nbsp;&nbsp;&nbsp;&nbsp;&nbsp;&nbsp;&nbsp;&nbsp;&nbsp;&nbsp;&nbsp;&nbsp;<\/p>\n\n\n\n<p style=\"font-size:18px\"><strong>&nbsp;El Hadj A.B. HAIDARA<\/strong><\/p>\n\n\n\n<p><\/p>\n\n\n","protected":false},"excerpt":{"rendered":"<p>Le DG des douanes Amadou Konat\u00e9 et son adjoint Hamed Ag Boya concern\u00e9s&nbsp; Ils sont 385 fonctionnaires et agents de la fonction publique appel\u00e9s \u00e0 faire valoir leur droit \u00e0&hellip;<\/p>\n","protected":false},"author":1,"featured_media":23066,"comment_status":"open","ping_status":"open","sticky":false,"template":"","format":"standard","meta":{"content-type":"","_lmt_disableupdate":"","_lmt_disable":"","_jetpack_memberships_contains_paid_content":false,"footnotes":"","jetpack_publicize_message":"","jetpack_publicize_feature_enabled":true,"jetpack_social_post_already_shared":true,"jetpack_social_options":{"image_generator_settings":{"template":"highway","default_image_id":0,"font":"","enabled":false},"version":2}},"categories":[19,80],"tags":[],"class_list":["post-23065","post","type-post","status-publish","format-standard","has-post-thumbnail","hentry","category-aujourdhui-mali","category-fonction-publique"],"jetpack_publicize_connections":[],"featured_image_urls":{"full":["https:\/\/nandi.info\/wp-content\/uploads\/2025\/09\/ministre-de-la-fonction-public.jpg",870,580,false],"thumbnail":["https:\/\/nandi.info\/wp-content\/uploads\/2025\/09\/ministre-de-la-fonction-public-150x150.jpg",150,150,true],"medium":["https:\/\/nandi.info\/wp-content\/uploads\/2025\/09\/ministre-de-la-fonction-public-300x200.jpg",300,200,true],"medium_large":["https:\/\/nandi.info\/wp-content\/uploads\/2025\/09\/ministre-de-la-fonction-public-768x512.jpg",768,512,true],"large":["https:\/\/nandi.info\/wp-content\/uploads\/2025\/09\/ministre-de-la-fonction-public.jpg",870,580,false],"1536x1536":["https:\/\/nandi.info\/wp-content\/uploads\/2025\/09\/ministre-de-la-fonction-public.jpg",870,580,false],"2048x2048":["https:\/\/nandi.info\/wp-content\/uploads\/2025\/09\/ministre-de-la-fonction-public.jpg",870,580,false],"penci-recipe-1200x1200":["https:\/\/nandi.info\/wp-content\/uploads\/2025\/09\/ministre-de-la-fonction-public.jpg",870,580,false],"penci-recipe-1200x900":["https:\/\/nandi.info\/wp-content\/uploads\/2025\/09\/ministre-de-la-fonction-public.jpg",870,580,false],"penci-recipe-1200x675":["https:\/\/nandi.info\/wp-content\/uploads\/2025\/09\/ministre-de-la-fonction-public.jpg",870,580,false],"penci-single-full":["https:\/\/nandi.info\/wp-content\/uploads\/2025\/09\/ministre-de-la-fonction-public.jpg",870,580,false],"penci-slider-full-thumb":["https:\/\/nandi.info\/wp-content\/uploads\/2025\/09\/ministre-de-la-fonction-public.jpg",870,580,false],"penci-full-thumb":["https:\/\/nandi.info\/wp-content\/uploads\/2025\/09\/ministre-de-la-fonction-public.jpg",870,580,false],"penci-slider-thumb":["https:\/\/nandi.info\/wp-content\/uploads\/2025\/09\/ministre-de-la-fonction-public.jpg",870,580,false],"penci-magazine-slider":["https:\/\/nandi.info\/wp-content\/uploads\/2025\/09\/ministre-de-la-fonction-public-780x516.jpg",780,516,true],"penci-thumb":["https:\/\/nandi.info\/wp-content\/uploads\/2025\/09\/ministre-de-la-fonction-public-585x390.jpg",585,390,true],"penci-masonry-thumb":["https:\/\/nandi.info\/wp-content\/uploads\/2025\/09\/ministre-de-la-fonction-public-585x390.jpg",585,390,true],"penci-thumb-square":["https:\/\/nandi.info\/wp-content\/uploads\/2025\/09\/ministre-de-la-fonction-public-585x580.jpg",585,580,true],"penci-thumb-vertical":["https:\/\/nandi.info\/wp-content\/uploads\/2025\/09\/ministre-de-la-fonction-public-480x580.jpg",480,580,true],"penci-thumb-small":["https:\/\/nandi.info\/wp-content\/uploads\/2025\/09\/ministre-de-la-fonction-public-263x175.jpg",263,175,true]},"author_info":{"display_name":"Nandi","author_link":"https:\/\/nandi.info\/?author=1"},"category_info":"<a href=\"https:\/\/nandi.info\/?cat=19\" rel=\"category\">Aujourd\u2019hui Mali<\/a> <a href=\"https:\/\/nandi.info\/?cat=80\" rel=\"category\">Fonction Publique<\/a>","tag_info":"Fonction Publique","comment_count":"0","jetpack_featured_media_url":"https:\/\/nandi.info\/wp-content\/uploads\/2025\/09\/ministre-de-la-fonction-public.jpg","jetpack_sharing_enabled":true,"_links":{"self":[{"href":"https:\/\/nandi.info\/index.php?rest_route=\/wp\/v2\/posts\/23065","targetHints":{"allow":["GET"]}}],"collection":[{"href":"https:\/\/nandi.info\/index.php?rest_route=\/wp\/v2\/posts"}],"about":[{"href":"https:\/\/nandi.info\/index.php?rest_route=\/wp\/v2\/types\/post"}],"author":[{"embeddable":true,"href":"https:\/\/nandi.info\/index.php?rest_route=\/wp\/v2\/users\/1"}],"replies":[{"embeddable":true,"href":"https:\/\/nandi.info\/index.php?rest_route=%2Fwp%2Fv2%2Fcomments&post=23065"}],"version-history":[{"count":2,"href":"https:\/\/nandi.info\/index.php?rest_route=\/wp\/v2\/posts\/23065\/revisions"}],"predecessor-version":[{"id":23070,"href":"https:\/\/nandi.info\/index.php?rest_route=\/wp\/v2\/posts\/23065\/revisions\/23070"}],"wp:featuredmedia":[{"embeddable":true,"href":"https:\/\/nandi.info\/index.php?rest_route=\/wp\/v2\/media\/23066"}],"wp:attachment":[{"href":"https:\/\/nandi.info\/index.php?rest_route=%2Fwp%2Fv2%2Fmedia&parent=23065"}],"wp:term":[{"taxonomy":"category","embeddable":true,"href":"https:\/\/nandi.info\/index.php?rest_route=%2Fwp%2Fv2%2Fcategories&post=23065"},{"taxonomy":"post_tag","embeddable":true,"href":"https:\/\/nandi.info\/index.php?rest_route=%2Fwp%2Fv2%2Ftags&post=23065"}],"curies":[{"name":"wp","href":"https:\/\/api.w.org\/{rel}","templated":true}]}}