{"id":23057,"date":"2025-09-03T15:26:23","date_gmt":"2025-09-03T13:26:23","guid":{"rendered":"https:\/\/nandi.info\/?p=23057"},"modified":"2025-09-03T15:26:26","modified_gmt":"2025-09-03T13:26:26","slug":"developpement-industriel-du-mali-comment-perenniser-les-investissements-publics-au-profit-des-generations-futures","status":"publish","type":"post","link":"https:\/\/nandi.info\/?p=23057","title":{"rendered":"D\u00e9veloppement industriel du Mali\u00a0: Comment p\u00e9renniser les investissements publics au profit des g\u00e9n\u00e9rations futures\u00a0?"},"content":{"rendered":"\n<figure class=\"wp-block-image alignright size-full is-resized\"><img fetchpriority=\"high\" decoding=\"async\" width=\"720\" height=\"481\" src=\"https:\/\/nandi.info\/wp-content\/uploads\/2025\/09\/En-mai-2023-la-COMATEX-a-redemarre-ses-activites-de-production-apres-3-ans-darret-et-linjonction-6-milliards-de-FCFA.jpg\" alt=\"\" class=\"wp-image-23058\" style=\"width:490px;height:auto\" srcset=\"https:\/\/nandi.info\/wp-content\/uploads\/2025\/09\/En-mai-2023-la-COMATEX-a-redemarre-ses-activites-de-production-apres-3-ans-darret-et-linjonction-6-milliards-de-FCFA.jpg 720w, https:\/\/nandi.info\/wp-content\/uploads\/2025\/09\/En-mai-2023-la-COMATEX-a-redemarre-ses-activites-de-production-apres-3-ans-darret-et-linjonction-6-milliards-de-FCFA-300x200.jpg 300w, https:\/\/nandi.info\/wp-content\/uploads\/2025\/09\/En-mai-2023-la-COMATEX-a-redemarre-ses-activites-de-production-apres-3-ans-darret-et-linjonction-6-milliards-de-FCFA-585x391.jpg 585w, https:\/\/nandi.info\/wp-content\/uploads\/2025\/09\/En-mai-2023-la-COMATEX-a-redemarre-ses-activites-de-production-apres-3-ans-darret-et-linjonction-6-milliards-de-FCFA-263x175.jpg 263w\" sizes=\"(max-width: 720px) 100vw, 720px\" \/><\/figure>\n\n\n\n<p style=\"font-size:18px\"><strong>Sous la f\u00e9rule du premier pr\u00e9sident du Mali ind\u00e9pendant, feu Modibo Ke\u00efta (4 juin 1915-16 mai 1977), de nombreuses unit\u00e9s industrielles ont vu le jour un peu partout sur le territoire national, au cours des premi\u00e8res ann\u00e9es de l&rsquo;accession de notre pays \u00e0 l&rsquo;ind\u00e9pendance, le 22 septembre 1960.&nbsp;Mais, dans les ann\u00e9es 80-90, elles ont presque toutes fait faillite. Celles qui avaient surv\u00e9cu n\u2019ont pas r\u00e9sist\u00e9 \u00e0 la vague de privatisation. Aujourd\u2019hui, il convient de tirer toutes les le\u00e7ons de ces faillites afin d\u2019investir judicieusement en faveur des g\u00e9n\u00e9rations futures.<\/strong><\/p>\n\n\n\n<p class=\"has-drop-cap\" style=\"font-size:18px\">Pour asseoir la souverainet\u00e9 \u00e9conomique du Mali et valoriser nos productions agropastorales et piscicoles, les p\u00e8res de l\u2019ind\u00e9pendance avaient cr\u00e9\u00e9 de nombreuses unit\u00e9s industrielles. Les plus embl\u00e9matiques \u00e9tant la Compagnie malienne de textile (COMATEX), la Soci\u00e9t\u00e9 nationale des tabacs et allumettes du Mali&nbsp; (SONATAM), l\u2019Industrie textile du Mali (ITEMA), la Soci\u00e9t\u00e9 malienne de piles (SOMAPIL), les sucreries de Dougabougou et de Siribala, MALI LAIT, l&rsquo;Huilerie cotonni\u00e8re du Mali (HUICOMA)\u2026 Mais au fil des ans, la plupart de ces entreprises d&rsquo;\u00c9tat sont tomb\u00e9es en faillite pour cause de non-adaptation \u00e0 l&rsquo;\u00e9volution du temps et du march\u00e9 de la consommation. Une r\u00e9alit\u00e9 qui exige une \u00e9volution permanente du produit fini en conformit\u00e9 avec les standards mondiaux.<\/p>\n\n\n\n<p style=\"font-size:18px\">Chose qui n&rsquo;\u00e9tait pas dans la politique de nos dirigeants, dans la mesure o\u00f9 la m\u00e9thode de gestion de nos unit\u00e9s industrielles ne pr\u00e9voyait pas o\u00f9 peu d&rsquo;investissement pour la croissance \u00e0 long terme et surtout manquaient d&rsquo;un d\u00e9partement d\u00e9di\u00e9 la R\/D (Recherche et D\u00e9veloppement) afin de booster la qualit\u00e9 de la production et fid\u00e9lis\u00e9 une client\u00e8le toujours attir\u00e9e par l&rsquo;innovation. Ces entreprises n&rsquo;\u00e9taient vues juste que comme une garantie d&#8217;emplois pour certains, avec comme seule perspective, le salaire de fin de mois. D&rsquo;o\u00f9 l&rsquo;inertie observ\u00e9e autour de ces maillons nationaux des industries et des services.&nbsp;<\/p>\n\n\n\n<p style=\"font-size:18px\">S&rsquo;il y a une comparaison qui \u00e9taye ce manquement aux m\u00e9thodes d&rsquo;une gestion dont les fondements sont tourn\u00e9s vers l&rsquo;avenir, c&rsquo;est celle qui nous remonte dans les ann\u00e9es&nbsp;80. \u00c0&nbsp;cette \u00e9poque, la soci\u00e9t\u00e9 ivoirienne COSMIVOIRE avait un quasi-monopole dans la production d&rsquo;un savon bon march\u00e9 et de grande consommation appel\u00e9 \u00ab&nbsp;<em>Fanico<\/em>&nbsp;\u00bb, tr\u00e8s populaire au sein de la soci\u00e9t\u00e9. \u00c0 la m\u00eame p\u00e9riode, le savon \u00ab&nbsp;<em>Koulikoro<\/em>&nbsp;\u00bbproduit par l&rsquo;Huicoma au Mali \u00e9tait aussi la marque la plus r\u00e9pandue et la plus utilis\u00e9e dans les m\u00e9nages.&nbsp;<\/p>\n\n\n\n<p style=\"font-size:18px\">Et quand on fait un bilan, plus de 30 ans apr\u00e8s, le constat est clair et sans ambages. En C\u00f4te d&rsquo;Ivoire, le savon \u00ab&nbsp;<em>Fanico<\/em>&nbsp;\u00bb a \u00e9t\u00e9 relook\u00e9 avec un parfum plus agr\u00e9able et il est d\u00e9sormais emball\u00e9, continuant ainsi \u00e0 combler l&rsquo;attente des consommateurs. Par contre, au Mali, l&rsquo;Huicoma est tomb\u00e9e en faillite apr\u00e8s une privatisation que rien ne justifiait objectivement. En effet, alors qu&rsquo;elle \u00e9tait assise sur un monopole, la soci\u00e9t\u00e9 a fini par \u00eatre brad\u00e9e \u00e0 un op\u00e9rateur \u00e9conomique de la place. Quant au savon \u00ab&nbsp;<em>Koulikoro<\/em>&nbsp;\u00bb, il n&rsquo;existe plus sur le march\u00e9, \u00e0 plus forte raison de voir sa qualit\u00e9 am\u00e9lior\u00e9e. Et ceci pour corroborer le constat fait plus haut sur le devenir de nos entreprises publiques qui ne naissaient que pour mourir jeunes par n\u00e9gligence.<\/p>\n\n\n\n<p style=\"font-size:18px\">La classe dirigeante \u00e0 l&rsquo;origine de la mat\u00e9rialisation de ces entreprises a-t-elle oubli\u00e9 que la p\u00e9rennit\u00e9 d&rsquo;une initiative industrielle repose sur une suivie pr\u00e9pond\u00e9rante pour affiner son efficacit\u00e9 dans le long terme, dont le principal but est l&rsquo;attachement des consommateurs aux produits finis&nbsp;? C&rsquo;est plut\u00f4t le contraire du sch\u00e9ma ivoirien qui s&rsquo;est fait jour dans le cas malien. C&rsquo;est une situation qui a particuli\u00e8rement profit\u00e9 aux importations. Ce qui a fini par sonner le glas de nos unit\u00e9s industrielles, dont beaucoup sont \u00e0 la peine \u00e0 l&rsquo;heure actuelle.<\/p>\n\n\n\n<p style=\"font-size:18px\">Prenons le cas de MALI LAIT&nbsp;! Pour une unit\u00e9 industrielle de cette envergure et vu son anciennet\u00e9, un paradoxe saisissant laisse pantois quand on remarque qu&rsquo;elle ne produit m\u00eame pas de yaourt depuis qu&rsquo;elle existe. Elle laisse ainsi les consommateurs se rabattre sur les marques venues d&rsquo;ailleurs.<\/p>\n\n\n\n<p style=\"font-size:18px\"><strong>Un manque criard de vision et d&rsquo;anticipation dans la promotion de nos atouts \u00e9conomiques<\/strong><\/p>\n\n\n\n<p style=\"font-size:18px\">Le Mali est pourtant un grand producteur de lait en Afrique de l&rsquo;Ouest. Et que dire du s\u00e9rum glucos\u00e9, principal composant anti-palu, tr\u00e8s demand\u00e9 dans les pharmacies, que notre Usine Malienne des produits pharmaceutiques (UMPP) ne produit pas, m\u00eame apr\u00e8s avoir \u00e9t\u00e9 r\u00e9cemment relanc\u00e9e \u00e0 coup de millions de nos francs&nbsp;? Et pourtant, nous sommes au 21\u1d49 si\u00e8cle, o\u00f9 la diversification de nos productions nationales est essentielle pour l&rsquo;\u00e9conomie et la consommation. Ce manque de vision et d&rsquo;anticipation dans la promotion de nos outils \u00e9conomiques, est la principale raison qui nous a valu au tournant des ann\u00e9es 1990 (avec l&rsquo;av\u00e8nement de la d\u00e9mocratie et sous la pression des partenaires financiers ext\u00e9rieurs du Mali), de donner la priorit\u00e9 \u00e0 la privatisation et au d\u00e9sengagement de l&rsquo;\u00c9tat dans la gestion des entreprises qu&rsquo;il contr\u00f4lait jusque-l\u00e0.<\/p>\n\n\n\n<p style=\"font-size:18px\">En conclusion, le scepticisme reste de mise avec la r\u00e9cente reprise de 100 % du capital de la Banque nationale du d\u00e9veloppement agricole (BNDA) par l&rsquo;\u00c9tat du Mali. Esp\u00e9rons que cette acquisition sonne comme l&rsquo;engagement d&rsquo;une nouvelle impulsion dans la gestion des entreprises publiques et non comme un retour \u00e0 la case-d\u00e9part de l&rsquo;effritement.&nbsp;<\/p>\n\n\n\n<p style=\"font-size:18px\">Le nationalisme \u00e9conomique, qui est d\u00e9sormais le credo de nos plus hautes autorit\u00e9s, doit privil\u00e9gier l&rsquo;excellence et la comp\u00e9titivit\u00e9 dans tous les domaines afin d&rsquo;offrir aux Maliens des produits et des services de bonne qualit\u00e9 \u00e9pousant les standards en vogue \u00e0 l&rsquo;\u00e9chelle internationale. C&rsquo;est \u00e0 ce prix que les acquis de ces investissements publics seront p\u00e9rennis\u00e9s au profit des g\u00e9n\u00e9rations futures.<\/p>\n\n\n\n<p style=\"font-size:18px\"><strong>Habib Barro<\/strong><\/p>\n\n\n\n<p><\/p>\n","protected":false},"excerpt":{"rendered":"<p>Sous la f\u00e9rule du premier pr\u00e9sident du Mali ind\u00e9pendant, feu Modibo Ke\u00efta (4 juin 1915-16 mai 1977), de nombreuses unit\u00e9s industrielles ont vu le jour un peu partout sur le&hellip;<\/p>\n","protected":false},"author":1,"featured_media":23058,"comment_status":"open","ping_status":"open","sticky":false,"template":"","format":"standard","meta":{"content-type":"","_lmt_disableupdate":"","_lmt_disable":"","_jetpack_memberships_contains_paid_content":false,"footnotes":"","jetpack_publicize_message":"","jetpack_publicize_feature_enabled":true,"jetpack_social_post_already_shared":true,"jetpack_social_options":{"image_generator_settings":{"template":"highway","default_image_id":0,"font":"","enabled":false},"version":2}},"categories":[30,115,53],"tags":[],"class_list":["post-23057","post","type-post","status-publish","format-standard","has-post-thumbnail","hentry","category-economie","category-industrie","category-le-matin"],"jetpack_publicize_connections":[],"featured_image_urls":{"full":["https:\/\/nandi.info\/wp-content\/uploads\/2025\/09\/En-mai-2023-la-COMATEX-a-redemarre-ses-activites-de-production-apres-3-ans-darret-et-linjonction-6-milliards-de-FCFA.jpg",720,481,false],"thumbnail":["https:\/\/nandi.info\/wp-content\/uploads\/2025\/09\/En-mai-2023-la-COMATEX-a-redemarre-ses-activites-de-production-apres-3-ans-darret-et-linjonction-6-milliards-de-FCFA-150x150.jpg",150,150,true],"medium":["https:\/\/nandi.info\/wp-content\/uploads\/2025\/09\/En-mai-2023-la-COMATEX-a-redemarre-ses-activites-de-production-apres-3-ans-darret-et-linjonction-6-milliards-de-FCFA-300x200.jpg",300,200,true],"medium_large":["https:\/\/nandi.info\/wp-content\/uploads\/2025\/09\/En-mai-2023-la-COMATEX-a-redemarre-ses-activites-de-production-apres-3-ans-darret-et-linjonction-6-milliards-de-FCFA.jpg",720,481,false],"large":["https:\/\/nandi.info\/wp-content\/uploads\/2025\/09\/En-mai-2023-la-COMATEX-a-redemarre-ses-activites-de-production-apres-3-ans-darret-et-linjonction-6-milliards-de-FCFA.jpg",720,481,false],"1536x1536":["https:\/\/nandi.info\/wp-content\/uploads\/2025\/09\/En-mai-2023-la-COMATEX-a-redemarre-ses-activites-de-production-apres-3-ans-darret-et-linjonction-6-milliards-de-FCFA.jpg",720,481,false],"2048x2048":["https:\/\/nandi.info\/wp-content\/uploads\/2025\/09\/En-mai-2023-la-COMATEX-a-redemarre-ses-activites-de-production-apres-3-ans-darret-et-linjonction-6-milliards-de-FCFA.jpg",720,481,false],"penci-recipe-1200x1200":["https:\/\/nandi.info\/wp-content\/uploads\/2025\/09\/En-mai-2023-la-COMATEX-a-redemarre-ses-activites-de-production-apres-3-ans-darret-et-linjonction-6-milliards-de-FCFA.jpg",720,481,false],"penci-recipe-1200x900":["https:\/\/nandi.info\/wp-content\/uploads\/2025\/09\/En-mai-2023-la-COMATEX-a-redemarre-ses-activites-de-production-apres-3-ans-darret-et-linjonction-6-milliards-de-FCFA.jpg",720,481,false],"penci-recipe-1200x675":["https:\/\/nandi.info\/wp-content\/uploads\/2025\/09\/En-mai-2023-la-COMATEX-a-redemarre-ses-activites-de-production-apres-3-ans-darret-et-linjonction-6-milliards-de-FCFA.jpg",720,481,false],"penci-single-full":["https:\/\/nandi.info\/wp-content\/uploads\/2025\/09\/En-mai-2023-la-COMATEX-a-redemarre-ses-activites-de-production-apres-3-ans-darret-et-linjonction-6-milliards-de-FCFA.jpg",720,481,false],"penci-slider-full-thumb":["https:\/\/nandi.info\/wp-content\/uploads\/2025\/09\/En-mai-2023-la-COMATEX-a-redemarre-ses-activites-de-production-apres-3-ans-darret-et-linjonction-6-milliards-de-FCFA.jpg",720,481,false],"penci-full-thumb":["https:\/\/nandi.info\/wp-content\/uploads\/2025\/09\/En-mai-2023-la-COMATEX-a-redemarre-ses-activites-de-production-apres-3-ans-darret-et-linjonction-6-milliards-de-FCFA.jpg",720,481,false],"penci-slider-thumb":["https:\/\/nandi.info\/wp-content\/uploads\/2025\/09\/En-mai-2023-la-COMATEX-a-redemarre-ses-activites-de-production-apres-3-ans-darret-et-linjonction-6-milliards-de-FCFA.jpg",720,481,false],"penci-magazine-slider":["https:\/\/nandi.info\/wp-content\/uploads\/2025\/09\/En-mai-2023-la-COMATEX-a-redemarre-ses-activites-de-production-apres-3-ans-darret-et-linjonction-6-milliards-de-FCFA.jpg",720,481,false],"penci-thumb":["https:\/\/nandi.info\/wp-content\/uploads\/2025\/09\/En-mai-2023-la-COMATEX-a-redemarre-ses-activites-de-production-apres-3-ans-darret-et-linjonction-6-milliards-de-FCFA-585x390.jpg",585,390,true],"penci-masonry-thumb":["https:\/\/nandi.info\/wp-content\/uploads\/2025\/09\/En-mai-2023-la-COMATEX-a-redemarre-ses-activites-de-production-apres-3-ans-darret-et-linjonction-6-milliards-de-FCFA-585x391.jpg",585,391,true],"penci-thumb-square":["https:\/\/nandi.info\/wp-content\/uploads\/2025\/09\/En-mai-2023-la-COMATEX-a-redemarre-ses-activites-de-production-apres-3-ans-darret-et-linjonction-6-milliards-de-FCFA-585x481.jpg",585,481,true],"penci-thumb-vertical":["https:\/\/nandi.info\/wp-content\/uploads\/2025\/09\/En-mai-2023-la-COMATEX-a-redemarre-ses-activites-de-production-apres-3-ans-darret-et-linjonction-6-milliards-de-FCFA-480x481.jpg",480,481,true],"penci-thumb-small":["https:\/\/nandi.info\/wp-content\/uploads\/2025\/09\/En-mai-2023-la-COMATEX-a-redemarre-ses-activites-de-production-apres-3-ans-darret-et-linjonction-6-milliards-de-FCFA-263x175.jpg",263,175,true]},"author_info":{"display_name":"Nandi","author_link":"https:\/\/nandi.info\/?author=1"},"category_info":"<a href=\"https:\/\/nandi.info\/?cat=30\" rel=\"category\">Economie<\/a> <a href=\"https:\/\/nandi.info\/?cat=115\" rel=\"category\">Industrie<\/a> <a href=\"https:\/\/nandi.info\/?cat=53\" rel=\"category\">Le Matin<\/a>","tag_info":"Le Matin","comment_count":"0","jetpack_featured_media_url":"https:\/\/nandi.info\/wp-content\/uploads\/2025\/09\/En-mai-2023-la-COMATEX-a-redemarre-ses-activites-de-production-apres-3-ans-darret-et-linjonction-6-milliards-de-FCFA.jpg","jetpack_sharing_enabled":true,"_links":{"self":[{"href":"https:\/\/nandi.info\/index.php?rest_route=\/wp\/v2\/posts\/23057","targetHints":{"allow":["GET"]}}],"collection":[{"href":"https:\/\/nandi.info\/index.php?rest_route=\/wp\/v2\/posts"}],"about":[{"href":"https:\/\/nandi.info\/index.php?rest_route=\/wp\/v2\/types\/post"}],"author":[{"embeddable":true,"href":"https:\/\/nandi.info\/index.php?rest_route=\/wp\/v2\/users\/1"}],"replies":[{"embeddable":true,"href":"https:\/\/nandi.info\/index.php?rest_route=%2Fwp%2Fv2%2Fcomments&post=23057"}],"version-history":[{"count":1,"href":"https:\/\/nandi.info\/index.php?rest_route=\/wp\/v2\/posts\/23057\/revisions"}],"predecessor-version":[{"id":23059,"href":"https:\/\/nandi.info\/index.php?rest_route=\/wp\/v2\/posts\/23057\/revisions\/23059"}],"wp:featuredmedia":[{"embeddable":true,"href":"https:\/\/nandi.info\/index.php?rest_route=\/wp\/v2\/media\/23058"}],"wp:attachment":[{"href":"https:\/\/nandi.info\/index.php?rest_route=%2Fwp%2Fv2%2Fmedia&parent=23057"}],"wp:term":[{"taxonomy":"category","embeddable":true,"href":"https:\/\/nandi.info\/index.php?rest_route=%2Fwp%2Fv2%2Fcategories&post=23057"},{"taxonomy":"post_tag","embeddable":true,"href":"https:\/\/nandi.info\/index.php?rest_route=%2Fwp%2Fv2%2Ftags&post=23057"}],"curies":[{"name":"wp","href":"https:\/\/api.w.org\/{rel}","templated":true}]}}