{"id":23016,"date":"2025-08-28T00:40:18","date_gmt":"2025-08-27T22:40:18","guid":{"rendered":"https:\/\/nandi.info\/?p=23016"},"modified":"2025-08-28T00:40:41","modified_gmt":"2025-08-27T22:40:41","slug":"communique-du-conseil-des-ministres-du-mercredi-27-aout-2025","status":"publish","type":"post","link":"https:\/\/nandi.info\/?p=23016","title":{"rendered":"Communiqu\u00e9 du conseil des ministres du mercredi 27 aout 2025"},"content":{"rendered":"\n<figure class=\"wp-block-image size-large\"><img fetchpriority=\"high\" decoding=\"async\" width=\"1024\" height=\"683\" src=\"https:\/\/nandi.info\/wp-content\/uploads\/2025\/06\/Assimi-conseil-des-ministres-1024x683.jpg\" alt=\"\" class=\"wp-image-22450\" srcset=\"https:\/\/nandi.info\/wp-content\/uploads\/2025\/06\/Assimi-conseil-des-ministres-1024x683.jpg 1024w, https:\/\/nandi.info\/wp-content\/uploads\/2025\/06\/Assimi-conseil-des-ministres-300x200.jpg 300w, https:\/\/nandi.info\/wp-content\/uploads\/2025\/06\/Assimi-conseil-des-ministres-768x512.jpg 768w, https:\/\/nandi.info\/wp-content\/uploads\/2025\/06\/Assimi-conseil-des-ministres-1536x1025.jpg 1536w, https:\/\/nandi.info\/wp-content\/uploads\/2025\/06\/Assimi-conseil-des-ministres-1920x1281.jpg 1920w, https:\/\/nandi.info\/wp-content\/uploads\/2025\/06\/Assimi-conseil-des-ministres-1170x780.jpg 1170w, https:\/\/nandi.info\/wp-content\/uploads\/2025\/06\/Assimi-conseil-des-ministres-585x390.jpg 585w, https:\/\/nandi.info\/wp-content\/uploads\/2025\/06\/Assimi-conseil-des-ministres-263x175.jpg 263w, https:\/\/nandi.info\/wp-content\/uploads\/2025\/06\/Assimi-conseil-des-ministres.jpg 2048w\" sizes=\"(max-width: 1024px) 100vw, 1024px\" \/><\/figure>\n\n\n\n<h2 class=\"wp-block-heading\">Le Conseil des Ministres s\u2019est r\u00e9uni en session ordinaire, le mercredi 27 ao\u00fbt 2025, dans sa salle de d\u00e9lib\u00e9rations au Palais de Koulouba, sous la pr\u00e9sidence du G\u00e9n\u00e9ral d\u2019Arm\u00e9e Assimi GOITA, Pr\u00e9sident de la Transition, Chef de l\u2019Etat.<\/h2>\n\n\n\n<p style=\"font-size:18px\">Apr\u00e8s examen des points inscrits \u00e0 l\u2019ordre du jour, le Conseil a entendu des communications.<br>&nbsp;<br>1. &nbsp; &nbsp;Le ministre des Affaires \u00e9trang\u00e8res et de la Coop\u00e9ration internationale a inform\u00e9 le Conseil des Ministres :<br><strong>a. &nbsp; &nbsp;des conclusions de la 2\u00e8me R\u00e9union du M\u00e9canisme de Consultations politiques entre la R\u00e9publique Bolivarienne du Venezuela et la R\u00e9publique du Mali.<\/strong><br>Le ministre du Pouvoir Populaire pour les Relations Ext\u00e9rieures de la R\u00e9publique Bolivarienne du Venezuela et le ministre des Affaires \u00e9trang\u00e8res et de la Coop\u00e9ration internationale ont tenu \u00e0 Caracas, le 4 ao\u00fbt 2025, la 2\u00e8me R\u00e9union du M\u00e9canisme de Consultations politiques entre les deux pays.<br>Cette rencontre a permis de renforcer les liens de solidarit\u00e9, d\u2019amiti\u00e9 et de coop\u00e9ration dans de nombreux domaines d\u2019activit\u00e9s prioritaires identifi\u00e9s dans le Proc\u00e8s-verbal sign\u00e9 entre les deux ministres \u00e0 l\u2019issue des travaux. Il s\u2019est d\u00e9gag\u00e9 de ce m\u00e9canisme une identit\u00e9 de vues sur plusieurs questions internationales, r\u00e9gionales et sous-r\u00e9gionales.<br>Au cours de son s\u00e9jour, le ministre des Affaires \u00e9trang\u00e8res et de la Coop\u00e9ration internationale a \u00e9t\u00e9 re\u00e7u en audience par le Pr\u00e9sident de la R\u00e9publique Bolivarienne du Venezuela ainsi que par la Vice-pr\u00e9sidente. Il a aussi eu des s\u00e9ances de travail avec de nombreux membres du Gouvernement v\u00e9n\u00e9zu\u00e9lien et avec le Secr\u00e9taire ex\u00e9cutif de \u00ab l\u2019Alliance Bolivarienne pour les peuples de notre Am\u00e9rique \u00bb.<br>Le ministre a \u00e9galement rencontr\u00e9 la communaut\u00e9 malienne \u00e9tablie au Venezuela.<br><strong>b. &nbsp; &nbsp;des conclusions de la 2\u00e8me Session de la Commission mixte de Coop\u00e9ration Emirats Arabes Unis-R\u00e9publique du Mali.<\/strong><br>A l\u2019invitation des Autorit\u00e9s \u00e9miraties, une d\u00e9l\u00e9gation malienne conduite par le ministre des Affaires \u00e9trang\u00e8res et de la Coop\u00e9ration internationale, comprenant, notamment le ministre de l\u2019Energie et de l\u2019Eau et le ministre de l\u2019Industrie et du Commerce, a particip\u00e9, le 18 ao\u00fbt 2025, \u00e0 la 2\u00e8me Session de la Commission mixte de Coop\u00e9ration Emirats Arabes Unis-R\u00e9publique du Mali.<br>Cette session a offert un cadre idoine aux parties malienne et \u00e9miratie de raffermir leurs relations bilat\u00e9rales dans de nombreux domaines de coop\u00e9ration afin de hisser leur coop\u00e9ration \u00e9conomique, commerciale et financi\u00e8re au niveau des excellentes relations politiques et diplomatiques entre les deux pays.<br>Le Proc\u00e8s-verbal sign\u00e9 entre les deux parties recense les domaines de coop\u00e9ration d\u2019int\u00e9r\u00eat mutuel et pr\u00e9voit un dispositif d\u2019offres ou de propositions compl\u00e9mentaires ainsi que la mise en place d\u2019un m\u00e9canisme de suivi.<br>En marge des travaux, la d\u00e9l\u00e9gation minist\u00e9rielle a rencontr\u00e9 la communaut\u00e9 malienne \u00e9tablie aux Emirats Arabes Unis. Les op\u00e9rateurs \u00e9conomiques maliens, pour ce qui les concerne, ont eu des rencontres d\u2019affaires avec leurs partenaires \u00e9miratis.<br>2. &nbsp; &nbsp;Le ministre de la Sant\u00e9 et du D\u00e9veloppement social a inform\u00e9 le Conseil des Ministres de la situation \u00e9pid\u00e9miologique du pays marqu\u00e9e, notamment par une augmentation du nombre de cas confirm\u00e9s de dengue compar\u00e9 \u00e0 celui de la semaine pr\u00e9c\u00e9dente.<br>Le Pr\u00e9sident de la Transition, Chef de l\u2019Etat a appel\u00e9 la population au respect strict des mesures de pr\u00e9vention et de lutte contre les maladies.<\/p>\n\n\n\n<p style=\"font-size:18px\"><strong>Bamako, le 27 ao\u00fbt 2025<br>Le Secr\u00e9taire g\u00e9n\u00e9ral du Gouvernement,<\/strong><\/p>\n\n\n\n<p style=\"font-size:18px\"><strong>Birama COULIBALY<br>Chevalier de l\u2019Ordre national<\/strong><\/p>\n\n\n\n<p>Maliweb<\/p>\n\n\n\n<p><\/p>\n","protected":false},"excerpt":{"rendered":"<p>Le Conseil des Ministres s\u2019est r\u00e9uni en session ordinaire, le mercredi 27 ao\u00fbt 2025, dans sa salle de d\u00e9lib\u00e9rations au Palais de Koulouba, sous la pr\u00e9sidence du G\u00e9n\u00e9ral d\u2019Arm\u00e9e Assimi&hellip;<\/p>\n","protected":false},"author":1,"featured_media":22450,"comment_status":"open","ping_status":"open","sticky":false,"template":"","format":"standard","meta":{"content-type":"","_lmt_disableupdate":"","_lmt_disable":"","_jetpack_memberships_contains_paid_content":false,"footnotes":"","jetpack_publicize_message":"","jetpack_publicize_feature_enabled":true,"jetpack_social_post_already_shared":true,"jetpack_social_options":{"image_generator_settings":{"template":"highway","default_image_id":0,"font":"","enabled":false},"version":2}},"categories":[28,23],"tags":[],"class_list":["post-23016","post","type-post","status-publish","format-standard","has-post-thumbnail","hentry","category-communique-du-conseil-des-ministres","category-politique"],"jetpack_publicize_connections":[],"featured_image_urls":{"full":["https:\/\/nandi.info\/wp-content\/uploads\/2025\/06\/Assimi-conseil-des-ministres.jpg",2048,1366,false],"thumbnail":["https:\/\/nandi.info\/wp-content\/uploads\/2025\/06\/Assimi-conseil-des-ministres-150x150.jpg",150,150,true],"medium":["https:\/\/nandi.info\/wp-content\/uploads\/2025\/06\/Assimi-conseil-des-ministres-300x200.jpg",300,200,true],"medium_large":["https:\/\/nandi.info\/wp-content\/uploads\/2025\/06\/Assimi-conseil-des-ministres-768x512.jpg",768,512,true],"large":["https:\/\/nandi.info\/wp-content\/uploads\/2025\/06\/Assimi-conseil-des-ministres-1024x683.jpg",1024,683,true],"1536x1536":["https:\/\/nandi.info\/wp-content\/uploads\/2025\/06\/Assimi-conseil-des-ministres-1536x1025.jpg",1536,1025,true],"2048x2048":["https:\/\/nandi.info\/wp-content\/uploads\/2025\/06\/Assimi-conseil-des-ministres.jpg",2048,1366,false],"penci-recipe-1200x1200":["https:\/\/nandi.info\/wp-content\/uploads\/2025\/06\/Assimi-conseil-des-ministres-1200x1200.jpg",1200,1200,true],"penci-recipe-1200x900":["https:\/\/nandi.info\/wp-content\/uploads\/2025\/06\/Assimi-conseil-des-ministres-1200x900.jpg",1200,900,true],"penci-recipe-1200x675":["https:\/\/nandi.info\/wp-content\/uploads\/2025\/06\/Assimi-conseil-des-ministres-1200x675.jpg",1200,675,true],"penci-single-full":["https:\/\/nandi.info\/wp-content\/uploads\/2025\/06\/Assimi-conseil-des-ministres-1920x1281.jpg",1920,1281,true],"penci-slider-full-thumb":["https:\/\/nandi.info\/wp-content\/uploads\/2025\/06\/Assimi-conseil-des-ministres-1920x800.jpg",1920,800,true],"penci-full-thumb":["https:\/\/nandi.info\/wp-content\/uploads\/2025\/06\/Assimi-conseil-des-ministres-1170x780.jpg",1170,780,true],"penci-slider-thumb":["https:\/\/nandi.info\/wp-content\/uploads\/2025\/06\/Assimi-conseil-des-ministres-1170x663.jpg",1170,663,true],"penci-magazine-slider":["https:\/\/nandi.info\/wp-content\/uploads\/2025\/06\/Assimi-conseil-des-ministres-780x516.jpg",780,516,true],"penci-thumb":["https:\/\/nandi.info\/wp-content\/uploads\/2025\/06\/Assimi-conseil-des-ministres-585x390.jpg",585,390,true],"penci-masonry-thumb":["https:\/\/nandi.info\/wp-content\/uploads\/2025\/06\/Assimi-conseil-des-ministres-585x390.jpg",585,390,true],"penci-thumb-square":["https:\/\/nandi.info\/wp-content\/uploads\/2025\/06\/Assimi-conseil-des-ministres-585x585.jpg",585,585,true],"penci-thumb-vertical":["https:\/\/nandi.info\/wp-content\/uploads\/2025\/06\/Assimi-conseil-des-ministres-480x650.jpg",480,650,true],"penci-thumb-small":["https:\/\/nandi.info\/wp-content\/uploads\/2025\/06\/Assimi-conseil-des-ministres-263x175.jpg",263,175,true]},"author_info":{"display_name":"Nandi","author_link":"https:\/\/nandi.info\/?author=1"},"category_info":"<a href=\"https:\/\/nandi.info\/?cat=28\" rel=\"category\">Communique du conseil des ministres<\/a> <a href=\"https:\/\/nandi.info\/?cat=23\" rel=\"category\">Politique<\/a>","tag_info":"Politique","comment_count":"0","jetpack_featured_media_url":"https:\/\/nandi.info\/wp-content\/uploads\/2025\/06\/Assimi-conseil-des-ministres.jpg","jetpack_sharing_enabled":true,"_links":{"self":[{"href":"https:\/\/nandi.info\/index.php?rest_route=\/wp\/v2\/posts\/23016","targetHints":{"allow":["GET"]}}],"collection":[{"href":"https:\/\/nandi.info\/index.php?rest_route=\/wp\/v2\/posts"}],"about":[{"href":"https:\/\/nandi.info\/index.php?rest_route=\/wp\/v2\/types\/post"}],"author":[{"embeddable":true,"href":"https:\/\/nandi.info\/index.php?rest_route=\/wp\/v2\/users\/1"}],"replies":[{"embeddable":true,"href":"https:\/\/nandi.info\/index.php?rest_route=%2Fwp%2Fv2%2Fcomments&post=23016"}],"version-history":[{"count":2,"href":"https:\/\/nandi.info\/index.php?rest_route=\/wp\/v2\/posts\/23016\/revisions"}],"predecessor-version":[{"id":23018,"href":"https:\/\/nandi.info\/index.php?rest_route=\/wp\/v2\/posts\/23016\/revisions\/23018"}],"wp:featuredmedia":[{"embeddable":true,"href":"https:\/\/nandi.info\/index.php?rest_route=\/wp\/v2\/media\/22450"}],"wp:attachment":[{"href":"https:\/\/nandi.info\/index.php?rest_route=%2Fwp%2Fv2%2Fmedia&parent=23016"}],"wp:term":[{"taxonomy":"category","embeddable":true,"href":"https:\/\/nandi.info\/index.php?rest_route=%2Fwp%2Fv2%2Fcategories&post=23016"},{"taxonomy":"post_tag","embeddable":true,"href":"https:\/\/nandi.info\/index.php?rest_route=%2Fwp%2Fv2%2Ftags&post=23016"}],"curies":[{"name":"wp","href":"https:\/\/api.w.org\/{rel}","templated":true}]}}