{"id":22975,"date":"2025-08-24T18:15:18","date_gmt":"2025-08-24T16:15:18","guid":{"rendered":"https:\/\/nandi.info\/?p=22975"},"modified":"2025-08-24T18:15:21","modified_gmt":"2025-08-24T16:15:21","slug":"que-sont-ils-devenus-me-ibrahim-berthe-le-charismatique-depute-1992-1997-elu-en-commune-iii","status":"publish","type":"post","link":"https:\/\/nandi.info\/?p=22975","title":{"rendered":"Que sont-ils devenus \u2026 Me Ibrahim Berth\u00e9 : Le charismatique d\u00e9put\u00e9 (1992-1997) \u00e9lu en Commune III"},"content":{"rendered":"\n<figure class=\"wp-block-image alignleft size-large is-resized\"><img fetchpriority=\"high\" decoding=\"async\" width=\"593\" height=\"1024\" src=\"https:\/\/nandi.info\/wp-content\/uploads\/2025\/08\/Me-Ibrahim-Berthe-593x1024.jpg\" alt=\"\" class=\"wp-image-22976\" style=\"width:348px;height:auto\" srcset=\"https:\/\/nandi.info\/wp-content\/uploads\/2025\/08\/Me-Ibrahim-Berthe-593x1024.jpg 593w, https:\/\/nandi.info\/wp-content\/uploads\/2025\/08\/Me-Ibrahim-Berthe-174x300.jpg 174w, https:\/\/nandi.info\/wp-content\/uploads\/2025\/08\/Me-Ibrahim-Berthe-768x1327.jpg 768w, https:\/\/nandi.info\/wp-content\/uploads\/2025\/08\/Me-Ibrahim-Berthe-585x1011.jpg 585w, https:\/\/nandi.info\/wp-content\/uploads\/2025\/08\/Me-Ibrahim-Berthe.jpg 870w\" sizes=\"(max-width: 593px) 100vw, 593px\" \/><\/figure>\n\n\n\n<h2 class=\"wp-block-heading\">Militant de premi\u00e8re heure de l&rsquo;ex-Cnid\/Faso Yiriwa ton, ancien d\u00e9put\u00e9 de la Commune III, ancien 2\u00e8me vice-pr\u00e9sident de l&rsquo;Assembl\u00e9e nationale. Il a aussi occup\u00e9 de hautes fonctions dans l&rsquo;administration publique et dans les instituions associatives, Me Ibrahim Berth\u00e9 est notre h\u00e9ros de la semaine pour l&rsquo;animation de la rubrique \u00ab\u00a0Que sont-ils devenus ?\u00a0\u00bb<\/h2>\n\n\n\n<p class=\"has-drop-cap\" style=\"font-size:18px\">En le sollicitant pour une interview, il fixa le pr\u00e9alable du rendez-vous. Cela avait pour but de planter le d\u00e9cor et d\u00e9finir un cadre de travail. C&rsquo;est-\u00e0-dire ne pas aborder l&rsquo;actualit\u00e9 politique, ne pas commenter la dissolution des partis politiques. Homme de droit respectueux des institutions de la R\u00e9publique, Me Ibrahim Berth\u00e9 sait pourquoi il agit ainsi.\u00a0\u00a0Quelle fut cette histoire qui l&rsquo;a li\u00e9 \u00e0 l&rsquo;ex-Cnid ? Pourquoi il est demeur\u00e9 un politicien constant ? Quelles furent les tractations du 2e tour qui ont conduit \u00e0 son \u00e9lection comme d\u00e9put\u00e9 en 1992 ? Me Ibrahim Berth\u00e9 nous a re\u00e7us \u00e0 son domicile au Badialan III, pour d\u00e9battre de tout cela. En nous recevant pour parler des aspects de sa vie, il s&rsquo;est dit \u00e9mu. Selon lui l&rsquo;exercice est difficile, mais l&rsquo;honneur l&rsquo;oblige \u00e0 faire un effort.<\/p>\n\n\n\n<p style=\"font-size:18px\">e Ibrahim Berth\u00e9 est un Mianka pur-sang, issu d&rsquo;une famille dont le chef est un conservateur intransigeant. Celui-ci a inculqu\u00e9 la bonne base \u00e0 ses enfants \u00e0 travers une \u00e9ducation calqu\u00e9e sur des principes traditionnels. Ce qui explique d&rsquo;ailleurs la modestie et le calme olympien de Me Berth\u00e9, dont le vieux p\u00e8re le fa\u00e7onna et l&rsquo;envoya \u00e0 l&rsquo;\u00e9cole de la vie. Il l&rsquo;a pr\u00e9par\u00e9 \u00e0 la dure r\u00e9alit\u00e9 de la vie.&nbsp;&nbsp;Pendant les vacances de la 1er&nbsp;&nbsp;A fondamentale \u00e0 la 4e A de l&rsquo;Ecole nationale d&rsquo;administration (ENA), il cultivait au champ familial.<\/p>\n\n\n\n<p style=\"font-size:18px\">L&rsquo;homme est une r\u00e9f\u00e9rence pour la jeunesse de son quartier. Celle-ci s&rsquo;est dress\u00e9e comme un seul homme pour l&rsquo;\u00e9lire d\u00e9put\u00e9 de la Commune III en 1992. Paradoxalement, il dit ne pas \u00eatre un politicien, mais un simple citoyen qui s&rsquo;est int\u00e9ress\u00e9 \u00e0 la chose publique. Et dont la ligne de conduite explique son choix, soutenue par la confiance de ses concitoyens. Son \u00e9veil de conscience date du temps du pr\u00e9sident Modibo K\u00e9\u00efta parce qu&rsquo;il l&rsquo;a connu tr\u00e8s t\u00f4t. Celui-ci venait dans sa belle-famille au Badialan. Mieux ses discours \u00e0 la radio l&rsquo;ont beaucoup marqu\u00e9 malgr\u00e9 son jeune \u00e2ge. Selon lui, sa droiture, sa rectitude et sa vision font de lui un homme d&rsquo;Etat que le Mali mettra du temps sans revoir le mod\u00e8le.<\/p>\n\n\n\n<p style=\"font-size:18px\">Avec une telle admiration pour le p\u00e8re de l&rsquo;ind\u00e9pendance du Mali, Me Ibrahim Berth\u00e9 pouvait-il accepter le coup d&rsquo;Etat de 1968 ? Surtout que par la suite la junte a traqu\u00e9 l&rsquo;Union Nationale des El\u00e8ves et Etudiants du Mali (Uneem ) et ferm\u00e9 les \u00e9coles pendant un an. Tout cela a cr\u00e9\u00e9 un sentiment de r\u00e9volte au point qu&rsquo;il exprima \u00e0 l&rsquo;ENA sa d\u00e9sapprobation avec d&rsquo;autres camarades de la dissolution de l&rsquo;association estudiantine. Pour cela il a \u00e9chapp\u00e9 \u00e0 une exclusion.<\/p>\n\n\n\n<p style=\"font-size:18px\">Son saut dans la politique est loin d&rsquo;\u00eatre un incident de parcours, ou un fait du hasard. Militant de premi\u00e8re heure du Congr\u00e8s national d&rsquo;initiative d\u00e9mocratique (Cnid\/Faso Yiriwa ton), il nous est revenu de comprendre que cela est cons\u00e9cutif \u00e0 son appartenance \u00e0 la grande famille judiciaire, dont l&rsquo;un des t\u00e9nors, Me Mountaga Tall, est le fondateur dudit&nbsp;&nbsp;mouvement politique. Il r\u00e9pond non. Alors comment cette longue histoire avec le Cnid\/Faso Yiriwa ton s&rsquo;est forg\u00e9e ?<\/p>\n\n\n\n<p style=\"font-size:18px\">Son adh\u00e9sion au Cnid rel\u00e8ve d&rsquo;un pur hasard. Il aurait pu \u00eatre militant de l&rsquo;Ad\u00e9ma, parce qu&rsquo;il \u00e9tait en contact direct avec Alpha Oumar Konar\u00e9 avant m\u00eame la cr\u00e9ation des deux associations politiques. Ils \u00e9changeaient beaucoup sur l&rsquo;avenir du pays. D\u00e9j\u00e0, il avait ouvert son cabinet d&rsquo;huissier. En apprenant la cr\u00e9ation du Cnid, Me Ibrahim Berth\u00e9, d\u00e9cide d&rsquo;y militer en payant sa premi\u00e8re carte avec Amidou Diabat\u00e9, natif de Niomirambougou (\u00e0 l&rsquo;\u00e9poque magistrat).<\/p>\n\n\n\n<p style=\"font-size:18px\">Jusque-l\u00e0 il ne sait pas que&nbsp;&nbsp;le Cnid est dirig\u00e9 par Me Mountaga Tall. Pour lui, le plus important \u00e9tait de contribuer \u00e0 l&rsquo;instauration du multipartisme int\u00e9gral. Cela passait obligatoirement par la fin du r\u00e9gime dictatorial du g\u00e9n\u00e9ral Moussa Traor\u00e9, tombeur de son idole. Pour la circonstance, Me Berth\u00e9 fait le porte-\u00e0-porte dans son quartier pour expliquer le bien-fond\u00e9 de la cr\u00e9ation du Cnid.<\/p>\n\n\n\n<p style=\"font-size:18px\">Entre-temps Amidou Diabat\u00e9 noue les contacts entre les diff\u00e9rents coordinateurs des quartiers de la Commune III, et organise une grande r\u00e9union \u00e0 l&rsquo;\u00e9cole de la Poudri\u00e8re pour annoncer les couleurs. Il pr\u00e9pare ses camarades aux obstacles et \u00e0 la r\u00e9action violente d&rsquo;un r\u00e9gime dictatorial qui se sentira accul\u00e9.<\/p>\n\n\n\n<p style=\"font-size:18px\">Premier en f\u00e9vrier 1983 du concours international de la Radio France Internationale (RFI) sur les droits de l&rsquo;Homme, Me Berth\u00e9 est dipl\u00f4m\u00e9 de&nbsp;&nbsp;l&rsquo;Ecole nationale d&rsquo;administration, option droit priv\u00e9 (promotion de&nbsp;&nbsp;1984, il est deux ans plus tard major au concours d&rsquo;acc\u00e8s \u00e0 la profession d&rsquo;huissier de justice. La valeur n&rsquo;entend point, dit-on. Cette admission f\u00fbt un d\u00e9clic&nbsp;&nbsp;pour sa carri\u00e8re :<\/p>\n\n\n\n<p style=\"font-size:18px\">&#8211; 1990 -1992 : secr\u00e9taire g\u00e9n\u00e9ral de la Chambre nationale des huissiers du Mali ;<\/p>\n\n\n\n<p style=\"font-size:18px\">&#8211; 1992-1999 : pr\u00e9sident de la m\u00eame institution ;<\/p>\n\n\n\n<p style=\"font-size:18px\">&#8211; 1991-2009 : membre du Conseil permanent de l&rsquo;Union internationale des huissiers de justice et officiers judiciaires avec si\u00e8ge \u00e0 Paris ;<\/p>\n\n\n\n<p style=\"font-size:18px\">&#8211; 1998 : charg\u00e9 de cours \u00e0 l&rsquo;intention des huissiers stagiaires \u00e0 l&rsquo;Institut national de formation judicaire ;<\/p>\n\n\n\n<p style=\"font-size:18px\">&#8211; 2003-2005 et 2011 \u00e0 2013 : charg\u00e9 de cours de droit priv\u00e9 \u00e0 la FSJP ;<\/p>\n\n\n\n<p style=\"font-size:18px\">&#8211; 1993-1997 : deuxi\u00e8me vice-pr\u00e9sident de l&rsquo;Assembl\u00e9e nationale ;<\/p>\n\n\n\n<p style=\"font-size:18px\">&#8211; 2011-2013 : charg\u00e9 de mission au minist\u00e8re des Affaires \u00e9trang\u00e8res et de la Coop\u00e9ration internationale.<\/p>\n\n\n\n<p style=\"font-size:18px\">Dans le quartier, il n&rsquo;y a pas eu de contact direct entre Me Ibrahim Berth\u00e9 et nous. La r\u00e9alit\u00e9 est qu&rsquo;il nous a beaucoup impressionn\u00e9 par sa modestie, son sens \u00e9lev\u00e9 du social et son amour du pays. Certes, c&rsquo;est un grand fr\u00e8re de quartier, et nous fr\u00e9quentons sa famille \u00e0 travers son jeune fr\u00e8re Faly Berth\u00e9, un bon ami. Nous l&rsquo;avons plut\u00f4t approch\u00e9 gr\u00e2ce \u00e0 la politique. Lors des campagnes des \u00e9lections l\u00e9gislatives de 1992, les accrochages entre le Cnid et l&rsquo;Adema \u00e9taient monnaie courante.<\/p>\n\n\n\n<p style=\"font-size:18px\">Me Berth\u00e9 s&rsquo;est toujours montr\u00e9 conciliant et nous conseillait la retenue. Pour lui, la meilleure attitude est d&rsquo;\u00e9viter de se cr\u00e9er des ennemis en politique. Etant donn\u00e9 que nous sommes les enfants d&rsquo;un seul quartier et d&rsquo;une m\u00eame Commune. A la faveur de ces \u00e9ch\u00e9ances \u00e9lectorales, l&rsquo;histoire retiendra que sa brillante \u00e9lection servira de rep\u00e8re. Comment ? C&rsquo;est toute une commune qui s&rsquo;est mobilis\u00e9e pour le soutenir. Le jour du 2e tour \u00e0 Darsalam une vieille&nbsp;<\/p>\n\n\n\n<p style=\"font-size:18px\">peinant m\u00eame \u00e0 marcher tenait \u00e0 voter pour le candidat du Cnid. Car il l&rsquo;a s\u00e9duit par sa strat\u00e9gie de porte-\u00e0-porte. Face \u00e0 ce comportement de la vieille, Me Berth\u00e9 tr\u00e8s \u00e9mu s&rsquo;assit par terre et fondit en larmes.<\/p>\n\n\n\n<p style=\"font-size:18px\">Ce fut un instant path\u00e9tique. H\u00e9las !!! Quand nous lui avons rappel\u00e9 ce souvenir, il n&rsquo;en revenait pas. Faudrait-il aussi signaler qu&rsquo;\u00e0 partir de ce jour, il a pris en charge les d\u00e9penses mensuelles de la vieille jusqu&rsquo;\u00e0 son d\u00e9c\u00e8s. Evidemment parlons de cette \u00e9lection de Me Berth\u00e9 contre le candidat de l&rsquo;Ad\u00e9ma. Quel \u00e9tait le secret de l&rsquo;engouement qui entourait son \u00e9lection ? Quelles furent les tractations entre le premier et le deuxi\u00e8me tour ? Me Berth\u00e9 se souvient.<\/p>\n\n\n\n<p style=\"font-size:18px\">L&rsquo;homme du peuple<\/p>\n\n\n\n<p style=\"font-size:18px\">\u00ab\u00a0J&rsquo;ai \u00e9t\u00e9 d\u00e9pass\u00e9 par l&rsquo;engouement, \u00e0 tel point que je me suis pos\u00e9 la question de savoir comment tout cela s&rsquo;est r\u00e9alis\u00e9 pour ma modeste personne. Mais j&rsquo;ai fini par conclure que c&rsquo;est la conjonction de plusieurs param\u00e8tres. Le Cnid est tomb\u00e9 sur des militants soud\u00e9s, tr\u00e8s engag\u00e9s. Je me suis mis \u00e0 la disposition de tout ce mouvement en rencontrant les diff\u00e9rents chefs de famille, y compris nos adversaires politiques. Parce que nous appartenons tous \u00e0 la Commune III. Donc au-del\u00e0 des divergences politiques nous devrons \u00eatre soud\u00e9s avec le d\u00e9sir profond de l&rsquo;amour du pays. Bref je n&rsquo;ai fait qu&rsquo;accompagner les militants.<\/p>\n\n\n\n<p style=\"font-size:18px\">En tant que fils d&rsquo;un quartier populaire, j&rsquo;ai exploit\u00e9 la mentalit\u00e9 de la population. Pour le 2e tour, le directoire du Cnid de la Commune III a d\u00e9march\u00e9 les autres partis tomb\u00e9s au 1er tour, tout en expliquant son programme soutenu par la passion pour la Commune. Ils nous ont accompagn\u00e9s. Dieu merci tout s&rsquo;est bien pass\u00e9\u00a0\u00bb.<\/p>\n\n\n\n<p style=\"font-size:18px\">&nbsp;Apr\u00e8s son \u00e9lection Me Berth\u00e9 reprend sa pratique politique du porte-\u00e0-porte pour remercier tous ceux-l\u00e0 qui ont contribu\u00e9 \u00e0 sa victoire. Il s&rsquo;est r\u00e9ellement mis \u00e0 la disposition de la population. A chaque fois qu&rsquo;il a \u00e9t\u00e9 sollicit\u00e9 et quelle que soit l&rsquo;heure tardive de la nuit, il r\u00e9pondait et s&#8217;employait \u00e0 trouver une solution au probl\u00e8me pos\u00e9.<\/p>\n\n\n\n<p style=\"font-size:18px\">Pour le bien-\u00eatre et le d\u00e9veloppement de la Commune III, il commence par recenser les probl\u00e8mes des diff\u00e9rentes \u00e9coles fondamentales. Ainsi avec l&rsquo;appui de l&rsquo;Agetipe, du Fonds canadien d&rsquo;initiatives locales, du Fonds hollandais, du Fonds FAEF, il proc\u00e8de \u00e0 la cl\u00f4ture de plusieurs \u00e9coles, et entreprend des travaux d&rsquo;int\u00e9r\u00eat public dans la Commune. Autrement dit les r\u00e9alisations faites&nbsp;&nbsp;\u00e0 son&nbsp;&nbsp;initiative ou avec son appui sont de 625.000.000 F CFA&nbsp;&nbsp;entre 1992 et 1997 dans les 19 quartiers de la commune III: \u00e9coles, ponts,&nbsp;&nbsp;&nbsp;centres de sant\u00e9,&nbsp;&nbsp;sports&nbsp;&nbsp;etc<\/p>\n\n\n\n<p style=\"font-size:18px\">Le charisme de Me Berth\u00e9 lui conf\u00e8re m\u00eame le statut d&rsquo;homme mod\u00e8le pour la jeunesse. Mais il pense seulement s&rsquo;\u00eatre mis \u00e0 la disposition des hommes et des femmes qui l&rsquo;ont \u00e9lu. Cependant en tant que d\u00e9put\u00e9 de l&rsquo;opposition si\u00e9geant au bureau de l&rsquo;Assembl\u00e9e nationale dirig\u00e9e par le pouvoir en place, Me Berth\u00e9 n&rsquo;h\u00e9site pas \u00e0 interpeller certains ministres Ad\u00e9ma :<\/p>\n\n\n\n<p style=\"font-size:18px\">&#8211; Dioncounda Traor\u00e9, ministre de la Fonction publique et de la Modernisation de l&rsquo;administration sur le changement d&rsquo;horaires de travail (journ\u00e9e continue) ;<\/p>\n\n\n\n<p style=\"font-size:18px\">&#8211; Boubacar Gaoussou Diarra, ministre de l&rsquo;Emploi, de la Fonction publique et du Travail sur le ch\u00f4mage r\u00e9siduel des cadres de l&rsquo;administration malienne ;<\/p>\n\n\n\n<p style=\"font-size:18px\">&#8211; Souma\u00efla Ciss\u00e9, ministre de l&rsquo;Economie et des Finances sur les cons\u00e9quences de la dissolution pour le Mali de la CEAO o\u00f9 notre pays a perdu des milliards de F CFA ;<\/p>\n\n\n\n<p style=\"font-size:18px\">&#8211; Mme Sy Kadiatou Sow, ministre des Affaires \u00e9trang\u00e8res sur la mort de trois Maliens dans des conditions atroces au Congo-Brazzaville.<\/p>\n\n\n\n<p style=\"font-size:18px\">Le temps du recul<\/p>\n\n\n\n<p style=\"font-size:18px\">Audace ou m\u00e9galomanie ? Me Berth\u00e9 soutient que l&rsquo;int\u00e9r\u00eat du pays doit primer sur les consid\u00e9rations personnelles. Parce que chacun aura \u00e0 r\u00e9pondre de ses actes devant le Tribunal de l&rsquo;histoire. A titre de rappel, en octobre 1994 \u00e0 Libreville \u00e0 la r\u00e9union des d\u00e9put\u00e9s Europ\u00e9ens et Africains, des parlementaires europ\u00e9ens avaient d\u00e9j\u00e0 vot\u00e9 une r\u00e9solution a Bruxelles quelques jours avant, pour condamner le Mali \u00e0 cause de la r\u00e9bellion. Et c&rsquo;est Me Berthe, \u00e9tant de l&rsquo;opposition,&nbsp;&nbsp;chef de la d\u00e9l\u00e9gation malienne qui a utilis\u00e9 ses frais de mission en entier pour convaincre ses coll\u00e8gues europ\u00e9ens au cours d&rsquo;un d\u00e9jeuner \u00e0 retirer leurs plaintes contre le Mali qui allait perdre des milliards de fonds de la coop\u00e9ration.&nbsp;&nbsp;&nbsp;&nbsp;&nbsp;&nbsp;&nbsp;&nbsp;&nbsp;&nbsp;&nbsp;&nbsp;&nbsp;&nbsp;<\/p>\n\n\n\n<p style=\"font-size:18px\">&nbsp;&nbsp;Cependant, si une bonne partie de l&rsquo;opinion politique est formelle que Me Berth\u00e9 a marqu\u00e9 d&rsquo;une empreinte digitale ind\u00e9l\u00e9bile son passage \u00e0 l&rsquo;Assembl\u00e9e nationale, paradoxalement il regrette n&rsquo;avoir pas pu mettre en \u0153uvre de nombreux projets quand il quittait le Parlement. L&rsquo;autre probl\u00e9matique qui le hante est comment les r\u00e9aliser dans le contexte actuel. Parce qu&rsquo;\u00e0 pr\u00e9sent, il se dit redevable de ce peuple qui l&rsquo;a \u00e9lu. &#8230;<\/p>\n\n\n\n<p style=\"font-size:18px\">Autre regret le non accompagnement de son initiative pour la cr\u00e9ation&nbsp;&nbsp;d&rsquo;un texte sur la cr\u00e9ation du FONDS NATIONAL POUR L&rsquo;\u00c9DUCATION pour supporter les charges \u00e9normes afin de&nbsp;&nbsp;sauver l&rsquo;\u00e9cole malienne.<\/p>\n\n\n\n<p style=\"font-size:18px\">R\u00e9dacteur du projet de l&rsquo;hymne de l&rsquo;Union internationale des huissiers et officiers judiciaires&nbsp;&nbsp;&nbsp;&nbsp;&nbsp;(UIHOJ) qui regroupe 93 pays et associ\u00e9s, Me Ibrahim Berth\u00e9 est aussi \u00e9crivain pour avoir publi\u00e9 deux livres : \u00ab\u00a0Sur le chemin des saisies\u00a0\u00bb (novembre 2017), \u00ab\u00a0Coup de Gueule\u00a0\u00bb (\u00e9dit\u00e9 en 2020).<\/p>\n\n\n\n<p style=\"font-size:18px\">M\u00e9daill\u00e9 d&rsquo;Or de l&rsquo;UIHOJ (2016), chevalier de l&rsquo;Ordre national du Mali (2023), la riche carri\u00e8re de Me Berth\u00e9 est li\u00e9e \u00e0 de bons souvenirs :<\/p>\n\n\n\n<p style=\"font-size:18px\">&#8211; Le choix du Cnid sur sa modeste personne pour les l\u00e9gislatives de 1992 ; sa victoire au 2e tour contre l&rsquo;Ad\u00e9ma, o\u00f9 tout le quartier l&rsquo;attendait devant la maison paternelle pour le f\u00e9liciter. Ce jour, il se rappelle avoir d\u00e9cid\u00e9 de marcher du centre-ville au Badialan III, uniquement pour \u00eatre en communion avec la foule qui l&rsquo;a escort\u00e9 jusqu&rsquo;\u00e0 son domicile.<\/p>\n\n\n\n<p style=\"font-size:18px\">Ses d\u00e9marches aupr\u00e8s des bailleurs pour le financement de ses projets li\u00e9es aux \u00e9coles fondamentales de la Commune III, ont fait des jaloux au sein de la classe politique. Un mauvais souvenir, oui, mais qu&rsquo;il s&rsquo;efforce d&rsquo;oublier, parce qu&rsquo;il ne se l&rsquo;explique d&rsquo;autant plus que dans chaque famille il y a au moins un \u00e9l\u00e8ve. La d\u00e9faite du Cnid aux \u00e9lections l\u00e9gislatives de 1997, suite \u00e0 l&rsquo;intrusion de l&rsquo;argent et des fraudes constitue \u00e9galement un mauvais souvenir.<\/p>\n\n\n\n<p style=\"font-size:18px\">Le constat est que depuis quelques ann\u00e9es Me Ibrahim Berth\u00e9 a pris du recul sur le plan politique. Pourquoi ? \u00ab\u00a0Apr\u00e8s la crise au Cnid, j&rsquo;ai jou\u00e9 \u00e0 calmer les ardeurs, malgr\u00e9 tout la division a \u00e9t\u00e9 in\u00e9vitable. Malheureusement au sein m\u00eame du parti, il y&rsquo;a eu trop de querelles internes. Et \u00e0 un moment donn\u00e9 j&rsquo;\u00e9tais vis\u00e9, et avant que je ne sois atteint, j&rsquo;ai pris du recul\u00a0\u00bb, conclut-il. Et c&rsquo;est dommage !!!\u00a0\u00a0\u00a0\u00a0\u00a0\u00a0\u00a0\u00a0\u00a0\u00a0\u00a0\u00a0<\/p>\n\n\n\n<p><strong>\u00a0\u00a0O. Roger SISSOKO<\/strong><\/p>\n\n\n\n<p><\/p>\n","protected":false},"excerpt":{"rendered":"<p>Militant de premi\u00e8re heure de l&rsquo;ex-Cnid\/Faso Yiriwa ton, ancien d\u00e9put\u00e9 de la Commune III, ancien 2\u00e8me vice-pr\u00e9sident de l&rsquo;Assembl\u00e9e nationale. Il a aussi occup\u00e9 de hautes fonctions dans l&rsquo;administration publique&hellip;<\/p>\n","protected":false},"author":1,"featured_media":22976,"comment_status":"open","ping_status":"open","sticky":false,"template":"","format":"standard","meta":{"content-type":"","_lmt_disableupdate":"","_lmt_disable":"","_jetpack_memberships_contains_paid_content":false,"footnotes":"","jetpack_publicize_message":"","jetpack_publicize_feature_enabled":true,"jetpack_social_post_already_shared":true,"jetpack_social_options":{"image_generator_settings":{"template":"highway","default_image_id":0,"font":"","enabled":false},"version":2}},"categories":[19,44],"tags":[],"class_list":["post-22975","post","type-post","status-publish","format-standard","has-post-thumbnail","hentry","category-aujourdhui-mali","category-que-sont-ils-devenus"],"jetpack_publicize_connections":[],"featured_image_urls":{"full":["https:\/\/nandi.info\/wp-content\/uploads\/2025\/08\/Me-Ibrahim-Berthe.jpg",870,1503,false],"thumbnail":["https:\/\/nandi.info\/wp-content\/uploads\/2025\/08\/Me-Ibrahim-Berthe-150x150.jpg",150,150,true],"medium":["https:\/\/nandi.info\/wp-content\/uploads\/2025\/08\/Me-Ibrahim-Berthe-174x300.jpg",174,300,true],"medium_large":["https:\/\/nandi.info\/wp-content\/uploads\/2025\/08\/Me-Ibrahim-Berthe-768x1327.jpg",768,1327,true],"large":["https:\/\/nandi.info\/wp-content\/uploads\/2025\/08\/Me-Ibrahim-Berthe-593x1024.jpg",593,1024,true],"1536x1536":["https:\/\/nandi.info\/wp-content\/uploads\/2025\/08\/Me-Ibrahim-Berthe.jpg",870,1503,false],"2048x2048":["https:\/\/nandi.info\/wp-content\/uploads\/2025\/08\/Me-Ibrahim-Berthe.jpg",870,1503,false],"penci-recipe-1200x1200":["https:\/\/nandi.info\/wp-content\/uploads\/2025\/08\/Me-Ibrahim-Berthe-870x1200.jpg",870,1200,true],"penci-recipe-1200x900":["https:\/\/nandi.info\/wp-content\/uploads\/2025\/08\/Me-Ibrahim-Berthe-870x900.jpg",870,900,true],"penci-recipe-1200x675":["https:\/\/nandi.info\/wp-content\/uploads\/2025\/08\/Me-Ibrahim-Berthe-870x675.jpg",870,675,true],"penci-single-full":["https:\/\/nandi.info\/wp-content\/uploads\/2025\/08\/Me-Ibrahim-Berthe.jpg",870,1503,false],"penci-slider-full-thumb":["https:\/\/nandi.info\/wp-content\/uploads\/2025\/08\/Me-Ibrahim-Berthe-870x800.jpg",870,800,true],"penci-full-thumb":["https:\/\/nandi.info\/wp-content\/uploads\/2025\/08\/Me-Ibrahim-Berthe.jpg",870,1503,false],"penci-slider-thumb":["https:\/\/nandi.info\/wp-content\/uploads\/2025\/08\/Me-Ibrahim-Berthe-870x663.jpg",870,663,true],"penci-magazine-slider":["https:\/\/nandi.info\/wp-content\/uploads\/2025\/08\/Me-Ibrahim-Berthe-780x516.jpg",780,516,true],"penci-thumb":["https:\/\/nandi.info\/wp-content\/uploads\/2025\/08\/Me-Ibrahim-Berthe-585x390.jpg",585,390,true],"penci-masonry-thumb":["https:\/\/nandi.info\/wp-content\/uploads\/2025\/08\/Me-Ibrahim-Berthe-585x1011.jpg",585,1011,true],"penci-thumb-square":["https:\/\/nandi.info\/wp-content\/uploads\/2025\/08\/Me-Ibrahim-Berthe-585x585.jpg",585,585,true],"penci-thumb-vertical":["https:\/\/nandi.info\/wp-content\/uploads\/2025\/08\/Me-Ibrahim-Berthe-480x650.jpg",480,650,true],"penci-thumb-small":["https:\/\/nandi.info\/wp-content\/uploads\/2025\/08\/Me-Ibrahim-Berthe-263x175.jpg",263,175,true]},"author_info":{"display_name":"Nandi","author_link":"https:\/\/nandi.info\/?author=1"},"category_info":"<a href=\"https:\/\/nandi.info\/?cat=19\" rel=\"category\">Aujourd\u2019hui Mali<\/a> <a href=\"https:\/\/nandi.info\/?cat=44\" rel=\"category\">Que sont-ils devenus ?<\/a>","tag_info":"Que sont-ils devenus ?","comment_count":"0","jetpack_featured_media_url":"https:\/\/nandi.info\/wp-content\/uploads\/2025\/08\/Me-Ibrahim-Berthe.jpg","jetpack_sharing_enabled":true,"_links":{"self":[{"href":"https:\/\/nandi.info\/index.php?rest_route=\/wp\/v2\/posts\/22975","targetHints":{"allow":["GET"]}}],"collection":[{"href":"https:\/\/nandi.info\/index.php?rest_route=\/wp\/v2\/posts"}],"about":[{"href":"https:\/\/nandi.info\/index.php?rest_route=\/wp\/v2\/types\/post"}],"author":[{"embeddable":true,"href":"https:\/\/nandi.info\/index.php?rest_route=\/wp\/v2\/users\/1"}],"replies":[{"embeddable":true,"href":"https:\/\/nandi.info\/index.php?rest_route=%2Fwp%2Fv2%2Fcomments&post=22975"}],"version-history":[{"count":1,"href":"https:\/\/nandi.info\/index.php?rest_route=\/wp\/v2\/posts\/22975\/revisions"}],"predecessor-version":[{"id":22977,"href":"https:\/\/nandi.info\/index.php?rest_route=\/wp\/v2\/posts\/22975\/revisions\/22977"}],"wp:featuredmedia":[{"embeddable":true,"href":"https:\/\/nandi.info\/index.php?rest_route=\/wp\/v2\/media\/22976"}],"wp:attachment":[{"href":"https:\/\/nandi.info\/index.php?rest_route=%2Fwp%2Fv2%2Fmedia&parent=22975"}],"wp:term":[{"taxonomy":"category","embeddable":true,"href":"https:\/\/nandi.info\/index.php?rest_route=%2Fwp%2Fv2%2Fcategories&post=22975"},{"taxonomy":"post_tag","embeddable":true,"href":"https:\/\/nandi.info\/index.php?rest_route=%2Fwp%2Fv2%2Ftags&post=22975"}],"curies":[{"name":"wp","href":"https:\/\/api.w.org\/{rel}","templated":true}]}}