{"id":22958,"date":"2025-08-20T17:43:36","date_gmt":"2025-08-20T15:43:36","guid":{"rendered":"https:\/\/nandi.info\/?p=22958"},"modified":"2025-08-20T17:43:38","modified_gmt":"2025-08-20T15:43:38","slug":"mamou-daffe-le-mali-a-illumine-le-monde-il-le-refera","status":"publish","type":"post","link":"https:\/\/nandi.info\/?p=22958","title":{"rendered":"Mamou Daff\u00e9 : \u00ab\u00a0Le Mali a illumin\u00e9 le monde. Il le refera\u00a0\u00bb"},"content":{"rendered":"\n<figure class=\"wp-block-image size-full\"><img fetchpriority=\"high\" decoding=\"async\" width=\"870\" height=\"634\" src=\"https:\/\/nandi.info\/wp-content\/uploads\/2025\/05\/Mamou-Daffe.jpg\" alt=\"\" class=\"wp-image-22172\" srcset=\"https:\/\/nandi.info\/wp-content\/uploads\/2025\/05\/Mamou-Daffe.jpg 870w, https:\/\/nandi.info\/wp-content\/uploads\/2025\/05\/Mamou-Daffe-300x219.jpg 300w, https:\/\/nandi.info\/wp-content\/uploads\/2025\/05\/Mamou-Daffe-768x560.jpg 768w, https:\/\/nandi.info\/wp-content\/uploads\/2025\/05\/Mamou-Daffe-585x426.jpg 585w\" sizes=\"(max-width: 870px) 100vw, 870px\" \/><figcaption class=\"wp-element-caption\">Cr\u00e9dit DR<\/figcaption><\/figure>\n\n\n\n<p style=\"font-size:19px\"><strong><em>Le ministre en charge de la Culture a pr\u00e9sent\u00e9, en m\u00eame temps que le bilan des 6 mois de l\u2019Ann\u00e9e de la culture, la nouvelle politique culturelle du Mali qui s\u2019articule autour de cinq axes : r\u00e9formes structurelles &amp; nouvelle politique culturelle ; revitalisation culturelle des territoires avec une culture du Mali Kura &#8211; Sigida Ni\u00e8ta, revitalisation des mus\u00e9es et lieux de diffusion, Faso Baro K\u00e8n\u00e8, Faso Sifinso, Danbedondaw ; promotion des talents Maliden Kura, ITM, cr\u00e9ations artistiques ; industrialisation et infrastructures, Plan Mama Dinga et promotion de l\u2019image positive du Mali.<\/em><\/strong><\/p>\n\n\n\n<p class=\"has-drop-cap\" style=\"font-size:18px\">Le minist\u00e8re de l\u2019Artisanat, de la Culture, de l\u2019Industrie h\u00f4teli\u00e8re et du Tourisme, sous la direction du ministre Mamou Daff\u00e9, a initi\u00e9 un projet d\u00e9nomm\u00e9 \u00ab\u00a0Culture Mali 2025\u00a0\u00bb qui a pour objectif principal de faire de la culture un levier de transformation sociale et \u00e9conomique repositionnant le Mali comme une r\u00e9f\u00e9rence culturelle en Afrique tout en revitalisant son patrimoine culturel dans une dynamique de renaissance culturelle.<\/p>\n\n\n\n<p style=\"font-size:18px\">Ainsi, les Etats g\u00e9n\u00e9raux de la culture ont produit 89 recommandations r\u00e9pondant aux besoins et aspirations des secteurs de la culture, de l\u2019artisanat et du tourisme au Mali et ont d\u00e9bouch\u00e9 sur l\u2019\u00e9laboration d\u2019une politique culturelle du Mali.<\/p>\n\n\n\n<p style=\"font-size:18px\">En application de cette politique d\u00e9clin\u00e9e sur les 5 axes, il y a eu l\u2019inauguration de la Place de l\u2019AES, le bapt\u00eame du Parc des explorateurs \u00e0 Koulouba, d\u00e9sormais Mali Tiebaw, le Parc des grands hommes, la Place des gouverneurs du Soudan fran\u00e7ais, devenu Mali K\u00e8l\u00e8 Massaw, la Place des chefs de guerre\u2026<\/p>\n\n\n\n<p style=\"font-size:18px\">Le ministre Daff\u00e9 et son \u00e9quipe ont \u00e9labor\u00e9 \u00ab\u00a0le Programme triennal Maliden Kura\u00a0\u00bb pour la formation de l\u2019individu et la structuration de la soci\u00e9t\u00e9, l\u2019\u00e9panouissement socio\u00e9conomique des communaut\u00e9s afin de forger la colonne vert\u00e9brale du Maliden Kura (nouveau citoyen malien) et d\u2019aller vers un nouveau paradigme de transformation sociale et de changement de comportement pour l\u2019av\u00e8nement du Mali Kura.<\/p>\n\n\n\n<p style=\"font-size:18px\">\u00ab\u00a0Il consiste \u00e0 travailler sur la revitalisation des territoires \u00e0 travers le riche patrimoine culturel mat\u00e9riel et immat\u00e9riel et \u00e0 mettre l\u2019individu au c\u0153ur du d\u00e9veloppement socio-\u00e9conomique et culturel par le biais de l\u2019\u00e9ducation civique, morale et culturelle\u00a0\u00bb, a d\u00e9clar\u00e9 le ministre Daff\u00e9.<\/p>\n\n\n\n<p style=\"font-size:18px\">Il a indiqu\u00e9 que les conf\u00e9rences Faso Baro K\u00e8n\u00e8 ont permis de toucher plus de 3500 personnes, les Sifinso, plus de 1000 \u00e9tudiants. \u00ab\u00a0Les diffusions d\u2019outils d\u2019art social dans le cadre de Faso Sifinso ont touch\u00e9 plus de 240 000 jeunes du Mali, en leur inculquant les valeurs de citoyennet\u00e9, en vue de la formation du Maliden Kura et le renforcement du sentiment patriotique\u00a0\u00bb, a-t-il ajout\u00e9.<\/p>\n\n\n\n<p style=\"font-size:18px\">Le projet Sigida Ni\u00e8ta a identifi\u00e9, s\u00e9lectionn\u00e9, soutenu, encadr\u00e9 et promu les initiatives locales dans une perspective d\u2019industries culturelles et cr\u00e9atives en lien avec le patrimoine culturel pour un d\u00e9veloppement socio\u00e9conomique durable de nos territoires.<\/p>\n\n\n\n<p style=\"font-size:18px\"><strong>Alexis Kalambry<\/strong><\/p>\n","protected":false},"excerpt":{"rendered":"<p>Le ministre en charge de la Culture a pr\u00e9sent\u00e9, en m\u00eame temps que le bilan des 6 mois de l\u2019Ann\u00e9e de la culture, la nouvelle politique culturelle du Mali qui&hellip;<\/p>\n","protected":false},"author":1,"featured_media":22172,"comment_status":"open","ping_status":"open","sticky":false,"template":"","format":"standard","meta":{"content-type":"","_lmt_disableupdate":"","_lmt_disable":"","_jetpack_memberships_contains_paid_content":false,"footnotes":"","jetpack_publicize_message":"","jetpack_publicize_feature_enabled":true,"jetpack_social_post_already_shared":true,"jetpack_social_options":{"image_generator_settings":{"template":"highway","default_image_id":0,"font":"","enabled":false},"version":2}},"categories":[104,33],"tags":[],"class_list":["post-22958","post","type-post","status-publish","format-standard","has-post-thumbnail","hentry","category-culture","category-mali-tribune"],"jetpack_publicize_connections":[],"featured_image_urls":{"full":["https:\/\/nandi.info\/wp-content\/uploads\/2025\/05\/Mamou-Daffe.jpg",870,634,false],"thumbnail":["https:\/\/nandi.info\/wp-content\/uploads\/2025\/05\/Mamou-Daffe-150x150.jpg",150,150,true],"medium":["https:\/\/nandi.info\/wp-content\/uploads\/2025\/05\/Mamou-Daffe-300x219.jpg",300,219,true],"medium_large":["https:\/\/nandi.info\/wp-content\/uploads\/2025\/05\/Mamou-Daffe-768x560.jpg",768,560,true],"large":["https:\/\/nandi.info\/wp-content\/uploads\/2025\/05\/Mamou-Daffe.jpg",870,634,false],"1536x1536":["https:\/\/nandi.info\/wp-content\/uploads\/2025\/05\/Mamou-Daffe.jpg",870,634,false],"2048x2048":["https:\/\/nandi.info\/wp-content\/uploads\/2025\/05\/Mamou-Daffe.jpg",870,634,false],"penci-recipe-1200x1200":["https:\/\/nandi.info\/wp-content\/uploads\/2025\/05\/Mamou-Daffe.jpg",870,634,false],"penci-recipe-1200x900":["https:\/\/nandi.info\/wp-content\/uploads\/2025\/05\/Mamou-Daffe.jpg",870,634,false],"penci-recipe-1200x675":["https:\/\/nandi.info\/wp-content\/uploads\/2025\/05\/Mamou-Daffe.jpg",870,634,false],"penci-single-full":["https:\/\/nandi.info\/wp-content\/uploads\/2025\/05\/Mamou-Daffe.jpg",870,634,false],"penci-slider-full-thumb":["https:\/\/nandi.info\/wp-content\/uploads\/2025\/05\/Mamou-Daffe.jpg",870,634,false],"penci-full-thumb":["https:\/\/nandi.info\/wp-content\/uploads\/2025\/05\/Mamou-Daffe.jpg",870,634,false],"penci-slider-thumb":["https:\/\/nandi.info\/wp-content\/uploads\/2025\/05\/Mamou-Daffe.jpg",870,634,false],"penci-magazine-slider":["https:\/\/nandi.info\/wp-content\/uploads\/2025\/05\/Mamou-Daffe-780x516.jpg",780,516,true],"penci-thumb":["https:\/\/nandi.info\/wp-content\/uploads\/2025\/05\/Mamou-Daffe-585x390.jpg",585,390,true],"penci-masonry-thumb":["https:\/\/nandi.info\/wp-content\/uploads\/2025\/05\/Mamou-Daffe-585x426.jpg",585,426,true],"penci-thumb-square":["https:\/\/nandi.info\/wp-content\/uploads\/2025\/05\/Mamou-Daffe-585x585.jpg",585,585,true],"penci-thumb-vertical":["https:\/\/nandi.info\/wp-content\/uploads\/2025\/05\/Mamou-Daffe-480x634.jpg",480,634,true],"penci-thumb-small":["https:\/\/nandi.info\/wp-content\/uploads\/2025\/05\/Mamou-Daffe-263x175.jpg",263,175,true]},"author_info":{"display_name":"Nandi","author_link":"https:\/\/nandi.info\/?author=1"},"category_info":"<a href=\"https:\/\/nandi.info\/?cat=104\" rel=\"category\">Culture<\/a> <a href=\"https:\/\/nandi.info\/?cat=33\" rel=\"category\">Mali Tribune<\/a>","tag_info":"Mali Tribune","comment_count":"0","jetpack_featured_media_url":"https:\/\/nandi.info\/wp-content\/uploads\/2025\/05\/Mamou-Daffe.jpg","jetpack_sharing_enabled":true,"_links":{"self":[{"href":"https:\/\/nandi.info\/index.php?rest_route=\/wp\/v2\/posts\/22958","targetHints":{"allow":["GET"]}}],"collection":[{"href":"https:\/\/nandi.info\/index.php?rest_route=\/wp\/v2\/posts"}],"about":[{"href":"https:\/\/nandi.info\/index.php?rest_route=\/wp\/v2\/types\/post"}],"author":[{"embeddable":true,"href":"https:\/\/nandi.info\/index.php?rest_route=\/wp\/v2\/users\/1"}],"replies":[{"embeddable":true,"href":"https:\/\/nandi.info\/index.php?rest_route=%2Fwp%2Fv2%2Fcomments&post=22958"}],"version-history":[{"count":1,"href":"https:\/\/nandi.info\/index.php?rest_route=\/wp\/v2\/posts\/22958\/revisions"}],"predecessor-version":[{"id":22962,"href":"https:\/\/nandi.info\/index.php?rest_route=\/wp\/v2\/posts\/22958\/revisions\/22962"}],"wp:featuredmedia":[{"embeddable":true,"href":"https:\/\/nandi.info\/index.php?rest_route=\/wp\/v2\/media\/22172"}],"wp:attachment":[{"href":"https:\/\/nandi.info\/index.php?rest_route=%2Fwp%2Fv2%2Fmedia&parent=22958"}],"wp:term":[{"taxonomy":"category","embeddable":true,"href":"https:\/\/nandi.info\/index.php?rest_route=%2Fwp%2Fv2%2Fcategories&post=22958"},{"taxonomy":"post_tag","embeddable":true,"href":"https:\/\/nandi.info\/index.php?rest_route=%2Fwp%2Fv2%2Ftags&post=22958"}],"curies":[{"name":"wp","href":"https:\/\/api.w.org\/{rel}","templated":true}]}}