{"id":22778,"date":"2025-07-19T00:24:22","date_gmt":"2025-07-18T22:24:22","guid":{"rendered":"https:\/\/nandi.info\/?p=22778"},"modified":"2025-07-19T00:24:25","modified_gmt":"2025-07-18T22:24:25","slug":"mamady-dembele-ecrit-au-president-assimi-goita-le-cri-de-coeur-dun-pere-de-quadruples-prematures-en-danger","status":"publish","type":"post","link":"https:\/\/nandi.info\/?p=22778","title":{"rendered":"Mamady Dembele \u00e9crit au pr\u00e9sident Assimi Go\u00efta : Le cri de c\u0153ur d&rsquo;un p\u00e8re de quadrupl\u00e9s pr\u00e9matur\u00e9s en danger"},"content":{"rendered":"\n<h2 class=\"wp-block-heading has-text-align-center\">\u00ab\u00a0Appel au soutien suite \u00e0 la naissance pr\u00e9matur\u00e9e de mes quadrupl\u00e9s au Maroc et aux difficult\u00e9s financi\u00e8res rencontr\u00e9es\u00a0\u00bb !<\/h2>\n\n\n\n<figure class=\"wp-block-image alignleft size-large is-resized\"><img fetchpriority=\"high\" decoding=\"async\" width=\"1024\" height=\"683\" src=\"https:\/\/nandi.info\/wp-content\/uploads\/2025\/01\/assimi-voeux-2-1024x683.jpg\" alt=\"\" class=\"wp-image-20830\" style=\"width:496px;height:auto\" srcset=\"https:\/\/nandi.info\/wp-content\/uploads\/2025\/01\/assimi-voeux-2-1024x683.jpg 1024w, https:\/\/nandi.info\/wp-content\/uploads\/2025\/01\/assimi-voeux-2-300x200.jpg 300w, https:\/\/nandi.info\/wp-content\/uploads\/2025\/01\/assimi-voeux-2-768x512.jpg 768w, https:\/\/nandi.info\/wp-content\/uploads\/2025\/01\/assimi-voeux-2-1536x1025.jpg 1536w, https:\/\/nandi.info\/wp-content\/uploads\/2025\/01\/assimi-voeux-2-1920x1281.jpg 1920w, https:\/\/nandi.info\/wp-content\/uploads\/2025\/01\/assimi-voeux-2-1170x780.jpg 1170w, https:\/\/nandi.info\/wp-content\/uploads\/2025\/01\/assimi-voeux-2-585x390.jpg 585w, https:\/\/nandi.info\/wp-content\/uploads\/2025\/01\/assimi-voeux-2-263x175.jpg 263w, https:\/\/nandi.info\/wp-content\/uploads\/2025\/01\/assimi-voeux-2.jpg 2048w\" sizes=\"(max-width: 1024px) 100vw, 1024px\" \/><\/figure>\n\n\n\n<p style=\"font-size:19px\"><strong>Tel est le SOS lanc\u00e9 sous la forme d&rsquo;une lettre ouverte au pr\u00e9sident de la Transition, chef de l&rsquo;Etat, le g\u00e9n\u00e9ral d&rsquo;arm\u00e9e Assimi Go\u00efta par Mamady Demb\u00e9l\u00e9, citoyen domicili\u00e9 \u00e0 Niamakoro Courani dans la Commune de Kalabancoro. Dans la missive, le p\u00e8re d\u00e9sesp\u00e9r\u00e9 d\u00e9crit les \u00e9preuves endur\u00e9es depuis que sa femme a donn\u00e9 naissance dans un h\u00f4pital de Rabat au Maroc \u00e0 quatre enfants. Les nouveau-n\u00e9s sont pr\u00e9matur\u00e9s. Au Maroc, le vaillant papa a d\u00e9bours\u00e9 l&rsquo;\u00e9quivalent de 25 millions\u00a0\u00a0F CFA du 14 mars au 22 juin 2025. Aujourd&rsquo;hui, l&rsquo;\u00e9tat des b\u00e9b\u00e9s (dont un est malheureusement d\u00e9c\u00e9d\u00e9) n\u00e9cessite une p\u00e9riode d&rsquo;observation et de suivi d&rsquo;au moins six (6) mois dont les frais d&rsquo;hospitalisation s&rsquo;\u00e9l\u00e8vent \u00e0, environ, un\u00a0\u00a0million F CFA par jour. Compl\u00e8tement ruin\u00e9, Mamady Demb\u00e9l\u00e9 s&rsquo;en remet \u00e0 Dieu et \u00e0 la magnanimit\u00e9 du pr\u00e9sident Assimi Go\u00efta, pour sauver les trois autres enfants. Voici l&rsquo;int\u00e9gralit\u00e9 de sa lettre ouverte :<\/strong><\/p>\n\n\n\n<p style=\"font-size:22px\">Excellence Monsieur le Pr\u00e9sident,<\/p>\n\n\n\n<p style=\"font-size:22px\">Permettez-moi, tout d&rsquo;abord, de vous adresser mes salutations les plus respectueuses ainsi que mes sinc\u00e8res v\u0153ux de sant\u00e9, de paix et de r\u00e9ussite dans la noble mission que vous accomplissez pour la Nation.<\/p>\n\n\n\n<p style=\"font-size:22px\">Je me permets, \u00e0 travers cette lettre ouverte, d&rsquo;exprimer ma profonde d\u00e9tresse et de solliciter votre bienveillance et votre haute sollicitude.<\/p>\n\n\n\n<p style=\"font-size:22px\">Le 22 juin 2025, mon \u00e9pouse a donn\u00e9 naissance \u00e0 Rabat (Maroc) \u00e0 quatre enfants (trois filles et un gar\u00e7on) apr\u00e8s un suivi m\u00e9dical rigoureux entam\u00e9 le 14 mars 2025. Ces naissances multiples, pr\u00e9matur\u00e9es, ont n\u00e9cessit\u00e9 une prise en charge m\u00e9dicale intensive et prolong\u00e9e \u00e0 l&rsquo;h\u00f4pital Mohamed VI, o\u00f9 mes enfants re\u00e7oivent actuellement des soins vitaux.<\/p>\n\n\n\n<p style=\"font-size:22px\">Depuis le d\u00e9but de cette \u00e9preuve, j&rsquo;ai support\u00e9 seul l&rsquo;ensemble des d\u00e9penses li\u00e9es au suivi de grossesse, \u00e0 l&rsquo;accouchement et aux soins postnataux, pour un montant estim\u00e9 \u00e0 25 millions de F CFA. \u00c0 partir du 22 juin, les frais d&rsquo;hospitalisation s&rsquo;\u00e9l\u00e8vent \u00e0 environ 1 million de F CFA par jour, une somme que je ne parviens plus \u00e0 assurer, malgr\u00e9 tous mes efforts et sacrifices.<\/p>\n\n\n\n<p style=\"font-size:22px\">Malheureusement, faute de moyens, l&rsquo;un de mes enfants a d\u00e9j\u00e0 succomb\u00e9. Les trois enfants restants luttent toujours pour leur survie et n\u00e9cessitent une prise en charge continue, estim\u00e9e \u00e0 durer au moins six mois.<\/p>\n\n\n\n<p style=\"font-size:22px\">Aujourd&rsquo;hui, \u00e9puis\u00e9 moralement et financi\u00e8rement, je n&rsquo;ai plus la capacit\u00e9 de poursuivre seul cette bataille pour la vie de mes enfants. Confiant en votre engagement constant en faveur de la protection des citoyens maliens et de la solidarit\u00e9 nationale, je me tourne humblement vers vous, Excellence, pour solliciter un appui exceptionnel.<\/p>\n\n\n\n<p style=\"font-size:22px\">Je reste disponible pour fournir tous les justificatifs m\u00e9dicaux et financiers n\u00e9cessaires (factures, certificats m\u00e9dicaux, attestations hospitali\u00e8res, etc.).<\/p>\n\n\n\n<p style=\"font-size:22px\">Par cette lettre ouverte, je fais appel \u00e0 votre sens \u00e9lev\u00e9 de l&rsquo;humanit\u00e9 et \u00e0 votre attachement aux valeurs de fraternit\u00e9 et de solidarit\u00e9 qui unissent notre peuple. Je nourris l&rsquo;espoir sinc\u00e8re que votre bienveillance permettra de sauver ces vies innocentes et de soulager la douleur de ma famille.<\/p>\n\n\n\n<p style=\"font-size:22px\">Dans l&rsquo;attente d&rsquo;une suite favorable \u00e0 mon appel, je vous prie d&rsquo;agr\u00e9er, Excellence Monsieur le Pr\u00e9sident, l&rsquo;expression de mon profond respect et de ma tr\u00e8s haute consid\u00e9ration\u00a0\u00bb.&nbsp;&nbsp;&nbsp;&nbsp;&nbsp;&nbsp;&nbsp;&nbsp;&nbsp;&nbsp;&nbsp;&nbsp;&nbsp;&nbsp;&nbsp;&nbsp;&nbsp;&nbsp;&nbsp;&nbsp;&nbsp;&nbsp;&nbsp;&nbsp;&nbsp;&nbsp;&nbsp;&nbsp;&nbsp;&nbsp;&nbsp;<\/p>\n\n\n\n<p style=\"font-size:22px\"><strong>Monsieur Mamady Demb\u00e9l\u00e9&nbsp;<\/strong><\/p>\n\n\n\n<p style=\"font-size:22px\"><strong>Niamacoro Courani, Commune de Kalabancoro<\/strong><\/p>\n\n\n\n<p style=\"font-size:22px\"><strong>Tel : +223 70 27 39 27 \/+223 76 61 93 06<\/strong><\/p>\n","protected":false},"excerpt":{"rendered":"<p>\u00ab\u00a0Appel au soutien suite \u00e0 la naissance pr\u00e9matur\u00e9e de mes quadrupl\u00e9s au Maroc et aux difficult\u00e9s financi\u00e8res rencontr\u00e9es\u00a0\u00bb ! Tel est le SOS lanc\u00e9 sous la forme d&rsquo;une lettre ouverte&hellip;<\/p>\n","protected":false},"author":1,"featured_media":20032,"comment_status":"open","ping_status":"open","sticky":false,"template":"","format":"standard","meta":{"content-type":"","_lmt_disableupdate":"","_lmt_disable":"","_jetpack_memberships_contains_paid_content":false,"footnotes":"","jetpack_publicize_message":"","jetpack_publicize_feature_enabled":true,"jetpack_social_post_already_shared":true,"jetpack_social_options":{"image_generator_settings":{"template":"highway","default_image_id":0,"font":"","enabled":false},"version":2}},"categories":[19,21],"tags":[],"class_list":["post-22778","post","type-post","status-publish","format-standard","has-post-thumbnail","hentry","category-aujourdhui-mali","category-societe"],"jetpack_publicize_connections":[],"featured_image_urls":{"full":["https:\/\/nandi.info\/wp-content\/uploads\/2024\/10\/Le-president-de-la-Transition-Colonel-Assimi-Goita-sest-adresse-a-la-Nation-a-loccasion-du-22-septembre-2024.jpeg",1024,649,false],"thumbnail":["https:\/\/nandi.info\/wp-content\/uploads\/2024\/10\/Le-president-de-la-Transition-Colonel-Assimi-Goita-sest-adresse-a-la-Nation-a-loccasion-du-22-septembre-2024-150x150.jpeg",150,150,true],"medium":["https:\/\/nandi.info\/wp-content\/uploads\/2024\/10\/Le-president-de-la-Transition-Colonel-Assimi-Goita-sest-adresse-a-la-Nation-a-loccasion-du-22-septembre-2024-300x190.jpeg",300,190,true],"medium_large":["https:\/\/nandi.info\/wp-content\/uploads\/2024\/10\/Le-president-de-la-Transition-Colonel-Assimi-Goita-sest-adresse-a-la-Nation-a-loccasion-du-22-septembre-2024-768x487.jpeg",768,487,true],"large":["https:\/\/nandi.info\/wp-content\/uploads\/2024\/10\/Le-president-de-la-Transition-Colonel-Assimi-Goita-sest-adresse-a-la-Nation-a-loccasion-du-22-septembre-2024.jpeg",1024,649,false],"1536x1536":["https:\/\/nandi.info\/wp-content\/uploads\/2024\/10\/Le-president-de-la-Transition-Colonel-Assimi-Goita-sest-adresse-a-la-Nation-a-loccasion-du-22-septembre-2024.jpeg",1024,649,false],"2048x2048":["https:\/\/nandi.info\/wp-content\/uploads\/2024\/10\/Le-president-de-la-Transition-Colonel-Assimi-Goita-sest-adresse-a-la-Nation-a-loccasion-du-22-septembre-2024.jpeg",1024,649,false],"penci-recipe-1200x1200":["https:\/\/nandi.info\/wp-content\/uploads\/2024\/10\/Le-president-de-la-Transition-Colonel-Assimi-Goita-sest-adresse-a-la-Nation-a-loccasion-du-22-septembre-2024.jpeg",1024,649,false],"penci-recipe-1200x900":["https:\/\/nandi.info\/wp-content\/uploads\/2024\/10\/Le-president-de-la-Transition-Colonel-Assimi-Goita-sest-adresse-a-la-Nation-a-loccasion-du-22-septembre-2024.jpeg",1024,649,false],"penci-recipe-1200x675":["https:\/\/nandi.info\/wp-content\/uploads\/2024\/10\/Le-president-de-la-Transition-Colonel-Assimi-Goita-sest-adresse-a-la-Nation-a-loccasion-du-22-septembre-2024.jpeg",1024,649,false],"penci-single-full":["https:\/\/nandi.info\/wp-content\/uploads\/2024\/10\/Le-president-de-la-Transition-Colonel-Assimi-Goita-sest-adresse-a-la-Nation-a-loccasion-du-22-septembre-2024.jpeg",1024,649,false],"penci-slider-full-thumb":["https:\/\/nandi.info\/wp-content\/uploads\/2024\/10\/Le-president-de-la-Transition-Colonel-Assimi-Goita-sest-adresse-a-la-Nation-a-loccasion-du-22-septembre-2024.jpeg",1024,649,false],"penci-full-thumb":["https:\/\/nandi.info\/wp-content\/uploads\/2024\/10\/Le-president-de-la-Transition-Colonel-Assimi-Goita-sest-adresse-a-la-Nation-a-loccasion-du-22-septembre-2024.jpeg",1024,649,false],"penci-slider-thumb":["https:\/\/nandi.info\/wp-content\/uploads\/2024\/10\/Le-president-de-la-Transition-Colonel-Assimi-Goita-sest-adresse-a-la-Nation-a-loccasion-du-22-septembre-2024.jpeg",1024,649,false],"penci-magazine-slider":["https:\/\/nandi.info\/wp-content\/uploads\/2024\/10\/Le-president-de-la-Transition-Colonel-Assimi-Goita-sest-adresse-a-la-Nation-a-loccasion-du-22-septembre-2024-780x516.jpeg",780,516,true],"penci-thumb":["https:\/\/nandi.info\/wp-content\/uploads\/2024\/10\/Le-president-de-la-Transition-Colonel-Assimi-Goita-sest-adresse-a-la-Nation-a-loccasion-du-22-septembre-2024-585x390.jpeg",585,390,true],"penci-masonry-thumb":["https:\/\/nandi.info\/wp-content\/uploads\/2024\/10\/Le-president-de-la-Transition-Colonel-Assimi-Goita-sest-adresse-a-la-Nation-a-loccasion-du-22-septembre-2024-585x371.jpeg",585,371,true],"penci-thumb-square":["https:\/\/nandi.info\/wp-content\/uploads\/2024\/10\/Le-president-de-la-Transition-Colonel-Assimi-Goita-sest-adresse-a-la-Nation-a-loccasion-du-22-septembre-2024-585x585.jpeg",585,585,true],"penci-thumb-vertical":["https:\/\/nandi.info\/wp-content\/uploads\/2024\/10\/Le-president-de-la-Transition-Colonel-Assimi-Goita-sest-adresse-a-la-Nation-a-loccasion-du-22-septembre-2024-480x649.jpeg",480,649,true],"penci-thumb-small":["https:\/\/nandi.info\/wp-content\/uploads\/2024\/10\/Le-president-de-la-Transition-Colonel-Assimi-Goita-sest-adresse-a-la-Nation-a-loccasion-du-22-septembre-2024-263x175.jpeg",263,175,true]},"author_info":{"display_name":"Nandi","author_link":"https:\/\/nandi.info\/?author=1"},"category_info":"<a href=\"https:\/\/nandi.info\/?cat=19\" rel=\"category\">Aujourd\u2019hui Mali<\/a> <a href=\"https:\/\/nandi.info\/?cat=21\" rel=\"category\">Soci\u00e9t\u00e9<\/a>","tag_info":"Soci\u00e9t\u00e9","comment_count":"0","jetpack_featured_media_url":"https:\/\/nandi.info\/wp-content\/uploads\/2024\/10\/Le-president-de-la-Transition-Colonel-Assimi-Goita-sest-adresse-a-la-Nation-a-loccasion-du-22-septembre-2024.jpeg","jetpack_sharing_enabled":true,"_links":{"self":[{"href":"https:\/\/nandi.info\/index.php?rest_route=\/wp\/v2\/posts\/22778","targetHints":{"allow":["GET"]}}],"collection":[{"href":"https:\/\/nandi.info\/index.php?rest_route=\/wp\/v2\/posts"}],"about":[{"href":"https:\/\/nandi.info\/index.php?rest_route=\/wp\/v2\/types\/post"}],"author":[{"embeddable":true,"href":"https:\/\/nandi.info\/index.php?rest_route=\/wp\/v2\/users\/1"}],"replies":[{"embeddable":true,"href":"https:\/\/nandi.info\/index.php?rest_route=%2Fwp%2Fv2%2Fcomments&post=22778"}],"version-history":[{"count":1,"href":"https:\/\/nandi.info\/index.php?rest_route=\/wp\/v2\/posts\/22778\/revisions"}],"predecessor-version":[{"id":22780,"href":"https:\/\/nandi.info\/index.php?rest_route=\/wp\/v2\/posts\/22778\/revisions\/22780"}],"wp:featuredmedia":[{"embeddable":true,"href":"https:\/\/nandi.info\/index.php?rest_route=\/wp\/v2\/media\/20032"}],"wp:attachment":[{"href":"https:\/\/nandi.info\/index.php?rest_route=%2Fwp%2Fv2%2Fmedia&parent=22778"}],"wp:term":[{"taxonomy":"category","embeddable":true,"href":"https:\/\/nandi.info\/index.php?rest_route=%2Fwp%2Fv2%2Fcategories&post=22778"},{"taxonomy":"post_tag","embeddable":true,"href":"https:\/\/nandi.info\/index.php?rest_route=%2Fwp%2Fv2%2Ftags&post=22778"}],"curies":[{"name":"wp","href":"https:\/\/api.w.org\/{rel}","templated":true}]}}