{"id":22656,"date":"2025-07-04T13:30:03","date_gmt":"2025-07-04T11:30:03","guid":{"rendered":"https:\/\/nandi.info\/?p=22656"},"modified":"2025-07-04T13:30:05","modified_gmt":"2025-07-04T11:30:05","slug":"emergence-economique-dans-lespace-aes-les-societes-detat-du-burkina-faso-affichent-une-insolente-sante-financiere","status":"publish","type":"post","link":"https:\/\/nandi.info\/?p=22656","title":{"rendered":"\u00c9mergence \u00e9conomique dans l\u2019espace AES : Les soci\u00e9t\u00e9s d&rsquo;\u00c9tat du Burkina Faso affichent une insolente sant\u00e9 financi\u00e8re"},"content":{"rendered":"\n<figure class=\"wp-block-image alignright size-large is-resized\"><img fetchpriority=\"high\" decoding=\"async\" width=\"861\" height=\"1024\" src=\"https:\/\/nandi.info\/wp-content\/uploads\/2025\/07\/Rimtalba-Jean-Emmanuel-Ouedraogo-Premier-ministre-du-Burkina-Faso-861x1024.jpg\" alt=\"\" class=\"wp-image-22658\" style=\"width:504px;height:auto\" srcset=\"https:\/\/nandi.info\/wp-content\/uploads\/2025\/07\/Rimtalba-Jean-Emmanuel-Ouedraogo-Premier-ministre-du-Burkina-Faso-861x1024.jpg 861w, https:\/\/nandi.info\/wp-content\/uploads\/2025\/07\/Rimtalba-Jean-Emmanuel-Ouedraogo-Premier-ministre-du-Burkina-Faso-252x300.jpg 252w, https:\/\/nandi.info\/wp-content\/uploads\/2025\/07\/Rimtalba-Jean-Emmanuel-Ouedraogo-Premier-ministre-du-Burkina-Faso-768x913.jpg 768w, https:\/\/nandi.info\/wp-content\/uploads\/2025\/07\/Rimtalba-Jean-Emmanuel-Ouedraogo-Premier-ministre-du-Burkina-Faso-585x696.jpg 585w, https:\/\/nandi.info\/wp-content\/uploads\/2025\/07\/Rimtalba-Jean-Emmanuel-Ouedraogo-Premier-ministre-du-Burkina-Faso.jpg 908w\" sizes=\"(max-width: 861px) 100vw, 861px\" \/><\/figure>\n\n\n\n<p>Au moment o\u00f9 nos rares soci\u00e9t\u00e9s d\u2019\u00c9tat qui ont surv\u00e9cu \u00e0 la privatisation stagnent dans la mauvaise gestion (sur fonds de d\u00e9linquance financi\u00e8re), celles du Burkina Faso affichent une sant\u00e9 \u00e9tincelante, \u00e0 la limite insolente.<\/p>\n\n\n\n<p>En effet, les 21 soci\u00e9t\u00e9s d\u2019\u00c9tat du \u00abPays des Hommes int\u00e8gres\u00bb ont r\u00e9alis\u00e9 un chiffre d&rsquo;affaires de 3 090 milliards FCFA en 2024, contre environ 1 091 milliards FCFA en 2023, soit une augmentation de 61,72 %. \u00c0 tout point de vue, le Burkina Faso du Capitaine Ibrahim Traor\u00e9 s\u2019affiche de plus en plus comme le leader \u00e9conomique de la Conf\u00e9d\u00e9ration de l\u2019Alliance des \u00c9tats du Sahel (AES).<\/p>\n\n\n\n<p>Trente mille milliards de francs CFA de chiffre d&rsquo;affaires en 2024 ! Telle est la prouesse financi\u00e8re r\u00e9alis\u00e9e par des soci\u00e9t\u00e9s d&rsquo;\u00c9tat du Burkina Faso qui affichent une sant\u00e9 financi\u00e8re fascinante. Ces chiffres ont \u00e9t\u00e9 publi\u00e9s \u00e0 l\u2019occasion de la 33\u1d49 session de l&rsquo;Assembl\u00e9e g\u00e9n\u00e9rale (AG) des Soci\u00e9t\u00e9s d&rsquo;\u00c9tats tenue jeudi dernier (26 juin 2025). Il a \u00e9t\u00e9 ainsi r\u00e9v\u00e9l\u00e9 que 21 de ces entit\u00e9s ont r\u00e9alis\u00e9 un chiffre d&rsquo;affaires cumul\u00e9 de 3 090,030 milliards de FCFA en 2024. C&rsquo;est une hausse spectaculaire de 61,72 % par rapport aux 1 910,743 milliards de FCFA enregistr\u00e9s en 2023.<\/p>\n\n\n\n<p>\u00abLa culture de la bonne gouvernance, de la redevabilit\u00e9 de la bonne gestion des entit\u00e9s publiques et le contexte favorable, marqu\u00e9 par la nouvelle vision donn\u00e9e par les plus hautes autorit\u00e9s de notre pays, ont impact\u00e9 fortement la bonne marche de ces soci\u00e9t\u00e9s d\u2019\u00c9tat et de ces \u00e9tablissements publics\u00bb, a expliqu\u00e9 M. Serge Poda, ministre Burkinab\u00e9 du Commerce, de l\u2019Industrie et de l\u2019Artisanat. Pr\u00e9sident de cette AG, le Premier ministre Rimtalba Jean-Emmanuel Ou\u00e9draogo s&rsquo;est f\u00e9licit\u00e9 de ces excellents r\u00e9sultats. Il a soulign\u00e9 que cette performance est d&rsquo;autant plus remarquable qu&rsquo;elle survient dans un \u00abcontexte national caract\u00e9ris\u00e9 par le double d\u00e9fi s\u00e9curitaire et humanitaire\u00bb. Selon lui, ces chiffres t\u00e9moignent de la n\u00e9cessit\u00e9 de prendre des mesures fortes pour \u00abrenforcer la r\u00e9silience de nos entreprises publiques et parapubliques\u00bb.<\/p>\n\n\n\n<p>La contribution directe des soci\u00e9t\u00e9s d&rsquo;\u00c9tat au budget de l&rsquo;\u00c9tat a \u00e9galement connu une augmentation. Elle s&rsquo;\u00e9l\u00e8ve \u00e0 595,314 milliards de FCFA en 2024, contre 589,043 milliards de FCFA en 2023, soit une hausse de 6,272 milliards de FCFA. Cette contribution repr\u00e9sente 19,72 % des recettes budg\u00e9taires de l&rsquo;\u00c9tat au 31 d\u00e9cembre 2024. Cette 33\u1d49 Assembl\u00e9e g\u00e9n\u00e9rale a aussi \u00e9t\u00e9 marqu\u00e9e par l&rsquo;int\u00e9gration de six nouvelles soci\u00e9t\u00e9s d&rsquo;\u00c9tat. Leur cr\u00e9ation s&rsquo;inscrit dans la dynamique de refondation de l&rsquo;\u00c9tat, de souverainet\u00e9 \u00e9conomique et de ma\u00eetrise des secteurs strat\u00e9giques impuls\u00e9e par le pr\u00e9sident du Faso.<\/p>\n\n\n\n<p><\/p>\n\n\n\n<p>Comme on peut le constater, le Burkina Faso est en train de faire des pas de g\u00e9ant vers l\u2019\u00e9mergence \u00e9conomique \u00e0 travers des performances et des investissements concrets et r\u00e9alistes dans des secteurs dans lesquels nos \u00c9tats ont r\u00e9ellement besoin de reconqu\u00e9rir leur souverainet\u00e9 (souverainet\u00e9 alimentaire, infrastructures et \u00e9quipements\u2026). Ainsi, sous le leadership du Capitaine Ibrahim Traor\u00e9, le \u00abPays des Hommes int\u00e8gres\u00bb est en train de combler son retard dans presque tous les domaines en affichant clairement son ambition d\u2019assumer le leadership \u00e9conomique dans l\u2019espace de la Conf\u00e9d\u00e9ration de l\u2019Alliance des \u00c9tats du Sahel (AES).<\/p>\n\n\n\n<p><strong>Hamady Tamba<\/strong><\/p>\n","protected":false},"excerpt":{"rendered":"<p>Au moment o\u00f9 nos rares soci\u00e9t\u00e9s d\u2019\u00c9tat qui ont surv\u00e9cu \u00e0 la privatisation stagnent dans la mauvaise gestion (sur fonds de d\u00e9linquance financi\u00e8re), celles du Burkina Faso affichent une sant\u00e9&hellip;<\/p>\n","protected":false},"author":1,"featured_media":22658,"comment_status":"open","ping_status":"open","sticky":false,"template":"","format":"standard","meta":{"content-type":"","_lmt_disableupdate":"","_lmt_disable":"","_jetpack_memberships_contains_paid_content":false,"footnotes":"","jetpack_publicize_message":"","jetpack_publicize_feature_enabled":true,"jetpack_social_post_already_shared":true,"jetpack_social_options":{"image_generator_settings":{"template":"highway","default_image_id":0,"font":"","enabled":false},"version":2}},"categories":[30,53],"tags":[],"class_list":["post-22656","post","type-post","status-publish","format-standard","has-post-thumbnail","hentry","category-economie","category-le-matin"],"jetpack_publicize_connections":[],"featured_image_urls":{"full":["https:\/\/nandi.info\/wp-content\/uploads\/2025\/07\/Rimtalba-Jean-Emmanuel-Ouedraogo-Premier-ministre-du-Burkina-Faso.jpg",908,1080,false],"thumbnail":["https:\/\/nandi.info\/wp-content\/uploads\/2025\/07\/Rimtalba-Jean-Emmanuel-Ouedraogo-Premier-ministre-du-Burkina-Faso-150x150.jpg",150,150,true],"medium":["https:\/\/nandi.info\/wp-content\/uploads\/2025\/07\/Rimtalba-Jean-Emmanuel-Ouedraogo-Premier-ministre-du-Burkina-Faso-252x300.jpg",252,300,true],"medium_large":["https:\/\/nandi.info\/wp-content\/uploads\/2025\/07\/Rimtalba-Jean-Emmanuel-Ouedraogo-Premier-ministre-du-Burkina-Faso-768x913.jpg",768,913,true],"large":["https:\/\/nandi.info\/wp-content\/uploads\/2025\/07\/Rimtalba-Jean-Emmanuel-Ouedraogo-Premier-ministre-du-Burkina-Faso-861x1024.jpg",861,1024,true],"1536x1536":["https:\/\/nandi.info\/wp-content\/uploads\/2025\/07\/Rimtalba-Jean-Emmanuel-Ouedraogo-Premier-ministre-du-Burkina-Faso.jpg",908,1080,false],"2048x2048":["https:\/\/nandi.info\/wp-content\/uploads\/2025\/07\/Rimtalba-Jean-Emmanuel-Ouedraogo-Premier-ministre-du-Burkina-Faso.jpg",908,1080,false],"penci-recipe-1200x1200":["https:\/\/nandi.info\/wp-content\/uploads\/2025\/07\/Rimtalba-Jean-Emmanuel-Ouedraogo-Premier-ministre-du-Burkina-Faso.jpg",908,1080,false],"penci-recipe-1200x900":["https:\/\/nandi.info\/wp-content\/uploads\/2025\/07\/Rimtalba-Jean-Emmanuel-Ouedraogo-Premier-ministre-du-Burkina-Faso-908x900.jpg",908,900,true],"penci-recipe-1200x675":["https:\/\/nandi.info\/wp-content\/uploads\/2025\/07\/Rimtalba-Jean-Emmanuel-Ouedraogo-Premier-ministre-du-Burkina-Faso-908x675.jpg",908,675,true],"penci-single-full":["https:\/\/nandi.info\/wp-content\/uploads\/2025\/07\/Rimtalba-Jean-Emmanuel-Ouedraogo-Premier-ministre-du-Burkina-Faso.jpg",908,1080,false],"penci-slider-full-thumb":["https:\/\/nandi.info\/wp-content\/uploads\/2025\/07\/Rimtalba-Jean-Emmanuel-Ouedraogo-Premier-ministre-du-Burkina-Faso-908x800.jpg",908,800,true],"penci-full-thumb":["https:\/\/nandi.info\/wp-content\/uploads\/2025\/07\/Rimtalba-Jean-Emmanuel-Ouedraogo-Premier-ministre-du-Burkina-Faso.jpg",908,1080,false],"penci-slider-thumb":["https:\/\/nandi.info\/wp-content\/uploads\/2025\/07\/Rimtalba-Jean-Emmanuel-Ouedraogo-Premier-ministre-du-Burkina-Faso-908x663.jpg",908,663,true],"penci-magazine-slider":["https:\/\/nandi.info\/wp-content\/uploads\/2025\/07\/Rimtalba-Jean-Emmanuel-Ouedraogo-Premier-ministre-du-Burkina-Faso-780x516.jpg",780,516,true],"penci-thumb":["https:\/\/nandi.info\/wp-content\/uploads\/2025\/07\/Rimtalba-Jean-Emmanuel-Ouedraogo-Premier-ministre-du-Burkina-Faso-585x390.jpg",585,390,true],"penci-masonry-thumb":["https:\/\/nandi.info\/wp-content\/uploads\/2025\/07\/Rimtalba-Jean-Emmanuel-Ouedraogo-Premier-ministre-du-Burkina-Faso-585x696.jpg",585,696,true],"penci-thumb-square":["https:\/\/nandi.info\/wp-content\/uploads\/2025\/07\/Rimtalba-Jean-Emmanuel-Ouedraogo-Premier-ministre-du-Burkina-Faso-585x585.jpg",585,585,true],"penci-thumb-vertical":["https:\/\/nandi.info\/wp-content\/uploads\/2025\/07\/Rimtalba-Jean-Emmanuel-Ouedraogo-Premier-ministre-du-Burkina-Faso-480x650.jpg",480,650,true],"penci-thumb-small":["https:\/\/nandi.info\/wp-content\/uploads\/2025\/07\/Rimtalba-Jean-Emmanuel-Ouedraogo-Premier-ministre-du-Burkina-Faso-263x175.jpg",263,175,true]},"author_info":{"display_name":"Nandi","author_link":"https:\/\/nandi.info\/?author=1"},"category_info":"<a href=\"https:\/\/nandi.info\/?cat=30\" rel=\"category\">Economie<\/a> <a href=\"https:\/\/nandi.info\/?cat=53\" rel=\"category\">Le Matin<\/a>","tag_info":"Le Matin","comment_count":"0","jetpack_featured_media_url":"https:\/\/nandi.info\/wp-content\/uploads\/2025\/07\/Rimtalba-Jean-Emmanuel-Ouedraogo-Premier-ministre-du-Burkina-Faso.jpg","jetpack_sharing_enabled":true,"_links":{"self":[{"href":"https:\/\/nandi.info\/index.php?rest_route=\/wp\/v2\/posts\/22656","targetHints":{"allow":["GET"]}}],"collection":[{"href":"https:\/\/nandi.info\/index.php?rest_route=\/wp\/v2\/posts"}],"about":[{"href":"https:\/\/nandi.info\/index.php?rest_route=\/wp\/v2\/types\/post"}],"author":[{"embeddable":true,"href":"https:\/\/nandi.info\/index.php?rest_route=\/wp\/v2\/users\/1"}],"replies":[{"embeddable":true,"href":"https:\/\/nandi.info\/index.php?rest_route=%2Fwp%2Fv2%2Fcomments&post=22656"}],"version-history":[{"count":1,"href":"https:\/\/nandi.info\/index.php?rest_route=\/wp\/v2\/posts\/22656\/revisions"}],"predecessor-version":[{"id":22659,"href":"https:\/\/nandi.info\/index.php?rest_route=\/wp\/v2\/posts\/22656\/revisions\/22659"}],"wp:featuredmedia":[{"embeddable":true,"href":"https:\/\/nandi.info\/index.php?rest_route=\/wp\/v2\/media\/22658"}],"wp:attachment":[{"href":"https:\/\/nandi.info\/index.php?rest_route=%2Fwp%2Fv2%2Fmedia&parent=22656"}],"wp:term":[{"taxonomy":"category","embeddable":true,"href":"https:\/\/nandi.info\/index.php?rest_route=%2Fwp%2Fv2%2Fcategories&post=22656"},{"taxonomy":"post_tag","embeddable":true,"href":"https:\/\/nandi.info\/index.php?rest_route=%2Fwp%2Fv2%2Ftags&post=22656"}],"curies":[{"name":"wp","href":"https:\/\/api.w.org\/{rel}","templated":true}]}}