{"id":22607,"date":"2025-06-28T10:31:00","date_gmt":"2025-06-28T08:31:00","guid":{"rendered":"https:\/\/nandi.info\/?p=22607"},"modified":"2025-06-28T19:36:38","modified_gmt":"2025-06-28T17:36:38","slug":"communique-du-conseil-des-ministre-du-vendredi-27-juin-2025","status":"publish","type":"post","link":"https:\/\/nandi.info\/?p=22607","title":{"rendered":"Communiqu\u00e9 du Conseil des Ministre du vendredi 27 juin 2025"},"content":{"rendered":"\n<figure class=\"wp-block-image size-large\"><img fetchpriority=\"high\" decoding=\"async\" width=\"1024\" height=\"615\" src=\"https:\/\/nandi.info\/wp-content\/uploads\/2025\/01\/conseil-des-ministres-1024x615.jpg\" alt=\"\" class=\"wp-image-20896\" srcset=\"https:\/\/nandi.info\/wp-content\/uploads\/2025\/01\/conseil-des-ministres-1024x615.jpg 1024w, https:\/\/nandi.info\/wp-content\/uploads\/2025\/01\/conseil-des-ministres-300x180.jpg 300w, https:\/\/nandi.info\/wp-content\/uploads\/2025\/01\/conseil-des-ministres-768x461.jpg 768w, https:\/\/nandi.info\/wp-content\/uploads\/2025\/01\/conseil-des-ministres-1536x923.jpg 1536w, https:\/\/nandi.info\/wp-content\/uploads\/2025\/01\/conseil-des-ministres-1920x1153.jpg 1920w, https:\/\/nandi.info\/wp-content\/uploads\/2025\/01\/conseil-des-ministres-1170x703.jpg 1170w, https:\/\/nandi.info\/wp-content\/uploads\/2025\/01\/conseil-des-ministres-585x351.jpg 585w, https:\/\/nandi.info\/wp-content\/uploads\/2025\/01\/conseil-des-ministres.jpg 2048w\" sizes=\"(max-width: 1024px) 100vw, 1024px\" \/><\/figure>\n\n\n\n<h2 class=\"wp-block-heading\">Le Conseil des Ministres s\u2019est r\u00e9uni en session ordinaire, le vendredi 27 juin 2025, dans sa salle de d\u00e9lib\u00e9rations au Palais de Koulouba, sous la pr\u00e9sidence du G\u00e9n\u00e9ral d\u2019Arm\u00e9e Assimi GOITA, Pr\u00e9sident de la Transition, Chef de l\u2019Etat.<\/h2>\n\n\n\n<p>Apr\u00e8s examen des points inscrits \u00e0 l\u2019ordre du jour, le Conseil a :<\/p>\n\n\n\n<p style=\"font-size:18px\">&#8211; &nbsp; &nbsp;adopt\u00e9 des projets de texte ;<\/p>\n\n\n\n<p style=\"font-size:18px\">&#8211; &nbsp; &nbsp;et entendu des communications.&nbsp;<br><strong>AU CHAPITRE DES MESURES LEGISLATIVES ET REGLEMENTAIRES<\/strong><\/p>\n\n\n\n<p style=\"font-size:18px\">1. Sur le rapport du ministre de la Refondation de l\u2019Etat, charg\u00e9 des Relations avec les Institutions, le Conseil des Ministres a adopt\u00e9 un projet de loi autorisant le Gouvernement \u00e0 prendre certaines mesures par ordonnance.<\/p>\n\n\n\n<p style=\"font-size:18px\">Le pr\u00e9sent projet de loi est initi\u00e9 en application des articles 121 de la Constitution et 13 de la Charte de la Transition. Il vise \u00e0 autoriser le Gouvernement \u00e0 prendre par ordonnance, des mesures qui sont normalement du domaine de la loi, durant la p\u00e9riode comprise entre la cl\u00f4ture de la Session ordinaire du Conseil National de Transition, ouverte le 7 avril 2025 et l\u2019ouverture de la Session ordinaire du mois d\u2019octobre 2025.<\/p>\n\n\n\n<p style=\"font-size:18px\">Le projet de loi, adopt\u00e9, habilite le Gouvernement \u00e0 prendre des mesures n\u00e9cessaires \u00e0 la r\u00e9alisation de son plan d\u2019action.<\/p>\n\n\n\n<p style=\"font-size:18px\">2. Sur le rapport du ministre de l\u2019Economie et des Finances, le Conseil des Ministres a adopt\u00e9 un projet de d\u00e9cret portant approbation de l\u2019Avenant n\u00b01 au March\u00e9 n\u00b004338\/DGMP\/DSP-2022 relatif \u00e0 la fourniture et \u00e0 l\u2019installation de trois (03) syst\u00e8mes d\u2019inspection non-intrusifs (Portal) au profit de la Direction g\u00e9n\u00e9rale des Douanes pour les sites de Diboli, Sikasso et Mahinamine, en lot unique.<\/p>\n\n\n\n<p style=\"font-size:18px\">L\u2019avenant, sans incidence financi\u00e8re, est conclu entre le Gouvernement de la R\u00e9publique du Mali et la Soci\u00e9t\u00e9 NUCTECH COMPANY LIMITED avec un d\u00e9lai d\u2019ex\u00e9cution de 3 mois pour les fournitures.<\/p>\n\n\n\n<p style=\"font-size:18px\">Le projet de d\u00e9cret, adopt\u00e9, proroge le d\u00e9lai d\u2019ex\u00e9cution du march\u00e9 initial en vue de :<br>&#8211; &nbsp; &nbsp;la relocalisation de l\u2019ancien scanner de Sikasso pour \u00e9viter l\u2019arr\u00eat des op\u00e9rations de contr\u00f4le pendant les travaux d\u2019installation du nouveau scanner ;<br>&#8211; &nbsp; &nbsp;l\u2019am\u00e9nagement d\u2019un site provisoire \u00e0 Mahinamine pour assurer la continuit\u00e9 des travaux de contr\u00f4le pendant les travaux d\u2019am\u00e9nagement et d\u2019installation du nouveau scanner ;<br>&#8211; &nbsp; &nbsp;la r\u00e9alisation des \u00e9tudes techniques et l\u2019am\u00e9nagement du site pr\u00e9alablement \u00e0 la d\u00e9finition du positionnement du scanner de Diboli.<\/p>\n\n\n\n<p style=\"font-size:18px\">3. Sur le rapport du ministre des Mines, le Conseil des Ministres a adopt\u00e9 :<\/p>\n\n\n\n<p style=\"font-size:18px\">a. un projet de d\u00e9cret portant cession \u00e0 la Soci\u00e9t\u00e9 de Recherche et d\u2019Exploitation des Ressources Min\u00e9rales du Mali des actions de la Soci\u00e9t\u00e9 d\u2019Exploitation des Mines d\u2019Or de Yat\u00e9la-S.A. ;<\/p>\n\n\n\n<p style=\"font-size:18px\">b. un projet de d\u00e9cret portant cession \u00e0 la Soci\u00e9t\u00e9 de Recherche et d\u2019Exploitation des Ressources Min\u00e9rales du Mali des actions de la Soci\u00e9t\u00e9 d\u2019Exploitation des Mines d\u2019Or de Morila-S.A.<\/p>\n\n\n\n<p style=\"font-size:18px\">La Soci\u00e9t\u00e9 des Mines d\u2019Or de Yat\u00e9la S.A. a \u00e9t\u00e9 cr\u00e9\u00e9e en 2000 pour l\u2019exploitation du gisement d\u2019or du m\u00eame nom. Son capital \u00e9tait d\u00e9tenu \u00e0 80% par Sadiola Exploration Limited et \u00e0 20% par l\u2019Etat du Mali.<\/p>\n\n\n\n<p style=\"font-size:18px\">L\u2019exploitation de la Mine de Yat\u00e9la a subi l\u2019influence n\u00e9gative de la baisse du cours de l\u2019or en 2013 qui a conduit \u00e0 l\u2019arr\u00eat de ses activit\u00e9s en 2016, alors que les r\u00e9serves ne sont pas totalement \u00e9puis\u00e9es.<\/p>\n\n\n\n<p style=\"font-size:18px\">Pour \u00e9viter la fermeture de la mine et sauvegarder les emplois, l\u2019Etat du Mali et la Soci\u00e9t\u00e9 Sadiola Exploration Limited ont sign\u00e9, le 16 octobre 2024, un contrat de cession d\u2019actions permettant \u00e0 l\u2019Etat d\u2019acqu\u00e9rir les 80% des actions qu\u2019elle d\u00e9tient dans la Soci\u00e9t\u00e9 des Mines d\u2019Or de Yat\u00e9la.<\/p>\n\n\n\n<p style=\"font-size:18px\">Avec la signature et l\u2019entr\u00e9e en vigueur du contrat de cession, l\u2019op\u00e9rateur minier Sadiola Exploration Limited s\u2019est retir\u00e9 en laissant \u00e0 l\u2019Etat la conduite de l\u2019ensemble des op\u00e9rations.<\/p>\n\n\n\n<p style=\"font-size:18px\">La Soci\u00e9t\u00e9 des Mines de Morila a \u00e9t\u00e9 cr\u00e9\u00e9e en 2000 pour l\u2019exploitation du gisement d\u2019or de Morila. Son capital est d\u00e9tenu par l\u2019Etat malien \u00e0 hauteur de 20%, Anglogold Ashanti \u00e0 40% et Randgold Resources \u00e0 40%.<\/p>\n\n\n\n<p style=\"font-size:18px\">La Soci\u00e9t\u00e9 Randgold Resources, op\u00e9ratrice de la mine de Morila jusqu\u2019en 2019, n\u2019ayant plus d\u2019int\u00e9r\u00eat \u00e0 d\u00e9velopper et \u00e0 exploiter le potentiel de la mine, a entam\u00e9 les proc\u00e9dures de sa fermeture.<\/p>\n\n\n\n<p style=\"font-size:18px\">C\u2019est dans cette situation que le 10 novembre 2020, la Soci\u00e9t\u00e9 Firefinch Limited a acquis les parts actionnariales de 80% des Soci\u00e9t\u00e9s Barrick Gold Corporation et Anglogold-Ashanti au sein de la Soci\u00e9t\u00e9 des Mines d\u2019Or de Morila S.A.<\/p>\n\n\n\n<p style=\"font-size:18px\">La Soci\u00e9t\u00e9 Firefinch, apr\u00e8s avoir entrepris des travaux de forage avec des r\u00e9sultats probants, a rencontr\u00e9 de nombreuses difficult\u00e9s qui l\u2019ont amen\u00e9e \u00e0 abandonner, en 2022, la mine laissant des passifs environnementaux et financiers importants.<\/p>\n\n\n\n<p style=\"font-size:18px\">Afin de continuer l\u2019exploitation des ressources aurif\u00e8res mises en \u00e9vidence suite aux travaux de Firefinch, de pr\u00e9server les emplois et de promouvoir le d\u00e9veloppement durable local, l\u2019Etat du Mali a sign\u00e9, le 6 mai 2024, un protocole d\u2019Accord avec la Soci\u00e9t\u00e9 Firefinch qui pr\u00e9voit la reprise de la mine de Morila par l\u2019Etat du Mali.<\/p>\n\n\n\n<p style=\"font-size:18px\">Les Mines d\u2019or de Yat\u00e9la S.A. et de Morila S.A. sont confront\u00e9es \u00e0 des difficult\u00e9s dans leur gestion, en raison de l\u2019absence d\u2019organes de d\u00e9cision suite au d\u00e9part des soci\u00e9t\u00e9s op\u00e9ratrices, qu\u2019il convient de corriger.<\/p>\n\n\n\n<p style=\"font-size:18px\">Les projets de d\u00e9cret, adopt\u00e9s, consacrent la cession, \u00e0 titre gratuit, de l\u2019int\u00e9gralit\u00e9 des actions d\u00e9tenues par l\u2019Etat dans les Soci\u00e9t\u00e9s Yat\u00e9la S.A. et Morila S.A. \u00e0 la Soci\u00e9t\u00e9 de Recherche et d\u2019Exploitation des Ressources Min\u00e9rales du Mali S.A.<\/p>\n\n\n\n<p style=\"font-size:18px\">4. Sur le rapport du ministre de l\u2019Urbanisme, de l\u2019Habitat, des Domaines, de l\u2019Am\u00e9nagement du Territoire et de la Population, le Conseil des Ministres a adopt\u00e9 un projet de d\u00e9cret portant affectation au Minist\u00e8re des Transports et des Infrastructures de la parcelle de terrain, sise \u00e0 Diboli, objet du Titre foncier n\u00b014184 du Cercle de Kayes, Commune rurale de Fal\u00e9m\u00e9.<\/p>\n\n\n\n<p style=\"font-size:18px\">La parcelle de terrain, d\u2019une superficie de 17 hectares 52 ares 83 centiares, sise \u00e0 Diboli dans la Commune rurale de Fal\u00e9m\u00e9, est destin\u00e9e \u00e0 la r\u00e9alisation de parking gros porteurs.<\/p>\n\n\n\n<p style=\"font-size:18px\">La r\u00e9alisation de ce parking permettra de d\u00e9congestionner le trafic et d\u2019offrir un espace s\u00e9curis\u00e9 de stationnement aux gros porteurs \u00e0 destination ou en provenance du S\u00e9n\u00e9gal.<\/p>\n\n\n\n<p style=\"font-size:18px\"><strong>AU CHAPITRE DES COMMUNICATIONS<\/strong><\/p>\n\n\n\n<p style=\"font-size:18px\">1. Le ministre de l\u2019Energie et de l\u2019Eau a inform\u00e9 le Conseil des Ministres du lancement officiel des travaux du Projet de Renforcement de l\u2019Alimentation en eau potable et de l\u2019Assainissement de la ville de Kayes, le 21 juin 2025, \u00e0 Soutoukoul\u00e9 dans la Commune rurale de Khouloum, Cercle de Kayes.<\/p>\n\n\n\n<p style=\"font-size:18px\">L\u2019\u00e9v\u00e8nement a \u00e9t\u00e9 marqu\u00e9 par une forte mobilisation des autorit\u00e9s et notabilit\u00e9s locales, des populations b\u00e9n\u00e9ficiaires, des services techniques, des Partenaires techniques et financiers et des Organisations de la Soci\u00e9t\u00e9 civile de Kayes.<\/p>\n\n\n\n<p style=\"font-size:18px\">La mise en \u0153uvre des composantes \u00ab Eau \u00bb et \u00ab Assainissement \u00bb du projet permettra, entre autres, de renforcer la capacit\u00e9 de production et de distribution d\u2019eau potable \u00e0 travers la construction d\u2019une nouvelle station de production d\u2019eau potable \u00e0 Kayes et la mise en place d\u2019un syst\u00e8me d\u2019assainissement performant comprenant des r\u00e9seaux d\u2019\u00e9vacuation, des ouvrages de traitement et des dispositifs d\u2019hygi\u00e8ne adapt\u00e9s.<\/p>\n\n\n\n<p style=\"font-size:18px\">2. Le ministre de la Sant\u00e9 et du D\u00e9veloppement social a inform\u00e9 le Conseil des Ministres de la situation \u00e9pid\u00e9miologique du pays marqu\u00e9e, notamment par une stagnation du nombre de cas confirm\u00e9s de dengue compar\u00e9 \u00e0 celui de la semaine pr\u00e9c\u00e9dente.<\/p>\n\n\n\n<p style=\"font-size:18px\">Le Pr\u00e9sident de la Transition, Chef de l\u2019Etat a, cependant, appel\u00e9 la population au respect strict des mesures de pr\u00e9vention et de lutte contre les maladies.<\/p>\n\n\n\n<p style=\"font-size:18px\">Bamako, le 27 juin 2025.<\/p>\n\n\n\n<p style=\"font-size:18px\">Le Secr\u00e9taire G\u00e9n\u00e9ral du Gouvernement,<\/p>\n\n\n\n<p style=\"font-size:18px\">Birama COULIBALY Chevalier de l\u2019Ordre national<\/p>\n\n\n\n<p>maliweb<\/p>\n","protected":false},"excerpt":{"rendered":"<p>Le Conseil des Ministres s\u2019est r\u00e9uni en session ordinaire, le vendredi 27 juin 2025, dans sa salle de d\u00e9lib\u00e9rations au Palais de Koulouba, sous la pr\u00e9sidence du G\u00e9n\u00e9ral d\u2019Arm\u00e9e Assimi&hellip;<\/p>\n","protected":false},"author":1,"featured_media":20896,"comment_status":"open","ping_status":"open","sticky":false,"template":"","format":"standard","meta":{"content-type":"","_lmt_disableupdate":"","_lmt_disable":"","_jetpack_memberships_contains_paid_content":false,"footnotes":"","jetpack_publicize_message":"","jetpack_publicize_feature_enabled":true,"jetpack_social_post_already_shared":true,"jetpack_social_options":{"image_generator_settings":{"template":"highway","default_image_id":0,"font":"","enabled":false},"version":2}},"categories":[28,43],"tags":[],"class_list":["post-22607","post","type-post","status-publish","format-standard","has-post-thumbnail","hentry","category-communique-du-conseil-des-ministres","category-nandi-info"],"jetpack_publicize_connections":[],"featured_image_urls":{"full":["https:\/\/nandi.info\/wp-content\/uploads\/2025\/01\/conseil-des-ministres.jpg",2048,1230,false],"thumbnail":["https:\/\/nandi.info\/wp-content\/uploads\/2025\/01\/conseil-des-ministres-150x150.jpg",150,150,true],"medium":["https:\/\/nandi.info\/wp-content\/uploads\/2025\/01\/conseil-des-ministres-300x180.jpg",300,180,true],"medium_large":["https:\/\/nandi.info\/wp-content\/uploads\/2025\/01\/conseil-des-ministres-768x461.jpg",768,461,true],"large":["https:\/\/nandi.info\/wp-content\/uploads\/2025\/01\/conseil-des-ministres-1024x615.jpg",1024,615,true],"1536x1536":["https:\/\/nandi.info\/wp-content\/uploads\/2025\/01\/conseil-des-ministres-1536x923.jpg",1536,923,true],"2048x2048":["https:\/\/nandi.info\/wp-content\/uploads\/2025\/01\/conseil-des-ministres.jpg",2048,1230,false],"penci-recipe-1200x1200":["https:\/\/nandi.info\/wp-content\/uploads\/2025\/01\/conseil-des-ministres-1200x1200.jpg",1200,1200,true],"penci-recipe-1200x900":["https:\/\/nandi.info\/wp-content\/uploads\/2025\/01\/conseil-des-ministres-1200x900.jpg",1200,900,true],"penci-recipe-1200x675":["https:\/\/nandi.info\/wp-content\/uploads\/2025\/01\/conseil-des-ministres-1200x675.jpg",1200,675,true],"penci-single-full":["https:\/\/nandi.info\/wp-content\/uploads\/2025\/01\/conseil-des-ministres-1920x1153.jpg",1920,1153,true],"penci-slider-full-thumb":["https:\/\/nandi.info\/wp-content\/uploads\/2025\/01\/conseil-des-ministres-1920x800.jpg",1920,800,true],"penci-full-thumb":["https:\/\/nandi.info\/wp-content\/uploads\/2025\/01\/conseil-des-ministres-1170x703.jpg",1170,703,true],"penci-slider-thumb":["https:\/\/nandi.info\/wp-content\/uploads\/2025\/01\/conseil-des-ministres-1170x663.jpg",1170,663,true],"penci-magazine-slider":["https:\/\/nandi.info\/wp-content\/uploads\/2025\/01\/conseil-des-ministres-780x516.jpg",780,516,true],"penci-thumb":["https:\/\/nandi.info\/wp-content\/uploads\/2025\/01\/conseil-des-ministres-585x390.jpg",585,390,true],"penci-masonry-thumb":["https:\/\/nandi.info\/wp-content\/uploads\/2025\/01\/conseil-des-ministres-585x351.jpg",585,351,true],"penci-thumb-square":["https:\/\/nandi.info\/wp-content\/uploads\/2025\/01\/conseil-des-ministres-585x585.jpg",585,585,true],"penci-thumb-vertical":["https:\/\/nandi.info\/wp-content\/uploads\/2025\/01\/conseil-des-ministres-480x650.jpg",480,650,true],"penci-thumb-small":["https:\/\/nandi.info\/wp-content\/uploads\/2025\/01\/conseil-des-ministres-263x175.jpg",263,175,true]},"author_info":{"display_name":"Nandi","author_link":"https:\/\/nandi.info\/?author=1"},"category_info":"<a href=\"https:\/\/nandi.info\/?cat=28\" rel=\"category\">Communique du conseil des ministres<\/a> <a href=\"https:\/\/nandi.info\/?cat=43\" rel=\"category\">Nandi.info<\/a>","tag_info":"Nandi.info","comment_count":"0","jetpack_featured_media_url":"https:\/\/nandi.info\/wp-content\/uploads\/2025\/01\/conseil-des-ministres.jpg","jetpack_sharing_enabled":true,"_links":{"self":[{"href":"https:\/\/nandi.info\/index.php?rest_route=\/wp\/v2\/posts\/22607","targetHints":{"allow":["GET"]}}],"collection":[{"href":"https:\/\/nandi.info\/index.php?rest_route=\/wp\/v2\/posts"}],"about":[{"href":"https:\/\/nandi.info\/index.php?rest_route=\/wp\/v2\/types\/post"}],"author":[{"embeddable":true,"href":"https:\/\/nandi.info\/index.php?rest_route=\/wp\/v2\/users\/1"}],"replies":[{"embeddable":true,"href":"https:\/\/nandi.info\/index.php?rest_route=%2Fwp%2Fv2%2Fcomments&post=22607"}],"version-history":[{"count":1,"href":"https:\/\/nandi.info\/index.php?rest_route=\/wp\/v2\/posts\/22607\/revisions"}],"predecessor-version":[{"id":22608,"href":"https:\/\/nandi.info\/index.php?rest_route=\/wp\/v2\/posts\/22607\/revisions\/22608"}],"wp:featuredmedia":[{"embeddable":true,"href":"https:\/\/nandi.info\/index.php?rest_route=\/wp\/v2\/media\/20896"}],"wp:attachment":[{"href":"https:\/\/nandi.info\/index.php?rest_route=%2Fwp%2Fv2%2Fmedia&parent=22607"}],"wp:term":[{"taxonomy":"category","embeddable":true,"href":"https:\/\/nandi.info\/index.php?rest_route=%2Fwp%2Fv2%2Fcategories&post=22607"},{"taxonomy":"post_tag","embeddable":true,"href":"https:\/\/nandi.info\/index.php?rest_route=%2Fwp%2Fv2%2Ftags&post=22607"}],"curies":[{"name":"wp","href":"https:\/\/api.w.org\/{rel}","templated":true}]}}