{"id":22596,"date":"2025-06-28T19:08:24","date_gmt":"2025-06-28T17:08:24","guid":{"rendered":"https:\/\/nandi.info\/?p=22596"},"modified":"2025-06-28T19:15:18","modified_gmt":"2025-06-28T17:15:18","slug":"affaire-avion-presidentiel-le-dilatoire-rattrape-par-la-verite-et-le-droit","status":"publish","type":"post","link":"https:\/\/nandi.info\/?p=22596","title":{"rendered":"Affaire avion pr\u00e9sidentiel : Le dilatoire rattrap\u00e9 par la v\u00e9rit\u00e9 et le droit"},"content":{"rendered":"\n<figure class=\"wp-block-image size-full\"><img fetchpriority=\"high\" decoding=\"async\" width=\"870\" height=\"405\" src=\"https:\/\/nandi.info\/wp-content\/uploads\/2025\/06\/avion-presidentiel.jpg\" alt=\"\" class=\"wp-image-22598\" srcset=\"https:\/\/nandi.info\/wp-content\/uploads\/2025\/06\/avion-presidentiel.jpg 870w, https:\/\/nandi.info\/wp-content\/uploads\/2025\/06\/avion-presidentiel-300x140.jpg 300w, https:\/\/nandi.info\/wp-content\/uploads\/2025\/06\/avion-presidentiel-768x358.jpg 768w, https:\/\/nandi.info\/wp-content\/uploads\/2025\/06\/avion-presidentiel-585x272.jpg 585w\" sizes=\"(max-width: 870px) 100vw, 870px\" \/><\/figure>\n\n\n\n<p style=\"font-size:19px\"><strong>Le proc\u00e8s des \u00e9quipements militaires et de l&rsquo;achat de l&rsquo;avion pr\u00e9sidentiel a connu son \u00e9pilogue avec les \u00e9coutes des t\u00e9moins de marque : Deux ex Premiers Ministres, Un ex-ministre de l&rsquo;Economie et des finances, un&nbsp;&nbsp;ex-ministre d\u00e9l\u00e9gu\u00e9 au budget et ex-Directeur National du Tr\u00e9sor Public. Apr\u00e8s le proc\u00e8s crime \u00e9conomique de la 2NDE R\u00e9publique rarement un proc\u00e8s aura autant mobilis\u00e9 de responsables gouvernementaux et de services centraux<\/strong>.<\/p>\n\n\n\n<p class=\"has-drop-cap\" style=\"font-size:18px\">La d\u00e9cision d&rsquo;acheter un avion pr\u00e9sidentiel est politique. Une d\u00e9cision \u00e0 tout point de vue controvers\u00e9e \u00e0 un moment o\u00f9 le pays \u00e9tait dans une situation peu reluisante au plan \u00e9conomique et s\u00e9curitaire avec une arm\u00e9e compl\u00e8tement d\u00e9pourvue de moyens humains et mat\u00e9riels. A titre de rappel, les deux Premiers Ministres cit\u00e9s comme t\u00e9moins avaient des avis diff\u00e9rents sur cette d\u00e9cision politique d&rsquo;achat en son temps. L&rsquo;un en faveur de la location d&rsquo;avion moins couteuse et le 2nd soutenait et justifiait publiquement l&rsquo;acquisition devant les \u00e9lus en all\u00e9guant que l&rsquo;ancien avion pr\u00e9sidentiel n&rsquo;avait aucun document. Oubliant que m\u00eame une moto ne peut circuler \u00e0 Bamako sans pi\u00e8ce a plus forte raison un avion qui vole \u00e0 l&rsquo;international. C&rsquo;\u00e9tait connu de tous que l&rsquo;ancien avion avait bel et bien tous les documents en r\u00e8gle pour son exploitation. L&rsquo;achat de l&rsquo;avion \u00e9tait une faute politique eu \u00e9gard contexte \u00e9conomique, social et s\u00e9curitaire qui pr\u00e9valait.<\/p>\n\n\n\n<p style=\"font-size:18px\">&nbsp;&nbsp;La proc\u00e9dure d&rsquo;achat de l&rsquo;avion a \u00e9t\u00e9 d\u00e9lib\u00e9r\u00e9ment vici\u00e9e et constitue manifestement une faute de gestion. Un minist\u00e8re en charge des Finances n&rsquo;est pas une caisse de r\u00e9sonnance. Le ministre en charge des finances est le principal responsable de l&rsquo;ex\u00e9cution du budget, il est le garant du respect des proc\u00e9dures et donc de la qualit\u00e9 de la gouvernance financi\u00e8re publique dans un pays.<\/p>\n\n\n\n<p style=\"font-size:18px\">Les proc\u00e9dures utilis\u00e9es pour l&rsquo;acquisition de l&rsquo;avion pr\u00e9sidentiel sont aux antipodes de tous les principes et m\u00eame des exceptions l\u00e9gales dans la gestion des deniers publics : (i) ex\u00e9cution d&rsquo;une d\u00e9pense non autoris\u00e9e par la loi de finances (ii) le recours \u00e0 un financement bancaire non autoris\u00e9 par la loi de finance (iii) l&rsquo;ordre donn\u00e9 \u00e0 un paiement&nbsp;&nbsp;&nbsp;en tr\u00e9sorerie (avance)&nbsp;&nbsp;non adoss\u00e9 \u00e0 des cr\u00e9dits budg\u00e9taires&nbsp;&nbsp;d&rsquo;une facture sans&nbsp;&nbsp;contrat ou march\u00e9 formel&nbsp;&nbsp;(iv) absence de v\u00e9rification de la moralit\u00e9 de l&rsquo;offre du prestataire&nbsp;&nbsp;(v) non implication formelle du conseil des ministres dans les diff\u00e9rents actes&nbsp;&nbsp;du ressort normal de l&rsquo;instance gouvernementale (vi) l&rsquo;utilisation du secret d\u00e9fense pour des acquisitions (biens et \u00e9quipements) non l\u00e9tales etc.<\/p>\n\n\n\n<p style=\"font-size:18px\">L&rsquo;inobservance des normes l\u00e9gales et r\u00e8glementaires d&rsquo;ex\u00e9cution des op\u00e9rations budg\u00e9taires et de financement est \u00e9vidente. Pour quelle raison ? Quelle que soit la r\u00e9ponse, la faute de gestion est \u00e9norme au vu des attributions et des responsabilit\u00e9s d&rsquo;un Ministre de l&rsquo;Economie et des finances selon la loi relative aux lois de finances et le r\u00e8glement g\u00e9n\u00e9ral de la comptabilit\u00e9 publique qui stipulent : \u00ab\u00a0Le ministre des Finances est responsable de l&rsquo;ex\u00e9cution de la loi de finances et du respect des \u00e9quilibres budg\u00e9taires et financiers d\u00e9finis par celle-ci \u2026. Il peut subordonner l&rsquo;utilisation des cr\u00e9dits par les ordonnateurs aux disponibilit\u00e9s de tr\u00e9sorerie de l&rsquo;Etat.\u00a0\u00bb<\/p>\n\n\n\n<p style=\"font-size:18px\">&nbsp;&nbsp;&nbsp;De l&rsquo;analyse des t\u00e9moignages, la gestion personnelle, les consid\u00e9rations subjectives et les \u00e9tats d&rsquo;\u00e2mes ont pr\u00e9valu au niveau du chef du d\u00e9partement en charges des finances&nbsp;&nbsp;&nbsp;au d\u00e9triment de la concertation dans le sens du respect du cadre normatif. Manifestement le droit financier public ; confort\u00e9 par les t\u00e9moignages \u00e9loquents de l&rsquo;ancien Premier ministre Oumar Tatam Ly de l&rsquo;ex-ministre Ti\u00e8na Coulibaly, de l&rsquo;ex-Ministre d\u00e9l\u00e9gu\u00e9 Madani Tour\u00e9 et surtout les pi\u00e8ces \u00e0 conviction et les explications de l&rsquo;ex-Directeur National du Tr\u00e9sor et de la Comptabilit\u00e9 Publique ; a eu raison de la strat\u00e9gie du dilatoire&nbsp;&nbsp;et de la fuite en avant.&nbsp;&nbsp;&nbsp;&nbsp;&nbsp;&nbsp;&nbsp;&nbsp;&nbsp;&nbsp;&nbsp;&nbsp;&nbsp;&nbsp;&nbsp;<\/p>\n\n\n\n<p><strong>La R\u00e9daction<\/strong><\/p>\n","protected":false},"excerpt":{"rendered":"<p>Le proc\u00e8s des \u00e9quipements militaires et de l&rsquo;achat de l&rsquo;avion pr\u00e9sidentiel a connu son \u00e9pilogue avec les \u00e9coutes des t\u00e9moins de marque : Deux ex Premiers Ministres, Un ex-ministre de&hellip;<\/p>\n","protected":false},"author":1,"featured_media":22598,"comment_status":"open","ping_status":"open","sticky":false,"template":"","format":"standard","meta":{"content-type":"","_lmt_disableupdate":"","_lmt_disable":"","_jetpack_memberships_contains_paid_content":false,"footnotes":"","jetpack_publicize_message":"","jetpack_publicize_feature_enabled":true,"jetpack_social_post_already_shared":true,"jetpack_social_options":{"image_generator_settings":{"template":"highway","default_image_id":0,"font":"","enabled":false},"version":2}},"categories":[19,56,21],"tags":[],"class_list":["post-22596","post","type-post","status-publish","format-standard","has-post-thumbnail","hentry","category-aujourdhui-mali","category-justice","category-societe"],"jetpack_publicize_connections":[],"featured_image_urls":{"full":["https:\/\/nandi.info\/wp-content\/uploads\/2025\/06\/avion-presidentiel.jpg",870,405,false],"thumbnail":["https:\/\/nandi.info\/wp-content\/uploads\/2025\/06\/avion-presidentiel-150x150.jpg",150,150,true],"medium":["https:\/\/nandi.info\/wp-content\/uploads\/2025\/06\/avion-presidentiel-300x140.jpg",300,140,true],"medium_large":["https:\/\/nandi.info\/wp-content\/uploads\/2025\/06\/avion-presidentiel-768x358.jpg",768,358,true],"large":["https:\/\/nandi.info\/wp-content\/uploads\/2025\/06\/avion-presidentiel.jpg",870,405,false],"1536x1536":["https:\/\/nandi.info\/wp-content\/uploads\/2025\/06\/avion-presidentiel.jpg",870,405,false],"2048x2048":["https:\/\/nandi.info\/wp-content\/uploads\/2025\/06\/avion-presidentiel.jpg",870,405,false],"penci-recipe-1200x1200":["https:\/\/nandi.info\/wp-content\/uploads\/2025\/06\/avion-presidentiel.jpg",870,405,false],"penci-recipe-1200x900":["https:\/\/nandi.info\/wp-content\/uploads\/2025\/06\/avion-presidentiel.jpg",870,405,false],"penci-recipe-1200x675":["https:\/\/nandi.info\/wp-content\/uploads\/2025\/06\/avion-presidentiel.jpg",870,405,false],"penci-single-full":["https:\/\/nandi.info\/wp-content\/uploads\/2025\/06\/avion-presidentiel.jpg",870,405,false],"penci-slider-full-thumb":["https:\/\/nandi.info\/wp-content\/uploads\/2025\/06\/avion-presidentiel.jpg",870,405,false],"penci-full-thumb":["https:\/\/nandi.info\/wp-content\/uploads\/2025\/06\/avion-presidentiel.jpg",870,405,false],"penci-slider-thumb":["https:\/\/nandi.info\/wp-content\/uploads\/2025\/06\/avion-presidentiel.jpg",870,405,false],"penci-magazine-slider":["https:\/\/nandi.info\/wp-content\/uploads\/2025\/06\/avion-presidentiel-780x405.jpg",780,405,true],"penci-thumb":["https:\/\/nandi.info\/wp-content\/uploads\/2025\/06\/avion-presidentiel-585x390.jpg",585,390,true],"penci-masonry-thumb":["https:\/\/nandi.info\/wp-content\/uploads\/2025\/06\/avion-presidentiel-585x272.jpg",585,272,true],"penci-thumb-square":["https:\/\/nandi.info\/wp-content\/uploads\/2025\/06\/avion-presidentiel-585x405.jpg",585,405,true],"penci-thumb-vertical":["https:\/\/nandi.info\/wp-content\/uploads\/2025\/06\/avion-presidentiel-480x405.jpg",480,405,true],"penci-thumb-small":["https:\/\/nandi.info\/wp-content\/uploads\/2025\/06\/avion-presidentiel-263x175.jpg",263,175,true]},"author_info":{"display_name":"Nandi","author_link":"https:\/\/nandi.info\/?author=1"},"category_info":"<a href=\"https:\/\/nandi.info\/?cat=19\" rel=\"category\">Aujourd\u2019hui Mali<\/a> <a href=\"https:\/\/nandi.info\/?cat=56\" rel=\"category\">Justice<\/a> <a href=\"https:\/\/nandi.info\/?cat=21\" rel=\"category\">Soci\u00e9t\u00e9<\/a>","tag_info":"Soci\u00e9t\u00e9","comment_count":"0","jetpack_featured_media_url":"https:\/\/nandi.info\/wp-content\/uploads\/2025\/06\/avion-presidentiel.jpg","jetpack_sharing_enabled":true,"_links":{"self":[{"href":"https:\/\/nandi.info\/index.php?rest_route=\/wp\/v2\/posts\/22596","targetHints":{"allow":["GET"]}}],"collection":[{"href":"https:\/\/nandi.info\/index.php?rest_route=\/wp\/v2\/posts"}],"about":[{"href":"https:\/\/nandi.info\/index.php?rest_route=\/wp\/v2\/types\/post"}],"author":[{"embeddable":true,"href":"https:\/\/nandi.info\/index.php?rest_route=\/wp\/v2\/users\/1"}],"replies":[{"embeddable":true,"href":"https:\/\/nandi.info\/index.php?rest_route=%2Fwp%2Fv2%2Fcomments&post=22596"}],"version-history":[{"count":2,"href":"https:\/\/nandi.info\/index.php?rest_route=\/wp\/v2\/posts\/22596\/revisions"}],"predecessor-version":[{"id":22602,"href":"https:\/\/nandi.info\/index.php?rest_route=\/wp\/v2\/posts\/22596\/revisions\/22602"}],"wp:featuredmedia":[{"embeddable":true,"href":"https:\/\/nandi.info\/index.php?rest_route=\/wp\/v2\/media\/22598"}],"wp:attachment":[{"href":"https:\/\/nandi.info\/index.php?rest_route=%2Fwp%2Fv2%2Fmedia&parent=22596"}],"wp:term":[{"taxonomy":"category","embeddable":true,"href":"https:\/\/nandi.info\/index.php?rest_route=%2Fwp%2Fv2%2Fcategories&post=22596"},{"taxonomy":"post_tag","embeddable":true,"href":"https:\/\/nandi.info\/index.php?rest_route=%2Fwp%2Fv2%2Ftags&post=22596"}],"curies":[{"name":"wp","href":"https:\/\/api.w.org\/{rel}","templated":true}]}}