{"id":22593,"date":"2025-06-27T14:29:59","date_gmt":"2025-06-27T12:29:59","guid":{"rendered":"https:\/\/nandi.info\/?p=22593"},"modified":"2025-06-27T14:30:03","modified_gmt":"2025-06-27T12:30:03","slug":"pour-emerger-dans-un-monde-en-recomposition-limperieuse-necessite-de-reformer-leconomie-malienne-pour-reduire-la-vulnerabilite-du-pays-aux-chocs-externes","status":"publish","type":"post","link":"https:\/\/nandi.info\/?p=22593","title":{"rendered":"Pour \u00e9merger dans un monde en recomposition\u00a0: L\u2019imp\u00e9rieuse n\u00e9cessit\u00e9 de r\u00e9former l\u2019\u00e9conomie malienne pour r\u00e9duire la vuln\u00e9rabilit\u00e9 du pays aux chocs externes"},"content":{"rendered":"\n<figure class=\"wp-block-image alignright size-large is-resized\"><img fetchpriority=\"high\" decoding=\"async\" width=\"1024\" height=\"495\" src=\"https:\/\/nandi.info\/wp-content\/uploads\/2025\/06\/bamako-1024x495.jpg\" alt=\"\" class=\"wp-image-22594\" style=\"width:489px;height:auto\" srcset=\"https:\/\/nandi.info\/wp-content\/uploads\/2025\/06\/bamako-1024x495.jpg 1024w, https:\/\/nandi.info\/wp-content\/uploads\/2025\/06\/bamako-300x145.jpg 300w, https:\/\/nandi.info\/wp-content\/uploads\/2025\/06\/bamako-768x371.jpg 768w, https:\/\/nandi.info\/wp-content\/uploads\/2025\/06\/bamako-1170x565.jpg 1170w, https:\/\/nandi.info\/wp-content\/uploads\/2025\/06\/bamako-585x283.jpg 585w, https:\/\/nandi.info\/wp-content\/uploads\/2025\/06\/bamako.jpg 1432w\" sizes=\"(max-width: 1024px) 100vw, 1024px\" \/><figcaption class=\"wp-element-caption\">Cr\u00e9dit DR<\/figcaption><\/figure>\n\n\n\n<p style=\"font-size:19px\"><strong>Pour \u00e9merger dans un monde en totale recomposition \u200b(sur les plans de la g\u00e9ostrat\u00e9gie et de la g\u00e9opolitique, les pays en d\u00e9veloppement n\u2019ont d\u2019autres choix aujourd\u2019hui que r\u00e9ajuster leur \u00e9conomie. Un choix auquel n\u2019\u00e9chappe pas le Mali. Comment cela doit-il \u00eatre fait&nbsp;? Nous avons essay\u00e9 de baliser quelques pistes dans cet article.<\/strong><\/p>\n\n\n\n<p class=\"has-drop-cap\" style=\"font-size:18px\">L&rsquo;\u00e9mergence caract\u00e9rise le processus par lequel un \u00c9tat s&rsquo;int\u00e8gre \u00e0 l&rsquo;\u00e9conomie globalis\u00e9e et au capitalisme mondial gr\u00e2ce \u00e0 une croissance \u00e9conomique, c&rsquo;est-\u00e0-dire une augmentation du produit int\u00e9rieur brut (PIB) forte pendant plusieurs ann\u00e9es. L\u2019\u00e9rosion des circuits commerciaux internationaux, l\u2019incertitude accrue des politiques publiques, la possibilit\u00e9 d\u2019une r\u00e9cession et le retrait des Etats-Unis du leadership \u00e9conomique mondial devraient exercer une pression \u00e0 la baisse significative sur la croissance \u00e9conomique mondiale \u00e0 court terme et souligner en m\u00eame temps la n\u00e9cessit\u00e9 d\u2019une nouvelle gouvernance mondiale.<\/p>\n\n\n\n<p style=\"font-size:18px\">Ces r\u00e9cents d\u00e9veloppements s\u2019inscrivent dans le contexte de l\u2019effondrement progressif du monde unipolaire. Dans un tel contexte, la premi\u00e8re ligne de d\u00e9fense des pays consiste \u00e0 prendre des mesures pr\u00e9ventives pour pr\u00e9server la stabilit\u00e9 macro\u00e9conomique et renforcer la r\u00e9silience \u00e9conomique. Tandis que l\u2019\u00e9conomie mondiale post-Covid 19 montrait des signes de stabilisation, le risque d\u2019une r\u00e9cession mondiale induite par les politiques publiques a consid\u00e9rablement augment\u00e9. En effet, la politique douani\u00e8re des Etats-Unis a perturb\u00e9 le commerce mondial, d\u00e9stabilis\u00e9 les march\u00e9s financiers et compromis les perspectives de croissance prometteuses du d\u00e9but d\u2019ann\u00e9e.<\/p>\n\n\n\n<p style=\"font-size:18px\">D&rsquo;une mani\u00e8re parall\u00e8le, \u00e0 moyen et long termes et pour tout pays d\u00e9pendant du commerce et des march\u00e9s internationaux, il est d\u00e9sormais \u00e9vident que m\u00eame si les Etats-Unis parviennent \u00e0 assouplir leur guerre commerciale, de nouveaux accords commerciaux et \u00e9conomiques mondiaux seront n\u00e9cessaires pour reconstruire une nouvelle gouvernance en appui \u00e0 un nouvel ordre multipolaire. Un tel contexte n\u2019a jamais \u00e9t\u00e9 aussi opportun pour la mise en \u0153uvre de nouvelles strat\u00e9gies coordonn\u00e9es destin\u00e9es \u00e0 stimuler la demande int\u00e9rieure mondiale et faire face \u00e0 des d\u00e9fis structurels pressants.&nbsp;<\/p>\n\n\n\n<p style=\"font-size:18px\">Pour ce qui est du cas du Mali, notre pays ne pourra s\u2019en sortir qu\u2019en retrouvant des marges de man\u0153uvre \u00e9conomiques qui passent par des r\u00e9formes coh\u00e9rentes et globales inscrites dans une vision de long terme, visant \u00e0 engager le pays sur la voie de l\u2019\u00e9mergence \u00e9conomique. Discutons de ces points, dans un contexte international tendu, aggrav\u00e9 par des d\u00e9s\u00e9quilibres macro\u00e9conomiques internes et des rigidit\u00e9s structurelles profondes. L\u2019incertitude croissante autour des politiques publiques des Etats-Unis a des effets profonds et durables qui d\u00e9passent le seul cadre \u00e9conomique.<\/p>\n\n\n\n<p style=\"font-size:18px\">Elle freine la croissance en d\u00e9courageant l\u2019investissement et la consommation, tout en poussant les prix \u00e0 la hausse. Une telle instabilit\u00e9 secoue les march\u00e9s financiers, affaiblit les monnaies (dont le dollar) et fait grimper l\u2019or et chuter les bourses du fait de l\u2019inqui\u00e9tude des investisseurs. Elle nuit aussi \u00e0 la confiance des entreprises, freine la cr\u00e9ation de l\u2019emploi et mine la cr\u00e9dibilit\u00e9 des institutions, notamment lorsque l\u2019ind\u00e9pendance des banques centrales est remise en cause. Sur le plan mondial, le protectionnisme am\u00e9ricain et l\u2019instabilit\u00e9 budg\u00e9taire fragilisent la confiance du syst\u00e8me commercial fond\u00e9 sur des r\u00e8gles.<\/p>\n\n\n\n<p style=\"font-size:18px\">L\u2019escalade des tensions commerciales, d\u00e9clench\u00e9e par le choc tarifaire des \u00c9tats-Unis, renforce l\u2019incertitude \u00e9conomique mondiale. Cette derni\u00e8re freine la croissance (attendue \u00e0 2,8 % en 2025 contre 3,3% en 2024), durcit les conditions financi\u00e8res et entra\u00eene des sorties de capitaux, affectant surtout les march\u00e9s \u00e9mergents. Dans ce contexte tendu, les pays avanc\u00e9s doivent composer de plus avec un vieillissement de la population qui fragilise leurs finances publiques, tandis que la crise du co\u00fbt de la vie alimente un risque de troubles sociaux au niveau de nombreux autres pays. La r\u00e9duction de l\u2019aide internationale aggravera, quant \u00e0 elle, la dette et la vuln\u00e9rabilit\u00e9 des pays \u00e0 faible revenu. L\u2019inflation mondiale, pouss\u00e9e par ce choc tarifaire, devrait remonter \u00e0 3,3 %, interrompant le processus de d\u00e9sinflation post-Covid.<\/p>\n\n\n\n<p style=\"font-size:18px\"><strong>La chute du dollar victime de la politique commerciale de l\u2019administration Trump<\/strong><\/p>\n\n\n\n<p style=\"font-size:18px\">De nos jours, les \u00e9conomies \u00e9mergentes font face \u00e0 une inflation import\u00e9e et \u00e0 une forte instabilit\u00e9 mon\u00e9taire, alors que les pays d\u00e9velopp\u00e9s subissent de nouvelles hausses de prix dans les secteurs ouverts au commerce. Face \u00e0 ces d\u00e9fis, une r\u00e9ponse coordonn\u00e9e et \u00e9quilibr\u00e9e des politiques publiques est essentielle pour renforcer la stabilit\u00e9 \u00e9conomique et r\u00e9duire les d\u00e9s\u00e9quilibres mondiaux.<\/p>\n\n\n\n<p style=\"font-size:18px\">Pr\u00e9cis\u00e9ment au Mali, ce qui implique d\u2019investir dans l\u2019\u00e9ducation, d\u2019encourager l\u2019entrepreneuriat et de soutenir les secteurs num\u00e9riques et verts ; et (2) la hausse de la dette publique mondiale qui menace la stabilit\u00e9 financi\u00e8re mondiale. Les pays doivent g\u00e9rer leurs finances plus efficacement pour r\u00e9duire la dette\u200b&nbsp;et renforcer la fiscalit\u00e9 pour \u00e9viter une crise et assurer une croissance durable.<\/p>\n\n\n\n<p style=\"font-size:18px\">Dans un contexte g\u00e9opolitique marqu\u00e9 par le d\u00e9sengagement progressif des \u00c9tats-Unis, la n\u00e9cessit\u00e9 de r\u00e9former la gouvernance \u00e9conomique mondiale devient essentielle. Il est crucial que les principales \u00e9conomies\u200b (notamment l\u2019Union europ\u00e9enne, la Chine et l\u2019Inde\u200b)&nbsp;renforcent leur coordination strat\u00e9gique pour r\u00e9pondre collectivement aux d\u00e9s\u00e9quilibres syst\u00e9miques. La mise en place d\u2019un cadre multilat\u00e9ral r\u00e9nov\u00e9, bas\u00e9 sur la responsabilit\u00e9 partag\u00e9e, est indispensable pour garantir la stabilit\u00e9 macro\u00e9conomique mondiale, soutenir une croissance inclusive et assurer la r\u00e9silience \u00e0 long terme du syst\u00e8me \u00e9conomique.<\/p>\n\n\n\n<p style=\"font-size:18px\">Ce contexte international difficile et en constante transformation offre au Mali une opportunit\u00e9 de r\u00e9former l\u2019\u00e9conomie nationale pour \u00e9merger en position de force dans ce nouvel environnement g\u00e9opolitique. S\u2019il est peut-\u00eatre pr\u00e9matur\u00e9 d\u2019affirmer l\u2019imminence d\u2019une r\u00e9cession mondiale, en tout \u00e9tat de cause, l\u2019\u00e9rosion des circuits commerciaux internationaux et l\u2019incertitude g\u00e9opolitique et politique accrue devraient exercer une pression \u00e0 la baisse significative sur la croissance \u00e9conomique mondiale \u00e0 court terme. Dans ce contexte, il est imp\u00e9ratif que les pays adoptent des mesures pr\u00e9ventives pour pr\u00e9server la stabilit\u00e9 macro\u00e9conomique et renforcer la r\u00e9silience \u00e9conomique. Pour le Mali, pays fortement d\u00e9pendant des revenus g\u00e9n\u00e9r\u00e9s par des richesses mini\u00e8res et agricoles comme l\u2019or, le lithium et le coton, le contexte actuel repr\u00e9sente \u00e0 la fois un d\u00e9fi et une opportunit\u00e9 de r\u00e9orienter sa strat\u00e9gie \u00e9conomique.<\/p>\n\n\n\n<p style=\"font-size:18px\"><strong>Des r\u00e9formes structurelles essentielles \u00e0 la lib\u00e9ration du potentiel de croissance \u00e0 long terme<\/strong><\/p>\n\n\n\n<p style=\"font-size:18px\">Prioritairement, la diversification \u00e9conomique doit devenir un pilier central de l\u2019agenda politique malien. La vuln\u00e9rabilit\u00e9 du pays aux chocs externes, notamment ceux li\u00e9s aux fluctuations des prix mondiaux du p\u00e9trole et du gaz, souligne l\u2019urgence de d\u00e9velopper les secteurs hors hydrocarbures. Des investissements cibl\u00e9s dans l\u2019agriculture, l\u2019industrie manufacturi\u00e8re, les \u00e9nergies renouvelables et le tourisme pourraient non seulement r\u00e9duire la d\u00e9pendance du Mali aux exportations \u00e9nerg\u00e9tiques, mais aussi stimuler la cr\u00e9ation d\u2019emplois et favoriser une croissance inclusive.<\/p>\n\n\n\n<p style=\"font-size:18px\">A court terme, une gestion budg\u00e9taire prudente sera essentielle. Compte tenu de la marge de man\u0153uvre budg\u00e9taire limit\u00e9e du pays \u00e0 court terme, il est essentiel de renforcer le recouvrement de l\u2019imp\u00f4t (en de\u00e7\u00e0 de son optimum en 2024), rationaliser les d\u00e9penses publiques courantes et am\u00e9liorer l\u2019efficience des d\u00e9penses en capital (en repensant la cha\u00eene institutionnelle et technique des projets publics). Parall\u00e8lement, des efforts doivent \u00eatre d\u00e9ploy\u00e9s pour renforcer les syst\u00e8mes de protection sociale, notamment face \u00e0 la hausse de l\u2019inflation et \u00e0 la baisse du pouvoir d\u2019achat r\u00e9el des m\u00e9nages.<\/p>\n\n\n\n<p style=\"font-size:18px\">De telles mesures peuvent att\u00e9nuer les co\u00fbts sociaux de l\u2019ajustement et pr\u00e9server la coh\u00e9sion sociale. La politique mon\u00e9taire doit rester accommodante mais vigilante, en mettant l\u2019accent sur le maintien de la stabilit\u00e9 des prix et la garantie de la liquidit\u00e9 du syst\u00e8me financier. Au Mali, une attention particuli\u00e8re doit \u00eatre \u00e9galement accord\u00e9e aux besoins de cr\u00e9dit des petites et moyennes entreprises (PME) qui jouent un r\u00f4le essentiel dans l\u2019emploi et l\u2019innovation, mais qui sont souvent confront\u00e9es \u00e0 des obstacles au financement du fait de la politique budg\u00e9taire expansionniste. La politique de change devra servir de trait d\u2019union entre une politique budg\u00e9taire inscrite \u200bdans&nbsp;un processus de viabilisation et d\u2019une politique mon\u00e9taire en appui de la stabilit\u00e9 des prix.<\/p>\n\n\n\n<p style=\"font-size:18px\">L\u2019am\u00e9lioration de l\u2019environnement des affaires, par la simplification r\u00e9glementaire, le renforcement de la gouvernance et une plus grande transparence des politiques, peut am\u00e9liorer la comp\u00e9titivit\u00e9 de l\u2019\u00e9conomie malienne, renforcer la confiance des investisseurs et attirer les capitaux nationaux et \u00e9trangers. De plus, la r\u00e9forme de l\u2019\u00e9ducation et l\u2019investissement dans le d\u00e9veloppement du capital humain sont n\u00e9cessaires pour doter la main-d\u2019\u0153uvre de comp\u00e9tences adapt\u00e9es aux exigences d\u2019une \u00e9conomie moderne et diversifi\u00e9e, et renforcer la productivit\u00e9.<\/p>\n\n\n\n<p><strong>Macky Ciss\u00e9<\/strong><\/p>\n\n\n\n<p><em>Expert en g\u00e9opolitique<\/em><\/p>\n","protected":false},"excerpt":{"rendered":"<p>Pour \u00e9merger dans un monde en totale recomposition \u200b(sur les plans de la g\u00e9ostrat\u00e9gie et de la g\u00e9opolitique, les pays en d\u00e9veloppement n\u2019ont d\u2019autres choix aujourd\u2019hui que r\u00e9ajuster leur \u00e9conomie.&hellip;<\/p>\n","protected":false},"author":1,"featured_media":22594,"comment_status":"open","ping_status":"open","sticky":false,"template":"","format":"standard","meta":{"content-type":"","_lmt_disableupdate":"","_lmt_disable":"","_jetpack_memberships_contains_paid_content":false,"footnotes":"","jetpack_publicize_message":"","jetpack_publicize_feature_enabled":true,"jetpack_social_post_already_shared":true,"jetpack_social_options":{"image_generator_settings":{"template":"highway","default_image_id":0,"font":"","enabled":false},"version":2}},"categories":[30,53],"tags":[],"class_list":["post-22593","post","type-post","status-publish","format-standard","has-post-thumbnail","hentry","category-economie","category-le-matin"],"jetpack_publicize_connections":[],"featured_image_urls":{"full":["https:\/\/nandi.info\/wp-content\/uploads\/2025\/06\/bamako.jpg",1432,692,false],"thumbnail":["https:\/\/nandi.info\/wp-content\/uploads\/2025\/06\/bamako-150x150.jpg",150,150,true],"medium":["https:\/\/nandi.info\/wp-content\/uploads\/2025\/06\/bamako-300x145.jpg",300,145,true],"medium_large":["https:\/\/nandi.info\/wp-content\/uploads\/2025\/06\/bamako-768x371.jpg",768,371,true],"large":["https:\/\/nandi.info\/wp-content\/uploads\/2025\/06\/bamako-1024x495.jpg",1024,495,true],"1536x1536":["https:\/\/nandi.info\/wp-content\/uploads\/2025\/06\/bamako.jpg",1432,692,false],"2048x2048":["https:\/\/nandi.info\/wp-content\/uploads\/2025\/06\/bamako.jpg",1432,692,false],"penci-recipe-1200x1200":["https:\/\/nandi.info\/wp-content\/uploads\/2025\/06\/bamako-1200x692.jpg",1200,692,true],"penci-recipe-1200x900":["https:\/\/nandi.info\/wp-content\/uploads\/2025\/06\/bamako-1200x692.jpg",1200,692,true],"penci-recipe-1200x675":["https:\/\/nandi.info\/wp-content\/uploads\/2025\/06\/bamako-1200x675.jpg",1200,675,true],"penci-single-full":["https:\/\/nandi.info\/wp-content\/uploads\/2025\/06\/bamako.jpg",1432,692,false],"penci-slider-full-thumb":["https:\/\/nandi.info\/wp-content\/uploads\/2025\/06\/bamako.jpg",1432,692,false],"penci-full-thumb":["https:\/\/nandi.info\/wp-content\/uploads\/2025\/06\/bamako-1170x565.jpg",1170,565,true],"penci-slider-thumb":["https:\/\/nandi.info\/wp-content\/uploads\/2025\/06\/bamako-1170x663.jpg",1170,663,true],"penci-magazine-slider":["https:\/\/nandi.info\/wp-content\/uploads\/2025\/06\/bamako-780x516.jpg",780,516,true],"penci-thumb":["https:\/\/nandi.info\/wp-content\/uploads\/2025\/06\/bamako-585x390.jpg",585,390,true],"penci-masonry-thumb":["https:\/\/nandi.info\/wp-content\/uploads\/2025\/06\/bamako-585x283.jpg",585,283,true],"penci-thumb-square":["https:\/\/nandi.info\/wp-content\/uploads\/2025\/06\/bamako-585x585.jpg",585,585,true],"penci-thumb-vertical":["https:\/\/nandi.info\/wp-content\/uploads\/2025\/06\/bamako-480x650.jpg",480,650,true],"penci-thumb-small":["https:\/\/nandi.info\/wp-content\/uploads\/2025\/06\/bamako-263x175.jpg",263,175,true]},"author_info":{"display_name":"Nandi","author_link":"https:\/\/nandi.info\/?author=1"},"category_info":"<a href=\"https:\/\/nandi.info\/?cat=30\" rel=\"category\">Economie<\/a> <a href=\"https:\/\/nandi.info\/?cat=53\" rel=\"category\">Le Matin<\/a>","tag_info":"Le Matin","comment_count":"0","jetpack_featured_media_url":"https:\/\/nandi.info\/wp-content\/uploads\/2025\/06\/bamako.jpg","jetpack_sharing_enabled":true,"_links":{"self":[{"href":"https:\/\/nandi.info\/index.php?rest_route=\/wp\/v2\/posts\/22593","targetHints":{"allow":["GET"]}}],"collection":[{"href":"https:\/\/nandi.info\/index.php?rest_route=\/wp\/v2\/posts"}],"about":[{"href":"https:\/\/nandi.info\/index.php?rest_route=\/wp\/v2\/types\/post"}],"author":[{"embeddable":true,"href":"https:\/\/nandi.info\/index.php?rest_route=\/wp\/v2\/users\/1"}],"replies":[{"embeddable":true,"href":"https:\/\/nandi.info\/index.php?rest_route=%2Fwp%2Fv2%2Fcomments&post=22593"}],"version-history":[{"count":1,"href":"https:\/\/nandi.info\/index.php?rest_route=\/wp\/v2\/posts\/22593\/revisions"}],"predecessor-version":[{"id":22595,"href":"https:\/\/nandi.info\/index.php?rest_route=\/wp\/v2\/posts\/22593\/revisions\/22595"}],"wp:featuredmedia":[{"embeddable":true,"href":"https:\/\/nandi.info\/index.php?rest_route=\/wp\/v2\/media\/22594"}],"wp:attachment":[{"href":"https:\/\/nandi.info\/index.php?rest_route=%2Fwp%2Fv2%2Fmedia&parent=22593"}],"wp:term":[{"taxonomy":"category","embeddable":true,"href":"https:\/\/nandi.info\/index.php?rest_route=%2Fwp%2Fv2%2Fcategories&post=22593"},{"taxonomy":"post_tag","embeddable":true,"href":"https:\/\/nandi.info\/index.php?rest_route=%2Fwp%2Fv2%2Ftags&post=22593"}],"curies":[{"name":"wp","href":"https:\/\/api.w.org\/{rel}","templated":true}]}}