{"id":22590,"date":"2025-06-27T13:35:31","date_gmt":"2025-06-27T11:35:31","guid":{"rendered":"https:\/\/nandi.info\/?p=22590"},"modified":"2025-06-27T13:35:34","modified_gmt":"2025-06-27T11:35:34","slug":"audit-des-comptes-des-partis-politiques-entre-volonte-de-transparence-et-pression-pour-accepter-leur-sort","status":"publish","type":"post","link":"https:\/\/nandi.info\/?p=22590","title":{"rendered":"Audit des comptes des partis politiques\u00a0: Entre volont\u00e9 de transparence et pression pour accepter leur sort"},"content":{"rendered":"\n<figure class=\"wp-block-image alignleft size-large is-resized\"><img fetchpriority=\"high\" decoding=\"async\" width=\"1024\" height=\"1024\" src=\"https:\/\/nandi.info\/wp-content\/uploads\/2025\/06\/Pour-les-leaders-de-la-classe-politique-ce-nest-pas-apres-leur-dissolution-par-decret-presidentiel-quil-faut-demander-des-comptes-aux-partis-1024x1024.jpg\" alt=\"\" class=\"wp-image-22591\" style=\"width:478px;height:auto\" srcset=\"https:\/\/nandi.info\/wp-content\/uploads\/2025\/06\/Pour-les-leaders-de-la-classe-politique-ce-nest-pas-apres-leur-dissolution-par-decret-presidentiel-quil-faut-demander-des-comptes-aux-partis-1024x1024.jpg 1024w, https:\/\/nandi.info\/wp-content\/uploads\/2025\/06\/Pour-les-leaders-de-la-classe-politique-ce-nest-pas-apres-leur-dissolution-par-decret-presidentiel-quil-faut-demander-des-comptes-aux-partis-300x300.jpg 300w, https:\/\/nandi.info\/wp-content\/uploads\/2025\/06\/Pour-les-leaders-de-la-classe-politique-ce-nest-pas-apres-leur-dissolution-par-decret-presidentiel-quil-faut-demander-des-comptes-aux-partis-150x150.jpg 150w, https:\/\/nandi.info\/wp-content\/uploads\/2025\/06\/Pour-les-leaders-de-la-classe-politique-ce-nest-pas-apres-leur-dissolution-par-decret-presidentiel-quil-faut-demander-des-comptes-aux-partis-768x768.jpg 768w, https:\/\/nandi.info\/wp-content\/uploads\/2025\/06\/Pour-les-leaders-de-la-classe-politique-ce-nest-pas-apres-leur-dissolution-par-decret-presidentiel-quil-faut-demander-des-comptes-aux-partis-1536x1536.jpg 1536w, https:\/\/nandi.info\/wp-content\/uploads\/2025\/06\/Pour-les-leaders-de-la-classe-politique-ce-nest-pas-apres-leur-dissolution-par-decret-presidentiel-quil-faut-demander-des-comptes-aux-partis-1200x1200.jpg 1200w, https:\/\/nandi.info\/wp-content\/uploads\/2025\/06\/Pour-les-leaders-de-la-classe-politique-ce-nest-pas-apres-leur-dissolution-par-decret-presidentiel-quil-faut-demander-des-comptes-aux-partis-1170x1170.jpg 1170w, https:\/\/nandi.info\/wp-content\/uploads\/2025\/06\/Pour-les-leaders-de-la-classe-politique-ce-nest-pas-apres-leur-dissolution-par-decret-presidentiel-quil-faut-demander-des-comptes-aux-partis-585x585.jpg 585w, https:\/\/nandi.info\/wp-content\/uploads\/2025\/06\/Pour-les-leaders-de-la-classe-politique-ce-nest-pas-apres-leur-dissolution-par-decret-presidentiel-quil-faut-demander-des-comptes-aux-partis.jpg 1920w\" sizes=\"(max-width: 1024px) 100vw, 1024px\" \/><\/figure>\n\n\n\n<p style=\"font-size:19px\"><strong>Quand l\u2019\u00c9tat demande des comptes aux partis politiques apr\u00e8s les avoir dissous&nbsp;! Que faut-il comprendre ou lire entre les lignes&nbsp;? Selon de nombreux observateurs, loin d\u2019\u00eatre une qu\u00eate de transparence, cela peut \u00eatre assimil\u00e9 \u00e0 une tentative d\u2019intimidation pour contraindre les acteurs politiques \u00e0 accepter non seulement leur sort, mais aussi la prolongation de la transition de 5 nouvelles ann\u00e9es renouvelables. En tout cas, pour Me Mountaga Tall, une figure embl\u00e9matique du mouvement d\u00e9mocratique, cela s\u2019apparente \u00e0 demander aux \u00abmorts d\u2019assister \u00e0 leurs fun\u00e9railles\u00bb.<\/strong><\/p>\n\n\n\n<p class=\"has-drop-cap\" style=\"font-size:18px\">Quand le gouvernement \u00ab<em>demande aux morts d\u2019assister \u00e0 leurs fun\u00e9railles<\/em>\u00bb et \u00e0 la cour des comptes d\u2019auditer ses propres audits&nbsp;! Telle est la conviction de Me Mountaga Tall, pr\u00e9sident du Cnid-Fyt et figure embl\u00e9matique du mouvement d\u00e9mocratique, apr\u00e8s la d\u00e9cision des autorit\u00e9s de la transition de demander des comptes aux partis politiques.<\/p>\n\n\n\n<p style=\"font-size:18px\">En effet, dans le cadre de l\u2019audit des financements des partis politiques pour la p\u00e9riode de juillet 2000 \u00e0 mai 2025, le pr\u00e9sident de la section des comptes de la Cour supr\u00eame enjoint \u00e0 leurs responsables \u00e0 soumettre, au plus tard le 30 juin 2025, les documents comme les copies des \u00e9tats financiers, les justificatifs des d\u00e9penses, les journaux de banque et de caisse, les relev\u00e9s bancaires et \u00e9tats de rapprochement, les rapports annuels d\u00e9taillant l\u2019\u00e9tat des ressources. \u00ab<em>Toute tentative d\u2019\u00e9vitement ou de non-conformit\u00e9 pourrait entra\u00eener des cons\u00e9quences graves. Agissez promptement pour assurer la transparence<\/em>\u00bb, a-t-on menac\u00e9 dans l\u2019avis. Autant menacer une femme enceinte avec une banane ou un cabri mort avec un couteau.<\/p>\n\n\n\n<p style=\"font-size:18px\">Selon certaines sources, le Tr\u00e9sor public a octroy\u00e9 aux chapelles politiques pr\u00e8s de 25 milliards de FCFA durant la p\u00e9riode \u00e9voqu\u00e9e. La redevabilit\u00e9 et la transparence sont des principes sacr\u00e9s en d\u00e9mocratie. Mais, c\u2019est le timing de cette requ\u00eate qui suscite des interrogations. On demande des comptes \u00e0 des organisations qui n\u2019existent plus l\u00e9galement apr\u00e8s la dissolution par le pr\u00e9sident de la Transition par d\u00e9cret. Il est \u00e9vident qu\u2019auditer une organisation qui n\u2019existe plus para\u00eet plus que probl\u00e9matique. Comme le souligne un expert, \u00ab<em>la logique voudrait que l\u2019audit pr\u00e9c\u00e8de la dissolution<\/em>\u00bb. Il aurait d\u2019ailleurs d\u00fb ou pu \u00eatre un crit\u00e8re d\u2019assainissement de la classe politique en lieu et place de la dissolution de l\u2019ensemble des partis politiques. Sans compter que le d\u00e9lai l\u00e9gal de conservation obligatoire des documents comptables est de dix ans au Mali or cet audit couvre une p\u00e9riode de 25 ans, soit 15 ans de trop&nbsp;!<\/p>\n\n\n\n<p style=\"font-size:18px\">Que faut-il comprendre par cette \u00ab<em>d\u00e9cision t\u00e9l\u00e9guid\u00e9e<\/em>\u00bb&nbsp;? Pour de nombreux observateurs, il n\u2019y a pas l\u2019ombre d\u2019un doute. Loin d\u2019\u00eatre une qu\u00eate de transparence, cela peut \u00eatre assimil\u00e9 \u00e0 une tentative d\u2019intimidation pour contraindre les acteurs politiques \u00e0 accepter non seulement leur sort, mais aussi la prolongation de la transition de 5 nouvelles ann\u00e9es renouvelables. Difficile de leur donner tort dans la mesure o\u00f9 cette m\u00eame section des comptes devait veiller annuellement \u00e0 l\u2019utilisation correcte de l\u2019aide publique accord\u00e9es aux chapelles politiques. En effet, selon nos recoupements, la Cour supr\u00eame a d\u00e9j\u00e0 contr\u00f4l\u00e9 les comptes des partis politiques sur la p\u00e9riode concern\u00e9e hormis l\u2019ann\u00e9e 2025 en cours. Elle a d\u00e9j\u00e0 exprim\u00e9 son opinion de certification ou refus de certification desdits comptes ann\u00e9e apr\u00e8s ann\u00e9e.<\/p>\n\n\n\n<p style=\"font-size:18px\">Il est vrai que certaines formations ont toujours trouv\u00e9 les moyens de se d\u00e9rober \u00e0 cet exercice. Mais, les gros b\u00e9n\u00e9ficiaires s\u2019y sont toujours pli\u00e9s. C\u2019est comme si alors la Cour supr\u00eame remettait en cause les audits de sa section des comptes entre 2000 et 2025. \u00ab<em>Avec de tr\u00e8s bons avocats, les partis n\u2019auront aucune difficult\u00e9 \u00e0 d\u00e9noncer cette requ\u00eate puisqu\u2019ils n\u2019existent plus officiellement<\/em>\u00bb, nous a confi\u00e9 un juriste.<\/p>\n\n\n\n<p style=\"font-size:18px\"><strong>Des fant\u00f4mes appel\u00e9s \u00e0 retirer des lettres au nom des partis dissous&nbsp;?<\/strong><\/p>\n\n\n\n<p style=\"font-size:18px\">La preuve de&nbsp;l\u2019incongruit\u00e9 de cette requ\u00eate, c\u2019est que la Section des comptes de la Cour supr\u00eame ne s\u2019est adress\u00e9e aux \u00ab<em>pr\u00e9sidents des anciens partis politiques<\/em>\u00bb qu\u2019\u00e0 travers une correspondance nominative qui n\u2019a pu \u00eatre d\u00e9pos\u00e9e \u00e0 leurs si\u00e8ges, tous ferm\u00e9s. Finalement, c\u2019est une invitation \u00e0 les retirer qui aurait \u00e9t\u00e9 finalement diffus\u00e9e par l\u2019ORTM. Et personne n\u2019est contraint \u00e0 le faire puisqu&rsquo;aucun parti politique ou organisation \u00e0 caract\u00e8re politique n\u2019existe aujourd\u2019hui au Mali.<\/p>\n\n\n\n<p style=\"font-size:18px\">En tout cas, pour Me Mountaga Tall, la demande de la Section des comptes s\u2019apparente \u00e0 demander aux \u00ab<em>morts d\u2019assister \u00e0 leurs fun\u00e9railles<\/em>\u00bb. M\u00eame si, a soulign\u00e9 cette figure embl\u00e9matique du mouvement d\u00e9mocratique,&nbsp;<em>\u00ab\u00e0 l\u2019annonce de l\u2019audit du financement des partis politiques, j\u2019ai eu un soulagement indescriptible : enfin, j\u2019allais pouvoir prouver aux Maliennes et Maliens que les comptes du Cnid-Faso Yiriwa Ton \u00e9taient sinc\u00e8res, clairs et nets et que moi-m\u00eame \u00e9tait blanc comme du lait de chamelle<\/em>\u00bb. Et d\u2019ajouter, \u00ab<em>je suis s\u00fbr que je n\u2019\u00e9tais pas seul dans ce cas<\/em>\u00bb. Mais, a d\u00e9plor\u00e9 le juriste chevronn\u00e9, \u00ab<em>ma joie a \u00e9t\u00e9 de courte dur\u00e9e, avec la dissolution des partis politiques avant l\u2019audit annonc\u00e9<\/em>\u00bb.<\/p>\n\n\n\n<p style=\"font-size:18px\">Et, la lettre de la section des comptes a fini par le convaincre \u00ab<em>qu\u2019il ne s\u2019agit pas de faire un audit pour conna\u00eetre la v\u00e9rit\u00e9 sur les comptes des partis politiques, mais simplement d\u2019une op\u00e9ration en vue de les salir et de les discr\u00e9diter<\/em>\u00bb. Pour le brillant avocat et leader politique, cette lettre n\u2019est qu\u2019une \u00ab<em>tentative pu\u00e9rile<\/em>\u00bb de leur \u00ab<em>tendre un pi\u00e8ge grossier<\/em>\u00bb en les incitant \u00e0 \u00ab<em>violer les interdits pos\u00e9s par la loi de leur dissolution<\/em>\u00bb.<\/p>\n\n\n\n<p style=\"font-size:18px\">\u00ab<em>Tr\u00e8s pertinent et percutant texte de Me Mountaga<\/em>\u00bb, ont analys\u00e9 plusieurs consultants politiques interrog\u00e9s sur la question, comme Fousseyni Camara, intellectuel et syndicaliste \u00e0 la retraite. Ce dernier se dit surpris par \u00ab<em>la posture de la classe politique \u00e0 vouloir toujours boire le calice jusqu&rsquo;\u00e0 qu&rsquo;\u00e0 la lie, en se soumettant docilement \u00e0 toutes les lois qui sont pi\u00e9tin\u00e9es par ceux-l\u00e0 m\u00eames qui ont fait le serment de les appliquer et de les faire appliquer<\/em>\u00bb. Et d\u2019enfoncer le clou, \u00ab<em>malgr\u00e9 le m\u00e9pris total de nos lois de la part de nos autorit\u00e9s de Transition, c&rsquo;est assez touchant que la classe politique persiste \u00e0 se conformer \u00e0 des lois qui n&rsquo;existent presque plus que sur le papier<\/em>\u00bb.&nbsp;<\/p>\n\n\n\n<p style=\"font-size:18px\">A propos d&rsquo;audit, a soulign\u00e9 M. Camara, \u00ab<em>je pense que la classe politique aussi est en droit de dresser une liste de toutes les violations de nos lois fondamentales dont la transition s&rsquo;est rendue coupable depuis ao\u00fbt 2020 et de transmettre cet audit \u00e0 la Cour constitutionnelle car, apparemment, les sages ne r\u00e9agissent aux violations r\u00e9p\u00e9t\u00e9es des lois que lorsqu&rsquo;ils sont saisis<\/em>\u00bb.<\/p>\n\n\n\n<p style=\"font-size:18px\">Pour cette personnalit\u00e9 influente au sein de la diaspora malienne en France, les choses sont tr\u00e8s claires. \u00ab<em>Les autorit\u00e9s de la transition savent que la d\u00e9cision d&rsquo;auditer les partis politiques n&rsquo;est pas applicable, car l&rsquo;acc\u00e8s \u00e0 leurs si\u00e8ges est interdit. Mais, qu&rsquo;\u00e0 cela ne tienne&nbsp;! Il leur faut absolument un pr\u00e9texte pour arr\u00eater les rescap\u00e9s, c&rsquo;est-\u00e0-dire ceux qui ne sont ni en prison ni en exil<\/em>\u00bb. Et, comme beaucoup d\u2019autres de nos interlocuteurs, il est convaincu \u00ab<em>qu\u2019elles le feront sans cons\u00e9quences car, il faut le dire, la communaut\u00e9 internationale est fatigu\u00e9e de la versatilit\u00e9 et de l&rsquo;inconsistance des Maliens qui veulent une chose et son contraire<\/em>\u00bb.<\/p>\n\n\n\n<p style=\"font-size:18px\">Selon un juriste, il ne saurait \u00eatre question pour les partis qui se respectent de retirer la lettre, ni \u00e0 fortiori d\u2019y r\u00e9pondre. Et cela, ironise Me Tall, par&nbsp;<em>\u00abrespect de la loi. M\u00eame si nous la d\u00e9sapprouvons. M\u00eame si nous l\u2019avons attaqu\u00e9. Il en va ainsi de la R\u00e9publique, de la d\u00e9mocratie, des R\u00e9publicains et des d\u00e9mocrates<\/em>\u00bb. Comme le dit si bien le pr\u00e9sident du Cnid-Fyt, dans sa publication sur les r\u00e9seaux sociaux, \u00ab<em>pour obtenir satisfaction sur les \u00e9tats financiers des partis, la Section des comptes doit demander leur r\u00e9tablissement<\/em>\u00bb&nbsp;! Donc d\u00e9savouer les autorit\u00e9s de la transition. Ce qui ne peut pas \u00eatre assimil\u00e9 \u00e0 un crime de l\u00e8se-majest\u00e9 de la part d\u2019une institution judiciaire cr\u00e9dible, car ind\u00e9pendante&nbsp;!<\/p>\n\n\n\n<p><strong>Hamady Tamba<\/strong><\/p>\n","protected":false},"excerpt":{"rendered":"<p>Quand l\u2019\u00c9tat demande des comptes aux partis politiques apr\u00e8s les avoir dissous&nbsp;! Que faut-il comprendre ou lire entre les lignes&nbsp;? Selon de nombreux observateurs, loin d\u2019\u00eatre une qu\u00eate de transparence,&hellip;<\/p>\n","protected":false},"author":1,"featured_media":22591,"comment_status":"open","ping_status":"open","sticky":false,"template":"","format":"standard","meta":{"content-type":"","_lmt_disableupdate":"","_lmt_disable":"","_jetpack_memberships_contains_paid_content":false,"footnotes":"","jetpack_publicize_message":"","jetpack_publicize_feature_enabled":true,"jetpack_social_post_already_shared":true,"jetpack_social_options":{"image_generator_settings":{"template":"highway","default_image_id":0,"font":"","enabled":false},"version":2}},"categories":[53,23],"tags":[],"class_list":["post-22590","post","type-post","status-publish","format-standard","has-post-thumbnail","hentry","category-le-matin","category-politique"],"jetpack_publicize_connections":[],"featured_image_urls":{"full":["https:\/\/nandi.info\/wp-content\/uploads\/2025\/06\/Pour-les-leaders-de-la-classe-politique-ce-nest-pas-apres-leur-dissolution-par-decret-presidentiel-quil-faut-demander-des-comptes-aux-partis.jpg",1920,1920,false],"thumbnail":["https:\/\/nandi.info\/wp-content\/uploads\/2025\/06\/Pour-les-leaders-de-la-classe-politique-ce-nest-pas-apres-leur-dissolution-par-decret-presidentiel-quil-faut-demander-des-comptes-aux-partis-150x150.jpg",150,150,true],"medium":["https:\/\/nandi.info\/wp-content\/uploads\/2025\/06\/Pour-les-leaders-de-la-classe-politique-ce-nest-pas-apres-leur-dissolution-par-decret-presidentiel-quil-faut-demander-des-comptes-aux-partis-300x300.jpg",300,300,true],"medium_large":["https:\/\/nandi.info\/wp-content\/uploads\/2025\/06\/Pour-les-leaders-de-la-classe-politique-ce-nest-pas-apres-leur-dissolution-par-decret-presidentiel-quil-faut-demander-des-comptes-aux-partis-768x768.jpg",768,768,true],"large":["https:\/\/nandi.info\/wp-content\/uploads\/2025\/06\/Pour-les-leaders-de-la-classe-politique-ce-nest-pas-apres-leur-dissolution-par-decret-presidentiel-quil-faut-demander-des-comptes-aux-partis-1024x1024.jpg",1024,1024,true],"1536x1536":["https:\/\/nandi.info\/wp-content\/uploads\/2025\/06\/Pour-les-leaders-de-la-classe-politique-ce-nest-pas-apres-leur-dissolution-par-decret-presidentiel-quil-faut-demander-des-comptes-aux-partis-1536x1536.jpg",1536,1536,true],"2048x2048":["https:\/\/nandi.info\/wp-content\/uploads\/2025\/06\/Pour-les-leaders-de-la-classe-politique-ce-nest-pas-apres-leur-dissolution-par-decret-presidentiel-quil-faut-demander-des-comptes-aux-partis.jpg",1920,1920,false],"penci-recipe-1200x1200":["https:\/\/nandi.info\/wp-content\/uploads\/2025\/06\/Pour-les-leaders-de-la-classe-politique-ce-nest-pas-apres-leur-dissolution-par-decret-presidentiel-quil-faut-demander-des-comptes-aux-partis-1200x1200.jpg",1200,1200,true],"penci-recipe-1200x900":["https:\/\/nandi.info\/wp-content\/uploads\/2025\/06\/Pour-les-leaders-de-la-classe-politique-ce-nest-pas-apres-leur-dissolution-par-decret-presidentiel-quil-faut-demander-des-comptes-aux-partis-1200x900.jpg",1200,900,true],"penci-recipe-1200x675":["https:\/\/nandi.info\/wp-content\/uploads\/2025\/06\/Pour-les-leaders-de-la-classe-politique-ce-nest-pas-apres-leur-dissolution-par-decret-presidentiel-quil-faut-demander-des-comptes-aux-partis-1200x675.jpg",1200,675,true],"penci-single-full":["https:\/\/nandi.info\/wp-content\/uploads\/2025\/06\/Pour-les-leaders-de-la-classe-politique-ce-nest-pas-apres-leur-dissolution-par-decret-presidentiel-quil-faut-demander-des-comptes-aux-partis.jpg",1920,1920,false],"penci-slider-full-thumb":["https:\/\/nandi.info\/wp-content\/uploads\/2025\/06\/Pour-les-leaders-de-la-classe-politique-ce-nest-pas-apres-leur-dissolution-par-decret-presidentiel-quil-faut-demander-des-comptes-aux-partis-1920x800.jpg",1920,800,true],"penci-full-thumb":["https:\/\/nandi.info\/wp-content\/uploads\/2025\/06\/Pour-les-leaders-de-la-classe-politique-ce-nest-pas-apres-leur-dissolution-par-decret-presidentiel-quil-faut-demander-des-comptes-aux-partis-1170x1170.jpg",1170,1170,true],"penci-slider-thumb":["https:\/\/nandi.info\/wp-content\/uploads\/2025\/06\/Pour-les-leaders-de-la-classe-politique-ce-nest-pas-apres-leur-dissolution-par-decret-presidentiel-quil-faut-demander-des-comptes-aux-partis-1170x663.jpg",1170,663,true],"penci-magazine-slider":["https:\/\/nandi.info\/wp-content\/uploads\/2025\/06\/Pour-les-leaders-de-la-classe-politique-ce-nest-pas-apres-leur-dissolution-par-decret-presidentiel-quil-faut-demander-des-comptes-aux-partis-780x516.jpg",780,516,true],"penci-thumb":["https:\/\/nandi.info\/wp-content\/uploads\/2025\/06\/Pour-les-leaders-de-la-classe-politique-ce-nest-pas-apres-leur-dissolution-par-decret-presidentiel-quil-faut-demander-des-comptes-aux-partis-585x390.jpg",585,390,true],"penci-masonry-thumb":["https:\/\/nandi.info\/wp-content\/uploads\/2025\/06\/Pour-les-leaders-de-la-classe-politique-ce-nest-pas-apres-leur-dissolution-par-decret-presidentiel-quil-faut-demander-des-comptes-aux-partis-585x585.jpg",585,585,true],"penci-thumb-square":["https:\/\/nandi.info\/wp-content\/uploads\/2025\/06\/Pour-les-leaders-de-la-classe-politique-ce-nest-pas-apres-leur-dissolution-par-decret-presidentiel-quil-faut-demander-des-comptes-aux-partis-585x585.jpg",585,585,true],"penci-thumb-vertical":["https:\/\/nandi.info\/wp-content\/uploads\/2025\/06\/Pour-les-leaders-de-la-classe-politique-ce-nest-pas-apres-leur-dissolution-par-decret-presidentiel-quil-faut-demander-des-comptes-aux-partis-480x650.jpg",480,650,true],"penci-thumb-small":["https:\/\/nandi.info\/wp-content\/uploads\/2025\/06\/Pour-les-leaders-de-la-classe-politique-ce-nest-pas-apres-leur-dissolution-par-decret-presidentiel-quil-faut-demander-des-comptes-aux-partis-263x175.jpg",263,175,true]},"author_info":{"display_name":"Nandi","author_link":"https:\/\/nandi.info\/?author=1"},"category_info":"<a href=\"https:\/\/nandi.info\/?cat=53\" rel=\"category\">Le Matin<\/a> <a href=\"https:\/\/nandi.info\/?cat=23\" rel=\"category\">Politique<\/a>","tag_info":"Politique","comment_count":"0","jetpack_featured_media_url":"https:\/\/nandi.info\/wp-content\/uploads\/2025\/06\/Pour-les-leaders-de-la-classe-politique-ce-nest-pas-apres-leur-dissolution-par-decret-presidentiel-quil-faut-demander-des-comptes-aux-partis.jpg","jetpack_sharing_enabled":true,"_links":{"self":[{"href":"https:\/\/nandi.info\/index.php?rest_route=\/wp\/v2\/posts\/22590","targetHints":{"allow":["GET"]}}],"collection":[{"href":"https:\/\/nandi.info\/index.php?rest_route=\/wp\/v2\/posts"}],"about":[{"href":"https:\/\/nandi.info\/index.php?rest_route=\/wp\/v2\/types\/post"}],"author":[{"embeddable":true,"href":"https:\/\/nandi.info\/index.php?rest_route=\/wp\/v2\/users\/1"}],"replies":[{"embeddable":true,"href":"https:\/\/nandi.info\/index.php?rest_route=%2Fwp%2Fv2%2Fcomments&post=22590"}],"version-history":[{"count":1,"href":"https:\/\/nandi.info\/index.php?rest_route=\/wp\/v2\/posts\/22590\/revisions"}],"predecessor-version":[{"id":22592,"href":"https:\/\/nandi.info\/index.php?rest_route=\/wp\/v2\/posts\/22590\/revisions\/22592"}],"wp:featuredmedia":[{"embeddable":true,"href":"https:\/\/nandi.info\/index.php?rest_route=\/wp\/v2\/media\/22591"}],"wp:attachment":[{"href":"https:\/\/nandi.info\/index.php?rest_route=%2Fwp%2Fv2%2Fmedia&parent=22590"}],"wp:term":[{"taxonomy":"category","embeddable":true,"href":"https:\/\/nandi.info\/index.php?rest_route=%2Fwp%2Fv2%2Fcategories&post=22590"},{"taxonomy":"post_tag","embeddable":true,"href":"https:\/\/nandi.info\/index.php?rest_route=%2Fwp%2Fv2%2Ftags&post=22590"}],"curies":[{"name":"wp","href":"https:\/\/api.w.org\/{rel}","templated":true}]}}