{"id":22525,"date":"2025-06-19T15:01:00","date_gmt":"2025-06-19T13:01:00","guid":{"rendered":"https:\/\/nandi.info\/?p=22525"},"modified":"2025-06-19T18:15:00","modified_gmt":"2025-06-19T16:15:00","slug":"communique-du-conseil-des-ministres-du-mercredi-18-juin-2025","status":"publish","type":"post","link":"https:\/\/nandi.info\/?p=22525","title":{"rendered":"Communiqu\u00e9 du conseil des ministres du mercredi 18 juin 2025"},"content":{"rendered":"\n<figure class=\"wp-block-image size-full\"><img fetchpriority=\"high\" decoding=\"async\" width=\"870\" height=\"580\" src=\"https:\/\/nandi.info\/wp-content\/uploads\/2025\/06\/Assimi.jpg\" alt=\"\" class=\"wp-image-22526\" srcset=\"https:\/\/nandi.info\/wp-content\/uploads\/2025\/06\/Assimi.jpg 870w, https:\/\/nandi.info\/wp-content\/uploads\/2025\/06\/Assimi-300x200.jpg 300w, https:\/\/nandi.info\/wp-content\/uploads\/2025\/06\/Assimi-768x512.jpg 768w, https:\/\/nandi.info\/wp-content\/uploads\/2025\/06\/Assimi-585x390.jpg 585w, https:\/\/nandi.info\/wp-content\/uploads\/2025\/06\/Assimi-263x175.jpg 263w\" sizes=\"(max-width: 870px) 100vw, 870px\" \/><\/figure>\n\n\n\n<h2 class=\"wp-block-heading\">Le Conseil des Ministres s\u2019est r\u00e9uni en session ordinaire, le mercredi 18 juin 2025, dans sa salle de d\u00e9lib\u00e9rations au Palais de Koulouba, sous la pr\u00e9sidence du G\u00e9n\u00e9ral d\u2019Arm\u00e9e Assimi GOITA, Pr\u00e9sident de la Transition, Chef de l\u2019Etat.<\/h2>\n\n\n\n<p>Apr\u00e8s examen des points inscrits \u00e0 l\u2019ordre du jour, le Conseil a :<\/p>\n\n\n\n<p>&#8211; &nbsp; &nbsp;adopt\u00e9 des projets de texte ;<\/p>\n\n\n\n<p>&#8211; &nbsp; &nbsp;et entendu des communications.&nbsp;<br><strong>AU CHAPITRE DES MESURES LEGISLATIVES ET REGLEMENTAIRES<\/strong><\/p>\n\n\n\n<p>1. Sur le rapport du ministre de la D\u00e9fense et des anciens Combattants, le Conseil des Ministres a adopt\u00e9 des projets de texte relatifs \u00e0 la cr\u00e9ation, \u00e0 l\u2019organisation et aux modalit\u00e9s de fonctionnement du Commandement des Op\u00e9rations Sp\u00e9ciales.<\/p>\n\n\n\n<p>Dans le cadre de la mise en \u0153uvre des r\u00e9formes enclench\u00e9es au sein des Forces Arm\u00e9es et de S\u00e9curit\u00e9, pour faire face aux d\u00e9fis s\u00e9curitaires, plusieurs Unit\u00e9s des Forces sp\u00e9ciales ont \u00e9t\u00e9 cr\u00e9\u00e9es, notamment :<br>&#8211; &nbsp; &nbsp;le Bataillon Autonome des Forces Sp\u00e9ciales et des Centres d\u2019Aguerrissement ;<\/p>\n\n\n\n<p>&#8211; &nbsp; &nbsp;les Forces Anti-terroristes ;<br>&#8211; &nbsp; &nbsp;la Force Sp\u00e9ciale Air ;<br>&#8211; &nbsp; &nbsp;le Groupement de Reconnaissance et d\u2019Intervention.<\/p>\n\n\n\n<p>L\u2019emploi de ces diff\u00e9rentes Unit\u00e9s des Forces sp\u00e9ciales en op\u00e9rations a mis en exergue certaines insuffisances qu\u2019il convient de corriger.<\/p>\n\n\n\n<p>Les projets de texte, adopt\u00e9s, cr\u00e9ent le Commandement des Op\u00e9rations Sp\u00e9ciales qui sera articul\u00e9 autour d\u2019un organe de Commandement et d\u2019un Centre de Planification et de Conduite des Op\u00e9rations sp\u00e9ciales en vue d\u2019une meilleure ex\u00e9cution des op\u00e9rations militaires men\u00e9es par les Forces sp\u00e9ciales.<\/p>\n\n\n\n<p>2. Sur le rapport du ministre de l\u2019Economie et des Finances, le Conseil des Ministres a adopt\u00e9 un projet de d\u00e9cret portant approbation du march\u00e9 relatif aux travaux de construction de la Station de Traitement des Boues de Vidange de Tienfala et l\u2019am\u00e9nagement des voies d\u2019acc\u00e8s.<\/p>\n\n\n\n<p>Ce march\u00e9 est conclu entre le Gouvernement de la R\u00e9publique du Mali et le Groupement CCB SAS\/TOUJASAS pour un montant de 3 milliards997 millions914 mille 222 francs CFA toutes taxes comprises et un d\u00e9lai d\u2019ex\u00e9cution de 10 mois hors saison des pluies.<\/p>\n\n\n\n<p>La r\u00e9alisation de ces travaux s\u2019inscrit dans le cadre de la mise en \u0153uvre de la composante 2 \u00ab Am\u00e9lioration de l\u2019approvisionnement en eau, de l\u2019assainissement et de l\u2019hygi\u00e8ne \u00bb du Projet de R\u00e9silience Urbaine de Bamako.<\/p>\n\n\n\n<p>Le projet de d\u00e9cret, adopt\u00e9, permettra la r\u00e9alisation d\u2019une Station de Traitement des Boues de Vidange \u00e0 Tienfala avec une capacit\u00e9 de 140 871 m3 par an et 2 194 066 kg de mati\u00e8res s\u00e8ches par an.<\/p>\n\n\n\n<p>3. Sur le rapport du ministre de l\u2019Urbanisme, de l\u2019Habitat, des Domaines, de l\u2019Am\u00e9nagement du Territoire et de la Population, le Conseil des Ministres a adopt\u00e9 des projets de d\u00e9cret portant affectation au Minist\u00e8re de la D\u00e9fense et des anciens Combattants, de parcelles de terrain dans les Cercles de Mopti, Di\u00e9ma, Kita, Bougouni, Koutiala et San.<\/p>\n\n\n\n<p><strong>Les parcelles de terrain, objet des Titres fonciers :<\/strong><br>&#8211; &nbsp; &nbsp;n\u00b015079 du Cercle de Mopti, d\u2019une superficie de 10 hectares 00 are 05 centiares, sise \u00e0 Nantaka, Commune rurale de Socoura, R\u00e9gion de Mopti ;<br>&#8211; &nbsp; &nbsp;n\u00b0841 du Cercle de Di\u00e9ma, d\u2019une superficie de 500 hectares 00 are 00 centiare, sise \u00e0 Di\u00e9ma, Commune rurale et Cercle de Di\u00e9ma, R\u00e9gion de Nioro ;<br>&#8211; &nbsp; &nbsp;n\u00b04527 et n\u00b05245 du Cercle de Kita, respectivement d\u2019une superficie de 50 hectares 61 ares 26 centiares et 449 hectares 39 ares 33 centiares, sise\u00e0 Doumba, Commune rurale de Benkadi, R\u00e9gion de Kita ;<br>&#8211; &nbsp; &nbsp;n\u00b01483 du Cercle de Bougouni, d\u2019une superficie de 747 hectares 42 ares 49 centiares, sise \u00e0 Bougouni, Commune urbaine, Cercle et R\u00e9gion de Bougouni ;<br>&#8211; &nbsp; &nbsp;n\u00b07809 du Cercle de Koutiala, d\u2019une superficie de 675 hectares 29 ares 33 centiares, sise \u00e0 Koutiala, Commune urbaine, Cercle et R\u00e9gion de Koutiala ;<br>&#8211; &nbsp; &nbsp;n\u00b03580 du Cercle de San, d\u2019une superficie de 500 hectares 00 are 01 centiare, sise \u00e0 Bougoudara, Commune urbaine, Cercle et R\u00e9gion de San.<\/p>\n\n\n\n<p>Ces affectations sont destin\u00e9es \u00e0 satisfaire les besoins de r\u00e9alisation d\u2019infrastructures au profit des Forces Arm\u00e9es.<\/p>\n\n\n\n<p>4. Sur le rapport du ministre de l\u2019Elevage et de la P\u00eache, le Conseil des Ministre sa adopt\u00e9 un projet de d\u00e9cret portant approbation de la Strat\u00e9gie nationale de Stabilisation et de S\u00e9curisation du B\u00e9tail malien et son Plan d\u2019actions 2025-2029.<\/p>\n\n\n\n<p>Le Conseil des Ministres, en sa Session du 28 mai 2025, a pris acte d\u2019une communication \u00e9crite relative \u00e0 la Strat\u00e9gie nationale de Stabilisation et de S\u00e9curisation du B\u00e9tail malien et son Plan d\u2019actions 2025-2029.<\/p>\n\n\n\n<p>Cette strat\u00e9gie vise \u00e0 stabiliser et s\u00e9curiser, \u00e0 l\u2019horizon 2034, le cheptel malien sur des espaces am\u00e9nag\u00e9s avec une production optimale.<\/p>\n\n\n\n<p>Elle est b\u00e2tie autour des 4 axes strat\u00e9giques suivants :<br>&#8211; &nbsp; &nbsp;l\u2019am\u00e9nagement et la gestion des ressources pastorales ;<\/p>\n\n\n\n<p>&#8211; &nbsp; &nbsp;la promotion des cultures fourrag\u00e8res ;<br>&#8211; &nbsp; &nbsp;l\u2019am\u00e9lioration de la contribution du b\u00e9tail \u00e0 la cr\u00e9ation de richesses et d\u2019emplois ;<\/p>\n\n\n\n<p>&#8211; &nbsp; &nbsp;le renforcement des m\u00e9canismes de suivi et des mesures d\u2019accompagnement.<\/p>\n\n\n\n<p>Le projet de d\u00e9cret, adopt\u00e9, consacre l\u2019approbation formelle de ladite strat\u00e9gie et ouvre la voie \u00e0 la mise en \u0153uvre des actions pr\u00e9vues dans son Plan d\u2019actions couvrant la p\u00e9riode 2025-2029.<\/p>\n\n\n\n<p><strong>AU CHAPITRE DES COMMUNICATIONS<\/strong><\/p>\n\n\n\n<p>1. Sur le rapport du ministre de l\u2019Economie et des Finances, le Conseil des Ministres a pris acte d\u2019une communication \u00e9crite relative au Document de Programmation Budg\u00e9taire et Economique Pluriannuelle 2026-2028.<\/p>\n\n\n\n<p>Conform\u00e9ment aux dispositions de la Loi n\u00b02013-028 du 11 juillet 2013, modifi\u00e9e, relative aux lois de finances, le projet de loi de finances de l\u2019ann\u00e9e est \u00e9labor\u00e9 par r\u00e9f\u00e9rence \u00e0 un Document de Programmation Budg\u00e9taire et Economique Pluriannuelle couvrant une p\u00e9riode minimale de trois ans.<\/p>\n\n\n\n<p>Le Document de Programmation Budg\u00e9taire et Economique Pluriannuelle est soumis au d\u00e9bat d\u2019orientation budg\u00e9taire au Parlement, au plus tard \u00e0 la fin du 2\u00e8me trimestre de l\u2019ann\u00e9e. Il permet au Gouvernement d\u2019informer le Parlement sur les perspectives d\u2019\u00e9volution des finances publiques et de partager, avec lui, les objectifs, les orientations et les contraintes de la politique budg\u00e9taire \u00e0 moyen terme.<\/p>\n\n\n\n<p>Le Document de Programmation Budg\u00e9taire et Economique Pluriannuelle 2026-2028 s\u2019appuie sur \u00ab Mali kura \u0272\u025btaasira ka ben 2063 ma \u00bb et les orientations strat\u00e9giques d\u00e9finies dans la Strat\u00e9gie nationale pour l\u2019Emergence et le D\u00e9veloppement durable 2024-2033 qui int\u00e8gre les actions phares du Cadre strat\u00e9gique de la Refondation de l\u2019Etat 2022-2031 ainsi que celles de son Plan d\u2019actions 2022-2026.<\/p>\n\n\n\n<p>Le pr\u00e9sent Document prend \u00e9galement en compte le Plan d\u2019Action du Gouvernement 2025-2026 qui d\u00e9coule des orientations des documents strat\u00e9giques, notamment la feuille de route du Pr\u00e9sident de&nbsp;la Transition, les recommandations issues des Assises nationales de la Refondation et du Dialogue inter-Maliens. Il est \u00e9tabli sur la base d\u2019une pr\u00e9vision de croissance r\u00e9elle de 6,6% en moyenne sur la p\u00e9riode de cadrage.<\/p>\n\n\n\n<p>Sous cette hypoth\u00e8se, les efforts de mobilisation de recettes fiscales visent \u00e0 atteindre un taux de pression fiscale moyen de 14,6%, passant de 14,1% en 2026 \u00e0 14,6% et 15,1% respectivement en 2027 et 2028. Cet objectif s\u2019appuie essentiellement sur une perspective d\u2019am\u00e9lioration de la situation s\u00e9curitaire, sanitaire et socio-politique ainsi que la poursuite des mesures et r\u00e9formes en cours ou envisag\u00e9es par le Gouvernement dans les diff\u00e9rents secteurs strat\u00e9giques.<\/p>\n\n\n\n<p>Le co\u00fbt global pour la mise en \u0153uvre des actions du Gouvernement sur la p\u00e9riode 2026-2028 est projet\u00e9 en moyenne \u00e0 3 997,8 milliards de francs CFA.<\/p>\n\n\n\n<p>2. Le ministre de la Justice et des Droits de l\u2019Homme, Garde des Sceaux a inform\u00e9 le Conseil des Ministres de la tenue de la 1\u00e8re R\u00e9union des ministres charg\u00e9s de la Justice des pays membres de la Conf\u00e9d\u00e9ration des Etats du Sahel, les 29 et 30 mai 2025, \u00e0 Bamako.<\/p>\n\n\n\n<p>Cette r\u00e9union minist\u00e9rielle de haut niveau a permis d\u2019engager des discussions approfondies sur l\u2019harmonisation des textes juridiques, la cr\u00e9ation d\u2019institutions judiciaires communes et le renforcement de la coop\u00e9ration judiciaire et p\u00e9nitentiaire.<\/p>\n\n\n\n<p>Au cours de la rencontre, les ministres ont approuv\u00e9 la proposition relative \u00e0 la modification de l\u2019article 4 du Trait\u00e9 instituant la Conf\u00e9d\u00e9ration pour int\u00e9grer le domaine de la Justice parmi les comp\u00e9tences d\u00e9l\u00e9gu\u00e9es, ainsi que la mise en place d\u2019un cadre de concertation permanent.<\/p>\n\n\n\n<p>Ils sont \u00e9galement convenus de la cr\u00e9ation de juridictions conf\u00e9d\u00e9rales charg\u00e9es du contentieux communautaire, de l\u2019arbitrage, ainsi que de la r\u00e9pression des crimes graves, y compris le terrorisme et les violations des Droits de l\u2019Homme. Dans cette dynamique, la construction d\u2019une prison de haute s\u00e9curit\u00e9 rattach\u00e9e \u00e0 la future Cour p\u00e9nale sah\u00e9lienne et des Droits de l\u2019Homme a \u00e9t\u00e9 approuv\u00e9e.<\/p>\n\n\n\n<p>Enfin, les ministres ont r\u00e9affirm\u00e9 leur volont\u00e9 commune de faire de la Conf\u00e9d\u00e9ration AES un espace de justice int\u00e9gr\u00e9, garant de paix, de s\u00e9curit\u00e9 et de d\u00e9veloppement durable et salu\u00e9 la vision \u00e9clair\u00e9e des Chefs d\u2019Etat dans le processus de construction conf\u00e9d\u00e9rale.<\/p>\n\n\n\n<p>3. Le ministre des Affaires \u00e9trang\u00e8res et de la Coop\u00e9ration internationale a inform\u00e9 le Conseil des Ministres :<\/p>\n\n\n\n<p>a. des conclusions de la 3\u00e8me Session de la Conf\u00e9rence minist\u00e9rielle de l\u2019Alliance politique africaine, tenue le 2 juin 2025 \u00e0 Lom\u00e9 au Togo.<\/p>\n\n\n\n<p>Cette 3\u00e8me session avait pour th\u00e8me : \u00ab La place de l\u2019Afrique dans un monde en mutation : enjeux d\u2019un repositionnement strat\u00e9gique et diplomatique \u00bb.<\/p>\n\n\n\n<p>Durant les travaux de cette conf\u00e9rence r\u00e9unissant dix Etats membres et des invit\u00e9s sp\u00e9ciaux, tous du continent africain, le ministre des Affaires \u00e9trang\u00e8res et de la Coop\u00e9ration internationale, en qualit\u00e9 d\u2019orateur principal, a d\u00e9livr\u00e9 la pr\u00e9sentation inaugurale de la session th\u00e9matique intitul\u00e9e \u00ab Autonomie strat\u00e9gique de l\u2019Afrique en mati\u00e8re de D\u00e9fense et de S\u00e9curit\u00e9 dans un monde incertain \u00bb, au cours de laquelle il a notamment appel\u00e9 \u00e0 davantage de solidarit\u00e9 v\u00e9ritable entre les pays africains, en illustrant ses propos par les bonnes pratiques de la Conf\u00e9d\u00e9ration des Etats du Sahel.<\/p>\n\n\n\n<p>En marge des travaux, les ministres africains des Affaires \u00e9trang\u00e8res ont \u00e9t\u00e9 re\u00e7us en audience par le Pr\u00e9sident du Conseil des Ministres de la R\u00e9publique Togolaise.<\/p>\n\n\n\n<p>Le s\u00e9jour du ministre charg\u00e9 des Affaires \u00e9trang\u00e8res a \u00e9t\u00e9 \u00e9galement marqu\u00e9 par une rencontre d\u2019\u00e9changes et d\u2019information avec la communaut\u00e9 malienne \u00e9tablie au Togo.<\/p>\n\n\n\n<p>b. de la tenue de la 4\u00e8me Conf\u00e9rence internationale sur le financement du D\u00e9veloppement, pr\u00e9vue du 30 juin au 03 juillet 2025, \u00e0 S\u00e9ville en Espagne.<\/p>\n\n\n\n<p>A l\u2019invitation du Gouvernement du Royaume d\u2019Espagne et des Nations unies, le G\u00e9n\u00e9ral de Division Abdoulaye MAIGA, Premier ministre, Chef du Gouvernement, repr\u00e9sentera Son Excellence Le G\u00e9n\u00e9ral d\u2019Arm\u00e9e Assimi GOITA, Pr\u00e9sident de la Transition, Chef de l\u2019Etat \u00e0 la 4\u00e8me Conf\u00e9rence internationale sur le financement du D\u00e9veloppement.<\/p>\n\n\n\n<p>L\u2019objectif de cette rencontre est de soutenir le suivi des accords et engagements issus des trois pr\u00e9c\u00e9dentes conf\u00e9rences sur le financement du D\u00e9veloppement, en adaptant les instruments aux besoins financiers mondiaux actuels et aux d\u00e9fis du moment.<\/p>\n\n\n\n<p>La 4\u00e8me conf\u00e9rence intervient dans un contexte international marqu\u00e9 par la crise du financement international du d\u00e9veloppement, le recul du multilat\u00e9ralisme classique et l\u2019\u00e9mergence de m\u00e9canismes alternatifs.<\/p>\n\n\n\n<p>c. des conclusions de la R\u00e9union minist\u00e9rielle des Coordinateurs sur la mise en \u0153uvre des actions de suivi du Forum sur la Coop\u00e9ration sino-africaine, tenue les 11 et 12 juin 2025 \u00e0 Changsha en Chine.<\/p>\n\n\n\n<p>Ce Forum, qui porte sur l\u2019industrie et la technologie en vue de renforcer les relations dans les domaines de la Finance et du Droit pour une meilleure coop\u00e9ration mondiale, a adopt\u00e9 3 rapports portant sur le suivi de l\u2019ex\u00e9cution des actions.<\/p>\n\n\n\n<p>Il ressort de ces rapports que plusieurs r\u00e9alisations notables ont \u00e9t\u00e9 enregistr\u00e9es, notamment l\u2019augmentation des investissements chinois en Afrique, la mise en vigueur du tarif z\u00e9ro pour les exportations de certains pays vers la Chine et l\u2019envoi de m\u00e9decins en Afrique.<\/p>\n\n\n\n<p>Dans son intervention, le ministre des Affaires \u00e9trang\u00e8res et de la Coop\u00e9ration internationale a appr\u00e9ci\u00e9 le respect du principe de non-ing\u00e9rence par la Chine et soulign\u00e9 la n\u00e9cessit\u00e9 d\u2019am\u00e9liorer le suivi du Forum pour des interventions constructives.<\/p>\n\n\n\n<p>Il a \u00e9galement r\u00e9affirm\u00e9 la volont\u00e9 du Gouvernement \u00e0 mettre en \u0153uvre les engagements du Sommet du Forum sur la Coop\u00e9ration sino-africaine 2024 ainsi que la d\u00e9termination du Mali et des autres pays de la Conf\u00e9d\u00e9ration AES \u00e0 poursuivre leur partenariat avec la Chine.<\/p>\n\n\n\n<p>La participation du Mali \u00e0 cette rencontre a permis de faire avancer des projets de coop\u00e9ration \u00e9conomique et de renforcer la visibilit\u00e9 de la Conf\u00e9d\u00e9ration AES sur la sc\u00e8ne diplomatique mondiale.<\/p>\n\n\n\n<p>4. Le ministre de l\u2019Economie et des Finances a inform\u00e9 le Conseil des Ministres de la d\u00e9cision du retrait du Mali de la liste grise du Groupe d\u2019Action financi\u00e8re.<\/p>\n\n\n\n<p>Le Groupe d\u2019Action financi\u00e8re est un organisme intergouvernemental ayant pour mission principale d\u2019\u00e9tablir des normes internationales visant \u00e0 prot\u00e9ger le syst\u00e8me financier international contre les fl\u00e9aux de la criminalit\u00e9 transnationale organis\u00e9e.<\/p>\n\n\n\n<p>A l\u2019issue de l\u2019Evaluation mutuelle du dispositif du Mali en 2019, le Groupe d\u2019Action financi\u00e8re a \u00e9valu\u00e9 les progr\u00e8s de notre pays au 30 juin 2021, date de cl\u00f4ture de la p\u00e9riode d\u2019observation, en le&nbsp;pla\u00e7ant sur la liste grise. L\u2019inscription de notre pays sur cette liste est assortie d\u2019un plan d\u2019actions de 27 mesures \u00e0 mettre en \u0153uvre pour l\u2019att\u00e9nuation des insuffisances du dispositif de lutte contre le blanchiment de capitaux, le financement du terrorisme et le financement de la prolif\u00e9ration des armes de destruction massive.<\/p>\n\n\n\n<p>Apr\u00e8s la visite sur site au Mali en vue de constater l\u2019effectivit\u00e9 de la mise en \u0153uvre des 27 mesures ainsi que la recommandation de la pl\u00e9ni\u00e8re du Groupe de revue de la coop\u00e9ration internationale, le Groupe d\u2019Action financi\u00e8re a d\u00e9cid\u00e9 du retrait du Mali de la liste grise, le 13 juin 2025.<\/p>\n\n\n\n<p>Ce r\u00e9sultat est le fruit de l\u2019engagement constant du Gouvernement du Mali ainsi que de l\u2019ensemble des parties prenantes dans la lutte contre le blanchiment de capitaux, le financement du terrorisme et la prolif\u00e9ration des armes de destruction massive.<\/p>\n\n\n\n<p>Le retrait du Mali de la liste grise renforce son image aupr\u00e8s de la communaut\u00e9 des investisseurs et l\u2019attractivit\u00e9 de son \u00e9conomie.<\/p>\n\n\n\n<p>5. Le ministre de l\u2019Energie et de l\u2019Eau a inform\u00e9 le Conseil des Ministres du lancement officiel des travaux du Projet de Renforcement de l\u2019Alimentation en eau potable et de l\u2019Assainissement de la ville de Kayes, le 21 juin 2025.<\/p>\n\n\n\n<p>Ce projet a pour objectif de renforcer le syst\u00e8me d\u2019alimentation en eau potable et d\u2019assainissement pour plus de 350.000 personnes dans 12 quartiers des Communes de Kayes, Khouloum, Bangassi et Libert\u00e9 Dembaya.<\/p>\n\n\n\n<p>De fa\u00e7on sp\u00e9cifique, sa mise en \u0153uvre permettra d\u2019am\u00e9liorer l\u2019acc\u00e8s \u00e0 l\u2019eau potable, \u00e0 l\u2019hygi\u00e8ne et l\u2019assainissement dans la ville de Kayes, \u00e0 travers :<br>&#8211; &nbsp; &nbsp;la construction d\u2019une nouvelle station de production d\u2019eau potable d\u2019une capacit\u00e9 de 25 000 000 de litres par jour ;<br>&#8211; &nbsp; &nbsp;la construction de 3 ch\u00e2teaux d\u2019eau ;<br>&#8211; &nbsp; &nbsp;la r\u00e9alisation de canalisations de refoulement et de distribution ;<\/p>\n\n\n\n<p>&#8211; &nbsp; &nbsp;la r\u00e9alisation de 10 000 branchements sociaux ;<br>&#8211; &nbsp; &nbsp;la r\u00e9habilitation de la station de traitement d\u2019eau potable existante.<\/p>\n\n\n\n<p>La r\u00e9alisation de ce projet s\u2019inscrit dans le cadre de la mise en \u0153uvre du Plan d\u2019Action du Gouvernement en son axe 3 : \u00ab La satisfaction des besoins fondamentaux de la population \u00bb.<\/p>\n\n\n\n<p>6. Le ministre du Travail, de la Fonction publique et du Dialogue social a inform\u00e9 le Conseil des Ministres :<\/p>\n\n\n\n<p>a. de la comm\u00e9moration de la Journ\u00e9e africaine de la Fonction publique, le 23 juin 2025.<\/p>\n\n\n\n<p>La Journ\u00e9e africaine de la Fonction publique, c\u00e9l\u00e9br\u00e9e le 23 juin de chaque ann\u00e9e, a pour objectif de reconnaitre l\u2019importance du travail des agents publics au service du d\u00e9veloppement de l\u2019Afrique et de favoriser la r\u00e9flexion sur la mission, les d\u00e9fis et les r\u00e9alisations de la Fonction publique.<\/p>\n\n\n\n<p>Le th\u00e8me retenu pour cette \u00e9dition 2025 est : \u00ab Renforcer l\u2019adaptabilit\u00e9 et la r\u00e9silience des Institutions publiques pour parvenir \u00e0 une gouvernance \u00e9quitable et combler rapidement les lacunes historiques dans le domaine de la pression de services \u00bb.<\/p>\n\n\n\n<p>Au niveau national, la Journ\u00e9e sera c\u00e9l\u00e9br\u00e9e \u00e0 travers des conf\u00e9rences-d\u00e9bats sur les sous-th\u00e8mes suivants :<\/p>\n\n\n\n<p><br>&#8211; &nbsp; &nbsp;renforcement des Institutions publiques pour rem\u00e9dier aux in\u00e9galit\u00e9s historiques et promotion de l\u2019inclusion ;<br>&#8211; &nbsp; &nbsp;r\u00e9formes juridiques et structurelles pour parvenir \u00e0 une gouvernance \u00e9quitable ;<\/p>\n\n\n\n<p>&#8211; &nbsp; &nbsp;am\u00e9lioration de l\u2019acc\u00e8s \u00e0 l\u2019information et la responsabilit\u00e9 ;<br>&#8211; &nbsp; &nbsp;plaidoyer de la Soci\u00e9t\u00e9 civile et collaboration pour une gouvernance inclusive.<\/p>\n\n\n\n<p>Prendront part \u00e0 ces activit\u00e9s, les agents publics, les repr\u00e9sentants des organisations syndicales, les responsables des Services publics, les repr\u00e9sentants des organisations de la Soci\u00e9t\u00e9 civile et le monde universitaire.<\/p>\n\n\n\n<p>b. de la participation du Mali \u00e0 la 113\u00e8me Session de la Conf\u00e9rence internationale du Travail, tenue du 2 au 13 juin 2025, \u00e0 Gen\u00e8ve en Suisse.<\/p>\n\n\n\n<p>Une d\u00e9l\u00e9gation nationale tripartite, conduite par le ministre du Travail, de la Fonction publique et du Dialogue social, compos\u00e9e du ministre de la Sant\u00e9 et du D\u00e9veloppement social, du ministre de l\u2019Entrepreneuriat national, de l\u2019Emploi, et de la Formation professionnelle, des d\u00e9l\u00e9gu\u00e9s du Conseil national du Patronat du Mali ainsi que ceux des quatre Centrales syndicales de travailleurs, a particip\u00e9 \u00e0 la 113\u00e8me Session de la Conf\u00e9rence internationale du Travail.<\/p>\n\n\n\n<p>La participation active de nos d\u00e9l\u00e9gu\u00e9s aux diff\u00e9rentes Commissions de travail et \u00e0 des sessions connexes a permis entre autres :<br>&#8211; &nbsp; &nbsp;de donner plus de visibilit\u00e9 \u00e0 notre pays ;<br>&#8211; &nbsp; &nbsp;de raffermir les relations bilat\u00e9rales et multilat\u00e9rales en mati\u00e8re de travail, d\u2019emploi et de protection sociale entre le Mali et ses diff\u00e9rents partenaires.<\/p>\n\n\n\n<p>7. Le ministre de la Jeunesse et des Sports, charg\u00e9 de l\u2019Instruction civique et de la Construction citoyenne a inform\u00e9 le Conseil des Ministres de l\u2019organisation des 1ers Jeux de l\u2019Alliance des Etats du Sahel, du 21 au 28 juin 2025, \u00e0 Bamako.<\/p>\n\n\n\n<p>Les 1ers Jeux de l\u2019Alliance des Etats du Sahel rassembleront pr\u00e8s de 500 participants venant du Burkina Faso, du Mali et du Niger, autour de 10 disciplines sportives, \u00e0 savoir le Football U-17, la Lutte traditionnelle, les Bras de fer sportif, l\u2019Athl\u00e9tisme, le Tir \u00e0 l\u2019Arc, le Tir Sportif, le Judo, le Karat\u00e9, le Kung-fu Wushu et le Taekwondo.<\/p>\n\n\n\n<p><strong>La tenue de ces Jeux permettra entre autres :<\/strong><br>&#8211; &nbsp; &nbsp;de promouvoir la pratique du sport dans l\u2019espace AES ;<br>&#8211; &nbsp; &nbsp;de renforcer les liens d\u2019amiti\u00e9 et de solidarit\u00e9 entre les jeunes des Etats membres ;<br>&#8211; &nbsp; &nbsp;de f\u00e9d\u00e9rer les forces vives, les op\u00e9rateurs \u00e9conomiques, l\u2019Etat et les autres parties prenantes autour des valeurs du sport ;<br>&#8211; &nbsp; &nbsp; de pr\u00e9parer des \u00e9quipes nationales comp\u00e9titives pour les futures comp\u00e9titions internationales ; &#8211; &nbsp; &nbsp; de stimuler la coop\u00e9ration entre les f\u00e9d\u00e9rations sportives des pays membres de la<br>Conf\u00e9d\u00e9ration AES.<\/p>\n\n\n\n<p><strong>La c\u00e9r\u00e9monie d\u2019ouverture est pr\u00e9vue le 21 juin 2025.<\/strong><\/p>\n\n\n\n<p>8. Le ministre de l\u2019Agriculture a inform\u00e9 le Conseil des Ministres de la participation du Mali \u00e0 la 1\u00e8re Edition de \u00ab BOAD DEVELOPMENT DAYS \u00bb, tenue du 12 au 13 juin 2025, \u00e0 Lom\u00e9 au Togo.<\/p>\n\n\n\n<p>Le ministre de l\u2019Agriculture et celui de l\u2019Energie et de l\u2019Eau ont pris part \u00e0 la 1\u00e8re Edition de \u00ab BOAD DEVELOPMENT DAYS \u00bb dont le th\u00e8me a port\u00e9 sur \u00ab Le financement de la transition \u00e9nerg\u00e9tique et de l\u2019Agriculture durable : d\u00e9fis, opportunit\u00e9s et solutions \u00bb.<\/p>\n\n\n\n<p><strong>Cette \u00e9dition a \u00e9t\u00e9 marqu\u00e9e par deux panels sur les th\u00e8mes suivants :<\/strong><br>&#8211; &nbsp; &nbsp;\u00ab Les d\u00e9fis de l\u2019acc\u00e8s universel \u00e0 l\u2019\u00e9lectricit\u00e9 dans l\u2019UEMOA face \u00e0 la transition \u00e9nerg\u00e9tique \u00bb ;<br>&#8211; &nbsp; &nbsp;\u00ab Le d\u00e9fi de la souverainet\u00e9 alimentaire dans l\u2019UEMOA par une Agriculture durable et r\u00e9siliente face au changement climatique \u00bb.<\/p>\n\n\n\n<p>Les deux jours de travaux ont aussi connu la pr\u00e9sentation des startups venues du Mali, du Burkina Faso et du S\u00e9n\u00e9gal sur le d\u00e9veloppement durable de l\u2019Agriculture et de l\u2019\u00e9nergie.<\/p>\n\n\n\n<p>9. Le ministre de l\u2019Environnement, de l\u2019Assainissement et du D\u00e9veloppement durable a inform\u00e9 le Conseil des Ministres de la tenue de la 10\u00e8me Session ordinaire du Conseil des Ministres de l\u2019Agence panafricaine de la Grande Muraille Verte.<\/p>\n\n\n\n<p>Cette 10\u00e8me session ordinaire qui se tiendra \u00e0 Bamako le 26 juin 2025, sera pr\u00e9c\u00e9d\u00e9e de la r\u00e9union du Comit\u00e9 technique des experts, les 24 et 25 juin 2025.<\/p>\n\n\n\n<p>L\u2019initiative de la Grande Muraille Verte, fruit d\u2019une coop\u00e9ration r\u00e9gionale des Etats sah\u00e9lo-sahariens lanc\u00e9e par l\u2019Union africaine, est un programme int\u00e9grateur con\u00e7u pour r\u00e9pondre aux effets combin\u00e9s des d\u00e9fis environnementaux comme la d\u00e9sertification, les changements climatiques et la perte de la biodiversit\u00e9 dans la bande sah\u00e9lo-saharienne.<\/p>\n\n\n\n<p>Sa mise en \u0153uvre est coordonn\u00e9e par l\u2019Agence panafricaine de la Grande Muraille Verte qui regroupe le Burkina Faso, l\u2019Erythr\u00e9e, l\u2019Ethiopie, le Mali, la Mauritanie, le Niger, le Nigeria, le S\u00e9n\u00e9gal, le Soudan, le Tchad et Djibouti.<\/p>\n\n\n\n<p>Les objectifs de cette session portent, notamment sur :<br>&#8211; &nbsp; &nbsp;la validation des documents de planification et de gestion de l\u2019Agence ;<br>&#8211; &nbsp; &nbsp;l\u2019examen des r\u00e9sultats du processus de recrutement du nouveau Secr\u00e9taire ex\u00e9cutif ;<\/p>\n\n\n\n<p>&#8211; &nbsp; &nbsp;l\u2019\u00e9valuation de l\u2019\u00e9tat des contributions statutaires des Etats membres ;<br>&#8211; &nbsp; &nbsp;l\u2019examen de la nouvelle strat\u00e9gie de la Grande Muraille Verte.<\/p>\n\n\n\n<p>La tenue de cette rencontre permettra \u00e0 notre pays d\u2019assumer pleinement ses responsabilit\u00e9s \u00e0 la t\u00eate du Conseil des Ministres de l\u2019Agence, de consolider son leadership sur les enjeux environnementaux dans le contexte de l\u2019Alliance des Etats du Sahel et de pr\u00e9parer la 5\u00e8me Conf\u00e9rence des Chefs d\u2019Etat et de Gouvernement que notre pays abritera \u00e0 partir du 25 octobre 2025.<\/p>\n\n\n\n<p>10. Le ministre de la Sant\u00e9 et du D\u00e9veloppement social a inform\u00e9 le Conseil des Ministres :<\/p>\n\n\n\n<p>a. de la participation du Mali \u00e0 la 1\u00e8re R\u00e9union des ministres charg\u00e9s de la Sant\u00e9 de la Conf\u00e9d\u00e9ration des Etats du Sahel, tenue le 4 juin 2025 \u00e0 Niamey au Niger.<\/p>\n\n\n\n<p>Cette 1\u00e8re r\u00e9union des ministres charg\u00e9s de la Sant\u00e9 avait pour objectif de renforcer la collaboration afin de favoriser une meilleure coop\u00e9ration en mati\u00e8re de Sant\u00e9 au profit des populations de l\u2019espace conf\u00e9d\u00e9ral.<\/p>\n\n\n\n<p>La r\u00e9union minist\u00e9rielle a \u00e9t\u00e9 pr\u00e9c\u00e9d\u00e9e par celle des experts, tenue les 2 et 3 juin 2025, sur les th\u00e9matiques ci-apr\u00e8s :<br>&#8211; &nbsp; &nbsp;la cr\u00e9ation d\u2019une organisation en charge des questions de sant\u00e9 ;<br>&#8211; &nbsp; &nbsp;la surveillance \u00e9pid\u00e9miologique et la coordination de la gestion des \u00e9pid\u00e9mies ;<\/p>\n\n\n\n<p>&#8211; &nbsp; &nbsp;la coordination de la vaccination transfrontali\u00e8re ;<\/p>\n\n\n\n<p>&#8211; &nbsp; &nbsp;l\u2019am\u00e9lioration de l\u2019acc\u00e8s aux soins des populations y compris la mutualisation des efforts dans le cadre des soins sp\u00e9cialis\u00e9s ;<br>&#8211; &nbsp; &nbsp;l\u2019harmonisation de la r\u00e9glementation, de l\u2019approvisionnement en m\u00e9dicaments et autres produits de sant\u00e9.<\/p>\n\n\n\n<p>Au cours de leurs travaux, les ministres ont valid\u00e9 les recommandations et la feuille de route relatives \u00e0 la cr\u00e9ation d\u2019une organisation en charge de la Sant\u00e9 dans l\u2019espace conf\u00e9d\u00e9ral.<\/p>\n\n\n\n<p>En marge des travaux, les ministres des trois pays ont \u00e9t\u00e9 re\u00e7us en audience par Son Excellence Le Pr\u00e9sident de la R\u00e9publique du Niger.<\/p>\n\n\n\n<p>b. de la situation \u00e9pid\u00e9miologique du pays marqu\u00e9e, notamment par une augmentation du nombre de cas confirm\u00e9s de dengue compar\u00e9 \u00e0 celui de la semaine \u00e9coul\u00e9e.<\/p>\n\n\n\n<p>Le Pr\u00e9sident de la Transition, Chef de l\u2019Etat a appel\u00e9 la population au respect strict des mesures de pr\u00e9vention et de lutte contre les maladies.<\/p>\n\n\n\n<p>Bamako, le 18 juin 2025<\/p>\n\n\n\n<p>Le Secr\u00e9taire G\u00e9n\u00e9ral du Gouvernement,<\/p>\n\n\n\n<p>Birama COULIBALY Chevalier de l\u2019Ordre national<\/p>\n\n\n\n<p>Maliweb<\/p>\n","protected":false},"excerpt":{"rendered":"<p>Le Conseil des Ministres s\u2019est r\u00e9uni en session ordinaire, le mercredi 18 juin 2025, dans sa salle de d\u00e9lib\u00e9rations au Palais de Koulouba, sous la pr\u00e9sidence du G\u00e9n\u00e9ral d\u2019Arm\u00e9e Assimi&hellip;<\/p>\n","protected":false},"author":1,"featured_media":22526,"comment_status":"open","ping_status":"open","sticky":false,"template":"","format":"standard","meta":{"content-type":"","_lmt_disableupdate":"","_lmt_disable":"","_jetpack_memberships_contains_paid_content":false,"footnotes":"","jetpack_publicize_message":"","jetpack_publicize_feature_enabled":true,"jetpack_social_post_already_shared":true,"jetpack_social_options":{"image_generator_settings":{"template":"highway","default_image_id":0,"font":"","enabled":false},"version":2}},"categories":[28,43,23],"tags":[],"class_list":["post-22525","post","type-post","status-publish","format-standard","has-post-thumbnail","hentry","category-communique-du-conseil-des-ministres","category-nandi-info","category-politique"],"jetpack_publicize_connections":[],"featured_image_urls":{"full":["https:\/\/nandi.info\/wp-content\/uploads\/2025\/06\/Assimi.jpg",870,580,false],"thumbnail":["https:\/\/nandi.info\/wp-content\/uploads\/2025\/06\/Assimi-150x150.jpg",150,150,true],"medium":["https:\/\/nandi.info\/wp-content\/uploads\/2025\/06\/Assimi-300x200.jpg",300,200,true],"medium_large":["https:\/\/nandi.info\/wp-content\/uploads\/2025\/06\/Assimi-768x512.jpg",768,512,true],"large":["https:\/\/nandi.info\/wp-content\/uploads\/2025\/06\/Assimi.jpg",870,580,false],"1536x1536":["https:\/\/nandi.info\/wp-content\/uploads\/2025\/06\/Assimi.jpg",870,580,false],"2048x2048":["https:\/\/nandi.info\/wp-content\/uploads\/2025\/06\/Assimi.jpg",870,580,false],"penci-recipe-1200x1200":["https:\/\/nandi.info\/wp-content\/uploads\/2025\/06\/Assimi.jpg",870,580,false],"penci-recipe-1200x900":["https:\/\/nandi.info\/wp-content\/uploads\/2025\/06\/Assimi.jpg",870,580,false],"penci-recipe-1200x675":["https:\/\/nandi.info\/wp-content\/uploads\/2025\/06\/Assimi.jpg",870,580,false],"penci-single-full":["https:\/\/nandi.info\/wp-content\/uploads\/2025\/06\/Assimi.jpg",870,580,false],"penci-slider-full-thumb":["https:\/\/nandi.info\/wp-content\/uploads\/2025\/06\/Assimi.jpg",870,580,false],"penci-full-thumb":["https:\/\/nandi.info\/wp-content\/uploads\/2025\/06\/Assimi.jpg",870,580,false],"penci-slider-thumb":["https:\/\/nandi.info\/wp-content\/uploads\/2025\/06\/Assimi.jpg",870,580,false],"penci-magazine-slider":["https:\/\/nandi.info\/wp-content\/uploads\/2025\/06\/Assimi-780x516.jpg",780,516,true],"penci-thumb":["https:\/\/nandi.info\/wp-content\/uploads\/2025\/06\/Assimi-585x390.jpg",585,390,true],"penci-masonry-thumb":["https:\/\/nandi.info\/wp-content\/uploads\/2025\/06\/Assimi-585x390.jpg",585,390,true],"penci-thumb-square":["https:\/\/nandi.info\/wp-content\/uploads\/2025\/06\/Assimi-585x580.jpg",585,580,true],"penci-thumb-vertical":["https:\/\/nandi.info\/wp-content\/uploads\/2025\/06\/Assimi-480x580.jpg",480,580,true],"penci-thumb-small":["https:\/\/nandi.info\/wp-content\/uploads\/2025\/06\/Assimi-263x175.jpg",263,175,true]},"author_info":{"display_name":"Nandi","author_link":"https:\/\/nandi.info\/?author=1"},"category_info":"<a href=\"https:\/\/nandi.info\/?cat=28\" rel=\"category\">Communique du conseil des ministres<\/a> <a href=\"https:\/\/nandi.info\/?cat=43\" rel=\"category\">Nandi.info<\/a> <a href=\"https:\/\/nandi.info\/?cat=23\" rel=\"category\">Politique<\/a>","tag_info":"Politique","comment_count":"0","jetpack_featured_media_url":"https:\/\/nandi.info\/wp-content\/uploads\/2025\/06\/Assimi.jpg","jetpack_sharing_enabled":true,"_links":{"self":[{"href":"https:\/\/nandi.info\/index.php?rest_route=\/wp\/v2\/posts\/22525","targetHints":{"allow":["GET"]}}],"collection":[{"href":"https:\/\/nandi.info\/index.php?rest_route=\/wp\/v2\/posts"}],"about":[{"href":"https:\/\/nandi.info\/index.php?rest_route=\/wp\/v2\/types\/post"}],"author":[{"embeddable":true,"href":"https:\/\/nandi.info\/index.php?rest_route=\/wp\/v2\/users\/1"}],"replies":[{"embeddable":true,"href":"https:\/\/nandi.info\/index.php?rest_route=%2Fwp%2Fv2%2Fcomments&post=22525"}],"version-history":[{"count":1,"href":"https:\/\/nandi.info\/index.php?rest_route=\/wp\/v2\/posts\/22525\/revisions"}],"predecessor-version":[{"id":22527,"href":"https:\/\/nandi.info\/index.php?rest_route=\/wp\/v2\/posts\/22525\/revisions\/22527"}],"wp:featuredmedia":[{"embeddable":true,"href":"https:\/\/nandi.info\/index.php?rest_route=\/wp\/v2\/media\/22526"}],"wp:attachment":[{"href":"https:\/\/nandi.info\/index.php?rest_route=%2Fwp%2Fv2%2Fmedia&parent=22525"}],"wp:term":[{"taxonomy":"category","embeddable":true,"href":"https:\/\/nandi.info\/index.php?rest_route=%2Fwp%2Fv2%2Fcategories&post=22525"},{"taxonomy":"post_tag","embeddable":true,"href":"https:\/\/nandi.info\/index.php?rest_route=%2Fwp%2Fv2%2Ftags&post=22525"}],"curies":[{"name":"wp","href":"https:\/\/api.w.org\/{rel}","templated":true}]}}