{"id":22522,"date":"2025-06-19T18:00:28","date_gmt":"2025-06-19T16:00:28","guid":{"rendered":"https:\/\/nandi.info\/?p=22522"},"modified":"2025-06-19T18:00:31","modified_gmt":"2025-06-19T16:00:31","slug":"le-m5-rfp-cinq-ans-apres-mort-brutale-avec-les-acquis-democratiques","status":"publish","type":"post","link":"https:\/\/nandi.info\/?p=22522","title":{"rendered":"Le M5-RFP cinq ans apr\u00e8s : Mort brutale avec les acquis d\u00e9mocratiques"},"content":{"rendered":"\n<figure class=\"wp-block-image size-full\"><img fetchpriority=\"high\" decoding=\"async\" width=\"870\" height=\"490\" src=\"https:\/\/nandi.info\/wp-content\/uploads\/2025\/06\/M5-RFP.jpg\" alt=\"\" class=\"wp-image-22523\" srcset=\"https:\/\/nandi.info\/wp-content\/uploads\/2025\/06\/M5-RFP.jpg 870w, https:\/\/nandi.info\/wp-content\/uploads\/2025\/06\/M5-RFP-300x169.jpg 300w, https:\/\/nandi.info\/wp-content\/uploads\/2025\/06\/M5-RFP-768x433.jpg 768w, https:\/\/nandi.info\/wp-content\/uploads\/2025\/06\/M5-RFP-585x329.jpg 585w\" sizes=\"(max-width: 870px) 100vw, 870px\" \/><\/figure>\n\n\n\n<p><strong>Ses initiateurs voulaient certainement en faire un palliatif pour sauvegarder la d\u00e9mocratie malienne, surtout \u00e9viter la \u00ab<\/strong><strong><em><strong><em>transmission dynastique du pouvoir<\/em><\/strong><\/em><\/strong><strong>\u00bb qui se dessinait avec le r\u00e9gime d\u2019Ibrahim Boubacar K\u00e9ita dit IBK. \u00abMal \u00e9lu\u00bb en 2018, celui-ci avait presque impos\u00e9 aux Maliens un Parlement de son choix avec des l\u00e9gislatives organis\u00e9es les 29 mars et 19 avril 2020 apr\u00e8s plusieurs ann\u00e9es de reports. Et cela avec la complicit\u00e9 de la Cour constitutionnelle. Mais, la crainte d\u2019une telle d\u00e9rive politique pouvait-elle justifier qu\u2019on&nbsp;se serve de la rue pour mettre fin \u00e0 un r\u00e9gime&nbsp;? En tout cas, finalement, la d\u00e9mocratie malienne n\u2019a jamais \u00e9t\u00e9 autant menac\u00e9e qu\u2019en ce moment o\u00f9 nous c\u00e9l\u00e9brons les 5 ans du Mouvement du 5 Juin-Rassemblement des forces patriotiques (M5-RFP).<\/strong><\/p>\n\n\n\n<p>\u00ab<em>Quand on voit l\u2019os dans la gueule d\u2019un chien, on a l\u2019impression qu\u2019il est tendre \u00e0 croquer<\/em>\u00bb, dit un adage manding. C\u2019est certainement l\u2019impression qu\u2019on a quand on se lance dans la conqu\u00eate du pouvoir en se disant qu\u2019on peut toujours mieux faire que l\u2019autre. Une convoitise qui a favoris\u00e9 la cr\u00e9ation du Mouvement du 5 Juin-Rassemblement des forces patriotiques en 2020. Selon ses animateurs (hommes politiques, acteurs de la soci\u00e9t\u00e9 civile, activistes, leaders religieux\u2026), il fallait sauver la d\u00e9mocratie malienne de feu Ibrahim Boubacar K\u00e9ita dit IBK dont le second mandat a \u00e9t\u00e9 une ar\u00eate au travers la gorge de nombreux \u00ab<em>d\u00e9mocrates<\/em>\u00bb. Comme l\u2019a rappel\u00e9 l\u2019ancien Premier ministre et pr\u00e9sident du Comit\u00e9 strat\u00e9gique de l\u2019une des tendances du M5-RPF, Dr Choguel Kokalla Ma\u00efga (dans une d\u00e9claration publi\u00e9e \u00e0 l\u2019occasion des cinq ans du mouvement), \u00ab<em>le bateau Mali ne tanguait plus, il prenait l\u2019eau de toutes parts, il allait \u00e0 vau-l&rsquo;eau<\/em>\u00bb. La contestation populaire a donc \u00e9t\u00e9 orchestr\u00e9e pour humilier IBK en le faisant partir de Koulouba. Et cela malgr\u00e9 toutes les concessions, voire les compromis politiques accept\u00e9s par ce dernier pour \u00e9viter au pays un pr\u00e9c\u00e9dent p\u00e9rilleux.<\/p>\n\n\n\n<p>Selon Choguel, \u00ab<em>l\u2019esprit du M5-RFP reste vivant en chacun de nous qui avions cru au&nbsp;changement et \u00e0 la refondation de l\u2019\u00c9tat, en un mot, au Mali Kura\u2026 L&rsquo;essentiel est de rester chevill\u00e9s aux int\u00e9r\u00eats sup\u00e9rieurs, vitaux et fondamentaux des populations de nos pays<\/em>\u00bb. Ce discours n\u2019est pas loin de l\u2019utopie politique, d\u2019autant plus que le M5-RFP n\u2019est plus que l\u2019ombre de lui-m\u00eame apr\u00e8s avoir vol\u00e9 en \u00e9clats sous l\u2019emprise de la gestion du pouvoir. Une implosion pr\u00e9visible, car ce mouvement n&rsquo;\u00e9tait constitu\u00e9 que de composantes h\u00e9t\u00e9roclites sans aucune consistance id\u00e9ologique. Aujourd\u2019hui, objectivement, force est de reconna\u00eetre que ce combat politique est un \u00e9chec.<\/p>\n\n\n\n<p>En effet, les Maliens venaient massivement \u00e0 la Place de l\u2019Ind\u00e9pendance tous les vendredis (sans que le r\u00e9gime en place entreprenne quoi que ce soit pour les en emp\u00eacher) parce qu\u2019ils esp\u00e9raient tenir l\u00e0 une opportunit\u00e9 de changer la gouvernance de leur pays. Et beaucoup se seraient content\u00e9s des concessions d\u2019IBK et auraient pris le temps de le mettre \u00e0 l\u2019\u00e9preuve (mise en \u0153uvre) si on leur avait r\u00e9ellement expliqu\u00e9 de quoi il en revenait. Mais, l\u2019espoir a vite&nbsp;c\u00e9d\u00e9 la place au doute avec une \u00e9conomie fragilis\u00e9e par les crises (terrorisme, Covid-19, d\u00e9lestages sauvages, une hausse g\u00e9n\u00e9ralis\u00e9e des imp\u00f4ts et des taxes\u2026), une jeunesse d\u00e9sorient\u00e9e car ne trouvant plus de rep\u00e8res pour s\u2019orienter dans le bon sens&#8230;<\/p>\n\n\n\n<p>Le 18 ao\u00fbt 2020, le peuple avait retrouv\u00e9 un certain espoir. Malheureusement, avec la gal\u00e8re presque g\u00e9n\u00e9ralis\u00e9e, cet espoir est en train de s\u2019effriter. Le paysan, le conducteur Katakatanin (tricycle), les vendeuses et vendeurs au march\u00e9, l\u2019enseignant, le commer\u00e7ant, l\u2019\u00e9leveur, les m\u00e9tiers de l\u2019informel, des cadres et des agents des organisations internationales ou des ONG renvoy\u00e9es\u2026 le p\u00e8re ou la m\u00e8re (voire les deux) de famille\u2026 Tous commencent \u00e0 douter aujourd\u2019hui, \u00e0 perdre leur illusion.<\/p>\n\n\n\n<p>L\u2019espoir du changement s\u2019est m\u00fb en mirage. Et dans cette atmosph\u00e8re pesante, ceux (figures politiques, acteurs de la soci\u00e9t\u00e9 civile, activistes, journalistes\u2026) qui osent tenir un autre langage que celui convenu, exprimer leurs opinions sur la vie de la nation sont enlev\u00e9s, jet\u00e9s en prison ou contraints \u00e0 l\u2019exil. Voil\u00e0 le Mali cinq ans apr\u00e8s la fameuse r\u00e9volution du M5-RFP qui n\u2019est aujourd\u2019hui qu\u2019une coquille vide incapable de s\u2019opposer au gel des acquis de la d\u00e9mocratie.&nbsp;\u00c0 nos yeux, le seul changement qu\u2019il a incarn\u00e9, c&rsquo;est de faire partir IBK par tous les moyens.<\/p>\n\n\n\n<p>Aujourd\u2019hui, la \u00ab<em>remise en cause des termes du Pacte d\u2019honneur et du Partenariat strat\u00e9gique<\/em>\u00bb liant le Conseil national pour le salut du peuple (CNSP) au M5-RFP est sans \u00e9quivoque.&nbsp;<em>\u00abLes Colonels n\u2019ont jamais eu l\u2019intention de partager le pouvoir. Les leaders du mouvement se r\u00eavaient partenaires, ils n\u2019auront \u00e9t\u00e9 finalement qu\u2019un marchepied<\/em>\u00bb, soulignait r\u00e9cemment un analyste politique. Les militaires ont profit\u00e9 de la m\u00e9galomanie de certains responsables du mouvement pour totalement prendre le contr\u00f4le de la transition \u00e0 travers la rectification amorc\u00e9e le 21 mai 2021 avec la mise \u00e0 la touche du Colonel-major Bah N&rsquo;Daw.<\/p>\n\n\n\n<p><strong>Une victoire parachev\u00e9e avant d\u2019\u00eatre d\u00e9finitivement confisqu\u00e9e<\/strong><\/p>\n\n\n\n<p>Pis, avec la dissolution des partis politiques le 13 mai 2025, les leaders de la contestation sont compl\u00e8tement d\u00e9sarm\u00e9s et pris \u00e0 la gorge. Sans compter que, avec cette mesure, les maigres acquis (multipartisme, les libert\u00e9s fondamentales\u2026) de notre d\u00e9mocratie ne se sont jamais retrouv\u00e9s dans une position p\u00e9rilleuse. Il faut maintenant craindre le pire avec la r\u00e9vision de la Charte amorc\u00e9e (conseil des ministres du 11 juin 2025) pour accorder un mandat de 5 ans renouvelable \u00e0 partir de 2025.<\/p>\n\n\n\n<p>Cinq ans apr\u00e8s \u00ab<em>la victoire du M5-RFP parachev\u00e9e par les militaires<\/em>\u00bb, la d\u00e9sillusion est totale avec les leaders de la contestation plus que jamais marginalis\u00e9s, musel\u00e9s, voire pers\u00e9cut\u00e9s. Comme nous l\u2019\u00e9crivions dans l\u2019une de nos pr\u00e9c\u00e9dentes parutions (<em>Le Matin N\u00b0638 du mercredi 21 mai 2025<\/em>), les politiciens oppos\u00e9s \u00e0 IBK ont applaudi le putsch du 18 ao\u00fbt 2020 avec l\u2019espoir que la transition ne serait qu\u2019une courte parenth\u00e8se pour leur permettre d\u2019assouvir leur m\u00e9galomanie en acc\u00e9dant au pouvoir par des petits arrangements.<\/p>\n\n\n\n<p>\u00ab<em>Pensant que les militaires leur remettraient les cl\u00e9s du pouvoir apr\u00e8s une courte transition, plusieurs chefs de partis ont vu dans la chute d&rsquo;Ibrahim Boubacar Ke\u00efta une chance de rebond ou de virginit\u00e9 politique. Ils ont soutenu, implicitement ou activement, la prise de pouvoir par les colonels du Comit\u00e9 national pour le salut du peuple<\/em>&nbsp;(CNSP)<em>, pensant pouvoir influencer la suite<\/em>\u00bb, avions-nous \u00e9crit. Malheureusement, le pays est dans une nouvelle impasse politique avec la consolidation du pouvoir des \u00ab<em>Colonels<\/em>\u00bb (devenus des \u00ab<em>G\u00e9n\u00e9raux<\/em>\u00bb) qui ont enti\u00e8rement pris le contr\u00f4le du pays, laissant peu d\u2019espoir \u00e0 un retour \u00e0 \u00ab<em>l\u2019ordre constitutionnel<\/em>\u00bb dans un bref d\u00e9lai.<\/p>\n\n\n\n<p>Autrement, la fin de la transition n&rsquo;est pas pour demain. Et cela d\u2019autant plus que les militaires sont arriv\u00e9s avec un agenda (r\u00e9tablir la s\u00e9curit\u00e9 sur tout le territoire national, poser les bases de la refondation d&rsquo;un Mali nouveau\u2026) et ils n\u2019ont pas l\u2019intention de remettre les rennes du pouvoir sans l\u2019avoir correctement ex\u00e9cut\u00e9. Et une grande majorit\u00e9 des Maliens est acquise \u00e0 leur cause, car ne voulant plus d\u2019une d\u00e9mocratie \u00e9lectoraliste qui n\u2019a jamais permis au pays de r\u00e9ellement avancer dans la qu\u00eate de sa souverainet\u00e9 politique et de son \u00e9mergence socio\u00e9conomique.<\/p>\n\n\n\n<p>Il est donc \u00e0 craindre une longue prolongation de la transition avec des risques \u00e9normes d\u2019enlisement. Il ne faut pas voiler la face, l\u2019ex\u00e9cution de l\u2019agenda des militaires est une \u0153uvre titanesque, donc de longue haleine. \u00c0 l\u2019image de la stabilisation du pays confront\u00e9 au terrorisme. Les \u00e9v\u00e9nements des derni\u00e8res semaines ont d\u00e9montr\u00e9 que, m\u00eame si la mont\u00e9e en puissance des Forces arm\u00e9es maliennes (FAMa) est incontestable, les Groupes arm\u00e9s terroristes (GAT) ne semblent pas avoir dit leur dernier mot&nbsp;et disposent aujourd\u2019hui des moyens ultramodernes (drones&#8230;) pour faire mal \u00e0 la R\u00e9publique.<\/p>\n\n\n\n<p>Si le retour \u00e0 \u00ab<em>l\u2019ordre constitutionnel<\/em>\u00bb est li\u00e9 \u00e0 la stabilisation du pays, combien de temps cela risque-t-il de prendre&nbsp;? \u00ab<em>Les \u00e9lections au sein de la conf\u00e9d\u00e9ration se tiendront bien, mais seulement au rythme des autorit\u00e9s\u2026<\/em>\u00bb, a pr\u00e9cis\u00e9 le ministre des Affaires \u00e9trang\u00e8res Abdoulaye Diop, r\u00e9cemment invit\u00e9 sur le plateau d\u2019Alain Foka avec ses homologues de l\u2019Alliance des Etats du Sahel (AES) et du Togo. Et le conseil des ministres a confirm\u00e9 cela en adoptant mercredi dernier (11 juin 2025) le projet de loi pour r\u00e9viser la Charte de la transition et d\u2019accorder 5 ans renouvelables au pr\u00e9sident de la transition \u00e0 partir de 2025. Et cela \u00e0 \u00ab<em>l\u2019instar de ses paires de l\u2019AES<\/em>\u00bb. Autrement, les politiciens vont encore devoir longtemps ronger leurs freins. \u00c0 moins que\u2026&nbsp;!<\/p>\n\n\n\n<p><strong>Moussa Bolly<\/strong><\/p>\n\n\n\n<p><\/p>\n\n\n\n<p><\/p>\n\n\n\n<p><\/p>\n\n\n\n<p>L<\/p>\n","protected":false},"excerpt":{"rendered":"<p>Ses initiateurs voulaient certainement en faire un palliatif pour sauvegarder la d\u00e9mocratie malienne, surtout \u00e9viter la \u00abtransmission dynastique du pouvoir\u00bb qui se dessinait avec le r\u00e9gime d\u2019Ibrahim Boubacar K\u00e9ita dit&hellip;<\/p>\n","protected":false},"author":1,"featured_media":22523,"comment_status":"open","ping_status":"open","sticky":false,"template":"","format":"standard","meta":{"content-type":"","_lmt_disableupdate":"","_lmt_disable":"","_jetpack_memberships_contains_paid_content":false,"footnotes":"","jetpack_publicize_message":"","jetpack_publicize_feature_enabled":true,"jetpack_social_post_already_shared":true,"jetpack_social_options":{"image_generator_settings":{"template":"highway","default_image_id":0,"font":"","enabled":false},"version":2}},"categories":[53,23],"tags":[],"class_list":["post-22522","post","type-post","status-publish","format-standard","has-post-thumbnail","hentry","category-le-matin","category-politique"],"jetpack_publicize_connections":[],"featured_image_urls":{"full":["https:\/\/nandi.info\/wp-content\/uploads\/2025\/06\/M5-RFP.jpg",870,490,false],"thumbnail":["https:\/\/nandi.info\/wp-content\/uploads\/2025\/06\/M5-RFP-150x150.jpg",150,150,true],"medium":["https:\/\/nandi.info\/wp-content\/uploads\/2025\/06\/M5-RFP-300x169.jpg",300,169,true],"medium_large":["https:\/\/nandi.info\/wp-content\/uploads\/2025\/06\/M5-RFP-768x433.jpg",768,433,true],"large":["https:\/\/nandi.info\/wp-content\/uploads\/2025\/06\/M5-RFP.jpg",870,490,false],"1536x1536":["https:\/\/nandi.info\/wp-content\/uploads\/2025\/06\/M5-RFP.jpg",870,490,false],"2048x2048":["https:\/\/nandi.info\/wp-content\/uploads\/2025\/06\/M5-RFP.jpg",870,490,false],"penci-recipe-1200x1200":["https:\/\/nandi.info\/wp-content\/uploads\/2025\/06\/M5-RFP.jpg",870,490,false],"penci-recipe-1200x900":["https:\/\/nandi.info\/wp-content\/uploads\/2025\/06\/M5-RFP.jpg",870,490,false],"penci-recipe-1200x675":["https:\/\/nandi.info\/wp-content\/uploads\/2025\/06\/M5-RFP.jpg",870,490,false],"penci-single-full":["https:\/\/nandi.info\/wp-content\/uploads\/2025\/06\/M5-RFP.jpg",870,490,false],"penci-slider-full-thumb":["https:\/\/nandi.info\/wp-content\/uploads\/2025\/06\/M5-RFP.jpg",870,490,false],"penci-full-thumb":["https:\/\/nandi.info\/wp-content\/uploads\/2025\/06\/M5-RFP.jpg",870,490,false],"penci-slider-thumb":["https:\/\/nandi.info\/wp-content\/uploads\/2025\/06\/M5-RFP.jpg",870,490,false],"penci-magazine-slider":["https:\/\/nandi.info\/wp-content\/uploads\/2025\/06\/M5-RFP-780x490.jpg",780,490,true],"penci-thumb":["https:\/\/nandi.info\/wp-content\/uploads\/2025\/06\/M5-RFP-585x390.jpg",585,390,true],"penci-masonry-thumb":["https:\/\/nandi.info\/wp-content\/uploads\/2025\/06\/M5-RFP-585x329.jpg",585,329,true],"penci-thumb-square":["https:\/\/nandi.info\/wp-content\/uploads\/2025\/06\/M5-RFP-585x490.jpg",585,490,true],"penci-thumb-vertical":["https:\/\/nandi.info\/wp-content\/uploads\/2025\/06\/M5-RFP-480x490.jpg",480,490,true],"penci-thumb-small":["https:\/\/nandi.info\/wp-content\/uploads\/2025\/06\/M5-RFP-263x175.jpg",263,175,true]},"author_info":{"display_name":"Nandi","author_link":"https:\/\/nandi.info\/?author=1"},"category_info":"<a href=\"https:\/\/nandi.info\/?cat=53\" rel=\"category\">Le Matin<\/a> <a href=\"https:\/\/nandi.info\/?cat=23\" rel=\"category\">Politique<\/a>","tag_info":"Politique","comment_count":"0","jetpack_featured_media_url":"https:\/\/nandi.info\/wp-content\/uploads\/2025\/06\/M5-RFP.jpg","jetpack_sharing_enabled":true,"_links":{"self":[{"href":"https:\/\/nandi.info\/index.php?rest_route=\/wp\/v2\/posts\/22522","targetHints":{"allow":["GET"]}}],"collection":[{"href":"https:\/\/nandi.info\/index.php?rest_route=\/wp\/v2\/posts"}],"about":[{"href":"https:\/\/nandi.info\/index.php?rest_route=\/wp\/v2\/types\/post"}],"author":[{"embeddable":true,"href":"https:\/\/nandi.info\/index.php?rest_route=\/wp\/v2\/users\/1"}],"replies":[{"embeddable":true,"href":"https:\/\/nandi.info\/index.php?rest_route=%2Fwp%2Fv2%2Fcomments&post=22522"}],"version-history":[{"count":1,"href":"https:\/\/nandi.info\/index.php?rest_route=\/wp\/v2\/posts\/22522\/revisions"}],"predecessor-version":[{"id":22524,"href":"https:\/\/nandi.info\/index.php?rest_route=\/wp\/v2\/posts\/22522\/revisions\/22524"}],"wp:featuredmedia":[{"embeddable":true,"href":"https:\/\/nandi.info\/index.php?rest_route=\/wp\/v2\/media\/22523"}],"wp:attachment":[{"href":"https:\/\/nandi.info\/index.php?rest_route=%2Fwp%2Fv2%2Fmedia&parent=22522"}],"wp:term":[{"taxonomy":"category","embeddable":true,"href":"https:\/\/nandi.info\/index.php?rest_route=%2Fwp%2Fv2%2Fcategories&post=22522"},{"taxonomy":"post_tag","embeddable":true,"href":"https:\/\/nandi.info\/index.php?rest_route=%2Fwp%2Fv2%2Ftags&post=22522"}],"curies":[{"name":"wp","href":"https:\/\/api.w.org\/{rel}","templated":true}]}}