{"id":22519,"date":"2025-06-19T17:43:37","date_gmt":"2025-06-19T15:43:37","guid":{"rendered":"https:\/\/nandi.info\/?p=22519"},"modified":"2025-06-19T17:43:39","modified_gmt":"2025-06-19T15:43:39","slug":"groupe-daction-financiere-limage-du-mali-rehaussee-par-son-retrait-de-la-liste-grise","status":"publish","type":"post","link":"https:\/\/nandi.info\/?p=22519","title":{"rendered":"Groupe d&rsquo;action financi\u00e8re : L\u2019image du Mali rehauss\u00e9e par son retrait de la liste grise"},"content":{"rendered":"\n<figure class=\"wp-block-image size-large\"><img fetchpriority=\"high\" decoding=\"async\" width=\"912\" height=\"1024\" src=\"https:\/\/nandi.info\/wp-content\/uploads\/2025\/06\/Alousseni-Sanou-Ministre-de-lEconomie-et-des-Finances_23-912x1024.jpg\" alt=\"\" class=\"wp-image-22520\" srcset=\"https:\/\/nandi.info\/wp-content\/uploads\/2025\/06\/Alousseni-Sanou-Ministre-de-lEconomie-et-des-Finances_23-912x1024.jpg 912w, https:\/\/nandi.info\/wp-content\/uploads\/2025\/06\/Alousseni-Sanou-Ministre-de-lEconomie-et-des-Finances_23-267x300.jpg 267w, https:\/\/nandi.info\/wp-content\/uploads\/2025\/06\/Alousseni-Sanou-Ministre-de-lEconomie-et-des-Finances_23-768x862.jpg 768w, https:\/\/nandi.info\/wp-content\/uploads\/2025\/06\/Alousseni-Sanou-Ministre-de-lEconomie-et-des-Finances_23-585x657.jpg 585w, https:\/\/nandi.info\/wp-content\/uploads\/2025\/06\/Alousseni-Sanou-Ministre-de-lEconomie-et-des-Finances_23.jpg 962w\" sizes=\"(max-width: 912px) 100vw, 912px\" \/><\/figure>\n\n\n\n<h2 class=\"wp-block-heading\">\u00c0 l&rsquo;issue de la r\u00e9union pl\u00e9ni\u00e8re du Groupe d&rsquo;action financi\u00e8re (GAFI), tenue le 13 juin 2025 \u00e0 Strasbourg (France), le Mali a \u00e9t\u00e9 officiellement retir\u00e9 de la liste grise. L&rsquo;information a \u00e9t\u00e9 confirm\u00e9e par un communiqu\u00e9 de presse du minist\u00e8re de l&rsquo;\u00c9conomie et des Finances. \u00c0 noter que notre pays \u00e9tait inscrit sur cette liste depuis juin 2021.<\/h2>\n\n\n\n<p><\/p>\n\n\n\n<p class=\"has-drop-cap\">Aussi appel\u00e9e \u00ab<em>Liste des juridictions sous surveillance renforc\u00e9e<\/em>\u00bb, la \u00ab<em>liste grise<\/em>\u00bb identifie les pays dont le r\u00e9gime de lutte contre le blanchiment des capitaux, le financement du terrorisme et la prolif\u00e9ration des armes de destruction massive (LBC\/FT\/FT) pr\u00e9sente des \u00ab<em>d\u00e9ficiences strat\u00e9giques<\/em>\u00bb.<\/p>\n\n\n\n<p>Depuis son inscription sur cette liste, notre pays a pris l&rsquo;engagement de rem\u00e9dier aux insuffisances identifi\u00e9es par l&rsquo;adoption d&rsquo;un Plan de 27 mesures. \u00ab<em>Le retrait act\u00e9 du Mali de la liste grise est le fruit d&rsquo;un travail collaboratif impliquant l&rsquo;engagement des plus hautes autorit\u00e9s<\/em>\u00bb, a soulign\u00e9 le minist\u00e8re de l\u2019\u00c9conomie et des Finances. Pour ce d\u00e9partement, \u00ab<em>ce retrait conforte l&rsquo;image institutionnelle positive du pays et renforce, aux yeux de la communaut\u00e9 des investisseurs, l&rsquo;attractivit\u00e9 de l&rsquo;\u00e9conomie nationale en assurant un syst\u00e8me financier plus s\u00fbr, plus stable et plus int\u00e8gre<\/em>\u00bb.<\/p>\n\n\n\n<p>Selon de nombreux experts du domaine, ce retrait est \u00ab<em>un v\u00e9ritable tournant qui r\u00e9tablit la confiance des investisseurs et ouvre de nouvelles perspectives pour l&rsquo;\u00e9conomie malienne<\/em>\u00bb. Et cela apr\u00e8s des ann\u00e9es de travail acharn\u00e9 ax\u00e9 sur un plan d&rsquo;actions de 27 mesures suivi de pr\u00e8s par des experts internationaux. Cette d\u00e9cision fait suite \u00e0 un processus de mise en conformit\u00e9 entam\u00e9 en 2021, marqu\u00e9 par la mise en \u0153uvre de 27 actions correctives, la production de dix rapports d\u2019\u00e9valuation et l\u2019accueil d\u2019une mission d\u2019inspection internationale \u00e0 Bamako fin avril dernier.<\/p>\n\n\n\n<p>Du 28 au 30 avril 2025, une d\u00e9l\u00e9gation conjointe du GAFI et du Groupe Afrique Moyen-Orient a s\u00e9journ\u00e9 \u00e0 Bamako pour \u00ab<em>une \u00e9valuation sur site<\/em>\u00bb. Elle a rencontr\u00e9 les \u00e9quipes des minist\u00e8res de l\u2019\u00c9conomie et des Finances, de la Justice, de la S\u00e9curit\u00e9, de la Protection civile et de la Cellule nationale de traitement des informations financi\u00e8res (CENTIF). Elle a permis de constater la mise en conformit\u00e9 effective de plusieurs dispositifs clefs, notamment en mati\u00e8re de surveillance des transactions suspectes, de r\u00e9gulation du secteur financier informel et de coop\u00e9ration judiciaire. Ce retrait est la preuve, si besoin en \u00e9tait, de la d\u00e9termination des autorit\u00e9s maliennes \u00e0 consolider les institutions \u00e9conomiques et financi\u00e8res du pays afin de b\u00e2tir une \u00e9conomie rayonnante ouvrant au pays une \u00e8re p\u00e9renne de prosp\u00e9rit\u00e9.<\/p>\n\n\n\n<p>\u00c0 noter que le GAFI, ou&nbsp;Groupe d&rsquo;action financi\u00e8re, est une organisation intergouvernementale qui a \u00e9t\u00e9 cr\u00e9\u00e9e en 1989 par le G7 pour lutter contre le blanchiment d&rsquo;argent et, depuis 2001, contre le financement du terrorisme.&nbsp;Le GAFI d\u00e9finit des normes internationales et des strat\u00e9gies pour pr\u00e9venir ces activit\u00e9s ill\u00e9gales et \u00e9value comment les pays les mettent en \u0153uvre.<\/p>\n\n\n\n<p>Lorsque le GAFI place une juridiction sous surveillance renforc\u00e9e, cela signifie que le pays s&rsquo;est engag\u00e9 \u00e0 r\u00e9soudre rapidement les d\u00e9faillances strat\u00e9giques identifi\u00e9es dans les d\u00e9lais convenus et qu&rsquo;il fait l&rsquo;objet d&rsquo;une surveillance renforc\u00e9e. Cette liste est aussi connue sous le nom de \u00ab<em>liste grise<\/em>\u00bb. En 2025, le Groupe d&rsquo;action financi\u00e8re (GAFI) maintient trois pays africains sur sa liste grise,&nbsp;pr\u00e9cis\u00e9ment l&rsquo;Afrique du Sud, le Burkina Faso et le Cameroun.&nbsp;Ces pays sont reconnus par le GAFI comme ayant des faiblesses strat\u00e9giques dans leur lutte contre le blanchiment de capitaux et le financement du terrorisme.<\/p>\n\n\n\n<p><strong>Naby<\/strong><\/p>\n","protected":false},"excerpt":{"rendered":"<p>\u00c0 l&rsquo;issue de la r\u00e9union pl\u00e9ni\u00e8re du Groupe d&rsquo;action financi\u00e8re (GAFI), tenue le 13 juin 2025 \u00e0 Strasbourg (France), le Mali a \u00e9t\u00e9 officiellement retir\u00e9 de la liste grise. L&rsquo;information&hellip;<\/p>\n","protected":false},"author":1,"featured_media":22520,"comment_status":"open","ping_status":"open","sticky":false,"template":"","format":"standard","meta":{"content-type":"","_lmt_disableupdate":"","_lmt_disable":"","_jetpack_memberships_contains_paid_content":false,"footnotes":"","jetpack_publicize_message":"","jetpack_publicize_feature_enabled":true,"jetpack_social_post_already_shared":true,"jetpack_social_options":{"image_generator_settings":{"template":"highway","default_image_id":0,"font":"","enabled":false},"version":2}},"categories":[30,53],"tags":[],"class_list":["post-22519","post","type-post","status-publish","format-standard","has-post-thumbnail","hentry","category-economie","category-le-matin"],"jetpack_publicize_connections":[],"featured_image_urls":{"full":["https:\/\/nandi.info\/wp-content\/uploads\/2025\/06\/Alousseni-Sanou-Ministre-de-lEconomie-et-des-Finances_23.jpg",962,1080,false],"thumbnail":["https:\/\/nandi.info\/wp-content\/uploads\/2025\/06\/Alousseni-Sanou-Ministre-de-lEconomie-et-des-Finances_23-150x150.jpg",150,150,true],"medium":["https:\/\/nandi.info\/wp-content\/uploads\/2025\/06\/Alousseni-Sanou-Ministre-de-lEconomie-et-des-Finances_23-267x300.jpg",267,300,true],"medium_large":["https:\/\/nandi.info\/wp-content\/uploads\/2025\/06\/Alousseni-Sanou-Ministre-de-lEconomie-et-des-Finances_23-768x862.jpg",768,862,true],"large":["https:\/\/nandi.info\/wp-content\/uploads\/2025\/06\/Alousseni-Sanou-Ministre-de-lEconomie-et-des-Finances_23-912x1024.jpg",912,1024,true],"1536x1536":["https:\/\/nandi.info\/wp-content\/uploads\/2025\/06\/Alousseni-Sanou-Ministre-de-lEconomie-et-des-Finances_23.jpg",962,1080,false],"2048x2048":["https:\/\/nandi.info\/wp-content\/uploads\/2025\/06\/Alousseni-Sanou-Ministre-de-lEconomie-et-des-Finances_23.jpg",962,1080,false],"penci-recipe-1200x1200":["https:\/\/nandi.info\/wp-content\/uploads\/2025\/06\/Alousseni-Sanou-Ministre-de-lEconomie-et-des-Finances_23.jpg",962,1080,false],"penci-recipe-1200x900":["https:\/\/nandi.info\/wp-content\/uploads\/2025\/06\/Alousseni-Sanou-Ministre-de-lEconomie-et-des-Finances_23-962x900.jpg",962,900,true],"penci-recipe-1200x675":["https:\/\/nandi.info\/wp-content\/uploads\/2025\/06\/Alousseni-Sanou-Ministre-de-lEconomie-et-des-Finances_23-962x675.jpg",962,675,true],"penci-single-full":["https:\/\/nandi.info\/wp-content\/uploads\/2025\/06\/Alousseni-Sanou-Ministre-de-lEconomie-et-des-Finances_23.jpg",962,1080,false],"penci-slider-full-thumb":["https:\/\/nandi.info\/wp-content\/uploads\/2025\/06\/Alousseni-Sanou-Ministre-de-lEconomie-et-des-Finances_23-962x800.jpg",962,800,true],"penci-full-thumb":["https:\/\/nandi.info\/wp-content\/uploads\/2025\/06\/Alousseni-Sanou-Ministre-de-lEconomie-et-des-Finances_23.jpg",962,1080,false],"penci-slider-thumb":["https:\/\/nandi.info\/wp-content\/uploads\/2025\/06\/Alousseni-Sanou-Ministre-de-lEconomie-et-des-Finances_23-962x663.jpg",962,663,true],"penci-magazine-slider":["https:\/\/nandi.info\/wp-content\/uploads\/2025\/06\/Alousseni-Sanou-Ministre-de-lEconomie-et-des-Finances_23-780x516.jpg",780,516,true],"penci-thumb":["https:\/\/nandi.info\/wp-content\/uploads\/2025\/06\/Alousseni-Sanou-Ministre-de-lEconomie-et-des-Finances_23-585x390.jpg",585,390,true],"penci-masonry-thumb":["https:\/\/nandi.info\/wp-content\/uploads\/2025\/06\/Alousseni-Sanou-Ministre-de-lEconomie-et-des-Finances_23-585x657.jpg",585,657,true],"penci-thumb-square":["https:\/\/nandi.info\/wp-content\/uploads\/2025\/06\/Alousseni-Sanou-Ministre-de-lEconomie-et-des-Finances_23-585x585.jpg",585,585,true],"penci-thumb-vertical":["https:\/\/nandi.info\/wp-content\/uploads\/2025\/06\/Alousseni-Sanou-Ministre-de-lEconomie-et-des-Finances_23-480x650.jpg",480,650,true],"penci-thumb-small":["https:\/\/nandi.info\/wp-content\/uploads\/2025\/06\/Alousseni-Sanou-Ministre-de-lEconomie-et-des-Finances_23-263x175.jpg",263,175,true]},"author_info":{"display_name":"Nandi","author_link":"https:\/\/nandi.info\/?author=1"},"category_info":"<a href=\"https:\/\/nandi.info\/?cat=30\" rel=\"category\">Economie<\/a> <a href=\"https:\/\/nandi.info\/?cat=53\" rel=\"category\">Le Matin<\/a>","tag_info":"Le Matin","comment_count":"0","jetpack_featured_media_url":"https:\/\/nandi.info\/wp-content\/uploads\/2025\/06\/Alousseni-Sanou-Ministre-de-lEconomie-et-des-Finances_23.jpg","jetpack_sharing_enabled":true,"_links":{"self":[{"href":"https:\/\/nandi.info\/index.php?rest_route=\/wp\/v2\/posts\/22519","targetHints":{"allow":["GET"]}}],"collection":[{"href":"https:\/\/nandi.info\/index.php?rest_route=\/wp\/v2\/posts"}],"about":[{"href":"https:\/\/nandi.info\/index.php?rest_route=\/wp\/v2\/types\/post"}],"author":[{"embeddable":true,"href":"https:\/\/nandi.info\/index.php?rest_route=\/wp\/v2\/users\/1"}],"replies":[{"embeddable":true,"href":"https:\/\/nandi.info\/index.php?rest_route=%2Fwp%2Fv2%2Fcomments&post=22519"}],"version-history":[{"count":1,"href":"https:\/\/nandi.info\/index.php?rest_route=\/wp\/v2\/posts\/22519\/revisions"}],"predecessor-version":[{"id":22521,"href":"https:\/\/nandi.info\/index.php?rest_route=\/wp\/v2\/posts\/22519\/revisions\/22521"}],"wp:featuredmedia":[{"embeddable":true,"href":"https:\/\/nandi.info\/index.php?rest_route=\/wp\/v2\/media\/22520"}],"wp:attachment":[{"href":"https:\/\/nandi.info\/index.php?rest_route=%2Fwp%2Fv2%2Fmedia&parent=22519"}],"wp:term":[{"taxonomy":"category","embeddable":true,"href":"https:\/\/nandi.info\/index.php?rest_route=%2Fwp%2Fv2%2Fcategories&post=22519"},{"taxonomy":"post_tag","embeddable":true,"href":"https:\/\/nandi.info\/index.php?rest_route=%2Fwp%2Fv2%2Ftags&post=22519"}],"curies":[{"name":"wp","href":"https:\/\/api.w.org\/{rel}","templated":true}]}}