{"id":22504,"date":"2025-06-18T14:04:55","date_gmt":"2025-06-18T12:04:55","guid":{"rendered":"https:\/\/nandi.info\/?p=22504"},"modified":"2025-06-18T14:04:59","modified_gmt":"2025-06-18T12:04:59","slug":"prorogation-de-la-transition-la-pilule-ne-passe-pas","status":"publish","type":"post","link":"https:\/\/nandi.info\/?p=22504","title":{"rendered":"Prorogation de la transition : La pilule ne passe pas"},"content":{"rendered":"\n<figure class=\"wp-block-image size-full\"><img fetchpriority=\"high\" decoding=\"async\" width=\"870\" height=\"580\" src=\"https:\/\/nandi.info\/wp-content\/uploads\/2025\/06\/Prorogation-de-la-transition-politique.jpg\" alt=\"\" class=\"wp-image-22508\" srcset=\"https:\/\/nandi.info\/wp-content\/uploads\/2025\/06\/Prorogation-de-la-transition-politique.jpg 870w, https:\/\/nandi.info\/wp-content\/uploads\/2025\/06\/Prorogation-de-la-transition-politique-300x200.jpg 300w, https:\/\/nandi.info\/wp-content\/uploads\/2025\/06\/Prorogation-de-la-transition-politique-768x512.jpg 768w, https:\/\/nandi.info\/wp-content\/uploads\/2025\/06\/Prorogation-de-la-transition-politique-585x390.jpg 585w, https:\/\/nandi.info\/wp-content\/uploads\/2025\/06\/Prorogation-de-la-transition-politique-263x175.jpg 263w\" sizes=\"(max-width: 870px) 100vw, 870px\" \/><\/figure>\n\n\n\n<h2 class=\"wp-block-heading\">A la suite de la validation en conseil des ministres du projet de r\u00e9vision de la charte II de la transition pour la prorogation de la transition politique au Mali, la r\u00e9action d\u2019ex pr\u00e9sidents d\u2019anciens partis et mouvements politiques, n\u2019a pas fait d\u00e9faut. Me Mountaga Tall, Moussa Mara et Moctar Ousmane Sy ont vite pris leur plume. La riposte\u2026<\/h2>\n\n\n\n<p>\u00ab Enorme crainte pour l\u2019avenir imm\u00e9diat de notre pays \u00bb, s\u2019est inqui\u00e9t\u00e9 l\u2019ancien Premier ministre et ex militant de l\u2019ancien parti politique Yelema, Moussa Mara, suite, dit-il, \u00e0 la d\u00e9cision prise en conseil des ministres le mercredi 11 juin de proroger la transition pour une dur\u00e9e de cinq ans, qui plus est renouvelable. Pour lui la l\u00e9galit\u00e9 de la d\u00e9cision est plus que contestable et \u00e7a inqui\u00e8te a-t-il avanc\u00e9.<\/p>\n\n\n\n<p>Aux dires de Moussa Mara, le cocktail ainsi cr\u00e9\u00e9 constitue une menace pour l\u2019Etat, la soci\u00e9t\u00e9, et la Nation qui court ainsi un grand danger de dislocation. Il avertit fortement que : \u00ab Ce risque est r\u00e9el et est sans doute le plus important de notre histoire r\u00e9cente \u00bb, et demande aux autorit\u00e9s de : \u00ab Mesurer ces menaces de mani\u00e8re appropri\u00e9e et de revoir leur position eu \u00e9gard au principe \u00bb, avant de terminer qu\u2019 : \u00ab Il n\u2019est jamais trop tard pour bien faire \u00bb.<\/p>\n\n\n\n<p>Quant \u00e0 l\u2019avocat, Me Tall a propos\u00e9 12 astuces de sortie de crise sur sa page Facebook dont la principale est : \u00ab Renoncer purement et simplement au \u2018\u2019mandat de 5 ans renouvelable \u00e0 partir de 2025 \u00e0 l\u2019instar (des) pairs de la Conf\u00e9d\u00e9ration AES\u2019\u2019 et fixer concomitamment, de fa\u00e7on consensuelle et irr\u00e9vocable une date de fin de la Transition assorti d\u2019un chronogramme \u00e9lectoral. Dans le respect de la Charte de la Transition, de la Constitution et des engagements pris devant le Peuple malien \u00bb.<\/p>\n\n\n\n<p>Pour Moctar Ousmane Sy, Cette initiative va \u00e0 l\u2019encontre des aspirations profondes des concitoyens, qui pour lui, n\u2019ont pas donn\u00e9 mandat pour une telle d\u00e9marche. \u00ab Le Mali a aujourd\u2019hui besoin de perspectives claires et d\u2019institutions l\u00e9gitimes issues d\u2019\u00e9lections cr\u00e9dibles, et non d\u2019une transition qui s\u2019\u00e9ternise \u00bb, a conseill\u00e9 l\u2019ex pr\u00e9sident de l\u2019ancien mouvement politique, \u00a0\u00bbG\u00e9n\u00e9ration engag\u00e9e\u00a0\u00bb.<\/p>\n\n\n\n<p><strong>Koureichy Ciss\u00e9<\/strong><\/p>\n\n\n\n<p><\/p>\n","protected":false},"excerpt":{"rendered":"<p>A la suite de la validation en conseil des ministres du projet de r\u00e9vision de la charte II de la transition pour la prorogation de la transition politique au Mali,&hellip;<\/p>\n","protected":false},"author":1,"featured_media":22508,"comment_status":"open","ping_status":"open","sticky":false,"template":"","format":"standard","meta":{"content-type":"","_lmt_disableupdate":"","_lmt_disable":"","_jetpack_memberships_contains_paid_content":false,"footnotes":"","jetpack_publicize_message":"","jetpack_publicize_feature_enabled":true,"jetpack_social_post_already_shared":true,"jetpack_social_options":{"image_generator_settings":{"template":"highway","default_image_id":0,"font":"","enabled":false},"version":2}},"categories":[33,23],"tags":[],"class_list":["post-22504","post","type-post","status-publish","format-standard","has-post-thumbnail","hentry","category-mali-tribune","category-politique"],"jetpack_publicize_connections":[],"featured_image_urls":{"full":["https:\/\/nandi.info\/wp-content\/uploads\/2025\/06\/Prorogation-de-la-transition-politique.jpg",870,580,false],"thumbnail":["https:\/\/nandi.info\/wp-content\/uploads\/2025\/06\/Prorogation-de-la-transition-politique-150x150.jpg",150,150,true],"medium":["https:\/\/nandi.info\/wp-content\/uploads\/2025\/06\/Prorogation-de-la-transition-politique-300x200.jpg",300,200,true],"medium_large":["https:\/\/nandi.info\/wp-content\/uploads\/2025\/06\/Prorogation-de-la-transition-politique-768x512.jpg",768,512,true],"large":["https:\/\/nandi.info\/wp-content\/uploads\/2025\/06\/Prorogation-de-la-transition-politique.jpg",870,580,false],"1536x1536":["https:\/\/nandi.info\/wp-content\/uploads\/2025\/06\/Prorogation-de-la-transition-politique.jpg",870,580,false],"2048x2048":["https:\/\/nandi.info\/wp-content\/uploads\/2025\/06\/Prorogation-de-la-transition-politique.jpg",870,580,false],"penci-recipe-1200x1200":["https:\/\/nandi.info\/wp-content\/uploads\/2025\/06\/Prorogation-de-la-transition-politique.jpg",870,580,false],"penci-recipe-1200x900":["https:\/\/nandi.info\/wp-content\/uploads\/2025\/06\/Prorogation-de-la-transition-politique.jpg",870,580,false],"penci-recipe-1200x675":["https:\/\/nandi.info\/wp-content\/uploads\/2025\/06\/Prorogation-de-la-transition-politique.jpg",870,580,false],"penci-single-full":["https:\/\/nandi.info\/wp-content\/uploads\/2025\/06\/Prorogation-de-la-transition-politique.jpg",870,580,false],"penci-slider-full-thumb":["https:\/\/nandi.info\/wp-content\/uploads\/2025\/06\/Prorogation-de-la-transition-politique.jpg",870,580,false],"penci-full-thumb":["https:\/\/nandi.info\/wp-content\/uploads\/2025\/06\/Prorogation-de-la-transition-politique.jpg",870,580,false],"penci-slider-thumb":["https:\/\/nandi.info\/wp-content\/uploads\/2025\/06\/Prorogation-de-la-transition-politique.jpg",870,580,false],"penci-magazine-slider":["https:\/\/nandi.info\/wp-content\/uploads\/2025\/06\/Prorogation-de-la-transition-politique-780x516.jpg",780,516,true],"penci-thumb":["https:\/\/nandi.info\/wp-content\/uploads\/2025\/06\/Prorogation-de-la-transition-politique-585x390.jpg",585,390,true],"penci-masonry-thumb":["https:\/\/nandi.info\/wp-content\/uploads\/2025\/06\/Prorogation-de-la-transition-politique-585x390.jpg",585,390,true],"penci-thumb-square":["https:\/\/nandi.info\/wp-content\/uploads\/2025\/06\/Prorogation-de-la-transition-politique-585x580.jpg",585,580,true],"penci-thumb-vertical":["https:\/\/nandi.info\/wp-content\/uploads\/2025\/06\/Prorogation-de-la-transition-politique-480x580.jpg",480,580,true],"penci-thumb-small":["https:\/\/nandi.info\/wp-content\/uploads\/2025\/06\/Prorogation-de-la-transition-politique-263x175.jpg",263,175,true]},"author_info":{"display_name":"Nandi","author_link":"https:\/\/nandi.info\/?author=1"},"category_info":"<a href=\"https:\/\/nandi.info\/?cat=33\" rel=\"category\">Mali Tribune<\/a> <a href=\"https:\/\/nandi.info\/?cat=23\" rel=\"category\">Politique<\/a>","tag_info":"Politique","comment_count":"0","jetpack_featured_media_url":"https:\/\/nandi.info\/wp-content\/uploads\/2025\/06\/Prorogation-de-la-transition-politique.jpg","jetpack_sharing_enabled":true,"_links":{"self":[{"href":"https:\/\/nandi.info\/index.php?rest_route=\/wp\/v2\/posts\/22504","targetHints":{"allow":["GET"]}}],"collection":[{"href":"https:\/\/nandi.info\/index.php?rest_route=\/wp\/v2\/posts"}],"about":[{"href":"https:\/\/nandi.info\/index.php?rest_route=\/wp\/v2\/types\/post"}],"author":[{"embeddable":true,"href":"https:\/\/nandi.info\/index.php?rest_route=\/wp\/v2\/users\/1"}],"replies":[{"embeddable":true,"href":"https:\/\/nandi.info\/index.php?rest_route=%2Fwp%2Fv2%2Fcomments&post=22504"}],"version-history":[{"count":1,"href":"https:\/\/nandi.info\/index.php?rest_route=\/wp\/v2\/posts\/22504\/revisions"}],"predecessor-version":[{"id":22509,"href":"https:\/\/nandi.info\/index.php?rest_route=\/wp\/v2\/posts\/22504\/revisions\/22509"}],"wp:featuredmedia":[{"embeddable":true,"href":"https:\/\/nandi.info\/index.php?rest_route=\/wp\/v2\/media\/22508"}],"wp:attachment":[{"href":"https:\/\/nandi.info\/index.php?rest_route=%2Fwp%2Fv2%2Fmedia&parent=22504"}],"wp:term":[{"taxonomy":"category","embeddable":true,"href":"https:\/\/nandi.info\/index.php?rest_route=%2Fwp%2Fv2%2Fcategories&post=22504"},{"taxonomy":"post_tag","embeddable":true,"href":"https:\/\/nandi.info\/index.php?rest_route=%2Fwp%2Fv2%2Ftags&post=22504"}],"curies":[{"name":"wp","href":"https:\/\/api.w.org\/{rel}","templated":true}]}}